{"id":6750,"date":"2023-05-02T18:11:00","date_gmt":"2023-05-02T21:11:00","guid":{"rendered":"https:\/\/salesianossp.org.br\/ositaquera\/?p=6750"},"modified":"2023-05-02T18:11:00","modified_gmt":"2023-05-02T21:11:00","slug":"coletiva-marca-o-lancamento-da-feitec-e-do-congresso-de-educacao-social-2023","status":"publish","type":"post","link":"https:\/\/salesianossp.org.br\/ositaquera\/coletiva-marca-o-lancamento-da-feitec-e-do-congresso-de-educacao-social-2023\/","title":{"rendered":"COLETIVA MARCA O LAN\u00c7AMENTO DA FEITEC E DO CONGRESSO DE EDUCA\u00c7\u00c3O SOCIAL 2023"},"content":{"rendered":"\n<div style=\"height:27px\" aria-hidden=\"true\" class=\"wp-block-spacer\"><\/div>\n\n\n\n<p><strong>Comunica\u00e7\u00e3o\/ OSDB Itaquera<\/strong><\/p>\n\n\n\n<p>A Obra Social Dom Bosco e organiza\u00e7\u00f5es parceiras realizaram na manh\u00e3 do dia 25 de abril, uma ter\u00e7a-feira &#8211; com transmiss\u00e3o ao vivo pelo portal <a href=\"https:\/\/www.feiteczl.com\" data-type=\"URL\" data-id=\"https:\/\/www.feiteczl.com\" target=\"_blank\" rel=\"noreferrer noopener\">feiteczl.com<\/a>, a <em>Coletiva de Parceria e de Imprensa<\/em> para o lan\u00e7amento oficial da <strong>5\u00aa Feira de Inova\u00e7\u00e3o e Tecnologia na Zona Leste, a FEITEC, e da 4\u00aa edi\u00e7\u00e3o do Congresso de Educa\u00e7\u00e3o Social e Gest\u00e3o do Terceiro Setor<\/strong>, que acontecem entre <strong>os dias 18 e 23 de setembro.<\/strong><\/p>\n\n\n\n<div style=\"height:20px\" aria-hidden=\"true\" class=\"wp-block-spacer\"><\/div>\n\n\n\n<figure class=\"wp-block-image size-large\"><img fetchpriority=\"high\" decoding=\"async\" width=\"1024\" height=\"424\" src=\"https:\/\/salesianossp.org.br\/ositaquera\/wp-content\/uploads\/2023\/05\/FRAME-3-JOAO-ROBERTO-CAMPANER-1024x424.png\" alt=\"\" class=\"wp-image-6754\" srcset=\"https:\/\/salesianossp.org.br\/ositaquera\/wp-content\/uploads\/2023\/05\/FRAME-3-JOAO-ROBERTO-CAMPANER-1024x424.png 1024w, https:\/\/salesianossp.org.br\/ositaquera\/wp-content\/uploads\/2023\/05\/FRAME-3-JOAO-ROBERTO-CAMPANER-300x124.png 300w, https:\/\/salesianossp.org.br\/ositaquera\/wp-content\/uploads\/2023\/05\/FRAME-3-JOAO-ROBERTO-CAMPANER-768x318.png 768w, https:\/\/salesianossp.org.br\/ositaquera\/wp-content\/uploads\/2023\/05\/FRAME-3-JOAO-ROBERTO-CAMPANER.png 1460w\" sizes=\"(max-width: 1024px) 100vw, 1024px\" \/><figcaption><em>(da direita para a esquerda) Jo\u00e3o Roberto Campaner, diretor de unidade &#8211; Senai SP; Alessandra Fittipaldi, representante do Sebrae Itaquera; Nayara Bazzoli, gerente do Global Opportunity Youth Network (GOYN) S\u00e3o Paulo; e Nathalie do Nascimento, representante do Senac Itaquera, durante a Coletiva de Parceria e de Imprensa<\/em> <em>da FEITEC e Congresso 2023.<\/em><\/figcaption><\/figure>\n\n\n\n<div style=\"height:27px\" aria-hidden=\"true\" class=\"wp-block-spacer\"><\/div>\n\n\n\n<p>Criada em 2007 para proporcionar \u00e0 zona leste da capital paulista a viv\u00eancia dos grandes eventos em pavilh\u00f5es de exposi\u00e7\u00e3o, a FEITEC proporciona ainda o contato direto do p\u00fablico com as tecnologias, a difus\u00e3o de produtos e servi\u00e7os entre empreendedores, troca de conhecimento, rodadas de neg\u00f3cios, al\u00e9m de apresentar a regi\u00e3o como p\u00f3lo de a\u00e7\u00e3o, cria\u00e7\u00e3o e pot\u00eancia. <\/p>\n\n\n\n<p>Em 2023, tanto a FEITEC como o Congresso de Educa\u00e7\u00e3o Social e Gest\u00e3o do Terceiro Setor, que foi realizado pela primeira vez durante a segunda edi\u00e7\u00e3o da feira, em 2011, colocar\u00e3o, no centro das discuss\u00f5es, importantes desafios da contemporaneidade, ao tratar de perspectivas de inova\u00e7\u00e3o no cen\u00e1rio regional e global, quest\u00f5es fundamentais sobre humanismo e a necessidade do avan\u00e7o das agendas e pol\u00edticas para o desenvolvimento sustent\u00e1vel. Para tanto, os 17 Objetivos de Desenvolvimento Sustent\u00e1vel (ODS), estabelecidos pela&nbsp;Assembleia Geral das Na\u00e7\u00f5es Unidas, em 2015, ser\u00e3o pautas principais, al\u00e9m do foco na estrutura\u00e7\u00e3o e na amplia\u00e7\u00e3o da educa\u00e7\u00e3o profissional e das tecnologias e estrat\u00e9gias de impacto social.<\/p>\n\n\n\n<div style=\"height:31px\" aria-hidden=\"true\" class=\"wp-block-spacer\"><\/div>\n\n\n\n<figure class=\"wp-block-image size-large\"><img decoding=\"async\" width=\"1024\" height=\"646\" src=\"https:\/\/salesianossp.org.br\/ositaquera\/wp-content\/uploads\/2023\/05\/objetivos_port-ESTA-1024x646.png\" alt=\"\" class=\"wp-image-6752\" srcset=\"https:\/\/salesianossp.org.br\/ositaquera\/wp-content\/uploads\/2023\/05\/objetivos_port-ESTA-1024x646.png 1024w, https:\/\/salesianossp.org.br\/ositaquera\/wp-content\/uploads\/2023\/05\/objetivos_port-ESTA-300x189.png 300w, https:\/\/salesianossp.org.br\/ositaquera\/wp-content\/uploads\/2023\/05\/objetivos_port-ESTA-768x484.png 768w, https:\/\/salesianossp.org.br\/ositaquera\/wp-content\/uploads\/2023\/05\/objetivos_port-ESTA.png 1154w\" sizes=\"(max-width: 1024px) 100vw, 1024px\" \/><figcaption><em>Reprodu\u00e7\u00e3o da rela\u00e7\u00e3o com os 17 Objetivos de Desenvolvimento Sustent\u00e1vel, idealizados no dia 25 de setembro de 2015, por meio da Resolu\u00e7\u00e3o 70\/1 da Assembleia Geral das Na\u00e7\u00f5es Unidas, na ONU.<\/em><\/figcaption><\/figure>\n\n\n\n<div style=\"height:30px\" aria-hidden=\"true\" class=\"wp-block-spacer\"><\/div>\n\n\n\n<p>Convidados, imprensa, empreendedores e empres\u00e1rios acompanharam a abertura oficial da coletiva, quando o presidente e fundador da Obra Social Dom Bosco, padre Rosalvino Mor\u00e1n Vi\u00f1ayo, e o diretor-tesoureiro, padre Aramis Francisco Biaggi, contextualizaram a import\u00e2ncia da realiza\u00e7\u00e3o de ambos os eventos e de que esta ser\u00e1 a maior Feira de Inova\u00e7\u00e3o e Tecnologia na Zona Leste de todos os tempos:<\/p>\n\n\n\n<div style=\"height:58px\" aria-hidden=\"true\" class=\"wp-block-spacer\"><\/div>\n\n\n\n<figure class=\"wp-block-image size-large\"><img decoding=\"async\" width=\"1024\" height=\"511\" src=\"https:\/\/salesianossp.org.br\/ositaquera\/wp-content\/uploads\/2023\/05\/FRAME-1-PADRE-ROSALVINO-1024x511.png\" alt=\"\" class=\"wp-image-6757\" srcset=\"https:\/\/salesianossp.org.br\/ositaquera\/wp-content\/uploads\/2023\/05\/FRAME-1-PADRE-ROSALVINO-1024x511.png 1024w, https:\/\/salesianossp.org.br\/ositaquera\/wp-content\/uploads\/2023\/05\/FRAME-1-PADRE-ROSALVINO-300x150.png 300w, https:\/\/salesianossp.org.br\/ositaquera\/wp-content\/uploads\/2023\/05\/FRAME-1-PADRE-ROSALVINO-768x384.png 768w, https:\/\/salesianossp.org.br\/ositaquera\/wp-content\/uploads\/2023\/05\/FRAME-1-PADRE-ROSALVINO-1536x767.png 1536w, https:\/\/salesianossp.org.br\/ositaquera\/wp-content\/uploads\/2023\/05\/FRAME-1-PADRE-ROSALVINO.png 1868w\" sizes=\"(max-width: 1024px) 100vw, 1024px\" \/><figcaption><em>Padre Rosalvino (esq.) e Padre Aramis (dir.) durante a Coletiva de Parceria e de Imprensa da FEITEC e Congresso 2023<\/em>.<\/figcaption><\/figure>\n\n\n\n<p><\/p>\n\n\n\n<p>&#8220;A chegada da Dom Bosco mudou a comunidade de Itaquera (&#8230;) O povo sempre fala que, antes da Dom Bosco, Itaquera era uma e, depois da Dom Bosco, o bairro passou a ser outro. Sem vaidades e sem orgulho, a Dom Bosco est\u00e1 firme na presen\u00e7a e no compromisso de capacitar e qualificar uma multid\u00e3o de jovens e adultos; muitos que j\u00e1 passaram por aqui e se formaram com o apoio de todas as entidades parceiras. N\u00e3o posso deixar de citar, inclusive, a primeira empresa que nos apoiou e que nos doou m\u00e1quinas para come\u00e7ar a oficina de mec\u00e2nica: a Romi S.A., de Santa B\u00e1rbara d&#8217;Oeste (&#8230;) N\u00e3o tenho d\u00favidas de que essa ser\u00e1 a maior feira de inova\u00e7\u00e3o e tecnologia na zona leste de todos os tempos! A zona leste merece, n\u00e3o merece!?&#8221;. <\/p>\n\n\n\n<p><em>Padre Rosalvino Mor\u00e1n Vi\u00f1ayo, fundador e presidente da Obra Social Dom Bosco<\/em><\/p>\n\n\n\n<div style=\"height:55px\" aria-hidden=\"true\" class=\"wp-block-spacer\"><\/div>\n\n\n\n<figure class=\"wp-block-image size-large\"><img loading=\"lazy\" decoding=\"async\" width=\"1024\" height=\"537\" src=\"https:\/\/salesianossp.org.br\/ositaquera\/wp-content\/uploads\/2023\/05\/FRAME-2-PADRE-ARAMIS-1024x537.png\" alt=\"\" class=\"wp-image-6758\" srcset=\"https:\/\/salesianossp.org.br\/ositaquera\/wp-content\/uploads\/2023\/05\/FRAME-2-PADRE-ARAMIS-1024x537.png 1024w, https:\/\/salesianossp.org.br\/ositaquera\/wp-content\/uploads\/2023\/05\/FRAME-2-PADRE-ARAMIS-300x157.png 300w, https:\/\/salesianossp.org.br\/ositaquera\/wp-content\/uploads\/2023\/05\/FRAME-2-PADRE-ARAMIS-768x403.png 768w, https:\/\/salesianossp.org.br\/ositaquera\/wp-content\/uploads\/2023\/05\/FRAME-2-PADRE-ARAMIS-1536x806.png 1536w, https:\/\/salesianossp.org.br\/ositaquera\/wp-content\/uploads\/2023\/05\/FRAME-2-PADRE-ARAMIS.png 1763w\" sizes=\"(max-width: 1024px) 100vw, 1024px\" \/><figcaption><em>Padre Aramis (esq.) e Padre Rosalvino (dir.) durante a Coletiva de Parceria e de Imprensa da FEITEC e Congresso 2023.<\/em><\/figcaption><\/figure>\n\n\n\n<p>&#8220;O importante desse Congresso e dessa Feira \u00e9 que unidos somos mais fortes. N\u00f3s precisamos passar para a juventude, que est\u00e1 conosco no dia a dia, a import\u00e2ncia maior dos estudos e de uma boa qualifica\u00e7\u00e3o. O nosso pai e mestre, Dom Bosco, tem como o seu sonho maior o ato de cuidar e de qualificar a juventude mais necessitada. Faremos mais e melhor e mostraremos que a comunidade da Zona Leste tem o seu significado e valor na cidade de S\u00e3o Paulo. Vamos divulgar esta boa not\u00edcia!&#8221;.<\/p>\n\n\n\n<p><em>Padre Aramis Francisco Biaggi, diretor-tesoureiro da Obra Social Dom Bosco<\/em><\/p>\n\n\n\n<div style=\"height:49px\" aria-hidden=\"true\" class=\"wp-block-spacer\"><\/div>\n\n\n\n<p><strong>Perspectivas<\/strong><\/p>\n\n\n\n<p>Na sequ\u00eancia, membros das institui\u00e7\u00f5es que fazem parte da Comiss\u00e3o Organizadora falaram sobre a participa\u00e7\u00e3o em ambos os eventos e do hist\u00f3rico na atua\u00e7\u00e3o e no fortalecimento do territ\u00f3rio. Jo\u00e3o Roberto Campaner, diretor de unidade do SENAI SP, enfatizou que &#8220;Dom Bosco e SENAI s\u00e3o duas casas irm\u00e3s&#8221; na mobiliza\u00e7\u00e3o em torno do ensino profissionalizante:<\/p>\n\n\n\n<p>&#8220;\u00c9 um prazer estar aqui junto com o Padre Rosalvino e o SENAI S\u00e3o Paulo para apoiar o Congresso de Educa\u00e7\u00e3o Social, assim como a Feira de Inova\u00e7\u00e3o e Tecnologia. J\u00e1 participamos de v\u00e1rias edi\u00e7\u00f5es da FEITEC. O Senai e a Dom Bosco s\u00e3o duas casas irm\u00e3s. Dom Bosco, l\u00e1 atr\u00e1s, como filosofia, pensou na educa\u00e7\u00e3o profissional como a educa\u00e7\u00e3o dos jovens; o Roberto Simonsen (engenheiro, industrial, intelectual, administrador, empres\u00e1rio, escritor e pol\u00edtico brasileiro), em 1942, tamb\u00e9m iniciou esse trabalho. Est\u00e1 na raiz e na ess\u00eancia dessas duas casas trabalhar a educa\u00e7\u00e3o profissional como modelo de educa\u00e7\u00e3o. A Feira de Inova\u00e7\u00e3o e Tecnologia \u00e9 uma oportunidade para que os alunos conhe\u00e7am as inova\u00e7\u00f5es e as habilidades comportamentais, as quais eles poder\u00e3o apresentar por meio dos seus trabalhos (&#8230;) Para n\u00f3s \u00e9 uma grande alegria poder participar e expressar que estar na FEITEC \u00e9 estar alinhado com a nossa miss\u00e3o; e quando falamos de um &#8216;Congresso de Educa\u00e7\u00e3o&#8217;, n\u00f3s, como educadores, sabemos que um pa\u00eds s\u00f3 se muda por meio dessa educa\u00e7\u00e3o. Contem com a gente, Padre Rosalvino, um parceiro de tanto tempo, pois o SENAI est\u00e1 muito feliz de estar aqui, mais uma vez&#8221;.<\/p>\n\n\n\n<div style=\"height:57px\" aria-hidden=\"true\" class=\"wp-block-spacer\"><\/div>\n\n\n\n<figure class=\"wp-block-image size-large\"><img loading=\"lazy\" decoding=\"async\" width=\"1024\" height=\"471\" src=\"https:\/\/salesianossp.org.br\/ositaquera\/wp-content\/uploads\/2023\/05\/FRAME-4-ALESSANDRA-FITTIPALDI-1024x471.png\" alt=\"\" class=\"wp-image-6759\" srcset=\"https:\/\/salesianossp.org.br\/ositaquera\/wp-content\/uploads\/2023\/05\/FRAME-4-ALESSANDRA-FITTIPALDI-1024x471.png 1024w, https:\/\/salesianossp.org.br\/ositaquera\/wp-content\/uploads\/2023\/05\/FRAME-4-ALESSANDRA-FITTIPALDI-300x138.png 300w, https:\/\/salesianossp.org.br\/ositaquera\/wp-content\/uploads\/2023\/05\/FRAME-4-ALESSANDRA-FITTIPALDI-768x353.png 768w, https:\/\/salesianossp.org.br\/ositaquera\/wp-content\/uploads\/2023\/05\/FRAME-4-ALESSANDRA-FITTIPALDI.png 1452w\" sizes=\"(max-width: 1024px) 100vw, 1024px\" \/><figcaption><em> Alessandra Fittipaldi, representante do Sebrae Itaquera, fala da participa\u00e7\u00e3o do Sebrae durante a Feira<\/em><\/figcaption><\/figure>\n\n\n\n<div style=\"height:25px\" aria-hidden=\"true\" class=\"wp-block-spacer\"><\/div>\n\n\n\n<p>Alessandra Fittipaldi, representante do Sebrae Itaquera, falou da import\u00e2ncia da retomada e da ansiedade pela realiza\u00e7\u00e3o dos eventos, ap\u00f3s o longo per\u00edodo de distanciamento causado pela pandemia de Covid-19:<\/p>\n\n\n\n<p>&#8220;Em nome do Sebrae Itaquera, do Ricardo Borgheresi Calil, nosso gerente aqui da unidade, quero dizer que estamos muito felizes na continuidade desta parceria. Somos parceiros do Padre Rosalvino e da Obra Social Dom Bosco a mais de 15 anos e est\u00e1vamos muito ansiosos pela realiza\u00e7\u00e3o do Congresso e da Feira. Ficamos um longo tempo, por conta da pandemia, distantes das a\u00e7\u00f5es e dos eventos e, portanto, vamos fazer acontecer. A nossa expectativa \u00e9 essa e o Padre Rosalvino, a Obra Social Dom Bosco e Itaquera podem contar conosco para essa retomada&#8221;.<\/p>\n\n\n\n<div style=\"height:79px\" aria-hidden=\"true\" class=\"wp-block-spacer\"><\/div>\n\n\n\n<figure class=\"wp-block-image size-large\"><img loading=\"lazy\" decoding=\"async\" width=\"1024\" height=\"511\" src=\"https:\/\/salesianossp.org.br\/ositaquera\/wp-content\/uploads\/2023\/05\/FRAME-5-NAYARA-BAZZOLI-1-1024x511.png\" alt=\"\" class=\"wp-image-6760\" srcset=\"https:\/\/salesianossp.org.br\/ositaquera\/wp-content\/uploads\/2023\/05\/FRAME-5-NAYARA-BAZZOLI-1-1024x511.png 1024w, https:\/\/salesianossp.org.br\/ositaquera\/wp-content\/uploads\/2023\/05\/FRAME-5-NAYARA-BAZZOLI-1-300x150.png 300w, https:\/\/salesianossp.org.br\/ositaquera\/wp-content\/uploads\/2023\/05\/FRAME-5-NAYARA-BAZZOLI-1-768x383.png 768w, https:\/\/salesianossp.org.br\/ositaquera\/wp-content\/uploads\/2023\/05\/FRAME-5-NAYARA-BAZZOLI-1.png 1454w\" sizes=\"(max-width: 1024px) 100vw, 1024px\" \/><figcaption><em>Nayara Bazzoli, gerente do Global Opportunity Youth Network (GOYN) S\u00e3o Paulo, apresenta a Rede de Oportunidades da GOYN, que estar\u00e1 acess\u00edvel ao p\u00fablico jovem da FEITEC<\/em><\/figcaption><\/figure>\n\n\n\n<div style=\"height:32px\" aria-hidden=\"true\" class=\"wp-block-spacer\"><\/div>\n\n\n\n<p>Pela primeira vez como integrante da Comiss\u00e3o Organizadora em ambos os eventos, a Global Opportunity Youth Network (GOYN) S\u00e3o Paulo, que tem como parceiro articulador a United Way Brasil, proporcionar\u00e1 aos jovens de 15 a 29 anos, que visitarem a FEITEC, a possibilidade de participarem de sua &#8220;Rede de Oportunidades&#8221;. Nayara Bazzoli, gerente da GOYN, falou sobre a expectativa e sobre o alcance da iniciativa:<\/p>\n\n\n\n<p>&#8220;Quero agradecer o convite de estar aqui e da GOYN S\u00e3o Paulo fazer parte da feira. Somos um programa global de inclus\u00e3o produtiva de jovens em situa\u00e7\u00e3o de vulnerabilidade social, presente em mais de sete pa\u00edses do hemisf\u00e9rio sul, al\u00e9m do continente africano, cujo objetivo principal \u00e9 formar os jovens e coloc\u00e1-los no mercado de trabalho; objetivos os quais t\u00eam total sinergia com a Dom Bosco (&#8230;). O GOYN trabalha em rede, atualmente temos 80 organiza\u00e7\u00f5es que fazem parte dessa rede na cidade de S\u00e3o Paulo (&#8230;), e a Dom Bosco \u00e9 uma delas, pela qual os jovens, que se inscreverem para visitar a FEITEC 5.0, poder\u00e3o acessar a nossa rede de oportunidades. (&#8230;) A gente quer muito que esses jovens estejam integrados, seja digitalmente, presencialmente ou fazendo parte de um ecossistema mais amplo no territ\u00f3rio. (&#8230;) O GOYN \u00e9 uma iniciativa que come\u00e7ou nos Estados Unidos, mas que tamb\u00e9m est\u00e1 aqui no Brasil, em S\u00e3o Paulo, desde 2020, e que para n\u00f3s (&#8230;) faz todo o sentido buscar novas parcerias e conhecer quem est\u00e1 trabalhando pelas juventudes e pot\u00eancias na cidade, como a Obra Social Dom Bosco&#8221;.<\/p>\n\n\n\n<div style=\"height:54px\" aria-hidden=\"true\" class=\"wp-block-spacer\"><\/div>\n\n\n\n<figure class=\"wp-block-image size-large\"><img loading=\"lazy\" decoding=\"async\" width=\"1024\" height=\"458\" src=\"https:\/\/salesianossp.org.br\/ositaquera\/wp-content\/uploads\/2023\/05\/FRAME-6-NATHALIE-DO-NASCIMENTO-1024x458.png\" alt=\"\" class=\"wp-image-6761\" srcset=\"https:\/\/salesianossp.org.br\/ositaquera\/wp-content\/uploads\/2023\/05\/FRAME-6-NATHALIE-DO-NASCIMENTO-1024x458.png 1024w, https:\/\/salesianossp.org.br\/ositaquera\/wp-content\/uploads\/2023\/05\/FRAME-6-NATHALIE-DO-NASCIMENTO-300x134.png 300w, https:\/\/salesianossp.org.br\/ositaquera\/wp-content\/uploads\/2023\/05\/FRAME-6-NATHALIE-DO-NASCIMENTO-768x343.png 768w, https:\/\/salesianossp.org.br\/ositaquera\/wp-content\/uploads\/2023\/05\/FRAME-6-NATHALIE-DO-NASCIMENTO.png 1461w\" sizes=\"(max-width: 1024px) 100vw, 1024px\" \/><figcaption><em>Nathalie do Nascimento, representante do Senac Itaquera, durante a Coletiva de Parceria e de Imprensa<\/em> <\/figcaption><\/figure>\n\n\n\n<div style=\"height:33px\" aria-hidden=\"true\" class=\"wp-block-spacer\"><\/div>\n\n\n\n<p>Nathalie do Nascimento, representante da unidade do Senac Itaquera, tamb\u00e9m lembrou da parceria de muitos anos com a Dom Bosco e da import\u00e2ncia de acreditarmos na educa\u00e7\u00e3o, prerrogativa sempre presente nas a\u00e7\u00f5es de todo o sistema &#8220;S&#8221;:<\/p>\n\n\n\n<p>&#8220;Em nome do Andr\u00e9 Mendon\u00e7a,  gerente do Senac Itaquera, Senac localizado aqui no centro comercial do bairro, em nome do Senac S\u00e3o Paulo, um parceiro do Padre Rosalvino e da Obra Social Dom Bosco h\u00e1 muito tempo, estamos felizes por estarmos juntos em mais uma edi\u00e7\u00e3o da feira e do congresso. Participamos de todas as edi\u00e7\u00f5es da FEITEC at\u00e9 hoje; acreditamos na educa\u00e7\u00e3o, assim como todo o sistema \u201cS\u201d, que trabalha com a educa\u00e7\u00e3o profissional, com os jovens aprendizes, com os adultos, e esperamos tamb\u00e9m que esta seja a maior feira que a gente j\u00e1 realizou at\u00e9 agora.&nbsp;Os alunos do Senac, os nossos comerciantes da regi\u00e3o, estar\u00e3o todos presentes para que possamos movimentar a cena do nosso territ\u00f3rio. Nos vemos l\u00e1!&#8221;. <\/p>\n\n\n\n<div style=\"height:58px\" aria-hidden=\"true\" class=\"wp-block-spacer\"><\/div>\n\n\n\n<p><strong>For\u00e7a da regi\u00e3o<\/strong><\/p>\n\n\n\n<div style=\"height:24px\" aria-hidden=\"true\" class=\"wp-block-spacer\"><\/div>\n\n\n\n<figure class=\"wp-block-image size-large\"><img loading=\"lazy\" decoding=\"async\" width=\"1024\" height=\"590\" src=\"https:\/\/salesianossp.org.br\/ositaquera\/wp-content\/uploads\/2023\/05\/FRAME-7-DELEGADA-ROSE-1024x590.png\" alt=\"\" class=\"wp-image-6762\" srcset=\"https:\/\/salesianossp.org.br\/ositaquera\/wp-content\/uploads\/2023\/05\/FRAME-7-DELEGADA-ROSE-1024x590.png 1024w, https:\/\/salesianossp.org.br\/ositaquera\/wp-content\/uploads\/2023\/05\/FRAME-7-DELEGADA-ROSE-300x173.png 300w, https:\/\/salesianossp.org.br\/ositaquera\/wp-content\/uploads\/2023\/05\/FRAME-7-DELEGADA-ROSE-768x443.png 768w, https:\/\/salesianossp.org.br\/ositaquera\/wp-content\/uploads\/2023\/05\/FRAME-7-DELEGADA-ROSE.png 1445w\" sizes=\"(max-width: 1024px) 100vw, 1024px\" \/><figcaption><em>Delegada Rose, representante da COHAB, durante a Coletiva de Parceria e de Imprensa da FEITEC e Congresso 2023<\/em><\/figcaption><\/figure>\n\n\n\n<div style=\"height:24px\" aria-hidden=\"true\" class=\"wp-block-spacer\"><\/div>\n\n\n\n<p>O segundo grupo de membros da Comiss\u00e3o Organizadora fez quest\u00e3o de ressaltar o olhar sobre as oportunidades que a zona leste de S\u00e3o Paulo oferece e de contribuir na constru\u00e7\u00e3o e no desenvolvimento da cidade como um todo. Representante da Companhia de Habita\u00e7\u00e3o da Prefeitura de S\u00e3o Paulo (COHAB), a Delegada Rose enalteceu o &#8220;trabalho magn\u00edfico&#8221; feito pela Dom Bosco em Itaquera e que a COHAB estar\u00e1 a disposi\u00e7\u00e3o para contribuir para a realiza\u00e7\u00e3o de ambos os eventos:<\/p>\n\n\n\n<p>&#8220;O meu trabalho sempre foi na luta contra a viol\u00eancia \u00e0 mulher. Sou a delegada que criou a primeira delegacia em defesa da mulher e, hoje, volto aqui, Padre Rosalvino, com um carinho e uma saudade enormes, porque h\u00e1 mais de 30 anos que lhe conhe\u00e7o e convivo com a Obra Social Dom Bosco; este trabalho magn\u00edfico que aqui \u00e9 feito. Represento a COHAB &#8211; a Companhia de Habita\u00e7\u00e3o da Prefeitura de S\u00e3o Paulo, em nome do nosso presidente, Jo\u00e3o Cury, para dizer que estaremos \u00e0 disposi\u00e7\u00e3o para participar de ambos os eventos. Essa regi\u00e3o, inclusive, tem muitos empreendimentos da nossa companhia (&#8230;) Estaremos juntos com voc\u00eas, ajudando em tudo aquilo que a gente puder e tenho a certeza, como foi dito, que essa feira vai ser uma das maiores da zona leste; com esse pessoal todo que est\u00e1 aqui, empenhado em fazer as melhores coisas para os nossos jovens, tenho certeza que vai ser um grande sucesso&#8221;.<\/p>\n\n\n\n<div style=\"height:62px\" aria-hidden=\"true\" class=\"wp-block-spacer\"><\/div>\n\n\n\n<figure class=\"wp-block-image size-large\"><img loading=\"lazy\" decoding=\"async\" width=\"1024\" height=\"535\" src=\"https:\/\/salesianossp.org.br\/ositaquera\/wp-content\/uploads\/2023\/05\/FRAME-8-TATIANE-CECILIA-1024x535.png\" alt=\"\" class=\"wp-image-6763\" srcset=\"https:\/\/salesianossp.org.br\/ositaquera\/wp-content\/uploads\/2023\/05\/FRAME-8-TATIANE-CECILIA-1024x535.png 1024w, https:\/\/salesianossp.org.br\/ositaquera\/wp-content\/uploads\/2023\/05\/FRAME-8-TATIANE-CECILIA-300x157.png 300w, https:\/\/salesianossp.org.br\/ositaquera\/wp-content\/uploads\/2023\/05\/FRAME-8-TATIANE-CECILIA-768x401.png 768w, https:\/\/salesianossp.org.br\/ositaquera\/wp-content\/uploads\/2023\/05\/FRAME-8-TATIANE-CECILIA.png 1479w\" sizes=\"(max-width: 1024px) 100vw, 1024px\" \/><figcaption><em>Tatiane Cec\u00edlia En\u00e9as Arruda, representante do Instituto Federal S\u00e3o Paulo \u2013 Campus S\u00e3o Paulo, durante a Coletiva de Parceria e de Imprensa da FEITEC e Congresso 2023<\/em><\/figcaption><\/figure>\n\n\n\n<div style=\"height:34px\" aria-hidden=\"true\" class=\"wp-block-spacer\"><\/div>\n\n\n\n<p>Tatiane Cec\u00edlia, do Instituto Federal S\u00e3o Paulo &#8211; Campus S\u00e3o Paulo, fez quest\u00e3o de lembrar da tradi\u00e7\u00e3o da qualifica\u00e7\u00e3o profissional em ambas as organiza\u00e7\u00f5es &#8211; no Instituto Federal e na Obra Social Dom Bosco:<\/p>\n\n\n\n<div style=\"height:24px\" aria-hidden=\"true\" class=\"wp-block-spacer\"><\/div>\n\n\n\n<p>&#8220;\u00c9 interessante falar da educa\u00e7\u00e3o profissional, porque Nilo Pe\u00e7anha (presidente do Brasil de 1909 a 1910 &#8211; patrono da educa\u00e7\u00e3o profissional e tecnol\u00f3gica no Brasil) vai beber l\u00e1 na fonte de Dom Bosco, no Liceu Cora\u00e7\u00e3o de Jesus, nos antigos orat\u00f3rios, para buscar a qualifica\u00e7\u00e3o profissional para jovens em vulnerabilidade social. Em 1909 ele funda a Escola de Art\u00edfices e Pont\u00edfices (Escola de Aprendizes Art\u00edfices), que hoje \u00e9 o Instituto Federal,  a maior rede Federal de Educa\u00e7\u00e3o Profissional e Tecnol\u00f3gica. O Instituto Federal de S\u00e3o Paulo tem 42 campis e a gente tem como prerrogativa o ideal de Dom Bosco, que \u00e9 levar uma educa\u00e7\u00e3o de qualidade, com princ\u00edpio cr\u00edtico, \u00e9tico e principalmente inovador aos nossos jovens. A gente j\u00e1 \u00e9 parceiro da FEITEC h\u00e1 alguns anos, e estamos aqui compondo o grupo de trabalho da programa\u00e7\u00e3o, compartilhando saberes e fazeres na educa\u00e7\u00e3o profissional, de modo a levar educa\u00e7\u00e3o de qualidade a quem mais precisa&#8221;.<\/p>\n\n\n\n<div style=\"height:71px\" aria-hidden=\"true\" class=\"wp-block-spacer\"><\/div>\n\n\n\n<figure class=\"wp-block-image size-large\"><img loading=\"lazy\" decoding=\"async\" width=\"1024\" height=\"694\" src=\"https:\/\/salesianossp.org.br\/ositaquera\/wp-content\/uploads\/2023\/05\/FRAME-9-ALCINA-MARIA-1024x694.png\" alt=\"\" class=\"wp-image-6775\" srcset=\"https:\/\/salesianossp.org.br\/ositaquera\/wp-content\/uploads\/2023\/05\/FRAME-9-ALCINA-MARIA-1024x694.png 1024w, https:\/\/salesianossp.org.br\/ositaquera\/wp-content\/uploads\/2023\/05\/FRAME-9-ALCINA-MARIA-300x203.png 300w, https:\/\/salesianossp.org.br\/ositaquera\/wp-content\/uploads\/2023\/05\/FRAME-9-ALCINA-MARIA-768x520.png 768w, https:\/\/salesianossp.org.br\/ositaquera\/wp-content\/uploads\/2023\/05\/FRAME-9-ALCINA-MARIA.png 1433w\" sizes=\"(max-width: 1024px) 100vw, 1024px\" \/><figcaption><em>Professora Alcina Maria da Concei\u00e7\u00e3o, vice-presidente da Associa\u00e7\u00e3o Unidos por Artur Alvim, durante a Coletiva de Parceria e de Imprensa da FEITEC e Congresso 2023<\/em><\/figcaption><\/figure>\n\n\n\n<div style=\"height:46px\" aria-hidden=\"true\" class=\"wp-block-spacer\"><\/div>\n\n\n\n<p>Vice-presidente da Associa\u00e7\u00e3o Unidos por Artur Alvim, e integrante dos grupos de trabalho de programa\u00e7\u00e3o e comunica\u00e7\u00e3o, a professora Alcina Maria destacou o momento para se evidenciar a nossa regi\u00e3o, comumente vista pelas pessoas como uma \u00e1rea situada em um dos extremos da cidade:<\/p>\n\n\n\n<div style=\"height:23px\" aria-hidden=\"true\" class=\"wp-block-spacer\"><\/div>\n\n\n\n<p>&#8220;Moro e resido a minha vida inteira (na zona leste); (&#8230;) quando fomos convidadas para participar da primeira reuni\u00e3o, n\u00e3o tivemos d\u00favidas em participar. Por qu\u00ea? Porque somos aqui da zona leste&#8230; Nascidos e educados nesta regi\u00e3o; Eu fui educanda, fui educadora, continuo sendo educadora, e n\u00e3o podemos abrir m\u00e3o da nossa uni\u00e3o. A zona leste \u00e9 uma regi\u00e3o que, quando as pessoas falam, a imprensa fala, comumente se diz: &#8216;l\u00e1 no extremo leste, em Itaquera, em Artur Alvim&#8217;; N\u00f3s precisamos fazer com que esse &#8216;extremo leste&#8217; mostre a que veio. Somos em muitos e unidos, como diz a pr\u00f3pria Associa\u00e7\u00e3o Unidos por Artur Alvim; associa\u00e7\u00e3o que tem uma ampla proposta socioeducacional. Unidos, n\u00f3s poderemos vencer toda e qualquer barreira e, junto \u00e0 Obra Social Dom Bosco, o que conhecemos dessa casa, n\u00e3o tem como dar errado. De m\u00e3os dadas, eu tenho certeza, realizaremos um bom trabalho em setembro; eu acredito e acredito que todos aqui tamb\u00e9m.&#8221;<\/p>\n\n\n\n<div style=\"height:35px\" aria-hidden=\"true\" class=\"wp-block-spacer\"><\/div>\n\n\n\n<figure class=\"wp-block-image size-large\"><img loading=\"lazy\" decoding=\"async\" width=\"1024\" height=\"631\" src=\"https:\/\/salesianossp.org.br\/ositaquera\/wp-content\/uploads\/2023\/05\/FRAME-10-PAULO-ROBERTO-1024x631.png\" alt=\"\" class=\"wp-image-6778\" srcset=\"https:\/\/salesianossp.org.br\/ositaquera\/wp-content\/uploads\/2023\/05\/FRAME-10-PAULO-ROBERTO-1024x631.png 1024w, https:\/\/salesianossp.org.br\/ositaquera\/wp-content\/uploads\/2023\/05\/FRAME-10-PAULO-ROBERTO-300x185.png 300w, https:\/\/salesianossp.org.br\/ositaquera\/wp-content\/uploads\/2023\/05\/FRAME-10-PAULO-ROBERTO-768x473.png 768w, https:\/\/salesianossp.org.br\/ositaquera\/wp-content\/uploads\/2023\/05\/FRAME-10-PAULO-ROBERTO.png 1451w\" sizes=\"(max-width: 1024px) 100vw, 1024px\" \/><figcaption><em>Paulo Roberto Eduardo Raposo Tavares, representante da Subprefeitura de Itaquera, na Coletiva de Parceria e de Imprensa da FEITEC e Congresso 2023<\/em><\/figcaption><\/figure>\n\n\n\n<div style=\"height:23px\" aria-hidden=\"true\" class=\"wp-block-spacer\"><\/div>\n\n\n\n<p>Representante da Subprefeitura de Itaquera, Paulo Roberto Tavares destaca a refer\u00eancia que a Obra Social Dom Bosco se tornou em Itaquera:<\/p>\n\n\n\n<p><\/p>\n\n\n\n<p>&#8220;\u00c9 um prazer estar aqui, representando a nossa Subprefeita, Silvia Regina e, ao padre Rosalvino, estendo o nosso cumprimento e a todos da Obra Social Dom Bosco. O padre e a Obra s\u00e3o sempre trunfos para Itaquera; quando estamos em alguns lugares e as pessoas falam: \u2018eu tenho isso, eu tenho aquilo\u2019, a gente sempre fala: \u201cn\u00f3s temos a Obra Social Dom Bosco\u201d. (&#8230;) Eu fui aluno do Centro Paula Souza, participei de feiras de tecnologia, e sei como \u00e9 importante para o jovem participar (desses eventos); Lembro que dois, tr\u00eas dias antes, quando vai chegando o dia da Feira, a gente, muito jovem, vendo o trabalho (&#8230;) se tornando algo muito maior, v\u00ea com alegria o resultado. \u00c9 de uma import\u00e2ncia enorme para o jovem. A Subprefeitura de Itaquera est\u00e1 de portas abertas para tudo o que a FEITEC precisar (&#8230;), com todo o carinho e com muito trabalho estamos juntos. Pode contar com a gente&#8221;.<\/p>\n\n\n\n<div style=\"height:34px\" aria-hidden=\"true\" class=\"wp-block-spacer\"><\/div>\n\n\n\n<p><strong>Frente social e educacional<\/strong><\/p>\n\n\n\n<div style=\"height:24px\" aria-hidden=\"true\" class=\"wp-block-spacer\"><\/div>\n\n\n\n<figure class=\"wp-block-image size-large\"><img loading=\"lazy\" decoding=\"async\" width=\"1024\" height=\"587\" src=\"https:\/\/salesianossp.org.br\/ositaquera\/wp-content\/uploads\/2023\/05\/FRAME-11-MARTA-teste-1024x587.png\" alt=\"\" class=\"wp-image-6783\" srcset=\"https:\/\/salesianossp.org.br\/ositaquera\/wp-content\/uploads\/2023\/05\/FRAME-11-MARTA-teste-1024x587.png 1024w, https:\/\/salesianossp.org.br\/ositaquera\/wp-content\/uploads\/2023\/05\/FRAME-11-MARTA-teste-300x172.png 300w, https:\/\/salesianossp.org.br\/ositaquera\/wp-content\/uploads\/2023\/05\/FRAME-11-MARTA-teste-768x440.png 768w, https:\/\/salesianossp.org.br\/ositaquera\/wp-content\/uploads\/2023\/05\/FRAME-11-MARTA-teste.png 1417w\" sizes=\"(max-width: 1024px) 100vw, 1024px\" \/><figcaption><em>Marta Yurie Yoshikawa, assistente social do CRAS Itaquera e respons\u00e1vel pela gest\u00e3o da parceria dos Cedesp&#8217;s<\/em><\/figcaption><\/figure>\n\n\n\n<p>O terceiro grupo de membros da Comiss\u00e3o Organizadora enalteceu a uni\u00e3o e o potencial das organiza\u00e7\u00f5es presentes no territ\u00f3rio da zona leste. Marta Yurie, assistente social do CRAS Itaquera e respons\u00e1vel pela gest\u00e3o da parceria dos Cedesp&#8217;s, ressaltou que: &#8220;acompanho o servi\u00e7o (realizado pela Obra) h\u00e1 alguns anos e \u00e9 um trabalho enorme a realiza\u00e7\u00e3o da FEITEC (&#8230;) \u00c9 um evento extraordin\u00e1rio e esse ano estaremos aqui, juntos, novamente&#8221;.<\/p>\n\n\n\n<div style=\"height:29px\" aria-hidden=\"true\" class=\"wp-block-spacer\"><\/div>\n\n\n\n<figure class=\"wp-block-image size-large\"><img loading=\"lazy\" decoding=\"async\" width=\"1024\" height=\"578\" src=\"https:\/\/salesianossp.org.br\/ositaquera\/wp-content\/uploads\/2023\/05\/FRAME-12-KATIA-REGINA-1-1024x578.png\" alt=\"\" class=\"wp-image-6784\" srcset=\"https:\/\/salesianossp.org.br\/ositaquera\/wp-content\/uploads\/2023\/05\/FRAME-12-KATIA-REGINA-1-1024x578.png 1024w, https:\/\/salesianossp.org.br\/ositaquera\/wp-content\/uploads\/2023\/05\/FRAME-12-KATIA-REGINA-1-300x169.png 300w, https:\/\/salesianossp.org.br\/ositaquera\/wp-content\/uploads\/2023\/05\/FRAME-12-KATIA-REGINA-1-768x433.png 768w, https:\/\/salesianossp.org.br\/ositaquera\/wp-content\/uploads\/2023\/05\/FRAME-12-KATIA-REGINA-1.png 1432w\" sizes=\"(max-width: 1024px) 100vw, 1024px\" \/><figcaption><em>K\u00e1tia Regina Marques, assistente social do CRAS Guaianases, durante a Coletiva de Parceria e de Imprensa da FEITEC e Congresso 2023<\/em><\/figcaption><\/figure>\n\n\n\n<p>K\u00e1tia Regina, assistente social do CRAS Guaianases, lembrou que &#8220;somos vizinhos de territ\u00f3rio&#8221; e que esta \u00e9 primeira participa\u00e7\u00e3o na FEITEC da unidade. Ela disse: &#8220;Estamos na comiss\u00e3o de organiza\u00e7\u00e3o e bem satisfeitos em participar, pois a gente acredita no trabalho coletivo e com certeza o resultado ser\u00e1 gratificante para toda a popula\u00e7\u00e3o e toda essa juventude&#8221;.<\/p>\n\n\n\n<div style=\"height:39px\" aria-hidden=\"true\" class=\"wp-block-spacer\"><\/div>\n\n\n\n<figure class=\"wp-block-image size-large\"><img loading=\"lazy\" decoding=\"async\" width=\"1024\" height=\"543\" src=\"https:\/\/salesianossp.org.br\/ositaquera\/wp-content\/uploads\/2023\/05\/FRAME-13-ANDREIA-ALVES-1024x543.png\" alt=\"\" class=\"wp-image-6785\" srcset=\"https:\/\/salesianossp.org.br\/ositaquera\/wp-content\/uploads\/2023\/05\/FRAME-13-ANDREIA-ALVES-1024x543.png 1024w, https:\/\/salesianossp.org.br\/ositaquera\/wp-content\/uploads\/2023\/05\/FRAME-13-ANDREIA-ALVES-300x159.png 300w, https:\/\/salesianossp.org.br\/ositaquera\/wp-content\/uploads\/2023\/05\/FRAME-13-ANDREIA-ALVES-768x408.png 768w, https:\/\/salesianossp.org.br\/ositaquera\/wp-content\/uploads\/2023\/05\/FRAME-13-ANDREIA-ALVES.png 1447w\" sizes=\"(max-width: 1024px) 100vw, 1024px\" \/><figcaption><em>Andreia Alves, representante do Centro Social Nossa Senhora do Bom Parto, durante a Coletiva de Parceria e de Imprensa da FEITEC e Congresso 2023<\/em><\/figcaption><\/figure>\n\n\n\n<div style=\"height:34px\" aria-hidden=\"true\" class=\"wp-block-spacer\"><\/div>\n\n\n\n<p>Andreia Alves, representante do BOMPAR, destacou que a FEITEC e o Congresso s\u00e3o uma oportunidade de alinhamento para transformar e empoderar coletivamente os territ\u00f3rios:<\/p>\n\n\n\n<p><\/p>\n\n\n\n<p>&#8220;Estou representando o padre Osvaldo Bisewski, presidente do Centro Social Nossa Senhora do Bom Parto, e estamos muito felizes por sermos convidados e participar de dois eventos t\u00e3o grandiosos como a FEITEC e o Congresso de Educa\u00e7\u00e3o Social e Gest\u00e3o do Terceiro Setor. O Bom Parto atua na regi\u00e3o leste atendendo a 10 mil pessoas diariamente, desde a primeira inf\u00e2ncia at\u00e9 a popula\u00e7\u00e3o em situa\u00e7\u00e3o de rua, com parcerias desde a educa\u00e7\u00e3o at\u00e9 a assist\u00eancia social e a sa\u00fade. N\u00f3s estamos compondo o grupo de trabalho de programa\u00e7\u00e3o, porque a gente acredita no potencial da nossa juventude, das nossas organiza\u00e7\u00f5es sociais e no territ\u00f3rio da zona leste. Viemos para somar, compartilhar e contribuir, para que a experi\u00eancia de uma feira com tecnologia e gest\u00e3o social esteja alinhada com o Pacto Educativo Global, um chamado do Papa Francisco, ao envolver a juventude a as organiza\u00e7\u00f5es sociais do mundo. \u00c9 um alinhamento para dizer que \u00e9 poss\u00edvel transformar coletivamente e empoderar os territ\u00f3rios. \u00c9 o nosso compromisso de poder compartilhar experi\u00eancias exitosas para o bem comum, de uma zona leste potente, propositora tanto de pol\u00edticas p\u00fablicas como de a\u00e7\u00f5es educativas na transforma\u00e7\u00e3o do ser humano. N\u00f3s do Bom Parto agradecemos as provoca\u00e7\u00f5es, o convite para fazer parte e viemos para arrega\u00e7ar as mangas, fazer juntos e mostrar a pot\u00eancia que \u00e9 a zona leste de S\u00e3o Paulo&#8221;.<\/p>\n\n\n\n<div style=\"height:21px\" aria-hidden=\"true\" class=\"wp-block-spacer\"><\/div>\n\n\n\n<figure class=\"wp-block-image size-large\"><img loading=\"lazy\" decoding=\"async\" width=\"1024\" height=\"580\" src=\"https:\/\/salesianossp.org.br\/ositaquera\/wp-content\/uploads\/2023\/05\/FRAME-14-JUSLEIDE-1024x580.png\" alt=\"\" class=\"wp-image-6786\" srcset=\"https:\/\/salesianossp.org.br\/ositaquera\/wp-content\/uploads\/2023\/05\/FRAME-14-JUSLEIDE-1024x580.png 1024w, https:\/\/salesianossp.org.br\/ositaquera\/wp-content\/uploads\/2023\/05\/FRAME-14-JUSLEIDE-300x170.png 300w, https:\/\/salesianossp.org.br\/ositaquera\/wp-content\/uploads\/2023\/05\/FRAME-14-JUSLEIDE-768x435.png 768w, https:\/\/salesianossp.org.br\/ositaquera\/wp-content\/uploads\/2023\/05\/FRAME-14-JUSLEIDE.png 1445w\" sizes=\"(max-width: 1024px) 100vw, 1024px\" \/><figcaption><em>Professora Jusleide Ara\u00fajo, representante da Diretoria de Ensino &#8211; Leste 2, durante a Coletiva de Parceria e de Imprensa da FEITEC e Congresso 2023<\/em><\/figcaption><\/figure>\n\n\n\n<div style=\"height:29px\" aria-hidden=\"true\" class=\"wp-block-spacer\"><\/div>\n\n\n\n<p>A professora Jusleide Ara\u00fajo, representante da Diretoria de Ensino &#8211; Leste 2, fechou a rodada de falas dos representantes da Comiss\u00e3o Organizadora e ressaltou a oportunidade que a FEITEC ofertar\u00e1 aos estudantes de 93 unidades escolares presentes na diretoria:<\/p>\n\n\n\n<p>&#8220;\u00c9 a primeira vez que estamos participando (Diretoria de Ensino &#8211; Leste 2) , estou nos grupos de trabalho de parceria e de comunica\u00e7\u00e3o e \u00e9 uma oportunidade para nossa diretoria de ensino, que temos 93 escolas, de trazer os nossos estudantes para conhecer esse trabalho t\u00e3o maravilhoso da Obra Social Dom Bosco. Tenho certeza que ser\u00e1 um sucesso&#8221;.<\/p>\n\n\n\n<div style=\"height:43px\" aria-hidden=\"true\" class=\"wp-block-spacer\"><\/div>\n\n\n\n<p><strong>Plano Geral e Expectativas<\/strong><\/p>\n\n\n\n<p>Ap\u00f3s a apresenta\u00e7\u00e3o da dire\u00e7\u00e3o da Obra e de membros da Comiss\u00e3o Organizadora, foram apresentadas a identidade visual e o plano geral de ambos os eventos, a rela\u00e7\u00e3o de Cotas de Patroc\u00ednio, a apresenta\u00e7\u00e3o da planta do Pavilh\u00e3o de Expositores para loca\u00e7\u00e3o de stands, al\u00e9m de informa\u00e7\u00f5es e d\u00favidas gerais sobre a realiza\u00e7\u00e3o das a\u00e7\u00f5es.<\/p>\n\n\n\n<p>Comemorando ainda os 30 anos dos Centros de Desenvolvimento Social e Produtivo \u2013 CEDESP Dom Bosco Itaquera e os 40 anos da Associa\u00e7\u00e3o Beneficente Bom Pastor, tanto a 5\u00aa edi\u00e7\u00e3o da FEITEC, bem como o 4\u00ba Congresso de Educa\u00e7\u00e3o Social e Gest\u00e3o do Terceiro Setor t\u00eam ENTRADA GRATUITA e as inscri\u00e7\u00f5es e a aquisi\u00e7\u00e3o de ingressos j\u00e1 podem ser feitas de forma on-line, diretamente no portal <a href=\"https:\/\/www.feiteczl.com\" data-type=\"URL\" data-id=\"https:\/\/www.feiteczl.com\">feiteczl.com<\/a><\/p>\n\n\n\n<p>A FEITEC e o Congresso ser\u00e3o espa\u00e7os para troca, intera\u00e7\u00e3o, compartilhamento e gera\u00e7\u00e3o de ideias.<\/p>\n\n\n\n<div style=\"height:30px\" aria-hidden=\"true\" class=\"wp-block-spacer\"><\/div>\n\n\n\n<p><strong>Sobre a Obra Social Dom Bosco<\/strong><\/p>\n\n\n\n<p>A Obra Social Dom Bosco, h\u00e1 42 anos em Itaquera, oferece prote\u00e7\u00e3o e acolhimento social a adolescentes, jovens e adultos em situa\u00e7\u00e3o de vulnerabilidade. S\u00f3 em 2022, foram mais de 1 milh\u00e3o e 200 mil atendimentos.<\/p>\n\n\n\n<p>Por meio de uma a\u00e7\u00e3o social planejada e forma\u00e7\u00e3o profissional qualificada, a Obra Social Dom Bosco proporciona ainda autonomia, protagonismo e acesso \u00e0 cidadania, ao fortalecer v\u00ednculos familiares e comunit\u00e1rios dos nossos atendidos.<\/p>\n\n\n\n<div style=\"height:49px\" aria-hidden=\"true\" class=\"wp-block-spacer\"><\/div>\n\n\n\n<p><strong>SERVI\u00c7O<\/strong><\/p>\n\n\n\n<p><strong>FEIRA DE INOVA\u00c7\u00c3O E TECNOLOGIA NA ZONA LESTE &#8211; FEITEC 5.0<\/strong> | <strong>De 20 a 23 de setembro de 2023<\/strong><\/p>\n\n\n\n<p>Rua \u00c1lvaro de Mendon\u00e7a, 456 &#8211; Itaquera &#8211; S\u00e3o Paulo | SP<\/p>\n\n\n\n<div style=\"height:13px\" aria-hidden=\"true\" class=\"wp-block-spacer\"><\/div>\n\n\n\n<p><strong>IV CONGRESSO DE EDUCA\u00c7\u00c3O SOCIAL E GEST\u00c3O DO TERCEIRO SETOR<\/strong> | <strong>De 18 a 20 de setembro de 2023<\/strong><\/p>\n\n\n\n<p>Rua do Contorno, s\/n &#8211; Itaquera &#8211; S\u00e3o Paulo | SP<\/p>\n\n\n\n<div style=\"height:26px\" aria-hidden=\"true\" class=\"wp-block-spacer\"><\/div>\n\n\n\n<p>Confira os hor\u00e1rios e a programa\u00e7\u00e3o completa em: <a href=\"https:\/\/www.feiteczl.com\" data-type=\"URL\" data-id=\"https:\/\/www.feiteczl.com\">www.feiteczl.com<\/a><\/p>\n\n\n\n<div style=\"height:23px\" aria-hidden=\"true\" class=\"wp-block-spacer\"><\/div>\n\n\n\n<p><strong>Mais informa\u00e7\u00f5es<\/strong><\/p>\n\n\n\n<p>11 2205.1106 ou 2205.1107<\/p>\n\n\n\n<p>ou<\/p>\n\n\n\n<p>comunicacao@domboscoitaquera.org.br<\/p>\n\n\n\n<p>parceria@domboscoitaquera.org.br<\/p>\n\n\n\n<div style=\"height:42px\" aria-hidden=\"true\" class=\"wp-block-spacer\"><\/div>\n\n\n\n<figure class=\"wp-block-image size-large\"><img loading=\"lazy\" decoding=\"async\" width=\"723\" height=\"1024\" src=\"https:\/\/salesianossp.org.br\/ositaquera\/wp-content\/uploads\/2023\/05\/CARTAZ-FEITEC-E-CONGRESSO-2023-copy-723x1024.png\" alt=\"\" class=\"wp-image-6792\" srcset=\"https:\/\/salesianossp.org.br\/ositaquera\/wp-content\/uploads\/2023\/05\/CARTAZ-FEITEC-E-CONGRESSO-2023-copy-723x1024.png 723w, https:\/\/salesianossp.org.br\/ositaquera\/wp-content\/uploads\/2023\/05\/CARTAZ-FEITEC-E-CONGRESSO-2023-copy-212x300.png 212w, https:\/\/salesianossp.org.br\/ositaquera\/wp-content\/uploads\/2023\/05\/CARTAZ-FEITEC-E-CONGRESSO-2023-copy-768x1088.png 768w, https:\/\/salesianossp.org.br\/ositaquera\/wp-content\/uploads\/2023\/05\/CARTAZ-FEITEC-E-CONGRESSO-2023-copy-1084x1536.png 1084w, https:\/\/salesianossp.org.br\/ositaquera\/wp-content\/uploads\/2023\/05\/CARTAZ-FEITEC-E-CONGRESSO-2023-copy.png 1334w\" sizes=\"(max-width: 723px) 100vw, 723px\" \/><figcaption><em>Cartaz Oficial da FEITEC 5.0 e do IV Congresso de Educa\u00e7\u00e3o Social e Gest\u00e3o do Terceiro Setor 2023.<\/em><\/figcaption><\/figure>\n","protected":false},"excerpt":{"rendered":"<p>Obra Social Dom Bosco e organiza\u00e7\u00f5es parceiras realizaram evento para o lan\u00e7amento oficial da principal Feira de Inova\u00e7\u00e3o e Tecnologia na Zona Leste. Congresso completa programa\u00e7\u00e3o com temas sobre inova\u00e7\u00e3o, humanismo e desenvolvimento sustent\u00e1vel.<\/p>\n","protected":false},"author":27,"featured_media":6793,"comment_status":"open","ping_status":"open","sticky":false,"template":"","format":"standard","meta":{"footnotes":""},"categories":[59],"tags":[],"class_list":["post-6750","post","type-post","status-publish","format-standard","has-post-thumbnail","hentry","category-noticias"],"yoast_head":"<!-- This site is optimized with the Yoast SEO plugin v27.5 - https:\/\/yoast.com\/product\/yoast-seo-wordpress\/ -->\n<title>COLETIVA MARCA O LAN\u00c7AMENTO DA FEITEC E DO CONGRESSO DE EDUCA\u00c7\u00c3O SOCIAL 2023 - Obra Social Dom Bosco<\/title>\n<meta name=\"robots\" content=\"index, follow, max-snippet:-1, max-image-preview:large, max-video-preview:-1\" \/>\n<link rel=\"canonical\" href=\"https:\/\/salesianossp.org.br\/ositaquera\/coletiva-marca-o-lancamento-da-feitec-e-do-congresso-de-educacao-social-2023\/\" \/>\n<meta property=\"og:locale\" content=\"pt_BR\" \/>\n<meta property=\"og:type\" content=\"article\" \/>\n<meta property=\"og:title\" content=\"COLETIVA MARCA O LAN\u00c7AMENTO DA FEITEC E DO CONGRESSO DE EDUCA\u00c7\u00c3O SOCIAL 2023 - Obra Social Dom Bosco\" \/>\n<meta property=\"og:description\" content=\"Obra Social Dom Bosco e organiza\u00e7\u00f5es parceiras realizaram evento para o lan\u00e7amento oficial da principal Feira de Inova\u00e7\u00e3o e Tecnologia na Zona Leste. Congresso completa programa\u00e7\u00e3o com temas sobre inova\u00e7\u00e3o, humanismo e desenvolvimento sustent\u00e1vel.\" \/>\n<meta property=\"og:url\" content=\"https:\/\/salesianossp.org.br\/ositaquera\/coletiva-marca-o-lancamento-da-feitec-e-do-congresso-de-educacao-social-2023\/\" \/>\n<meta property=\"og:site_name\" content=\"Obra Social Dom Bosco\" \/>\n<meta property=\"article:publisher\" content=\"https:\/\/www.facebook.com\/domboscoitaquera\" \/>\n<meta property=\"article:published_time\" content=\"2023-05-02T21:11:00+00:00\" \/>\n<meta property=\"og:image\" content=\"https:\/\/salesianossp.org.br\/ositaquera\/wp-content\/uploads\/2023\/05\/CAPA-MATERIA-COLETIVA-SITE-OBRA-FOTO-AEREA-1024x1024.png\" \/>\n\t<meta property=\"og:image:width\" content=\"1024\" \/>\n\t<meta property=\"og:image:height\" content=\"1024\" \/>\n\t<meta property=\"og:image:type\" content=\"image\/png\" \/>\n<meta name=\"author\" content=\"Lucas Rodrigues\" \/>\n<meta name=\"twitter:card\" content=\"summary_large_image\" \/>\n<meta name=\"twitter:label1\" content=\"Escrito por\" \/>\n\t<meta name=\"twitter:data1\" content=\"Lucas Rodrigues\" \/>\n\t<meta name=\"twitter:label2\" content=\"Est. tempo de leitura\" \/>\n\t<meta name=\"twitter:data2\" content=\"18 minutos\" \/>\n<script type=\"application\/ld+json\" class=\"yoast-schema-graph\">{\"@context\":\"https:\\\/\\\/schema.org\",\"@graph\":[{\"@type\":\"Article\",\"@id\":\"https:\\\/\\\/salesianossp.org.br\\\/ositaquera\\\/coletiva-marca-o-lancamento-da-feitec-e-do-congresso-de-educacao-social-2023\\\/#article\",\"isPartOf\":{\"@id\":\"https:\\\/\\\/salesianossp.org.br\\\/ositaquera\\\/coletiva-marca-o-lancamento-da-feitec-e-do-congresso-de-educacao-social-2023\\\/\"},\"author\":{\"name\":\"Lucas Rodrigues\",\"@id\":\"https:\\\/\\\/salesianossp.org.br\\\/ositaquera\\\/#\\\/schema\\\/person\\\/612e159822bfeed64312a453b075f9de\"},\"headline\":\"COLETIVA MARCA O LAN\u00c7AMENTO DA FEITEC E DO CONGRESSO DE EDUCA\u00c7\u00c3O SOCIAL 2023\",\"datePublished\":\"2023-05-02T21:11:00+00:00\",\"mainEntityOfPage\":{\"@id\":\"https:\\\/\\\/salesianossp.org.br\\\/ositaquera\\\/coletiva-marca-o-lancamento-da-feitec-e-do-congresso-de-educacao-social-2023\\\/\"},\"wordCount\":3525,\"commentCount\":6,\"publisher\":{\"@id\":\"https:\\\/\\\/salesianossp.org.br\\\/ositaquera\\\/#organization\"},\"image\":{\"@id\":\"https:\\\/\\\/salesianossp.org.br\\\/ositaquera\\\/coletiva-marca-o-lancamento-da-feitec-e-do-congresso-de-educacao-social-2023\\\/#primaryimage\"},\"thumbnailUrl\":\"https:\\\/\\\/salesianossp.org.br\\\/ositaquera\\\/wp-content\\\/uploads\\\/2023\\\/05\\\/CAPA-MATERIA-COLETIVA-SITE-OBRA-FOTO-AEREA.png\",\"articleSection\":[\"Not\u00edcias\"],\"inLanguage\":\"pt-BR\",\"potentialAction\":[{\"@type\":\"CommentAction\",\"name\":\"Comment\",\"target\":[\"https:\\\/\\\/salesianossp.org.br\\\/ositaquera\\\/coletiva-marca-o-lancamento-da-feitec-e-do-congresso-de-educacao-social-2023\\\/#respond\"]}]},{\"@type\":\"WebPage\",\"@id\":\"https:\\\/\\\/salesianossp.org.br\\\/ositaquera\\\/coletiva-marca-o-lancamento-da-feitec-e-do-congresso-de-educacao-social-2023\\\/\",\"url\":\"https:\\\/\\\/salesianossp.org.br\\\/ositaquera\\\/coletiva-marca-o-lancamento-da-feitec-e-do-congresso-de-educacao-social-2023\\\/\",\"name\":\"COLETIVA MARCA O LAN\u00c7AMENTO DA FEITEC E DO CONGRESSO DE EDUCA\u00c7\u00c3O SOCIAL 2023 - Obra Social Dom Bosco\",\"isPartOf\":{\"@id\":\"https:\\\/\\\/salesianossp.org.br\\\/ositaquera\\\/#website\"},\"primaryImageOfPage\":{\"@id\":\"https:\\\/\\\/salesianossp.org.br\\\/ositaquera\\\/coletiva-marca-o-lancamento-da-feitec-e-do-congresso-de-educacao-social-2023\\\/#primaryimage\"},\"image\":{\"@id\":\"https:\\\/\\\/salesianossp.org.br\\\/ositaquera\\\/coletiva-marca-o-lancamento-da-feitec-e-do-congresso-de-educacao-social-2023\\\/#primaryimage\"},\"thumbnailUrl\":\"https:\\\/\\\/salesianossp.org.br\\\/ositaquera\\\/wp-content\\\/uploads\\\/2023\\\/05\\\/CAPA-MATERIA-COLETIVA-SITE-OBRA-FOTO-AEREA.png\",\"datePublished\":\"2023-05-02T21:11:00+00:00\",\"breadcrumb\":{\"@id\":\"https:\\\/\\\/salesianossp.org.br\\\/ositaquera\\\/coletiva-marca-o-lancamento-da-feitec-e-do-congresso-de-educacao-social-2023\\\/#breadcrumb\"},\"inLanguage\":\"pt-BR\",\"potentialAction\":[{\"@type\":\"ReadAction\",\"target\":[\"https:\\\/\\\/salesianossp.org.br\\\/ositaquera\\\/coletiva-marca-o-lancamento-da-feitec-e-do-congresso-de-educacao-social-2023\\\/\"]}]},{\"@type\":\"ImageObject\",\"inLanguage\":\"pt-BR\",\"@id\":\"https:\\\/\\\/salesianossp.org.br\\\/ositaquera\\\/coletiva-marca-o-lancamento-da-feitec-e-do-congresso-de-educacao-social-2023\\\/#primaryimage\",\"url\":\"https:\\\/\\\/salesianossp.org.br\\\/ositaquera\\\/wp-content\\\/uploads\\\/2023\\\/05\\\/CAPA-MATERIA-COLETIVA-SITE-OBRA-FOTO-AEREA.png\",\"contentUrl\":\"https:\\\/\\\/salesianossp.org.br\\\/ositaquera\\\/wp-content\\\/uploads\\\/2023\\\/05\\\/CAPA-MATERIA-COLETIVA-SITE-OBRA-FOTO-AEREA.png\",\"width\":1410,\"height\":1410},{\"@type\":\"BreadcrumbList\",\"@id\":\"https:\\\/\\\/salesianossp.org.br\\\/ositaquera\\\/coletiva-marca-o-lancamento-da-feitec-e-do-congresso-de-educacao-social-2023\\\/#breadcrumb\",\"itemListElement\":[{\"@type\":\"ListItem\",\"position\":1,\"name\":\"In\u00edcio\",\"item\":\"https:\\\/\\\/salesianossp.org.br\\\/ositaquera\\\/\"},{\"@type\":\"ListItem\",\"position\":2,\"name\":\"COLETIVA MARCA O LAN\u00c7AMENTO DA FEITEC E DO CONGRESSO DE EDUCA\u00c7\u00c3O SOCIAL 2023\"}]},{\"@type\":\"WebSite\",\"@id\":\"https:\\\/\\\/salesianossp.org.br\\\/ositaquera\\\/#website\",\"url\":\"https:\\\/\\\/salesianossp.org.br\\\/ositaquera\\\/\",\"name\":\"Obra Social Dom Bosco\",\"description\":\"\",\"publisher\":{\"@id\":\"https:\\\/\\\/salesianossp.org.br\\\/ositaquera\\\/#organization\"},\"potentialAction\":[{\"@type\":\"SearchAction\",\"target\":{\"@type\":\"EntryPoint\",\"urlTemplate\":\"https:\\\/\\\/salesianossp.org.br\\\/ositaquera\\\/?s={search_term_string}\"},\"query-input\":{\"@type\":\"PropertyValueSpecification\",\"valueRequired\":true,\"valueName\":\"search_term_string\"}}],\"inLanguage\":\"pt-BR\"},{\"@type\":\"Organization\",\"@id\":\"https:\\\/\\\/salesianossp.org.br\\\/ositaquera\\\/#organization\",\"name\":\"Obra Social Dom Bosco\",\"url\":\"https:\\\/\\\/salesianossp.org.br\\\/ositaquera\\\/\",\"logo\":{\"@type\":\"ImageObject\",\"inLanguage\":\"pt-BR\",\"@id\":\"https:\\\/\\\/salesianossp.org.br\\\/ositaquera\\\/#\\\/schema\\\/logo\\\/image\\\/\",\"url\":\"https:\\\/\\\/salesianossp.org.br\\\/ositaquera\\\/wp-content\\\/uploads\\\/2024\\\/03\\\/logo-obra-social-dom-bosco-itaquera-h-scaled.png\",\"contentUrl\":\"https:\\\/\\\/salesianossp.org.br\\\/ositaquera\\\/wp-content\\\/uploads\\\/2024\\\/03\\\/logo-obra-social-dom-bosco-itaquera-h-scaled.png\",\"width\":2560,\"height\":672,\"caption\":\"Obra Social Dom Bosco\"},\"image\":{\"@id\":\"https:\\\/\\\/salesianossp.org.br\\\/ositaquera\\\/#\\\/schema\\\/logo\\\/image\\\/\"},\"sameAs\":[\"https:\\\/\\\/www.facebook.com\\\/domboscoitaquera\",\"https:\\\/\\\/br.linkedin.com\\\/company\\\/domboscoitaquera\",\"https:\\\/\\\/www.youtube.com\\\/channel\\\/UCMIUZW8mqlpEbP7Dy02veOw\",\"https:\\\/\\\/www.instagram.com\\\/obradombosco\\\/\"]},{\"@type\":\"Person\",\"@id\":\"https:\\\/\\\/salesianossp.org.br\\\/ositaquera\\\/#\\\/schema\\\/person\\\/612e159822bfeed64312a453b075f9de\",\"name\":\"Lucas Rodrigues\",\"image\":{\"@type\":\"ImageObject\",\"inLanguage\":\"pt-BR\",\"@id\":\"https:\\\/\\\/secure.gravatar.com\\\/avatar\\\/0ad9c966c6ed3335d7fffe2c3b88880dd298c0817b71e20a6955c38f2a53f746?s=96&d=mm&r=g\",\"url\":\"https:\\\/\\\/secure.gravatar.com\\\/avatar\\\/0ad9c966c6ed3335d7fffe2c3b88880dd298c0817b71e20a6955c38f2a53f746?s=96&d=mm&r=g\",\"contentUrl\":\"https:\\\/\\\/secure.gravatar.com\\\/avatar\\\/0ad9c966c6ed3335d7fffe2c3b88880dd298c0817b71e20a6955c38f2a53f746?s=96&d=mm&r=g\",\"caption\":\"Lucas Rodrigues\"},\"url\":\"https:\\\/\\\/salesianossp.org.br\\\/ositaquera\\\/author\\\/lucas-rodrigues\\\/\"}]}<\/script>\n<!-- \/ Yoast SEO plugin. -->","yoast_head_json":{"title":"COLETIVA MARCA O LAN\u00c7AMENTO DA FEITEC E DO CONGRESSO DE EDUCA\u00c7\u00c3O SOCIAL 2023 - Obra Social Dom Bosco","robots":{"index":"index","follow":"follow","max-snippet":"max-snippet:-1","max-image-preview":"max-image-preview:large","max-video-preview":"max-video-preview:-1"},"canonical":"https:\/\/salesianossp.org.br\/ositaquera\/coletiva-marca-o-lancamento-da-feitec-e-do-congresso-de-educacao-social-2023\/","og_locale":"pt_BR","og_type":"article","og_title":"COLETIVA MARCA O LAN\u00c7AMENTO DA FEITEC E DO CONGRESSO DE EDUCA\u00c7\u00c3O SOCIAL 2023 - Obra Social Dom Bosco","og_description":"Obra Social Dom Bosco e organiza\u00e7\u00f5es parceiras realizaram evento para o lan\u00e7amento oficial da principal Feira de Inova\u00e7\u00e3o e Tecnologia na Zona Leste. Congresso completa programa\u00e7\u00e3o com temas sobre inova\u00e7\u00e3o, humanismo e desenvolvimento sustent\u00e1vel.","og_url":"https:\/\/salesianossp.org.br\/ositaquera\/coletiva-marca-o-lancamento-da-feitec-e-do-congresso-de-educacao-social-2023\/","og_site_name":"Obra Social Dom Bosco","article_publisher":"https:\/\/www.facebook.com\/domboscoitaquera","article_published_time":"2023-05-02T21:11:00+00:00","og_image":[{"width":1024,"height":1024,"url":"https:\/\/salesianossp.org.br\/ositaquera\/wp-content\/uploads\/2023\/05\/CAPA-MATERIA-COLETIVA-SITE-OBRA-FOTO-AEREA-1024x1024.png","type":"image\/png"}],"author":"Lucas Rodrigues","twitter_card":"summary_large_image","twitter_misc":{"Escrito por":"Lucas Rodrigues","Est. tempo de leitura":"18 minutos"},"schema":{"@context":"https:\/\/schema.org","@graph":[{"@type":"Article","@id":"https:\/\/salesianossp.org.br\/ositaquera\/coletiva-marca-o-lancamento-da-feitec-e-do-congresso-de-educacao-social-2023\/#article","isPartOf":{"@id":"https:\/\/salesianossp.org.br\/ositaquera\/coletiva-marca-o-lancamento-da-feitec-e-do-congresso-de-educacao-social-2023\/"},"author":{"name":"Lucas Rodrigues","@id":"https:\/\/salesianossp.org.br\/ositaquera\/#\/schema\/person\/612e159822bfeed64312a453b075f9de"},"headline":"COLETIVA MARCA O LAN\u00c7AMENTO DA FEITEC E DO CONGRESSO DE EDUCA\u00c7\u00c3O SOCIAL 2023","datePublished":"2023-05-02T21:11:00+00:00","mainEntityOfPage":{"@id":"https:\/\/salesianossp.org.br\/ositaquera\/coletiva-marca-o-lancamento-da-feitec-e-do-congresso-de-educacao-social-2023\/"},"wordCount":3525,"commentCount":6,"publisher":{"@id":"https:\/\/salesianossp.org.br\/ositaquera\/#organization"},"image":{"@id":"https:\/\/salesianossp.org.br\/ositaquera\/coletiva-marca-o-lancamento-da-feitec-e-do-congresso-de-educacao-social-2023\/#primaryimage"},"thumbnailUrl":"https:\/\/salesianossp.org.br\/ositaquera\/wp-content\/uploads\/2023\/05\/CAPA-MATERIA-COLETIVA-SITE-OBRA-FOTO-AEREA.png","articleSection":["Not\u00edcias"],"inLanguage":"pt-BR","potentialAction":[{"@type":"CommentAction","name":"Comment","target":["https:\/\/salesianossp.org.br\/ositaquera\/coletiva-marca-o-lancamento-da-feitec-e-do-congresso-de-educacao-social-2023\/#respond"]}]},{"@type":"WebPage","@id":"https:\/\/salesianossp.org.br\/ositaquera\/coletiva-marca-o-lancamento-da-feitec-e-do-congresso-de-educacao-social-2023\/","url":"https:\/\/salesianossp.org.br\/ositaquera\/coletiva-marca-o-lancamento-da-feitec-e-do-congresso-de-educacao-social-2023\/","name":"COLETIVA MARCA O LAN\u00c7AMENTO DA FEITEC E DO CONGRESSO DE EDUCA\u00c7\u00c3O SOCIAL 2023 - Obra Social Dom Bosco","isPartOf":{"@id":"https:\/\/salesianossp.org.br\/ositaquera\/#website"},"primaryImageOfPage":{"@id":"https:\/\/salesianossp.org.br\/ositaquera\/coletiva-marca-o-lancamento-da-feitec-e-do-congresso-de-educacao-social-2023\/#primaryimage"},"image":{"@id":"https:\/\/salesianossp.org.br\/ositaquera\/coletiva-marca-o-lancamento-da-feitec-e-do-congresso-de-educacao-social-2023\/#primaryimage"},"thumbnailUrl":"https:\/\/salesianossp.org.br\/ositaquera\/wp-content\/uploads\/2023\/05\/CAPA-MATERIA-COLETIVA-SITE-OBRA-FOTO-AEREA.png","datePublished":"2023-05-02T21:11:00+00:00","breadcrumb":{"@id":"https:\/\/salesianossp.org.br\/ositaquera\/coletiva-marca-o-lancamento-da-feitec-e-do-congresso-de-educacao-social-2023\/#breadcrumb"},"inLanguage":"pt-BR","potentialAction":[{"@type":"ReadAction","target":["https:\/\/salesianossp.org.br\/ositaquera\/coletiva-marca-o-lancamento-da-feitec-e-do-congresso-de-educacao-social-2023\/"]}]},{"@type":"ImageObject","inLanguage":"pt-BR","@id":"https:\/\/salesianossp.org.br\/ositaquera\/coletiva-marca-o-lancamento-da-feitec-e-do-congresso-de-educacao-social-2023\/#primaryimage","url":"https:\/\/salesianossp.org.br\/ositaquera\/wp-content\/uploads\/2023\/05\/CAPA-MATERIA-COLETIVA-SITE-OBRA-FOTO-AEREA.png","contentUrl":"https:\/\/salesianossp.org.br\/ositaquera\/wp-content\/uploads\/2023\/05\/CAPA-MATERIA-COLETIVA-SITE-OBRA-FOTO-AEREA.png","width":1410,"height":1410},{"@type":"BreadcrumbList","@id":"https:\/\/salesianossp.org.br\/ositaquera\/coletiva-marca-o-lancamento-da-feitec-e-do-congresso-de-educacao-social-2023\/#breadcrumb","itemListElement":[{"@type":"ListItem","position":1,"name":"In\u00edcio","item":"https:\/\/salesianossp.org.br\/ositaquera\/"},{"@type":"ListItem","position":2,"name":"COLETIVA MARCA O LAN\u00c7AMENTO DA FEITEC E DO CONGRESSO DE EDUCA\u00c7\u00c3O SOCIAL 2023"}]},{"@type":"WebSite","@id":"https:\/\/salesianossp.org.br\/ositaquera\/#website","url":"https:\/\/salesianossp.org.br\/ositaquera\/","name":"Obra Social Dom Bosco","description":"","publisher":{"@id":"https:\/\/salesianossp.org.br\/ositaquera\/#organization"},"potentialAction":[{"@type":"SearchAction","target":{"@type":"EntryPoint","urlTemplate":"https:\/\/salesianossp.org.br\/ositaquera\/?s={search_term_string}"},"query-input":{"@type":"PropertyValueSpecification","valueRequired":true,"valueName":"search_term_string"}}],"inLanguage":"pt-BR"},{"@type":"Organization","@id":"https:\/\/salesianossp.org.br\/ositaquera\/#organization","name":"Obra Social Dom Bosco","url":"https:\/\/salesianossp.org.br\/ositaquera\/","logo":{"@type":"ImageObject","inLanguage":"pt-BR","@id":"https:\/\/salesianossp.org.br\/ositaquera\/#\/schema\/logo\/image\/","url":"https:\/\/salesianossp.org.br\/ositaquera\/wp-content\/uploads\/2024\/03\/logo-obra-social-dom-bosco-itaquera-h-scaled.png","contentUrl":"https:\/\/salesianossp.org.br\/ositaquera\/wp-content\/uploads\/2024\/03\/logo-obra-social-dom-bosco-itaquera-h-scaled.png","width":2560,"height":672,"caption":"Obra Social Dom Bosco"},"image":{"@id":"https:\/\/salesianossp.org.br\/ositaquera\/#\/schema\/logo\/image\/"},"sameAs":["https:\/\/www.facebook.com\/domboscoitaquera","https:\/\/br.linkedin.com\/company\/domboscoitaquera","https:\/\/www.youtube.com\/channel\/UCMIUZW8mqlpEbP7Dy02veOw","https:\/\/www.instagram.com\/obradombosco\/"]},{"@type":"Person","@id":"https:\/\/salesianossp.org.br\/ositaquera\/#\/schema\/person\/612e159822bfeed64312a453b075f9de","name":"Lucas Rodrigues","image":{"@type":"ImageObject","inLanguage":"pt-BR","@id":"https:\/\/secure.gravatar.com\/avatar\/0ad9c966c6ed3335d7fffe2c3b88880dd298c0817b71e20a6955c38f2a53f746?s=96&d=mm&r=g","url":"https:\/\/secure.gravatar.com\/avatar\/0ad9c966c6ed3335d7fffe2c3b88880dd298c0817b71e20a6955c38f2a53f746?s=96&d=mm&r=g","contentUrl":"https:\/\/secure.gravatar.com\/avatar\/0ad9c966c6ed3335d7fffe2c3b88880dd298c0817b71e20a6955c38f2a53f746?s=96&d=mm&r=g","caption":"Lucas Rodrigues"},"url":"https:\/\/salesianossp.org.br\/ositaquera\/author\/lucas-rodrigues\/"}]}},"_links":{"self":[{"href":"https:\/\/salesianossp.org.br\/ositaquera\/wp-json\/wp\/v2\/posts\/6750","targetHints":{"allow":["GET"]}}],"collection":[{"href":"https:\/\/salesianossp.org.br\/ositaquera\/wp-json\/wp\/v2\/posts"}],"about":[{"href":"https:\/\/salesianossp.org.br\/ositaquera\/wp-json\/wp\/v2\/types\/post"}],"author":[{"embeddable":true,"href":"https:\/\/salesianossp.org.br\/ositaquera\/wp-json\/wp\/v2\/users\/27"}],"replies":[{"embeddable":true,"href":"https:\/\/salesianossp.org.br\/ositaquera\/wp-json\/wp\/v2\/comments?post=6750"}],"version-history":[{"count":0,"href":"https:\/\/salesianossp.org.br\/ositaquera\/wp-json\/wp\/v2\/posts\/6750\/revisions"}],"wp:featuredmedia":[{"embeddable":true,"href":"https:\/\/salesianossp.org.br\/ositaquera\/wp-json\/wp\/v2\/media\/6793"}],"wp:attachment":[{"href":"https:\/\/salesianossp.org.br\/ositaquera\/wp-json\/wp\/v2\/media?parent=6750"}],"wp:term":[{"taxonomy":"category","embeddable":true,"href":"https:\/\/salesianossp.org.br\/ositaquera\/wp-json\/wp\/v2\/categories?post=6750"},{"taxonomy":"post_tag","embeddable":true,"href":"https:\/\/salesianossp.org.br\/ositaquera\/wp-json\/wp\/v2\/tags?post=6750"}],"curies":[{"name":"wp","href":"https:\/\/api.w.org\/{rel}","templated":true}]}}