{"id":7474,"date":"2023-09-21T21:15:02","date_gmt":"2023-09-22T00:15:02","guid":{"rendered":"https:\/\/salesianossp.org.br\/ositaquera\/?p=7474"},"modified":"2023-09-21T21:15:02","modified_gmt":"2023-09-22T00:15:02","slug":"encerramento-do-congresso-estabelece-compromissos-e-estrategias-para-o-futuro","status":"publish","type":"post","link":"https:\/\/salesianossp.org.br\/ositaquera\/encerramento-do-congresso-estabelece-compromissos-e-estrategias-para-o-futuro\/","title":{"rendered":"ENCERRAMENTO DO CONGRESSO ESTABELECE COMPROMISSOS E ESTRAT\u00c9GIAS PARA O FUTURO"},"content":{"rendered":"\n<div style=\"height:39px\" aria-hidden=\"true\" class=\"wp-block-spacer\"><\/div>\n\n\n\n<figure class=\"wp-block-gallery has-nested-images columns-default is-cropped wp-block-gallery-1 is-layout-flex wp-block-gallery-is-layout-flex\">\n<figure class=\"wp-block-image size-large\"><img fetchpriority=\"high\" decoding=\"async\" width=\"1024\" height=\"255\" data-id=\"7539\" src=\"https:\/\/salesianossp.org.br\/ositaquera\/wp-content\/uploads\/2023\/12\/CAPA-FORMULARIO-CONGRESSO-2-1024x255.png\" alt=\"\" class=\"wp-image-7539\" srcset=\"https:\/\/salesianossp.org.br\/ositaquera\/wp-content\/uploads\/2023\/12\/CAPA-FORMULARIO-CONGRESSO-2-1024x255.png 1024w, https:\/\/salesianossp.org.br\/ositaquera\/wp-content\/uploads\/2023\/12\/CAPA-FORMULARIO-CONGRESSO-2-300x75.png 300w, https:\/\/salesianossp.org.br\/ositaquera\/wp-content\/uploads\/2023\/12\/CAPA-FORMULARIO-CONGRESSO-2-768x192.png 768w, https:\/\/salesianossp.org.br\/ositaquera\/wp-content\/uploads\/2023\/12\/CAPA-FORMULARIO-CONGRESSO-2-1536x383.png 1536w, https:\/\/salesianossp.org.br\/ositaquera\/wp-content\/uploads\/2023\/12\/CAPA-FORMULARIO-CONGRESSO-2.png 1920w\" sizes=\"(max-width: 1024px) 100vw, 1024px\" \/><\/figure>\n<\/figure>\n\n\n\n<div style=\"height:56px\" aria-hidden=\"true\" class=\"wp-block-spacer\"><\/div>\n\n\n\n<p id=\"viewer-6d0gu\">A implementa\u00e7\u00e3o das &#8220;Metas Globais&#8221; estabelecidas pela ONU foi o foco principal do \u00faltimo dia do 4\u00ba Congresso de Educa\u00e7\u00e3o Social e Gest\u00e3o do Terceiro Setor. O evento come\u00e7ou com uma celebra\u00e7\u00e3o aos 40 anos da Associa\u00e7\u00e3o Beneficente Bom Pastor, que foi marcada por um v\u00eddeo que destacou todas as realiza\u00e7\u00f5es da entidade.<\/p>\n\n\n\n<p id=\"viewer-ck1rm\">Na sequ\u00eancia, foi exibida  uma mensagem enviada pelo Reitor-Mor da Congrega\u00e7\u00e3o Salesiana, o Padre \u00c1ngel Fern\u00e1ndez Artime, especialmente para esta edi\u00e7\u00e3o do Congresso, na qual destacou a import\u00e2ncia da implementa\u00e7\u00e3o do Pacto Educativo Global, idealizado pelo Papa Francisco.<strong><mark style=\"background-color:rgba(0, 0, 0, 0)\" class=\"has-inline-color has-vivid-cyan-blue-color\"> \u201cPrecisamos semear, fomentar e transmitir um motivo de esperan\u00e7a por meio da educa\u00e7\u00e3o. A educa\u00e7\u00e3o \u00e9 uma realidade que transforma o mundo. Educa\u00e7\u00e3o \u00e9 educa\u00e7\u00e3o em qualquer lugar do mundo\u201d<\/mark><\/strong>, enfatizou o Reitor-Mor.<\/p>\n\n\n\n<div style=\"height:33px\" aria-hidden=\"true\" class=\"wp-block-spacer\"><\/div>\n\n\n\n<figure class=\"wp-block-gallery has-nested-images columns-default is-cropped wp-block-gallery-2 is-layout-flex wp-block-gallery-is-layout-flex\">\n<figure class=\"wp-block-image size-large\"><img decoding=\"async\" width=\"1024\" height=\"658\" data-id=\"7476\" src=\"https:\/\/salesianossp.org.br\/ositaquera\/wp-content\/uploads\/2023\/12\/20230920093156_010A0415-tratada-e-reduz-1024x658.jpg\" alt=\"\" class=\"wp-image-7476\" srcset=\"https:\/\/salesianossp.org.br\/ositaquera\/wp-content\/uploads\/2023\/12\/20230920093156_010A0415-tratada-e-reduz-1024x658.jpg 1024w, https:\/\/salesianossp.org.br\/ositaquera\/wp-content\/uploads\/2023\/12\/20230920093156_010A0415-tratada-e-reduz-300x193.jpg 300w, https:\/\/salesianossp.org.br\/ositaquera\/wp-content\/uploads\/2023\/12\/20230920093156_010A0415-tratada-e-reduz-768x493.jpg 768w, https:\/\/salesianossp.org.br\/ositaquera\/wp-content\/uploads\/2023\/12\/20230920093156_010A0415-tratada-e-reduz-1536x987.jpg 1536w, https:\/\/salesianossp.org.br\/ositaquera\/wp-content\/uploads\/2023\/12\/20230920093156_010A0415-tratada-e-reduz.jpg 2008w\" sizes=\"(max-width: 1024px) 100vw, 1024px\" \/><\/figure>\n<figcaption class=\"blocks-gallery-caption wp-element-caption\"><em>Int\u00e9rprete de LIBRAS traduz a mensagem especial enviada pelo Reitor-Mor, Padre \u00c1ngel Fern\u00e1ndez Artime, durante exibi\u00e7\u00e3o no terceiro e \u00faltimo dia do 4\u00ba Congresso de Educa\u00e7\u00e3o Social e Gest\u00e3o do Terceiro Setor, com destaque para o Pacto Educativo Global, idealizado pelo Papa Francisco.<\/em><\/figcaption><\/figure>\n\n\n\n<div style=\"height:40px\" aria-hidden=\"true\" class=\"wp-block-spacer\"><\/div>\n\n\n\n<p><strong>Palestra Magna do Dia<\/strong><\/p>\n\n\n\n<p id=\"viewer-4ufof\">Na sequ\u00eancia, a \u00faltima palestra magna do Congresso, intermediada pela mestre de cerim\u00f4nia e jornalista Ana Dalla Pria, recebeu o Doutor e Mestre em Ci\u00eancias, o professor Biagio Fernando Giannetti, que, ao discutir implementa\u00e7\u00f5es concretas que contribuam para um futuro sustent\u00e1vel e quantitativo, destacou, por meio de exemplos, algumas orienta\u00e7\u00f5es pr\u00e1ticas para alinhar nossas a\u00e7\u00f5es cotidianas, visando um impacto positivo nas quest\u00f5es sociais, ambientais e econ\u00f4micas globais.<\/p>\n\n\n\n<div style=\"height:38px\" aria-hidden=\"true\" class=\"wp-block-spacer\"><\/div>\n\n\n\n<figure class=\"wp-block-gallery has-nested-images columns-default is-cropped wp-block-gallery-3 is-layout-flex wp-block-gallery-is-layout-flex\">\n<figure class=\"wp-block-image size-large\"><img decoding=\"async\" width=\"945\" height=\"573\" data-id=\"7510\" src=\"https:\/\/salesianossp.org.br\/ositaquera\/wp-content\/uploads\/2023\/12\/frame-tratada-e-reduz-ana.png\" alt=\"\" class=\"wp-image-7510\" srcset=\"https:\/\/salesianossp.org.br\/ositaquera\/wp-content\/uploads\/2023\/12\/frame-tratada-e-reduz-ana.png 945w, https:\/\/salesianossp.org.br\/ositaquera\/wp-content\/uploads\/2023\/12\/frame-tratada-e-reduz-ana-300x182.png 300w, https:\/\/salesianossp.org.br\/ositaquera\/wp-content\/uploads\/2023\/12\/frame-tratada-e-reduz-ana-768x466.png 768w\" sizes=\"(max-width: 945px) 100vw, 945px\" \/><figcaption class=\"wp-element-caption\"><em>A jornalista e mestre de cerim\u00f4nia, Ana Dalla Pria.<\/em><\/figcaption><\/figure>\n\n\n\n<figure class=\"wp-block-image size-large\"><img loading=\"lazy\" decoding=\"async\" width=\"1024\" height=\"682\" data-id=\"7512\" src=\"https:\/\/salesianossp.org.br\/ositaquera\/wp-content\/uploads\/2023\/12\/20230920105338_010A0482-tratada-e-reduz-1024x682.jpg\" alt=\"\" class=\"wp-image-7512\" srcset=\"https:\/\/salesianossp.org.br\/ositaquera\/wp-content\/uploads\/2023\/12\/20230920105338_010A0482-tratada-e-reduz-1024x682.jpg 1024w, https:\/\/salesianossp.org.br\/ositaquera\/wp-content\/uploads\/2023\/12\/20230920105338_010A0482-tratada-e-reduz-300x200.jpg 300w, https:\/\/salesianossp.org.br\/ositaquera\/wp-content\/uploads\/2023\/12\/20230920105338_010A0482-tratada-e-reduz-768x512.jpg 768w, https:\/\/salesianossp.org.br\/ositaquera\/wp-content\/uploads\/2023\/12\/20230920105338_010A0482-tratada-e-reduz-1536x1023.jpg 1536w, https:\/\/salesianossp.org.br\/ositaquera\/wp-content\/uploads\/2023\/12\/20230920105338_010A0482-tratada-e-reduz.jpg 2008w\" sizes=\"(max-width: 1024px) 100vw, 1024px\" \/><figcaption class=\"wp-element-caption\"><em>Apresenta\u00e7\u00e3o cultural de educandas e educandos do Circo Social Dom Bosco.<\/em><\/figcaption><\/figure>\n<\/figure>\n\n\n\n<div style=\"height:19px\" aria-hidden=\"true\" class=\"wp-block-spacer\"><\/div>\n\n\n\n<figure class=\"wp-block-gallery has-nested-images columns-default is-cropped wp-block-gallery-4 is-layout-flex wp-block-gallery-is-layout-flex\">\n<figure class=\"wp-block-image size-large\"><img loading=\"lazy\" decoding=\"async\" width=\"2008\" height=\"1254\" data-id=\"7526\" src=\"https:\/\/salesianossp.org.br\/ositaquera\/wp-content\/uploads\/2023\/12\/20230920093735_010A0422-tratada-e-reduz-1-edited.jpg\" alt=\"\" class=\"wp-image-7526\" srcset=\"https:\/\/salesianossp.org.br\/ositaquera\/wp-content\/uploads\/2023\/12\/20230920093735_010A0422-tratada-e-reduz-1-edited.jpg 2008w, https:\/\/salesianossp.org.br\/ositaquera\/wp-content\/uploads\/2023\/12\/20230920093735_010A0422-tratada-e-reduz-1-edited-300x187.jpg 300w, https:\/\/salesianossp.org.br\/ositaquera\/wp-content\/uploads\/2023\/12\/20230920093735_010A0422-tratada-e-reduz-1-edited-1024x639.jpg 1024w, https:\/\/salesianossp.org.br\/ositaquera\/wp-content\/uploads\/2023\/12\/20230920093735_010A0422-tratada-e-reduz-1-edited-768x480.jpg 768w, https:\/\/salesianossp.org.br\/ositaquera\/wp-content\/uploads\/2023\/12\/20230920093735_010A0422-tratada-e-reduz-1-edited-1536x959.jpg 1536w\" sizes=\"(max-width: 2008px) 100vw, 2008px\" \/><\/figure>\n<figcaption class=\"blocks-gallery-caption wp-element-caption\"><em>O Prof. Dr. Biagio Fernando Giannetti, fala sobre o &#8220;Nosso Papel e Compromisso na implanta\u00e7\u00e3o dos Objetivos De Desenvolvimento Sustent\u00e1vel&#8221;<\/em>, <em>durante a explana\u00e7\u00e3o em sua palestra magna<\/em>.<\/figcaption><\/figure>\n\n\n\n<div style=\"height:34px\" aria-hidden=\"true\" class=\"wp-block-spacer\"><\/div>\n\n\n\n<p>O professor Biagio Fernando tamb\u00e9m destacou que o Brasil, em rela\u00e7\u00e3o \u00e0 meta estabelecida pela ONU, est\u00e1 avan\u00e7ando na redu\u00e7\u00e3o da pobreza, na redu\u00e7\u00e3o das emiss\u00f5es de carbono e na produ\u00e7\u00e3o de energia limpa.<\/p>\n\n\n\n<p id=\"viewer-9g972\"><strong><mark style=\"background-color:rgba(0, 0, 0, 0)\" class=\"has-inline-color has-vivid-cyan-blue-color\">\u201cVivemos um per\u00edodo de crise, mas temos duas coisas importantes: o compromisso e o conhecimento. Temos tudo para enfrentar esse problemas, temos produ\u00e7\u00e3o de energia limpa, reciclagem, energia circular, e tantas outras pr\u00e1ticas que servem para absorver os problemas atuais&#8221;<\/mark><\/strong>, completou.<\/p>\n\n\n\n<div style=\"height:37px\" aria-hidden=\"true\" class=\"wp-block-spacer\"><\/div>\n\n\n\n<p id=\"viewer-c2g1q\"><strong>Meios de Implementa\u00e7\u00e3o<\/strong><\/p>\n\n\n\n<p id=\"viewer-8vbi4\">Na \u00faltima Mesa do evento, conduzida pela Assistente Social e Especialista em ESG, Gest\u00e3o de Pessoas e Educa\u00e7\u00e3o Corporativa, Rosana Ferraioulo, o tema central foi o ODS 17, sobre Parcerias e Meios de Implementa\u00e7\u00e3o, com a presen\u00e7a da Secret\u00e1ria de Rela\u00e7\u00f5es Internacionais da Cidade de S\u00e3o Paulo, Marta Suplicy; do Assessor-Chefe da Secretaria de Desenvolvimento Urbano e Habita\u00e7\u00e3o do Estado de S\u00e3o Paulo, Eduardo Trani &#8211; representando o Secret\u00e1rio de Desenvolvimento Urbano e Habita\u00e7\u00e3o do Estado de S\u00e3o Paulo, Marcelo Branco, que n\u00e3o pode comparecer; da CEO e Diretora Executiva da RenovaBR, Patr\u00edcia Audi; e da Assistente Social e Soci\u00f3loga, Erika Mota Santana.<\/p>\n\n\n\n<div style=\"height:36px\" aria-hidden=\"true\" class=\"wp-block-spacer\"><\/div>\n\n\n\n<figure class=\"wp-block-gallery has-nested-images columns-default is-cropped wp-block-gallery-5 is-layout-flex wp-block-gallery-is-layout-flex\">\n<figure class=\"wp-block-image size-full\"><img loading=\"lazy\" decoding=\"async\" width=\"945\" height=\"685\" data-id=\"7523\" src=\"https:\/\/salesianossp.org.br\/ositaquera\/wp-content\/uploads\/2023\/12\/frame-tratada-e-reduz-rosana-1.png\" alt=\"\" class=\"wp-image-7523\" srcset=\"https:\/\/salesianossp.org.br\/ositaquera\/wp-content\/uploads\/2023\/12\/frame-tratada-e-reduz-rosana-1.png 945w, https:\/\/salesianossp.org.br\/ositaquera\/wp-content\/uploads\/2023\/12\/frame-tratada-e-reduz-rosana-1-300x217.png 300w, https:\/\/salesianossp.org.br\/ositaquera\/wp-content\/uploads\/2023\/12\/frame-tratada-e-reduz-rosana-1-768x557.png 768w\" sizes=\"(max-width: 945px) 100vw, 945px\" \/><figcaption class=\"wp-element-caption\"><em>A Assistente Social e mediadora, Rosana Ferraioulo.<\/em><\/figcaption><\/figure>\n\n\n\n<figure class=\"wp-block-image size-large\"><img loading=\"lazy\" decoding=\"async\" width=\"1024\" height=\"683\" data-id=\"7484\" src=\"https:\/\/salesianossp.org.br\/ositaquera\/wp-content\/uploads\/2023\/12\/20230920105958_010A0493-tratada-e-reduz-1024x683.jpg\" alt=\"\" class=\"wp-image-7484\" srcset=\"https:\/\/salesianossp.org.br\/ositaquera\/wp-content\/uploads\/2023\/12\/20230920105958_010A0493-tratada-e-reduz-1024x683.jpg 1024w, https:\/\/salesianossp.org.br\/ositaquera\/wp-content\/uploads\/2023\/12\/20230920105958_010A0493-tratada-e-reduz-300x200.jpg 300w, https:\/\/salesianossp.org.br\/ositaquera\/wp-content\/uploads\/2023\/12\/20230920105958_010A0493-tratada-e-reduz-768x512.jpg 768w, https:\/\/salesianossp.org.br\/ositaquera\/wp-content\/uploads\/2023\/12\/20230920105958_010A0493-tratada-e-reduz-1536x1024.jpg 1536w, https:\/\/salesianossp.org.br\/ositaquera\/wp-content\/uploads\/2023\/12\/20230920105958_010A0493-tratada-e-reduz.jpg 2008w\" sizes=\"(max-width: 1024px) 100vw, 1024px\" \/><figcaption class=\"wp-element-caption\"><em>Assessor-Chefe da Secretaria de Desenvolvimento Urbano e Habita\u00e7\u00e3o do Estado de S\u00e3o Paulo, Eduardo Trani<\/em>.<\/figcaption><\/figure>\n\n\n\n<figure class=\"wp-block-image size-large\"><img loading=\"lazy\" decoding=\"async\" width=\"1024\" height=\"682\" data-id=\"7489\" src=\"https:\/\/salesianossp.org.br\/ositaquera\/wp-content\/uploads\/2023\/12\/20230920111039_010A0507-tratada-e-reduz-1024x682.jpg\" alt=\"\" class=\"wp-image-7489\" srcset=\"https:\/\/salesianossp.org.br\/ositaquera\/wp-content\/uploads\/2023\/12\/20230920111039_010A0507-tratada-e-reduz-1024x682.jpg 1024w, https:\/\/salesianossp.org.br\/ositaquera\/wp-content\/uploads\/2023\/12\/20230920111039_010A0507-tratada-e-reduz-300x200.jpg 300w, https:\/\/salesianossp.org.br\/ositaquera\/wp-content\/uploads\/2023\/12\/20230920111039_010A0507-tratada-e-reduz-768x512.jpg 768w, https:\/\/salesianossp.org.br\/ositaquera\/wp-content\/uploads\/2023\/12\/20230920111039_010A0507-tratada-e-reduz-1536x1023.jpg 1536w, https:\/\/salesianossp.org.br\/ositaquera\/wp-content\/uploads\/2023\/12\/20230920111039_010A0507-tratada-e-reduz.jpg 2008w\" sizes=\"(max-width: 1024px) 100vw, 1024px\" \/><figcaption class=\"wp-element-caption\"> <em>Deputado Federal, Eli Correa Filho.<\/em><\/figcaption><\/figure>\n\n\n\n<figure class=\"wp-block-image size-large\"><img loading=\"lazy\" decoding=\"async\" width=\"1024\" height=\"683\" data-id=\"7491\" src=\"https:\/\/salesianossp.org.br\/ositaquera\/wp-content\/uploads\/2023\/12\/20230920103725_010A0443-tratada-e-reduz-1024x683.jpg\" alt=\"\" class=\"wp-image-7491\" srcset=\"https:\/\/salesianossp.org.br\/ositaquera\/wp-content\/uploads\/2023\/12\/20230920103725_010A0443-tratada-e-reduz-1024x683.jpg 1024w, https:\/\/salesianossp.org.br\/ositaquera\/wp-content\/uploads\/2023\/12\/20230920103725_010A0443-tratada-e-reduz-300x200.jpg 300w, https:\/\/salesianossp.org.br\/ositaquera\/wp-content\/uploads\/2023\/12\/20230920103725_010A0443-tratada-e-reduz-768x512.jpg 768w, https:\/\/salesianossp.org.br\/ositaquera\/wp-content\/uploads\/2023\/12\/20230920103725_010A0443-tratada-e-reduz-1536x1024.jpg 1536w, https:\/\/salesianossp.org.br\/ositaquera\/wp-content\/uploads\/2023\/12\/20230920103725_010A0443-tratada-e-reduz.jpg 2008w\" sizes=\"(max-width: 1024px) 100vw, 1024px\" \/><\/figure>\n<figcaption class=\"blocks-gallery-caption wp-element-caption\"><em>Ao centro, Padre Rosalvino Mor\u00e1n Vi\u00f1ayo, Diretor-Presidente e Fundador da Obra Social Dom Bosco de Itaquera, posa para foto ao lado &#8211; (\u00e0 esquerda) o Assessor-Chefe da Secretaria de Desenvolvimento Urbano e Habita\u00e7\u00e3o do Estado de S\u00e3o Paulo, Eduardo Trani<\/em>;<em> o empres\u00e1rio Eduardo Pinheiro; (\u00e0 direita), a Secret\u00e1ria de Rela\u00e7\u00f5es Internacionais da Cidade de S\u00e3o Paulo, Marta Suplicy; a CEO e Diretora Executiva do RenovaBR, Patr\u00edcia Audi; e o Diretor Tesoureiro da Obra Social Dom Bosco, Padre Aramis.<\/em><\/figcaption><\/figure>\n\n\n\n<div style=\"height:50px\" aria-hidden=\"true\" class=\"wp-block-spacer\"><\/div>\n\n\n\n<p id=\"viewer-fk4sd\">Eduardo Trani enfatizou os projetos em andamento pela Secretaria e sublinhou que a infraestrutura representa o primeiro passo em dire\u00e7\u00e3o ao desenvolvimento sustent\u00e1vel. Ele destacou a abordagem de projetos integrados que buscam melhorias abrangentes, englobando mobilidade, saneamento, habita\u00e7\u00e3o e meio ambiente. O Deputado Federal, Eli Correa Filho, tamb\u00e9m se juntou \u00e0 discuss\u00e3o, ressaltando os projetos inovadores para a Zona Leste e descrevendo-os como &#8220;revolucion\u00e1rios&#8221;.<\/p>\n\n\n\n<div style=\"height:50px\" aria-hidden=\"true\" class=\"wp-block-spacer\"><\/div>\n\n\n\n<figure class=\"wp-block-gallery has-nested-images columns-default is-cropped wp-block-gallery-6 is-layout-flex wp-block-gallery-is-layout-flex\">\n<figure class=\"wp-block-image size-large\"><img loading=\"lazy\" decoding=\"async\" width=\"1024\" height=\"682\" data-id=\"7485\" src=\"https:\/\/salesianossp.org.br\/ositaquera\/wp-content\/uploads\/2023\/12\/20230920111415_010A0511-tratada-e-reduz-1-1024x682.jpg\" alt=\"\" class=\"wp-image-7485\" srcset=\"https:\/\/salesianossp.org.br\/ositaquera\/wp-content\/uploads\/2023\/12\/20230920111415_010A0511-tratada-e-reduz-1-1024x682.jpg 1024w, https:\/\/salesianossp.org.br\/ositaquera\/wp-content\/uploads\/2023\/12\/20230920111415_010A0511-tratada-e-reduz-1-300x200.jpg 300w, https:\/\/salesianossp.org.br\/ositaquera\/wp-content\/uploads\/2023\/12\/20230920111415_010A0511-tratada-e-reduz-1-768x512.jpg 768w, https:\/\/salesianossp.org.br\/ositaquera\/wp-content\/uploads\/2023\/12\/20230920111415_010A0511-tratada-e-reduz-1-1536x1023.jpg 1536w, https:\/\/salesianossp.org.br\/ositaquera\/wp-content\/uploads\/2023\/12\/20230920111415_010A0511-tratada-e-reduz-1.jpg 2008w\" sizes=\"(max-width: 1024px) 100vw, 1024px\" \/><\/figure>\n<figcaption class=\"blocks-gallery-caption wp-element-caption\"><em>Marta Suplicy, Secret\u00e1ria de Rela\u00e7\u00f5es Internacionais da Cidade de S\u00e3o Paulo, durante a sua participa\u00e7\u00e3o no 4\u00ba Congresso de Educa\u00e7\u00e3o Social e Gest\u00e3o do Terceiro Setor.<\/em><\/figcaption><\/figure>\n\n\n\n<div style=\"height:44px\" aria-hidden=\"true\" class=\"wp-block-spacer\"><\/div>\n\n\n\n<p id=\"viewer-8v7vu\">A Secret\u00e1ria de Rela\u00e7\u00f5es Internacionais da Cidade de S\u00e3o Paulo, Marta Suplicy, subiu ao palco para destacar a parceria entre a Rede Salesiana Brasil, a Obra Social Dom Bosco de Itaquera e a Prefeitura de S\u00e3o Paulo no atendimento \u00e0 popula\u00e7\u00e3o em situa\u00e7\u00e3o de vulnerabilidade. Ela enfatizou o compromisso com a prioridade de combater as desigualdades e mencionou que a pasta de Rela\u00e7\u00f5es Internacionais do munic\u00edpio est\u00e1 focada em proporcionar um atendimento direto \u00e0 popula\u00e7\u00e3o, visando garantir uma cidade inclusiva e sustent\u00e1vel.<\/p>\n\n\n\n<div style=\"height:63px\" aria-hidden=\"true\" class=\"wp-block-spacer\"><\/div>\n\n\n\n<figure class=\"wp-block-gallery has-nested-images columns-default is-cropped wp-block-gallery-7 is-layout-flex wp-block-gallery-is-layout-flex\">\n<figure class=\"wp-block-image size-large\"><img loading=\"lazy\" decoding=\"async\" width=\"1024\" height=\"682\" data-id=\"7486\" src=\"https:\/\/salesianossp.org.br\/ositaquera\/wp-content\/uploads\/2023\/12\/20230920112832_010A0523-tratada-e-reduz-1-1024x682.jpg\" alt=\"\" class=\"wp-image-7486\" srcset=\"https:\/\/salesianossp.org.br\/ositaquera\/wp-content\/uploads\/2023\/12\/20230920112832_010A0523-tratada-e-reduz-1-1024x682.jpg 1024w, https:\/\/salesianossp.org.br\/ositaquera\/wp-content\/uploads\/2023\/12\/20230920112832_010A0523-tratada-e-reduz-1-300x200.jpg 300w, https:\/\/salesianossp.org.br\/ositaquera\/wp-content\/uploads\/2023\/12\/20230920112832_010A0523-tratada-e-reduz-1-768x512.jpg 768w, https:\/\/salesianossp.org.br\/ositaquera\/wp-content\/uploads\/2023\/12\/20230920112832_010A0523-tratada-e-reduz-1-1536x1023.jpg 1536w, https:\/\/salesianossp.org.br\/ositaquera\/wp-content\/uploads\/2023\/12\/20230920112832_010A0523-tratada-e-reduz-1.jpg 2008w\" sizes=\"(max-width: 1024px) 100vw, 1024px\" \/><\/figure>\n<figcaption class=\"blocks-gallery-caption wp-element-caption\"><em>Patr\u00edcia Audi, CEO e Diretora Executiva da RenovaBR, durante a sua participa\u00e7\u00e3o no 4\u00ba Congresso <\/em><br><em>de Educa\u00e7\u00e3o Social<\/em> <em>e Gest\u00e3o do Terceiro Setor, em Itaquera, S\u00e3o Paulo.<\/em><\/figcaption><\/figure>\n\n\n\n<div style=\"height:44px\" aria-hidden=\"true\" class=\"wp-block-spacer\"><\/div>\n\n\n\n<p id=\"viewer-cevoi\">Patr\u00edcia Audi, CEO e Diretora Executiva da RenovaBR, enfatizou a import\u00e2ncia de respeitar o espa\u00e7o pol\u00edtico e a lideran\u00e7a de cada pa\u00eds no esfor\u00e7o para erradicar a pobreza. Ela argumentou que a melhoria da pol\u00edtica depende da pol\u00edtica em si e que o desenvolvimento ser\u00e1 alcan\u00e7ado com l\u00edderes pol\u00edticos respons\u00e1veis que compreendam a realidade das comunidades.<\/p>\n\n\n\n<div style=\"height:44px\" aria-hidden=\"true\" class=\"wp-block-spacer\"><\/div>\n\n\n\n<p><strong>Reconhecimento<\/strong><\/p>\n\n\n\n<p id=\"viewer-d156i\">Para encerrar os debates do 4\u00ba Congresso de Educa\u00e7\u00e3o Social e Gest\u00e3o do Terceiro Setor, a Assistente Social e Soci\u00f3loga, Erika Mota Santana, abordou a evolu\u00e7\u00e3o hist\u00f3rica do desenvolvimento sustent\u00e1vel. Durante sua palestra, ela explorou m\u00e9todos eficazes para contribuir com uma sociedade mais sustent\u00e1vel por meio de pequenas a\u00e7\u00f5es no cotidiano. Erika Mota Santana citou a sabedoria de Dom Bosco: &#8220;N\u00e3o deixe para amanh\u00e3 o que pode ser feito hoje&#8221;.<\/p>\n\n\n\n<div style=\"height:43px\" aria-hidden=\"true\" class=\"wp-block-spacer\"><\/div>\n\n\n\n<figure class=\"wp-block-gallery has-nested-images columns-default is-cropped wp-block-gallery-8 is-layout-flex wp-block-gallery-is-layout-flex\">\n<figure class=\"wp-block-image size-large\"><img loading=\"lazy\" decoding=\"async\" width=\"1024\" height=\"683\" data-id=\"7487\" src=\"https:\/\/salesianossp.org.br\/ositaquera\/wp-content\/uploads\/2023\/12\/20230920115049_010A0536-tratada-e-reduz-1024x683.jpg\" alt=\"\" class=\"wp-image-7487\" srcset=\"https:\/\/salesianossp.org.br\/ositaquera\/wp-content\/uploads\/2023\/12\/20230920115049_010A0536-tratada-e-reduz-1024x683.jpg 1024w, https:\/\/salesianossp.org.br\/ositaquera\/wp-content\/uploads\/2023\/12\/20230920115049_010A0536-tratada-e-reduz-300x200.jpg 300w, https:\/\/salesianossp.org.br\/ositaquera\/wp-content\/uploads\/2023\/12\/20230920115049_010A0536-tratada-e-reduz-768x512.jpg 768w, https:\/\/salesianossp.org.br\/ositaquera\/wp-content\/uploads\/2023\/12\/20230920115049_010A0536-tratada-e-reduz-1536x1024.jpg 1536w, https:\/\/salesianossp.org.br\/ositaquera\/wp-content\/uploads\/2023\/12\/20230920115049_010A0536-tratada-e-reduz-2048x1365.jpg 2048w\" sizes=\"(max-width: 1024px) 100vw, 1024px\" \/><\/figure>\n<figcaption class=\"blocks-gallery-caption wp-element-caption\"><em>A Assistente Social e Soci\u00f3loga, Erika Mota, entrega of\u00edcio ao nosso Diretor-Tesoureiro, Padre Aramis, designando a Obra Social Dom Bosco de Itaquera como Signat\u00e1ria do Desenvolvimento Sustent\u00e1vel.<\/em><\/figcaption><\/figure>\n\n\n\n<div style=\"height:39px\" aria-hidden=\"true\" class=\"wp-block-spacer\"><\/div>\n\n\n\n<p id=\"viewer-juna\">Finalizando essa 4\u00aa edi\u00e7\u00e3o do Congresso de Educa\u00e7\u00e3o Social e Gest\u00e3o do Terceiro Setor, Erika Mota entregou um of\u00edcio ao Padre Aramis Biaggi, Diretor Geral da Presen\u00e7a Salesiana de Itaquera, designando a Obra Social Dom Bosco de Itaquera como Signat\u00e1ria do Desenvolvimento Sustent\u00e1vel, um documento oficial reconhecido pela ONU. <\/p>\n\n\n\n<p><\/p>\n\n\n\n<p id=\"viewer-juna\">Confira abaixo os n\u00fameros gerais dessa edi\u00e7\u00e3o de 2023:<\/p>\n\n\n\n<div style=\"height:38px\" aria-hidden=\"true\" class=\"wp-block-spacer\"><\/div>\n\n\n\n<figure class=\"wp-block-gallery has-nested-images columns-default is-cropped wp-block-gallery-9 is-layout-flex wp-block-gallery-is-layout-flex\">\n<figure class=\"wp-block-image size-large\"><img loading=\"lazy\" decoding=\"async\" width=\"1024\" height=\"724\" data-id=\"7547\" src=\"https:\/\/salesianossp.org.br\/ositaquera\/wp-content\/uploads\/2023\/12\/NUMEROS-GERAIS-E-PESQUISA-DE-SATISFACAO-CONGRESSO-2023-copy-1024x724.png\" alt=\"\" class=\"wp-image-7547\" srcset=\"https:\/\/salesianossp.org.br\/ositaquera\/wp-content\/uploads\/2023\/12\/NUMEROS-GERAIS-E-PESQUISA-DE-SATISFACAO-CONGRESSO-2023-copy-1024x724.png 1024w, https:\/\/salesianossp.org.br\/ositaquera\/wp-content\/uploads\/2023\/12\/NUMEROS-GERAIS-E-PESQUISA-DE-SATISFACAO-CONGRESSO-2023-copy-300x212.png 300w, https:\/\/salesianossp.org.br\/ositaquera\/wp-content\/uploads\/2023\/12\/NUMEROS-GERAIS-E-PESQUISA-DE-SATISFACAO-CONGRESSO-2023-copy-768x543.png 768w, https:\/\/salesianossp.org.br\/ositaquera\/wp-content\/uploads\/2023\/12\/NUMEROS-GERAIS-E-PESQUISA-DE-SATISFACAO-CONGRESSO-2023-copy-1536x1085.png 1536w, https:\/\/salesianossp.org.br\/ositaquera\/wp-content\/uploads\/2023\/12\/NUMEROS-GERAIS-E-PESQUISA-DE-SATISFACAO-CONGRESSO-2023-copy.png 1772w\" sizes=\"(max-width: 1024px) 100vw, 1024px\" \/><\/figure>\n<\/figure>\n\n\n\n<div style=\"height:65px\" aria-hidden=\"true\" class=\"wp-block-spacer\"><\/div>\n\n\n\n<p><em><strong>Por Ana Laet, com apoio da Comunica\u00e7\u00e3o OSDB\/Itaquera<\/strong><\/em><\/p>\n\n\n\n<div style=\"height:42px\" aria-hidden=\"true\" class=\"wp-block-spacer\"><\/div>\n\n\n\n<p><strong>VOC\u00ca PODE VER E REVER A TRANSMISS\u00c3O DE TODAS AS PALESTRAS MAGNAS E MESAS REDONDAS, E ALGUMAS DAS PALESTRAS DAS SALAS TEM\u00c1TICAS, NO SITE:<\/strong> <a href=\"https:\/\/www.feiteczl.com\">https:\/\/www.feiteczl.com<\/a><\/p>\n","protected":false},"excerpt":{"rendered":"<p>Implementa\u00e7\u00e3o das &#8220;Metas&#8221; estabelecidas pela ONU foi o foco do \u00faltimo dia do Congresso, que come\u00e7ou celebrando os 40 anos da Associa\u00e7\u00e3o Beneficente Bom Pastor, ao apresentar v\u00eddeo comemorativo, com destaque \u00e0s realiza\u00e7\u00f5es da entidade.<\/p>\n","protected":false},"author":27,"featured_media":7528,"comment_status":"open","ping_status":"open","sticky":false,"template":"","format":"standard","meta":{"footnotes":""},"categories":[59],"tags":[],"class_list":["post-7474","post","type-post","status-publish","format-standard","has-post-thumbnail","hentry","category-noticias"],"yoast_head":"<!-- This site is optimized with the Yoast SEO plugin v27.4 - https:\/\/yoast.com\/product\/yoast-seo-wordpress\/ -->\n<title>ENCERRAMENTO DO CONGRESSO ESTABELECE COMPROMISSOS E ESTRAT\u00c9GIAS PARA O FUTURO - Obra Social Dom Bosco<\/title>\n<meta name=\"robots\" content=\"index, follow, max-snippet:-1, max-image-preview:large, max-video-preview:-1\" \/>\n<link rel=\"canonical\" href=\"https:\/\/salesianossp.org.br\/ositaquera\/encerramento-do-congresso-estabelece-compromissos-e-estrategias-para-o-futuro\/\" \/>\n<meta property=\"og:locale\" content=\"pt_BR\" \/>\n<meta property=\"og:type\" content=\"article\" \/>\n<meta property=\"og:title\" content=\"ENCERRAMENTO DO CONGRESSO ESTABELECE COMPROMISSOS E ESTRAT\u00c9GIAS PARA O FUTURO - Obra Social Dom Bosco\" \/>\n<meta property=\"og:description\" content=\"Implementa\u00e7\u00e3o das &quot;Metas&quot; estabelecidas pela ONU foi o foco do \u00faltimo dia do Congresso, que come\u00e7ou celebrando os 40 anos da Associa\u00e7\u00e3o Beneficente Bom Pastor, ao apresentar v\u00eddeo comemorativo, com destaque \u00e0s realiza\u00e7\u00f5es da entidade.\" \/>\n<meta property=\"og:url\" content=\"https:\/\/salesianossp.org.br\/ositaquera\/encerramento-do-congresso-estabelece-compromissos-e-estrategias-para-o-futuro\/\" \/>\n<meta property=\"og:site_name\" content=\"Obra Social Dom Bosco\" \/>\n<meta property=\"article:publisher\" content=\"https:\/\/www.facebook.com\/domboscoitaquera\" \/>\n<meta property=\"article:published_time\" content=\"2023-09-22T00:15:02+00:00\" \/>\n<meta property=\"og:image\" content=\"https:\/\/salesianossp.org.br\/ositaquera\/wp-content\/uploads\/2023\/09\/CAPA-TERCEIRO-DIA-CONGRESSO2-1024x1015.png\" \/>\n\t<meta property=\"og:image:width\" content=\"1024\" \/>\n\t<meta property=\"og:image:height\" content=\"1015\" \/>\n\t<meta property=\"og:image:type\" content=\"image\/png\" \/>\n<meta name=\"author\" content=\"Lucas Rodrigues\" \/>\n<meta name=\"twitter:card\" content=\"summary_large_image\" \/>\n<meta name=\"twitter:label1\" content=\"Escrito por\" \/>\n\t<meta name=\"twitter:data1\" content=\"Lucas Rodrigues\" \/>\n\t<meta name=\"twitter:label2\" content=\"Est. tempo de leitura\" \/>\n\t<meta name=\"twitter:data2\" content=\"6 minutos\" \/>\n<script type=\"application\/ld+json\" class=\"yoast-schema-graph\">{\"@context\":\"https:\\\/\\\/schema.org\",\"@graph\":[{\"@type\":\"Article\",\"@id\":\"https:\\\/\\\/salesianossp.org.br\\\/ositaquera\\\/encerramento-do-congresso-estabelece-compromissos-e-estrategias-para-o-futuro\\\/#article\",\"isPartOf\":{\"@id\":\"https:\\\/\\\/salesianossp.org.br\\\/ositaquera\\\/encerramento-do-congresso-estabelece-compromissos-e-estrategias-para-o-futuro\\\/\"},\"author\":{\"name\":\"Lucas Rodrigues\",\"@id\":\"https:\\\/\\\/salesianossp.org.br\\\/ositaquera\\\/#\\\/schema\\\/person\\\/612e159822bfeed64312a453b075f9de\"},\"headline\":\"ENCERRAMENTO DO CONGRESSO ESTABELECE COMPROMISSOS E ESTRAT\u00c9GIAS PARA O FUTURO\",\"datePublished\":\"2023-09-22T00:15:02+00:00\",\"mainEntityOfPage\":{\"@id\":\"https:\\\/\\\/salesianossp.org.br\\\/ositaquera\\\/encerramento-do-congresso-estabelece-compromissos-e-estrategias-para-o-futuro\\\/\"},\"wordCount\":1155,\"commentCount\":0,\"publisher\":{\"@id\":\"https:\\\/\\\/salesianossp.org.br\\\/ositaquera\\\/#organization\"},\"image\":{\"@id\":\"https:\\\/\\\/salesianossp.org.br\\\/ositaquera\\\/encerramento-do-congresso-estabelece-compromissos-e-estrategias-para-o-futuro\\\/#primaryimage\"},\"thumbnailUrl\":\"https:\\\/\\\/salesianossp.org.br\\\/ositaquera\\\/wp-content\\\/uploads\\\/2023\\\/09\\\/CAPA-TERCEIRO-DIA-CONGRESSO2.png\",\"articleSection\":[\"Not\u00edcias\"],\"inLanguage\":\"pt-BR\",\"potentialAction\":[{\"@type\":\"CommentAction\",\"name\":\"Comment\",\"target\":[\"https:\\\/\\\/salesianossp.org.br\\\/ositaquera\\\/encerramento-do-congresso-estabelece-compromissos-e-estrategias-para-o-futuro\\\/#respond\"]}]},{\"@type\":\"WebPage\",\"@id\":\"https:\\\/\\\/salesianossp.org.br\\\/ositaquera\\\/encerramento-do-congresso-estabelece-compromissos-e-estrategias-para-o-futuro\\\/\",\"url\":\"https:\\\/\\\/salesianossp.org.br\\\/ositaquera\\\/encerramento-do-congresso-estabelece-compromissos-e-estrategias-para-o-futuro\\\/\",\"name\":\"ENCERRAMENTO DO CONGRESSO ESTABELECE COMPROMISSOS E ESTRAT\u00c9GIAS PARA O FUTURO - Obra Social Dom Bosco\",\"isPartOf\":{\"@id\":\"https:\\\/\\\/salesianossp.org.br\\\/ositaquera\\\/#website\"},\"primaryImageOfPage\":{\"@id\":\"https:\\\/\\\/salesianossp.org.br\\\/ositaquera\\\/encerramento-do-congresso-estabelece-compromissos-e-estrategias-para-o-futuro\\\/#primaryimage\"},\"image\":{\"@id\":\"https:\\\/\\\/salesianossp.org.br\\\/ositaquera\\\/encerramento-do-congresso-estabelece-compromissos-e-estrategias-para-o-futuro\\\/#primaryimage\"},\"thumbnailUrl\":\"https:\\\/\\\/salesianossp.org.br\\\/ositaquera\\\/wp-content\\\/uploads\\\/2023\\\/09\\\/CAPA-TERCEIRO-DIA-CONGRESSO2.png\",\"datePublished\":\"2023-09-22T00:15:02+00:00\",\"breadcrumb\":{\"@id\":\"https:\\\/\\\/salesianossp.org.br\\\/ositaquera\\\/encerramento-do-congresso-estabelece-compromissos-e-estrategias-para-o-futuro\\\/#breadcrumb\"},\"inLanguage\":\"pt-BR\",\"potentialAction\":[{\"@type\":\"ReadAction\",\"target\":[\"https:\\\/\\\/salesianossp.org.br\\\/ositaquera\\\/encerramento-do-congresso-estabelece-compromissos-e-estrategias-para-o-futuro\\\/\"]}]},{\"@type\":\"ImageObject\",\"inLanguage\":\"pt-BR\",\"@id\":\"https:\\\/\\\/salesianossp.org.br\\\/ositaquera\\\/encerramento-do-congresso-estabelece-compromissos-e-estrategias-para-o-futuro\\\/#primaryimage\",\"url\":\"https:\\\/\\\/salesianossp.org.br\\\/ositaquera\\\/wp-content\\\/uploads\\\/2023\\\/09\\\/CAPA-TERCEIRO-DIA-CONGRESSO2.png\",\"contentUrl\":\"https:\\\/\\\/salesianossp.org.br\\\/ositaquera\\\/wp-content\\\/uploads\\\/2023\\\/09\\\/CAPA-TERCEIRO-DIA-CONGRESSO2.png\",\"width\":1423,\"height\":1410},{\"@type\":\"BreadcrumbList\",\"@id\":\"https:\\\/\\\/salesianossp.org.br\\\/ositaquera\\\/encerramento-do-congresso-estabelece-compromissos-e-estrategias-para-o-futuro\\\/#breadcrumb\",\"itemListElement\":[{\"@type\":\"ListItem\",\"position\":1,\"name\":\"In\u00edcio\",\"item\":\"https:\\\/\\\/salesianossp.org.br\\\/ositaquera\\\/\"},{\"@type\":\"ListItem\",\"position\":2,\"name\":\"ENCERRAMENTO DO CONGRESSO ESTABELECE COMPROMISSOS E ESTRAT\u00c9GIAS PARA O FUTURO\"}]},{\"@type\":\"WebSite\",\"@id\":\"https:\\\/\\\/salesianossp.org.br\\\/ositaquera\\\/#website\",\"url\":\"https:\\\/\\\/salesianossp.org.br\\\/ositaquera\\\/\",\"name\":\"Obra Social Dom Bosco\",\"description\":\"\",\"publisher\":{\"@id\":\"https:\\\/\\\/salesianossp.org.br\\\/ositaquera\\\/#organization\"},\"potentialAction\":[{\"@type\":\"SearchAction\",\"target\":{\"@type\":\"EntryPoint\",\"urlTemplate\":\"https:\\\/\\\/salesianossp.org.br\\\/ositaquera\\\/?s={search_term_string}\"},\"query-input\":{\"@type\":\"PropertyValueSpecification\",\"valueRequired\":true,\"valueName\":\"search_term_string\"}}],\"inLanguage\":\"pt-BR\"},{\"@type\":\"Organization\",\"@id\":\"https:\\\/\\\/salesianossp.org.br\\\/ositaquera\\\/#organization\",\"name\":\"Obra Social Dom Bosco\",\"url\":\"https:\\\/\\\/salesianossp.org.br\\\/ositaquera\\\/\",\"logo\":{\"@type\":\"ImageObject\",\"inLanguage\":\"pt-BR\",\"@id\":\"https:\\\/\\\/salesianossp.org.br\\\/ositaquera\\\/#\\\/schema\\\/logo\\\/image\\\/\",\"url\":\"https:\\\/\\\/salesianossp.org.br\\\/ositaquera\\\/wp-content\\\/uploads\\\/2024\\\/03\\\/logo-obra-social-dom-bosco-itaquera-h-scaled.png\",\"contentUrl\":\"https:\\\/\\\/salesianossp.org.br\\\/ositaquera\\\/wp-content\\\/uploads\\\/2024\\\/03\\\/logo-obra-social-dom-bosco-itaquera-h-scaled.png\",\"width\":2560,\"height\":672,\"caption\":\"Obra Social Dom Bosco\"},\"image\":{\"@id\":\"https:\\\/\\\/salesianossp.org.br\\\/ositaquera\\\/#\\\/schema\\\/logo\\\/image\\\/\"},\"sameAs\":[\"https:\\\/\\\/www.facebook.com\\\/domboscoitaquera\",\"https:\\\/\\\/br.linkedin.com\\\/company\\\/domboscoitaquera\",\"https:\\\/\\\/www.youtube.com\\\/channel\\\/UCMIUZW8mqlpEbP7Dy02veOw\",\"https:\\\/\\\/www.instagram.com\\\/obradombosco\\\/\"]},{\"@type\":\"Person\",\"@id\":\"https:\\\/\\\/salesianossp.org.br\\\/ositaquera\\\/#\\\/schema\\\/person\\\/612e159822bfeed64312a453b075f9de\",\"name\":\"Lucas Rodrigues\",\"image\":{\"@type\":\"ImageObject\",\"inLanguage\":\"pt-BR\",\"@id\":\"https:\\\/\\\/secure.gravatar.com\\\/avatar\\\/0ad9c966c6ed3335d7fffe2c3b88880dd298c0817b71e20a6955c38f2a53f746?s=96&d=mm&r=g\",\"url\":\"https:\\\/\\\/secure.gravatar.com\\\/avatar\\\/0ad9c966c6ed3335d7fffe2c3b88880dd298c0817b71e20a6955c38f2a53f746?s=96&d=mm&r=g\",\"contentUrl\":\"https:\\\/\\\/secure.gravatar.com\\\/avatar\\\/0ad9c966c6ed3335d7fffe2c3b88880dd298c0817b71e20a6955c38f2a53f746?s=96&d=mm&r=g\",\"caption\":\"Lucas Rodrigues\"},\"url\":\"https:\\\/\\\/salesianossp.org.br\\\/ositaquera\\\/author\\\/lucas-rodrigues\\\/\"}]}<\/script>\n<!-- \/ Yoast SEO plugin. -->","yoast_head_json":{"title":"ENCERRAMENTO DO CONGRESSO ESTABELECE COMPROMISSOS E ESTRAT\u00c9GIAS PARA O FUTURO - Obra Social Dom Bosco","robots":{"index":"index","follow":"follow","max-snippet":"max-snippet:-1","max-image-preview":"max-image-preview:large","max-video-preview":"max-video-preview:-1"},"canonical":"https:\/\/salesianossp.org.br\/ositaquera\/encerramento-do-congresso-estabelece-compromissos-e-estrategias-para-o-futuro\/","og_locale":"pt_BR","og_type":"article","og_title":"ENCERRAMENTO DO CONGRESSO ESTABELECE COMPROMISSOS E ESTRAT\u00c9GIAS PARA O FUTURO - Obra Social Dom Bosco","og_description":"Implementa\u00e7\u00e3o das \"Metas\" estabelecidas pela ONU foi o foco do \u00faltimo dia do Congresso, que come\u00e7ou celebrando os 40 anos da Associa\u00e7\u00e3o Beneficente Bom Pastor, ao apresentar v\u00eddeo comemorativo, com destaque \u00e0s realiza\u00e7\u00f5es da entidade.","og_url":"https:\/\/salesianossp.org.br\/ositaquera\/encerramento-do-congresso-estabelece-compromissos-e-estrategias-para-o-futuro\/","og_site_name":"Obra Social Dom Bosco","article_publisher":"https:\/\/www.facebook.com\/domboscoitaquera","article_published_time":"2023-09-22T00:15:02+00:00","og_image":[{"width":1024,"height":1015,"url":"https:\/\/salesianossp.org.br\/ositaquera\/wp-content\/uploads\/2023\/09\/CAPA-TERCEIRO-DIA-CONGRESSO2-1024x1015.png","type":"image\/png"}],"author":"Lucas Rodrigues","twitter_card":"summary_large_image","twitter_misc":{"Escrito por":"Lucas Rodrigues","Est. tempo de leitura":"6 minutos"},"schema":{"@context":"https:\/\/schema.org","@graph":[{"@type":"Article","@id":"https:\/\/salesianossp.org.br\/ositaquera\/encerramento-do-congresso-estabelece-compromissos-e-estrategias-para-o-futuro\/#article","isPartOf":{"@id":"https:\/\/salesianossp.org.br\/ositaquera\/encerramento-do-congresso-estabelece-compromissos-e-estrategias-para-o-futuro\/"},"author":{"name":"Lucas Rodrigues","@id":"https:\/\/salesianossp.org.br\/ositaquera\/#\/schema\/person\/612e159822bfeed64312a453b075f9de"},"headline":"ENCERRAMENTO DO CONGRESSO ESTABELECE COMPROMISSOS E ESTRAT\u00c9GIAS PARA O FUTURO","datePublished":"2023-09-22T00:15:02+00:00","mainEntityOfPage":{"@id":"https:\/\/salesianossp.org.br\/ositaquera\/encerramento-do-congresso-estabelece-compromissos-e-estrategias-para-o-futuro\/"},"wordCount":1155,"commentCount":0,"publisher":{"@id":"https:\/\/salesianossp.org.br\/ositaquera\/#organization"},"image":{"@id":"https:\/\/salesianossp.org.br\/ositaquera\/encerramento-do-congresso-estabelece-compromissos-e-estrategias-para-o-futuro\/#primaryimage"},"thumbnailUrl":"https:\/\/salesianossp.org.br\/ositaquera\/wp-content\/uploads\/2023\/09\/CAPA-TERCEIRO-DIA-CONGRESSO2.png","articleSection":["Not\u00edcias"],"inLanguage":"pt-BR","potentialAction":[{"@type":"CommentAction","name":"Comment","target":["https:\/\/salesianossp.org.br\/ositaquera\/encerramento-do-congresso-estabelece-compromissos-e-estrategias-para-o-futuro\/#respond"]}]},{"@type":"WebPage","@id":"https:\/\/salesianossp.org.br\/ositaquera\/encerramento-do-congresso-estabelece-compromissos-e-estrategias-para-o-futuro\/","url":"https:\/\/salesianossp.org.br\/ositaquera\/encerramento-do-congresso-estabelece-compromissos-e-estrategias-para-o-futuro\/","name":"ENCERRAMENTO DO CONGRESSO ESTABELECE COMPROMISSOS E ESTRAT\u00c9GIAS PARA O FUTURO - Obra Social Dom Bosco","isPartOf":{"@id":"https:\/\/salesianossp.org.br\/ositaquera\/#website"},"primaryImageOfPage":{"@id":"https:\/\/salesianossp.org.br\/ositaquera\/encerramento-do-congresso-estabelece-compromissos-e-estrategias-para-o-futuro\/#primaryimage"},"image":{"@id":"https:\/\/salesianossp.org.br\/ositaquera\/encerramento-do-congresso-estabelece-compromissos-e-estrategias-para-o-futuro\/#primaryimage"},"thumbnailUrl":"https:\/\/salesianossp.org.br\/ositaquera\/wp-content\/uploads\/2023\/09\/CAPA-TERCEIRO-DIA-CONGRESSO2.png","datePublished":"2023-09-22T00:15:02+00:00","breadcrumb":{"@id":"https:\/\/salesianossp.org.br\/ositaquera\/encerramento-do-congresso-estabelece-compromissos-e-estrategias-para-o-futuro\/#breadcrumb"},"inLanguage":"pt-BR","potentialAction":[{"@type":"ReadAction","target":["https:\/\/salesianossp.org.br\/ositaquera\/encerramento-do-congresso-estabelece-compromissos-e-estrategias-para-o-futuro\/"]}]},{"@type":"ImageObject","inLanguage":"pt-BR","@id":"https:\/\/salesianossp.org.br\/ositaquera\/encerramento-do-congresso-estabelece-compromissos-e-estrategias-para-o-futuro\/#primaryimage","url":"https:\/\/salesianossp.org.br\/ositaquera\/wp-content\/uploads\/2023\/09\/CAPA-TERCEIRO-DIA-CONGRESSO2.png","contentUrl":"https:\/\/salesianossp.org.br\/ositaquera\/wp-content\/uploads\/2023\/09\/CAPA-TERCEIRO-DIA-CONGRESSO2.png","width":1423,"height":1410},{"@type":"BreadcrumbList","@id":"https:\/\/salesianossp.org.br\/ositaquera\/encerramento-do-congresso-estabelece-compromissos-e-estrategias-para-o-futuro\/#breadcrumb","itemListElement":[{"@type":"ListItem","position":1,"name":"In\u00edcio","item":"https:\/\/salesianossp.org.br\/ositaquera\/"},{"@type":"ListItem","position":2,"name":"ENCERRAMENTO DO CONGRESSO ESTABELECE COMPROMISSOS E ESTRAT\u00c9GIAS PARA O FUTURO"}]},{"@type":"WebSite","@id":"https:\/\/salesianossp.org.br\/ositaquera\/#website","url":"https:\/\/salesianossp.org.br\/ositaquera\/","name":"Obra Social Dom Bosco","description":"","publisher":{"@id":"https:\/\/salesianossp.org.br\/ositaquera\/#organization"},"potentialAction":[{"@type":"SearchAction","target":{"@type":"EntryPoint","urlTemplate":"https:\/\/salesianossp.org.br\/ositaquera\/?s={search_term_string}"},"query-input":{"@type":"PropertyValueSpecification","valueRequired":true,"valueName":"search_term_string"}}],"inLanguage":"pt-BR"},{"@type":"Organization","@id":"https:\/\/salesianossp.org.br\/ositaquera\/#organization","name":"Obra Social Dom Bosco","url":"https:\/\/salesianossp.org.br\/ositaquera\/","logo":{"@type":"ImageObject","inLanguage":"pt-BR","@id":"https:\/\/salesianossp.org.br\/ositaquera\/#\/schema\/logo\/image\/","url":"https:\/\/salesianossp.org.br\/ositaquera\/wp-content\/uploads\/2024\/03\/logo-obra-social-dom-bosco-itaquera-h-scaled.png","contentUrl":"https:\/\/salesianossp.org.br\/ositaquera\/wp-content\/uploads\/2024\/03\/logo-obra-social-dom-bosco-itaquera-h-scaled.png","width":2560,"height":672,"caption":"Obra Social Dom Bosco"},"image":{"@id":"https:\/\/salesianossp.org.br\/ositaquera\/#\/schema\/logo\/image\/"},"sameAs":["https:\/\/www.facebook.com\/domboscoitaquera","https:\/\/br.linkedin.com\/company\/domboscoitaquera","https:\/\/www.youtube.com\/channel\/UCMIUZW8mqlpEbP7Dy02veOw","https:\/\/www.instagram.com\/obradombosco\/"]},{"@type":"Person","@id":"https:\/\/salesianossp.org.br\/ositaquera\/#\/schema\/person\/612e159822bfeed64312a453b075f9de","name":"Lucas Rodrigues","image":{"@type":"ImageObject","inLanguage":"pt-BR","@id":"https:\/\/secure.gravatar.com\/avatar\/0ad9c966c6ed3335d7fffe2c3b88880dd298c0817b71e20a6955c38f2a53f746?s=96&d=mm&r=g","url":"https:\/\/secure.gravatar.com\/avatar\/0ad9c966c6ed3335d7fffe2c3b88880dd298c0817b71e20a6955c38f2a53f746?s=96&d=mm&r=g","contentUrl":"https:\/\/secure.gravatar.com\/avatar\/0ad9c966c6ed3335d7fffe2c3b88880dd298c0817b71e20a6955c38f2a53f746?s=96&d=mm&r=g","caption":"Lucas Rodrigues"},"url":"https:\/\/salesianossp.org.br\/ositaquera\/author\/lucas-rodrigues\/"}]}},"_links":{"self":[{"href":"https:\/\/salesianossp.org.br\/ositaquera\/wp-json\/wp\/v2\/posts\/7474","targetHints":{"allow":["GET"]}}],"collection":[{"href":"https:\/\/salesianossp.org.br\/ositaquera\/wp-json\/wp\/v2\/posts"}],"about":[{"href":"https:\/\/salesianossp.org.br\/ositaquera\/wp-json\/wp\/v2\/types\/post"}],"author":[{"embeddable":true,"href":"https:\/\/salesianossp.org.br\/ositaquera\/wp-json\/wp\/v2\/users\/27"}],"replies":[{"embeddable":true,"href":"https:\/\/salesianossp.org.br\/ositaquera\/wp-json\/wp\/v2\/comments?post=7474"}],"version-history":[{"count":0,"href":"https:\/\/salesianossp.org.br\/ositaquera\/wp-json\/wp\/v2\/posts\/7474\/revisions"}],"wp:featuredmedia":[{"embeddable":true,"href":"https:\/\/salesianossp.org.br\/ositaquera\/wp-json\/wp\/v2\/media\/7528"}],"wp:attachment":[{"href":"https:\/\/salesianossp.org.br\/ositaquera\/wp-json\/wp\/v2\/media?parent=7474"}],"wp:term":[{"taxonomy":"category","embeddable":true,"href":"https:\/\/salesianossp.org.br\/ositaquera\/wp-json\/wp\/v2\/categories?post=7474"},{"taxonomy":"post_tag","embeddable":true,"href":"https:\/\/salesianossp.org.br\/ositaquera\/wp-json\/wp\/v2\/tags?post=7474"}],"curies":[{"name":"wp","href":"https:\/\/api.w.org\/{rel}","templated":true}]}}