{"id":7659,"date":"2023-12-29T18:44:35","date_gmt":"2023-12-29T21:44:35","guid":{"rendered":"https:\/\/salesianossp.org.br\/ositaquera\/?p=7659"},"modified":"2023-12-29T18:44:35","modified_gmt":"2023-12-29T21:44:35","slug":"cedesp-dom-bosco-itaquera-celebra-formandos-do-2o-semestre-de-2023","status":"publish","type":"post","link":"https:\/\/salesianossp.org.br\/ositaquera\/cedesp-dom-bosco-itaquera-celebra-formandos-do-2o-semestre-de-2023\/","title":{"rendered":"CEDESP DOM BOSCO ITAQUERA CELEBRA OS FORMANDOS DO SEGUNDO SEMESTRE DE 2023"},"content":{"rendered":"\n<p><\/p>\n\n\n\n<p><strong>Comunica\u00e7\u00e3o\/OSDB Itaquera<\/strong><\/p>\n\n\n\n<p>\u201cSenhoras e senhores, estimados salesianos, salesianas e parceiros; prezados pais e educadores; queridos formandos e formandas, boa noite! \u00c9 com muita alegria que estamos reunidos, como Comunidade Educativa da Obra Social Dom Bosco, (\u2026) para a entrega de certificados da 75\u00aa turma de formandos\u201d. Foi assim que, por volta das 19 horas, no audit\u00f3rio externo, deu-se in\u00edcio \u00e0 celebra\u00e7\u00e3o de formatura dos educandos e educandas do segundo semestre de 2023, que conclu\u00edram cursos pelo CEDESP da Obra Social Dom Bosco de Itaquera, em parceria com Secretaria de Assist\u00eancia e Desenvolvimento Social da Prefeitura de S\u00e3o Paulo. Organizada entre os dias 22 e 28 de dezembro, esta \u00e9 a 75\u00aa cerim\u00f4nia de certifica\u00e7\u00e3o realizada pela institui\u00e7\u00e3o, em 42 anos de exist\u00eancia.<\/p>\n\n\n\n<div style=\"height:34px\" aria-hidden=\"true\" class=\"wp-block-spacer\"><\/div>\n\n\n\n<figure class=\"wp-block-gallery has-nested-images columns-default is-cropped wp-block-gallery-1 is-layout-flex wp-block-gallery-is-layout-flex\">\n<figure class=\"wp-block-image size-large\"><img fetchpriority=\"high\" decoding=\"async\" width=\"1024\" height=\"458\" data-id=\"7663\" src=\"https:\/\/salesianossp.org.br\/ositaquera\/wp-content\/uploads\/2023\/12\/20231227_203633-tratada-e-reduz-1024x458.jpg\" alt=\"\" class=\"wp-image-7663\" srcset=\"https:\/\/salesianossp.org.br\/ositaquera\/wp-content\/uploads\/2023\/12\/20231227_203633-tratada-e-reduz-1024x458.jpg 1024w, https:\/\/salesianossp.org.br\/ositaquera\/wp-content\/uploads\/2023\/12\/20231227_203633-tratada-e-reduz-300x134.jpg 300w, https:\/\/salesianossp.org.br\/ositaquera\/wp-content\/uploads\/2023\/12\/20231227_203633-tratada-e-reduz-768x343.jpg 768w, https:\/\/salesianossp.org.br\/ositaquera\/wp-content\/uploads\/2023\/12\/20231227_203633-tratada-e-reduz-1536x687.jpg 1536w, https:\/\/salesianossp.org.br\/ositaquera\/wp-content\/uploads\/2023\/12\/20231227_203633-tratada-e-reduz.jpg 2008w\" sizes=\"(max-width: 1024px) 100vw, 1024px\" \/><\/figure>\n<figcaption class=\"blocks-gallery-caption wp-element-caption\"><em>Agora em \u00e2ngulo ampliado, registro da Alegria dos formandos em um dos dias da Formatura<\/em><br><em>2023 &#8211; segundo semestre  dos cursos profissionalizantes do CEDESP Dom Bosco Itaquera.<\/em><\/figcaption><\/figure>\n\n\n\n<div style=\"height:49px\" aria-hidden=\"true\" class=\"wp-block-spacer\"><\/div>\n\n\n\n<p><strong>Emo\u00e7\u00e3o<\/strong> <strong>e Felicidade<\/strong><\/p>\n\n\n\n<p>Divididos em quatro grupos, os educandos e educandas participaram das cerim\u00f4nias de formatura nos dias 22(sex), 26(ter), 27(qua) e 28(qui) de dezembro, em um evento que contou com a participa\u00e7\u00e3o da equipe de anima\u00e7\u00e3o da obra, composta por educadores, educandos e membros da comunidade, al\u00e9m da presen\u00e7a de familiares na plateia.<\/p>\n\n\n\n<p>Presente nos dias de diploma\u00e7\u00e3o, o fundador e diretor presidente da Obra Social Dom Bosco, Padre Rosalvino Mor\u00e1n Vi\u00f1ayo, fez quest\u00e3o de enaltecer a cada noite a alegria e a gratid\u00e3o pelo compromisso de todos os formandos e formandas, na certeza de que iniciar\u00e3o \u201cum novo ciclo de prosperidade e crescimento ap\u00f3s a conclus\u00e3o de seus cursos\u201d. Presentes tamb\u00e9m estiveram o diretor tesoureiro da Obra Social Dom Bosco e diretor geral da Comunidade Salesiana de Itaquera, Padre Aramis Francisco Biaggi, e o vice-presidente da institui\u00e7\u00e3o, Irm\u00e3o Antonio Carlos, al\u00e9m dos gerentes, educadores e demais colaboradores.<\/p>\n\n\n\n<div style=\"height:56px\" aria-hidden=\"true\" class=\"wp-block-spacer\"><\/div>\n\n\n\n<figure class=\"wp-block-gallery has-nested-images columns-default is-cropped wp-block-gallery-2 is-layout-flex wp-block-gallery-is-layout-flex\">\n<figure class=\"wp-block-image size-large\"><img decoding=\"async\" width=\"709\" height=\"377\" data-id=\"7669\" src=\"https:\/\/salesianossp.org.br\/ositaquera\/wp-content\/uploads\/2023\/12\/20231227_193812-tratada-e-reduz-edited.jpg\" alt=\"\" class=\"wp-image-7669\" srcset=\"https:\/\/salesianossp.org.br\/ositaquera\/wp-content\/uploads\/2023\/12\/20231227_193812-tratada-e-reduz-edited.jpg 709w, https:\/\/salesianossp.org.br\/ositaquera\/wp-content\/uploads\/2023\/12\/20231227_193812-tratada-e-reduz-edited-300x160.jpg 300w\" sizes=\"(max-width: 709px) 100vw, 709px\" \/><\/figure>\n\n\n\n<figure class=\"wp-block-image size-large\"><img decoding=\"async\" width=\"1063\" height=\"536\" data-id=\"7668\" src=\"https:\/\/salesianossp.org.br\/ositaquera\/wp-content\/uploads\/2023\/12\/20231227_193104-tratada-e-reduz-edited.jpg\" alt=\"\" class=\"wp-image-7668\" srcset=\"https:\/\/salesianossp.org.br\/ositaquera\/wp-content\/uploads\/2023\/12\/20231227_193104-tratada-e-reduz-edited.jpg 1063w, https:\/\/salesianossp.org.br\/ositaquera\/wp-content\/uploads\/2023\/12\/20231227_193104-tratada-e-reduz-edited-300x151.jpg 300w, https:\/\/salesianossp.org.br\/ositaquera\/wp-content\/uploads\/2023\/12\/20231227_193104-tratada-e-reduz-edited-1024x516.jpg 1024w, https:\/\/salesianossp.org.br\/ositaquera\/wp-content\/uploads\/2023\/12\/20231227_193104-tratada-e-reduz-edited-768x387.jpg 768w\" sizes=\"(max-width: 1063px) 100vw, 1063px\" \/><\/figure>\n\n\n\n<figure class=\"wp-block-image size-large\"><img loading=\"lazy\" decoding=\"async\" width=\"1024\" height=\"514\" data-id=\"7666\" src=\"https:\/\/salesianossp.org.br\/ositaquera\/wp-content\/uploads\/2023\/12\/20231228_210410-tratada-e-reduz-1024x514.jpg\" alt=\"\" class=\"wp-image-7666\" srcset=\"https:\/\/salesianossp.org.br\/ositaquera\/wp-content\/uploads\/2023\/12\/20231228_210410-tratada-e-reduz-1024x514.jpg 1024w, https:\/\/salesianossp.org.br\/ositaquera\/wp-content\/uploads\/2023\/12\/20231228_210410-tratada-e-reduz-300x151.jpg 300w, https:\/\/salesianossp.org.br\/ositaquera\/wp-content\/uploads\/2023\/12\/20231228_210410-tratada-e-reduz-768x386.jpg 768w, https:\/\/salesianossp.org.br\/ositaquera\/wp-content\/uploads\/2023\/12\/20231228_210410-tratada-e-reduz-1536x771.jpg 1536w, https:\/\/salesianossp.org.br\/ositaquera\/wp-content\/uploads\/2023\/12\/20231228_210410-tratada-e-reduz.jpg 2008w\" sizes=\"(max-width: 1024px) 100vw, 1024px\" \/><\/figure>\n\n\n\n<figure class=\"wp-block-image size-large\"><img loading=\"lazy\" decoding=\"async\" width=\"1024\" height=\"531\" data-id=\"7667\" src=\"https:\/\/salesianossp.org.br\/ositaquera\/wp-content\/uploads\/2023\/12\/20231228_194907-tratada-e-reduz-1024x531.jpg\" alt=\"\" class=\"wp-image-7667\" srcset=\"https:\/\/salesianossp.org.br\/ositaquera\/wp-content\/uploads\/2023\/12\/20231228_194907-tratada-e-reduz-1024x531.jpg 1024w, https:\/\/salesianossp.org.br\/ositaquera\/wp-content\/uploads\/2023\/12\/20231228_194907-tratada-e-reduz-300x156.jpg 300w, https:\/\/salesianossp.org.br\/ositaquera\/wp-content\/uploads\/2023\/12\/20231228_194907-tratada-e-reduz-768x398.jpg 768w, https:\/\/salesianossp.org.br\/ositaquera\/wp-content\/uploads\/2023\/12\/20231228_194907-tratada-e-reduz-1536x797.jpg 1536w, https:\/\/salesianossp.org.br\/ositaquera\/wp-content\/uploads\/2023\/12\/20231228_194907-tratada-e-reduz-2048x1062.jpg 2048w\" sizes=\"(max-width: 1024px) 100vw, 1024px\" \/><\/figure>\n<figcaption class=\"blocks-gallery-caption wp-element-caption\"><em>Nosso diretor-presidente e fundador, Padre Rosalvino Mor\u00e1n Vi\u00f1ayo, no primeiro quadro, fala ao p\u00fablico presente na Cerim\u00f4nia de Formatura do 2\u00ba Semestre de 2023. Ao lado tamb\u00e9m discursam o vice-presidente, Irm\u00e3o Antonio Carlos, e o diretor tesoureiro, Padre Aramis Francisco Biaggi. Na foto de baixo, os tr\u00eas s\u00e3o saudados pelo p\u00fablico durante agradecimento aos salesianos presentes em Itaquera.<\/em><\/figcaption><\/figure>\n\n\n\n<div style=\"height:53px\" aria-hidden=\"true\" class=\"wp-block-spacer\"><\/div>\n\n\n\n<p>Ap\u00f3s a execu\u00e7\u00e3o do hino nacional, os grupos de educandos foram organizados em fila, de acordo com os cursos e em ordem previamente definida, e chamados para a entrega do certificado, efetuada pelos pr\u00f3prios educadores. Ao t\u00e9rmino da chamada, todos retornavam ao placo para o registro de imagens e \u00e0 comemora\u00e7\u00e3o da conclus\u00e3o do ciclo, acompanhados pelos olhares dos familiares presentes nas arquibancadas do audit\u00f3rio externo.<\/p>\n\n\n\n<div style=\"height:38px\" aria-hidden=\"true\" class=\"wp-block-spacer\"><\/div>\n\n\n\n<p><strong><em>Confira mais algumas imagens da formatura:<\/em><\/strong><\/p>\n\n\n\n<div style=\"height:45px\" aria-hidden=\"true\" class=\"wp-block-spacer\"><\/div>\n\n\n\n<figure class=\"wp-block-gallery has-nested-images columns-default is-cropped wp-block-gallery-3 is-layout-flex wp-block-gallery-is-layout-flex\">\n<figure class=\"wp-block-image size-large\"><img loading=\"lazy\" decoding=\"async\" width=\"1024\" height=\"461\" data-id=\"7676\" src=\"https:\/\/salesianossp.org.br\/ositaquera\/wp-content\/uploads\/2023\/12\/20231228_200225-tratada-e-reduz-1024x461.jpg\" alt=\"\" class=\"wp-image-7676\" srcset=\"https:\/\/salesianossp.org.br\/ositaquera\/wp-content\/uploads\/2023\/12\/20231228_200225-tratada-e-reduz-1024x461.jpg 1024w, https:\/\/salesianossp.org.br\/ositaquera\/wp-content\/uploads\/2023\/12\/20231228_200225-tratada-e-reduz-300x135.jpg 300w, https:\/\/salesianossp.org.br\/ositaquera\/wp-content\/uploads\/2023\/12\/20231228_200225-tratada-e-reduz-768x346.jpg 768w, https:\/\/salesianossp.org.br\/ositaquera\/wp-content\/uploads\/2023\/12\/20231228_200225-tratada-e-reduz-1536x691.jpg 1536w, https:\/\/salesianossp.org.br\/ositaquera\/wp-content\/uploads\/2023\/12\/20231228_200225-tratada-e-reduz-2048x922.jpg 2048w\" sizes=\"(max-width: 1024px) 100vw, 1024px\" \/><\/figure>\n<\/figure>\n\n\n\n<div style=\"height:32px\" aria-hidden=\"true\" class=\"wp-block-spacer\"><\/div>\n\n\n\n<figure class=\"wp-block-gallery has-nested-images columns-default is-cropped wp-block-gallery-4 is-layout-flex wp-block-gallery-is-layout-flex\">\n<figure class=\"wp-block-image size-large\"><img loading=\"lazy\" decoding=\"async\" width=\"1024\" height=\"461\" data-id=\"7677\" src=\"https:\/\/salesianossp.org.br\/ositaquera\/wp-content\/uploads\/2023\/12\/20231228_195828-tratada-e-reduz-1024x461.jpg\" alt=\"\" class=\"wp-image-7677\" srcset=\"https:\/\/salesianossp.org.br\/ositaquera\/wp-content\/uploads\/2023\/12\/20231228_195828-tratada-e-reduz-1024x461.jpg 1024w, https:\/\/salesianossp.org.br\/ositaquera\/wp-content\/uploads\/2023\/12\/20231228_195828-tratada-e-reduz-300x135.jpg 300w, https:\/\/salesianossp.org.br\/ositaquera\/wp-content\/uploads\/2023\/12\/20231228_195828-tratada-e-reduz-768x346.jpg 768w, https:\/\/salesianossp.org.br\/ositaquera\/wp-content\/uploads\/2023\/12\/20231228_195828-tratada-e-reduz-1536x691.jpg 1536w, https:\/\/salesianossp.org.br\/ositaquera\/wp-content\/uploads\/2023\/12\/20231228_195828-tratada-e-reduz-2048x922.jpg 2048w\" sizes=\"(max-width: 1024px) 100vw, 1024px\" \/><\/figure>\n<\/figure>\n\n\n\n<div style=\"height:56px\" aria-hidden=\"true\" class=\"wp-block-spacer\"><\/div>\n\n\n\n<figure class=\"wp-block-gallery has-nested-images columns-default is-cropped wp-block-gallery-5 is-layout-flex wp-block-gallery-is-layout-flex\">\n<figure class=\"wp-block-image size-large\"><img loading=\"lazy\" decoding=\"async\" width=\"1024\" height=\"524\" data-id=\"7672\" src=\"https:\/\/salesianossp.org.br\/ositaquera\/wp-content\/uploads\/2023\/12\/20231228_201240-tratada-e-reduz-1024x524.jpg\" alt=\"\" class=\"wp-image-7672\" srcset=\"https:\/\/salesianossp.org.br\/ositaquera\/wp-content\/uploads\/2023\/12\/20231228_201240-tratada-e-reduz-1024x524.jpg 1024w, https:\/\/salesianossp.org.br\/ositaquera\/wp-content\/uploads\/2023\/12\/20231228_201240-tratada-e-reduz-300x154.jpg 300w, https:\/\/salesianossp.org.br\/ositaquera\/wp-content\/uploads\/2023\/12\/20231228_201240-tratada-e-reduz-768x393.jpg 768w, https:\/\/salesianossp.org.br\/ositaquera\/wp-content\/uploads\/2023\/12\/20231228_201240-tratada-e-reduz-1536x786.jpg 1536w, https:\/\/salesianossp.org.br\/ositaquera\/wp-content\/uploads\/2023\/12\/20231228_201240-tratada-e-reduz.jpg 1750w\" sizes=\"(max-width: 1024px) 100vw, 1024px\" \/><\/figure>\n\n\n\n<figure class=\"wp-block-image size-large\"><img loading=\"lazy\" decoding=\"async\" width=\"1024\" height=\"524\" data-id=\"7675\" src=\"https:\/\/salesianossp.org.br\/ositaquera\/wp-content\/uploads\/2023\/12\/20231228_203739-tratada-e-reduz-1024x524.jpg\" alt=\"\" class=\"wp-image-7675\" srcset=\"https:\/\/salesianossp.org.br\/ositaquera\/wp-content\/uploads\/2023\/12\/20231228_203739-tratada-e-reduz-1024x524.jpg 1024w, https:\/\/salesianossp.org.br\/ositaquera\/wp-content\/uploads\/2023\/12\/20231228_203739-tratada-e-reduz-300x154.jpg 300w, https:\/\/salesianossp.org.br\/ositaquera\/wp-content\/uploads\/2023\/12\/20231228_203739-tratada-e-reduz-768x393.jpg 768w, https:\/\/salesianossp.org.br\/ositaquera\/wp-content\/uploads\/2023\/12\/20231228_203739-tratada-e-reduz-1536x787.jpg 1536w, https:\/\/salesianossp.org.br\/ositaquera\/wp-content\/uploads\/2023\/12\/20231228_203739-tratada-e-reduz.jpg 1890w\" sizes=\"(max-width: 1024px) 100vw, 1024px\" \/><\/figure>\n\n\n\n<figure class=\"wp-block-image size-large\"><img loading=\"lazy\" decoding=\"async\" width=\"1024\" height=\"603\" data-id=\"7674\" src=\"https:\/\/salesianossp.org.br\/ositaquera\/wp-content\/uploads\/2023\/12\/20231228_203513-tratada-e-reduz-1024x603.jpg\" alt=\"\" class=\"wp-image-7674\" srcset=\"https:\/\/salesianossp.org.br\/ositaquera\/wp-content\/uploads\/2023\/12\/20231228_203513-tratada-e-reduz-1024x603.jpg 1024w, https:\/\/salesianossp.org.br\/ositaquera\/wp-content\/uploads\/2023\/12\/20231228_203513-tratada-e-reduz-300x177.jpg 300w, https:\/\/salesianossp.org.br\/ositaquera\/wp-content\/uploads\/2023\/12\/20231228_203513-tratada-e-reduz-768x452.jpg 768w, https:\/\/salesianossp.org.br\/ositaquera\/wp-content\/uploads\/2023\/12\/20231228_203513-tratada-e-reduz-1536x904.jpg 1536w, https:\/\/salesianossp.org.br\/ositaquera\/wp-content\/uploads\/2023\/12\/20231228_203513-tratada-e-reduz.jpg 1859w\" sizes=\"(max-width: 1024px) 100vw, 1024px\" \/><\/figure>\n\n\n\n<figure class=\"wp-block-image size-large\"><img loading=\"lazy\" decoding=\"async\" width=\"1024\" height=\"489\" data-id=\"7673\" src=\"https:\/\/salesianossp.org.br\/ositaquera\/wp-content\/uploads\/2023\/12\/20231228_201421-tratada-e-reduz-1024x489.jpg\" alt=\"\" class=\"wp-image-7673\" srcset=\"https:\/\/salesianossp.org.br\/ositaquera\/wp-content\/uploads\/2023\/12\/20231228_201421-tratada-e-reduz-1024x489.jpg 1024w, https:\/\/salesianossp.org.br\/ositaquera\/wp-content\/uploads\/2023\/12\/20231228_201421-tratada-e-reduz-300x143.jpg 300w, https:\/\/salesianossp.org.br\/ositaquera\/wp-content\/uploads\/2023\/12\/20231228_201421-tratada-e-reduz-768x367.jpg 768w, https:\/\/salesianossp.org.br\/ositaquera\/wp-content\/uploads\/2023\/12\/20231228_201421-tratada-e-reduz-1536x734.jpg 1536w, https:\/\/salesianossp.org.br\/ositaquera\/wp-content\/uploads\/2023\/12\/20231228_201421-tratada-e-reduz.jpg 1890w\" sizes=\"(max-width: 1024px) 100vw, 1024px\" \/><\/figure>\n\n\n\n<figure class=\"wp-block-image size-large\"><img loading=\"lazy\" decoding=\"async\" width=\"1024\" height=\"494\" data-id=\"7671\" src=\"https:\/\/salesianossp.org.br\/ositaquera\/wp-content\/uploads\/2023\/12\/20231228_200942-tratada-e-reduz-1024x494.jpg\" alt=\"\" class=\"wp-image-7671\" srcset=\"https:\/\/salesianossp.org.br\/ositaquera\/wp-content\/uploads\/2023\/12\/20231228_200942-tratada-e-reduz-1024x494.jpg 1024w, https:\/\/salesianossp.org.br\/ositaquera\/wp-content\/uploads\/2023\/12\/20231228_200942-tratada-e-reduz-300x145.jpg 300w, https:\/\/salesianossp.org.br\/ositaquera\/wp-content\/uploads\/2023\/12\/20231228_200942-tratada-e-reduz-768x370.jpg 768w, https:\/\/salesianossp.org.br\/ositaquera\/wp-content\/uploads\/2023\/12\/20231228_200942-tratada-e-reduz-1536x741.jpg 1536w, https:\/\/salesianossp.org.br\/ositaquera\/wp-content\/uploads\/2023\/12\/20231228_200942-tratada-e-reduz.jpg 1984w\" sizes=\"(max-width: 1024px) 100vw, 1024px\" \/><\/figure>\n<\/figure>\n\n\n\n<div style=\"height:64px\" aria-hidden=\"true\" class=\"wp-block-spacer\"><\/div>\n\n\n\n<figure class=\"wp-block-gallery has-nested-images columns-default is-cropped wp-block-gallery-6 is-layout-flex wp-block-gallery-is-layout-flex\">\n<figure class=\"wp-block-image size-large\"><img loading=\"lazy\" decoding=\"async\" width=\"1024\" height=\"528\" data-id=\"7678\" src=\"https:\/\/salesianossp.org.br\/ositaquera\/wp-content\/uploads\/2023\/12\/20231228_205545-tratada-e-reduz-1024x528.jpg\" alt=\"\" class=\"wp-image-7678\" srcset=\"https:\/\/salesianossp.org.br\/ositaquera\/wp-content\/uploads\/2023\/12\/20231228_205545-tratada-e-reduz-1024x528.jpg 1024w, https:\/\/salesianossp.org.br\/ositaquera\/wp-content\/uploads\/2023\/12\/20231228_205545-tratada-e-reduz-300x155.jpg 300w, https:\/\/salesianossp.org.br\/ositaquera\/wp-content\/uploads\/2023\/12\/20231228_205545-tratada-e-reduz-768x396.jpg 768w, https:\/\/salesianossp.org.br\/ositaquera\/wp-content\/uploads\/2023\/12\/20231228_205545-tratada-e-reduz-1536x793.jpg 1536w, https:\/\/salesianossp.org.br\/ositaquera\/wp-content\/uploads\/2023\/12\/20231228_205545-tratada-e-reduz-2048x1057.jpg 2048w\" sizes=\"(max-width: 1024px) 100vw, 1024px\" \/><\/figure>\n\n\n\n<figure class=\"wp-block-image size-large\"><img loading=\"lazy\" decoding=\"async\" width=\"1024\" height=\"479\" data-id=\"7680\" src=\"https:\/\/salesianossp.org.br\/ositaquera\/wp-content\/uploads\/2023\/12\/20231228_205244-tratada-e-reduz-1024x479.jpg\" alt=\"\" class=\"wp-image-7680\" srcset=\"https:\/\/salesianossp.org.br\/ositaquera\/wp-content\/uploads\/2023\/12\/20231228_205244-tratada-e-reduz-1024x479.jpg 1024w, https:\/\/salesianossp.org.br\/ositaquera\/wp-content\/uploads\/2023\/12\/20231228_205244-tratada-e-reduz-300x140.jpg 300w, https:\/\/salesianossp.org.br\/ositaquera\/wp-content\/uploads\/2023\/12\/20231228_205244-tratada-e-reduz-768x359.jpg 768w, https:\/\/salesianossp.org.br\/ositaquera\/wp-content\/uploads\/2023\/12\/20231228_205244-tratada-e-reduz-1536x719.jpg 1536w, https:\/\/salesianossp.org.br\/ositaquera\/wp-content\/uploads\/2023\/12\/20231228_205244-tratada-e-reduz-2048x958.jpg 2048w\" sizes=\"(max-width: 1024px) 100vw, 1024px\" \/><\/figure>\n\n\n\n<figure class=\"wp-block-image size-large\"><img loading=\"lazy\" decoding=\"async\" width=\"1024\" height=\"454\" data-id=\"7682\" src=\"https:\/\/salesianossp.org.br\/ositaquera\/wp-content\/uploads\/2023\/12\/20231228_204302-tratada-e-reduz-1024x454.jpg\" alt=\"\" class=\"wp-image-7682\" srcset=\"https:\/\/salesianossp.org.br\/ositaquera\/wp-content\/uploads\/2023\/12\/20231228_204302-tratada-e-reduz-1024x454.jpg 1024w, https:\/\/salesianossp.org.br\/ositaquera\/wp-content\/uploads\/2023\/12\/20231228_204302-tratada-e-reduz-300x133.jpg 300w, https:\/\/salesianossp.org.br\/ositaquera\/wp-content\/uploads\/2023\/12\/20231228_204302-tratada-e-reduz-768x340.jpg 768w, https:\/\/salesianossp.org.br\/ositaquera\/wp-content\/uploads\/2023\/12\/20231228_204302-tratada-e-reduz-1536x681.jpg 1536w, https:\/\/salesianossp.org.br\/ositaquera\/wp-content\/uploads\/2023\/12\/20231228_204302-tratada-e-reduz-2048x907.jpg 2048w\" sizes=\"(max-width: 1024px) 100vw, 1024px\" \/><\/figure>\n\n\n\n<figure class=\"wp-block-image size-large\"><img loading=\"lazy\" decoding=\"async\" width=\"1024\" height=\"461\" data-id=\"7681\" src=\"https:\/\/salesianossp.org.br\/ositaquera\/wp-content\/uploads\/2023\/12\/20231228_204707-tratada-e-reduz-1024x461.jpg\" alt=\"\" class=\"wp-image-7681\" srcset=\"https:\/\/salesianossp.org.br\/ositaquera\/wp-content\/uploads\/2023\/12\/20231228_204707-tratada-e-reduz-1024x461.jpg 1024w, https:\/\/salesianossp.org.br\/ositaquera\/wp-content\/uploads\/2023\/12\/20231228_204707-tratada-e-reduz-300x135.jpg 300w, https:\/\/salesianossp.org.br\/ositaquera\/wp-content\/uploads\/2023\/12\/20231228_204707-tratada-e-reduz-768x346.jpg 768w, https:\/\/salesianossp.org.br\/ositaquera\/wp-content\/uploads\/2023\/12\/20231228_204707-tratada-e-reduz-1536x691.jpg 1536w, https:\/\/salesianossp.org.br\/ositaquera\/wp-content\/uploads\/2023\/12\/20231228_204707-tratada-e-reduz-2048x922.jpg 2048w\" sizes=\"(max-width: 1024px) 100vw, 1024px\" \/><\/figure>\n\n\n\n<figure class=\"wp-block-image size-large\"><img loading=\"lazy\" decoding=\"async\" width=\"1024\" height=\"479\" data-id=\"7679\" src=\"https:\/\/salesianossp.org.br\/ositaquera\/wp-content\/uploads\/2023\/12\/20231228_210303-tratada-e-reduz-1024x479.jpg\" alt=\"\" class=\"wp-image-7679\" srcset=\"https:\/\/salesianossp.org.br\/ositaquera\/wp-content\/uploads\/2023\/12\/20231228_210303-tratada-e-reduz-1024x479.jpg 1024w, https:\/\/salesianossp.org.br\/ositaquera\/wp-content\/uploads\/2023\/12\/20231228_210303-tratada-e-reduz-300x140.jpg 300w, https:\/\/salesianossp.org.br\/ositaquera\/wp-content\/uploads\/2023\/12\/20231228_210303-tratada-e-reduz-768x359.jpg 768w, https:\/\/salesianossp.org.br\/ositaquera\/wp-content\/uploads\/2023\/12\/20231228_210303-tratada-e-reduz-1536x719.jpg 1536w, https:\/\/salesianossp.org.br\/ositaquera\/wp-content\/uploads\/2023\/12\/20231228_210303-tratada-e-reduz-2048x958.jpg 2048w\" sizes=\"(max-width: 1024px) 100vw, 1024px\" \/><\/figure>\n<\/figure>\n\n\n\n<div style=\"height:54px\" aria-hidden=\"true\" class=\"wp-block-spacer\"><\/div>\n\n\n\n<figure class=\"wp-block-gallery has-nested-images columns-default is-cropped wp-block-gallery-7 is-layout-flex wp-block-gallery-is-layout-flex\">\n<figure class=\"wp-block-image size-large\"><img loading=\"lazy\" decoding=\"async\" width=\"1024\" height=\"461\" data-id=\"7684\" src=\"https:\/\/salesianossp.org.br\/ositaquera\/wp-content\/uploads\/2023\/12\/20231228_194438-tratada-e-reduz-1024x461.jpg\" alt=\"\" class=\"wp-image-7684\" srcset=\"https:\/\/salesianossp.org.br\/ositaquera\/wp-content\/uploads\/2023\/12\/20231228_194438-tratada-e-reduz-1024x461.jpg 1024w, https:\/\/salesianossp.org.br\/ositaquera\/wp-content\/uploads\/2023\/12\/20231228_194438-tratada-e-reduz-300x135.jpg 300w, https:\/\/salesianossp.org.br\/ositaquera\/wp-content\/uploads\/2023\/12\/20231228_194438-tratada-e-reduz-768x346.jpg 768w, https:\/\/salesianossp.org.br\/ositaquera\/wp-content\/uploads\/2023\/12\/20231228_194438-tratada-e-reduz-1536x691.jpg 1536w, https:\/\/salesianossp.org.br\/ositaquera\/wp-content\/uploads\/2023\/12\/20231228_194438-tratada-e-reduz-2048x922.jpg 2048w\" sizes=\"(max-width: 1024px) 100vw, 1024px\" \/><\/figure>\n<\/figure>\n\n\n\n<div style=\"height:39px\" aria-hidden=\"true\" class=\"wp-block-spacer\"><\/div>\n\n\n\n<figure class=\"wp-block-gallery has-nested-images columns-default is-cropped wp-block-gallery-8 is-layout-flex wp-block-gallery-is-layout-flex\">\n<figure class=\"wp-block-image size-large\"><img loading=\"lazy\" decoding=\"async\" width=\"1024\" height=\"485\" data-id=\"7685\" src=\"https:\/\/salesianossp.org.br\/ositaquera\/wp-content\/uploads\/2023\/12\/20231222_200703-tratada-e-reduz-1024x485.jpg\" alt=\"\" class=\"wp-image-7685\" srcset=\"https:\/\/salesianossp.org.br\/ositaquera\/wp-content\/uploads\/2023\/12\/20231222_200703-tratada-e-reduz-1024x485.jpg 1024w, https:\/\/salesianossp.org.br\/ositaquera\/wp-content\/uploads\/2023\/12\/20231222_200703-tratada-e-reduz-300x142.jpg 300w, https:\/\/salesianossp.org.br\/ositaquera\/wp-content\/uploads\/2023\/12\/20231222_200703-tratada-e-reduz-768x364.jpg 768w, https:\/\/salesianossp.org.br\/ositaquera\/wp-content\/uploads\/2023\/12\/20231222_200703-tratada-e-reduz-1536x727.jpg 1536w, https:\/\/salesianossp.org.br\/ositaquera\/wp-content\/uploads\/2023\/12\/20231222_200703-tratada-e-reduz.jpg 2008w\" sizes=\"(max-width: 1024px) 100vw, 1024px\" \/><\/figure>\n\n\n\n<figure class=\"wp-block-image size-large\"><img loading=\"lazy\" decoding=\"async\" width=\"1024\" height=\"508\" data-id=\"7686\" src=\"https:\/\/salesianossp.org.br\/ositaquera\/wp-content\/uploads\/2023\/12\/20231222_200941-tratada-e-reduz-1024x508.jpg\" alt=\"\" class=\"wp-image-7686\" srcset=\"https:\/\/salesianossp.org.br\/ositaquera\/wp-content\/uploads\/2023\/12\/20231222_200941-tratada-e-reduz-1024x508.jpg 1024w, https:\/\/salesianossp.org.br\/ositaquera\/wp-content\/uploads\/2023\/12\/20231222_200941-tratada-e-reduz-300x149.jpg 300w, https:\/\/salesianossp.org.br\/ositaquera\/wp-content\/uploads\/2023\/12\/20231222_200941-tratada-e-reduz-768x381.jpg 768w, https:\/\/salesianossp.org.br\/ositaquera\/wp-content\/uploads\/2023\/12\/20231222_200941-tratada-e-reduz-1536x763.jpg 1536w, https:\/\/salesianossp.org.br\/ositaquera\/wp-content\/uploads\/2023\/12\/20231222_200941-tratada-e-reduz.jpg 2008w\" sizes=\"(max-width: 1024px) 100vw, 1024px\" \/><\/figure>\n\n\n\n<figure class=\"wp-block-image size-large\"><img loading=\"lazy\" decoding=\"async\" width=\"1024\" height=\"572\" data-id=\"7689\" src=\"https:\/\/salesianossp.org.br\/ositaquera\/wp-content\/uploads\/2023\/12\/20231226_195015-tratada-e-reduz-1024x572.jpg\" alt=\"\" class=\"wp-image-7689\" srcset=\"https:\/\/salesianossp.org.br\/ositaquera\/wp-content\/uploads\/2023\/12\/20231226_195015-tratada-e-reduz-1024x572.jpg 1024w, https:\/\/salesianossp.org.br\/ositaquera\/wp-content\/uploads\/2023\/12\/20231226_195015-tratada-e-reduz-300x167.jpg 300w, https:\/\/salesianossp.org.br\/ositaquera\/wp-content\/uploads\/2023\/12\/20231226_195015-tratada-e-reduz-768x429.jpg 768w, https:\/\/salesianossp.org.br\/ositaquera\/wp-content\/uploads\/2023\/12\/20231226_195015-tratada-e-reduz-1536x857.jpg 1536w, https:\/\/salesianossp.org.br\/ositaquera\/wp-content\/uploads\/2023\/12\/20231226_195015-tratada-e-reduz.jpg 2008w\" sizes=\"(max-width: 1024px) 100vw, 1024px\" \/><\/figure>\n\n\n\n<figure class=\"wp-block-image size-large\"><img loading=\"lazy\" decoding=\"async\" width=\"1024\" height=\"461\" data-id=\"7687\" src=\"https:\/\/salesianossp.org.br\/ositaquera\/wp-content\/uploads\/2023\/12\/20231222_201547-tratada-e-reduz-1024x461.jpg\" alt=\"\" class=\"wp-image-7687\" srcset=\"https:\/\/salesianossp.org.br\/ositaquera\/wp-content\/uploads\/2023\/12\/20231222_201547-tratada-e-reduz-1024x461.jpg 1024w, https:\/\/salesianossp.org.br\/ositaquera\/wp-content\/uploads\/2023\/12\/20231222_201547-tratada-e-reduz-300x135.jpg 300w, https:\/\/salesianossp.org.br\/ositaquera\/wp-content\/uploads\/2023\/12\/20231222_201547-tratada-e-reduz-768x346.jpg 768w, https:\/\/salesianossp.org.br\/ositaquera\/wp-content\/uploads\/2023\/12\/20231222_201547-tratada-e-reduz-1536x691.jpg 1536w, https:\/\/salesianossp.org.br\/ositaquera\/wp-content\/uploads\/2023\/12\/20231222_201547-tratada-e-reduz-2048x922.jpg 2048w\" sizes=\"(max-width: 1024px) 100vw, 1024px\" \/><\/figure>\n\n\n\n<figure class=\"wp-block-image size-large\"><img loading=\"lazy\" decoding=\"async\" width=\"1024\" height=\"461\" data-id=\"7688\" src=\"https:\/\/salesianossp.org.br\/ositaquera\/wp-content\/uploads\/2023\/12\/20231226_194002-tratada-e-reduz-1024x461.jpg\" alt=\"\" class=\"wp-image-7688\" srcset=\"https:\/\/salesianossp.org.br\/ositaquera\/wp-content\/uploads\/2023\/12\/20231226_194002-tratada-e-reduz-1024x461.jpg 1024w, https:\/\/salesianossp.org.br\/ositaquera\/wp-content\/uploads\/2023\/12\/20231226_194002-tratada-e-reduz-300x135.jpg 300w, https:\/\/salesianossp.org.br\/ositaquera\/wp-content\/uploads\/2023\/12\/20231226_194002-tratada-e-reduz-768x346.jpg 768w, https:\/\/salesianossp.org.br\/ositaquera\/wp-content\/uploads\/2023\/12\/20231226_194002-tratada-e-reduz-1536x691.jpg 1536w, https:\/\/salesianossp.org.br\/ositaquera\/wp-content\/uploads\/2023\/12\/20231226_194002-tratada-e-reduz-2048x922.jpg 2048w\" sizes=\"(max-width: 1024px) 100vw, 1024px\" \/><\/figure>\n<\/figure>\n\n\n\n<div style=\"height:41px\" aria-hidden=\"true\" class=\"wp-block-spacer\"><\/div>\n\n\n\n<figure class=\"wp-block-gallery has-nested-images columns-default is-cropped wp-block-gallery-9 is-layout-flex wp-block-gallery-is-layout-flex\">\n<figure class=\"wp-block-image size-large\"><img loading=\"lazy\" decoding=\"async\" width=\"1024\" height=\"474\" data-id=\"7690\" src=\"https:\/\/salesianossp.org.br\/ositaquera\/wp-content\/uploads\/2023\/12\/20231226_200138-tratada-e-reduz-1024x474.jpg\" alt=\"\" class=\"wp-image-7690\" srcset=\"https:\/\/salesianossp.org.br\/ositaquera\/wp-content\/uploads\/2023\/12\/20231226_200138-tratada-e-reduz-1024x474.jpg 1024w, https:\/\/salesianossp.org.br\/ositaquera\/wp-content\/uploads\/2023\/12\/20231226_200138-tratada-e-reduz-300x139.jpg 300w, https:\/\/salesianossp.org.br\/ositaquera\/wp-content\/uploads\/2023\/12\/20231226_200138-tratada-e-reduz-768x356.jpg 768w, https:\/\/salesianossp.org.br\/ositaquera\/wp-content\/uploads\/2023\/12\/20231226_200138-tratada-e-reduz-1536x712.jpg 1536w, https:\/\/salesianossp.org.br\/ositaquera\/wp-content\/uploads\/2023\/12\/20231226_200138-tratada-e-reduz-2048x949.jpg 2048w\" sizes=\"(max-width: 1024px) 100vw, 1024px\" \/><\/figure>\n\n\n\n<figure class=\"wp-block-image size-large\"><img loading=\"lazy\" decoding=\"async\" width=\"1024\" height=\"571\" data-id=\"7691\" src=\"https:\/\/salesianossp.org.br\/ositaquera\/wp-content\/uploads\/2023\/12\/20231226_201522-tratada-e-reduz-1024x571.jpg\" alt=\"\" class=\"wp-image-7691\" srcset=\"https:\/\/salesianossp.org.br\/ositaquera\/wp-content\/uploads\/2023\/12\/20231226_201522-tratada-e-reduz-1024x571.jpg 1024w, https:\/\/salesianossp.org.br\/ositaquera\/wp-content\/uploads\/2023\/12\/20231226_201522-tratada-e-reduz-300x167.jpg 300w, https:\/\/salesianossp.org.br\/ositaquera\/wp-content\/uploads\/2023\/12\/20231226_201522-tratada-e-reduz-768x428.jpg 768w, https:\/\/salesianossp.org.br\/ositaquera\/wp-content\/uploads\/2023\/12\/20231226_201522-tratada-e-reduz-1536x857.jpg 1536w, https:\/\/salesianossp.org.br\/ositaquera\/wp-content\/uploads\/2023\/12\/20231226_201522-tratada-e-reduz.jpg 2008w\" sizes=\"(max-width: 1024px) 100vw, 1024px\" \/><\/figure>\n\n\n\n<figure class=\"wp-block-image size-large\"><img loading=\"lazy\" decoding=\"async\" width=\"1024\" height=\"609\" data-id=\"7694\" src=\"https:\/\/salesianossp.org.br\/ositaquera\/wp-content\/uploads\/2023\/12\/20231226_202514-tratada-e-reduz-1024x609.jpg\" alt=\"\" class=\"wp-image-7694\" srcset=\"https:\/\/salesianossp.org.br\/ositaquera\/wp-content\/uploads\/2023\/12\/20231226_202514-tratada-e-reduz-1024x609.jpg 1024w, https:\/\/salesianossp.org.br\/ositaquera\/wp-content\/uploads\/2023\/12\/20231226_202514-tratada-e-reduz-300x179.jpg 300w, https:\/\/salesianossp.org.br\/ositaquera\/wp-content\/uploads\/2023\/12\/20231226_202514-tratada-e-reduz-768x457.jpg 768w, https:\/\/salesianossp.org.br\/ositaquera\/wp-content\/uploads\/2023\/12\/20231226_202514-tratada-e-reduz-1536x914.jpg 1536w, https:\/\/salesianossp.org.br\/ositaquera\/wp-content\/uploads\/2023\/12\/20231226_202514-tratada-e-reduz.jpg 2008w\" sizes=\"(max-width: 1024px) 100vw, 1024px\" \/><\/figure>\n\n\n\n<figure class=\"wp-block-image size-large\"><img loading=\"lazy\" decoding=\"async\" width=\"1024\" height=\"527\" data-id=\"7692\" src=\"https:\/\/salesianossp.org.br\/ositaquera\/wp-content\/uploads\/2023\/12\/20231226_201830-tratada-e-reduz-1024x527.jpg\" alt=\"\" class=\"wp-image-7692\" srcset=\"https:\/\/salesianossp.org.br\/ositaquera\/wp-content\/uploads\/2023\/12\/20231226_201830-tratada-e-reduz-1024x527.jpg 1024w, https:\/\/salesianossp.org.br\/ositaquera\/wp-content\/uploads\/2023\/12\/20231226_201830-tratada-e-reduz-300x155.jpg 300w, https:\/\/salesianossp.org.br\/ositaquera\/wp-content\/uploads\/2023\/12\/20231226_201830-tratada-e-reduz-768x396.jpg 768w, https:\/\/salesianossp.org.br\/ositaquera\/wp-content\/uploads\/2023\/12\/20231226_201830-tratada-e-reduz-1536x791.jpg 1536w, https:\/\/salesianossp.org.br\/ositaquera\/wp-content\/uploads\/2023\/12\/20231226_201830-tratada-e-reduz-2048x1055.jpg 2048w\" sizes=\"(max-width: 1024px) 100vw, 1024px\" \/><\/figure>\n\n\n\n<figure class=\"wp-block-image size-large\"><img loading=\"lazy\" decoding=\"async\" width=\"1024\" height=\"525\" data-id=\"7693\" src=\"https:\/\/salesianossp.org.br\/ositaquera\/wp-content\/uploads\/2023\/12\/20231226_202327-tratada-e-reduz-1024x525.jpg\" alt=\"\" class=\"wp-image-7693\" srcset=\"https:\/\/salesianossp.org.br\/ositaquera\/wp-content\/uploads\/2023\/12\/20231226_202327-tratada-e-reduz-1024x525.jpg 1024w, https:\/\/salesianossp.org.br\/ositaquera\/wp-content\/uploads\/2023\/12\/20231226_202327-tratada-e-reduz-300x154.jpg 300w, https:\/\/salesianossp.org.br\/ositaquera\/wp-content\/uploads\/2023\/12\/20231226_202327-tratada-e-reduz-768x394.jpg 768w, https:\/\/salesianossp.org.br\/ositaquera\/wp-content\/uploads\/2023\/12\/20231226_202327-tratada-e-reduz-1536x787.jpg 1536w, https:\/\/salesianossp.org.br\/ositaquera\/wp-content\/uploads\/2023\/12\/20231226_202327-tratada-e-reduz.jpg 2008w\" sizes=\"(max-width: 1024px) 100vw, 1024px\" \/><\/figure>\n<\/figure>\n\n\n\n<div style=\"height:60px\" aria-hidden=\"true\" class=\"wp-block-spacer\"><\/div>\n\n\n\n<figure class=\"wp-block-gallery has-nested-images columns-default is-cropped wp-block-gallery-10 is-layout-flex wp-block-gallery-is-layout-flex\">\n<figure class=\"wp-block-image size-large\"><img loading=\"lazy\" decoding=\"async\" width=\"1024\" height=\"456\" data-id=\"7696\" src=\"https:\/\/salesianossp.org.br\/ositaquera\/wp-content\/uploads\/2023\/12\/20231226_203839-tratada-e-reduz-1024x456.jpg\" alt=\"\" class=\"wp-image-7696\" srcset=\"https:\/\/salesianossp.org.br\/ositaquera\/wp-content\/uploads\/2023\/12\/20231226_203839-tratada-e-reduz-1024x456.jpg 1024w, https:\/\/salesianossp.org.br\/ositaquera\/wp-content\/uploads\/2023\/12\/20231226_203839-tratada-e-reduz-300x134.jpg 300w, https:\/\/salesianossp.org.br\/ositaquera\/wp-content\/uploads\/2023\/12\/20231226_203839-tratada-e-reduz-768x342.jpg 768w, https:\/\/salesianossp.org.br\/ositaquera\/wp-content\/uploads\/2023\/12\/20231226_203839-tratada-e-reduz-1536x684.jpg 1536w, https:\/\/salesianossp.org.br\/ositaquera\/wp-content\/uploads\/2023\/12\/20231226_203839-tratada-e-reduz.jpg 1740w\" sizes=\"(max-width: 1024px) 100vw, 1024px\" \/><\/figure>\n\n\n\n<figure class=\"wp-block-image size-large\"><img loading=\"lazy\" decoding=\"async\" width=\"1024\" height=\"482\" data-id=\"7697\" src=\"https:\/\/salesianossp.org.br\/ositaquera\/wp-content\/uploads\/2023\/12\/20231226_204043-tratada-e-reduz-1024x482.jpg\" alt=\"\" class=\"wp-image-7697\" srcset=\"https:\/\/salesianossp.org.br\/ositaquera\/wp-content\/uploads\/2023\/12\/20231226_204043-tratada-e-reduz-1024x482.jpg 1024w, https:\/\/salesianossp.org.br\/ositaquera\/wp-content\/uploads\/2023\/12\/20231226_204043-tratada-e-reduz-300x141.jpg 300w, https:\/\/salesianossp.org.br\/ositaquera\/wp-content\/uploads\/2023\/12\/20231226_204043-tratada-e-reduz-768x362.jpg 768w, https:\/\/salesianossp.org.br\/ositaquera\/wp-content\/uploads\/2023\/12\/20231226_204043-tratada-e-reduz-1536x724.jpg 1536w, https:\/\/salesianossp.org.br\/ositaquera\/wp-content\/uploads\/2023\/12\/20231226_204043-tratada-e-reduz.jpg 2008w\" sizes=\"(max-width: 1024px) 100vw, 1024px\" \/><\/figure>\n\n\n\n<figure class=\"wp-block-image size-large\"><img loading=\"lazy\" decoding=\"async\" width=\"1024\" height=\"715\" data-id=\"7698\" src=\"https:\/\/salesianossp.org.br\/ositaquera\/wp-content\/uploads\/2023\/12\/20231226_204452-tratada-e-reduz-1024x715.jpg\" alt=\"\" class=\"wp-image-7698\" srcset=\"https:\/\/salesianossp.org.br\/ositaquera\/wp-content\/uploads\/2023\/12\/20231226_204452-tratada-e-reduz-1024x715.jpg 1024w, https:\/\/salesianossp.org.br\/ositaquera\/wp-content\/uploads\/2023\/12\/20231226_204452-tratada-e-reduz-300x210.jpg 300w, https:\/\/salesianossp.org.br\/ositaquera\/wp-content\/uploads\/2023\/12\/20231226_204452-tratada-e-reduz-768x537.jpg 768w, https:\/\/salesianossp.org.br\/ositaquera\/wp-content\/uploads\/2023\/12\/20231226_204452-tratada-e-reduz-1536x1073.jpg 1536w, https:\/\/salesianossp.org.br\/ositaquera\/wp-content\/uploads\/2023\/12\/20231226_204452-tratada-e-reduz.jpg 1649w\" sizes=\"(max-width: 1024px) 100vw, 1024px\" \/><\/figure>\n\n\n\n<figure class=\"wp-block-image size-large\"><img loading=\"lazy\" decoding=\"async\" width=\"1024\" height=\"529\" data-id=\"7695\" src=\"https:\/\/salesianossp.org.br\/ositaquera\/wp-content\/uploads\/2023\/12\/20231226_203117-tratada-e-reduz-1024x529.jpg\" alt=\"\" class=\"wp-image-7695\" srcset=\"https:\/\/salesianossp.org.br\/ositaquera\/wp-content\/uploads\/2023\/12\/20231226_203117-tratada-e-reduz-1024x529.jpg 1024w, https:\/\/salesianossp.org.br\/ositaquera\/wp-content\/uploads\/2023\/12\/20231226_203117-tratada-e-reduz-300x155.jpg 300w, https:\/\/salesianossp.org.br\/ositaquera\/wp-content\/uploads\/2023\/12\/20231226_203117-tratada-e-reduz-768x397.jpg 768w, https:\/\/salesianossp.org.br\/ositaquera\/wp-content\/uploads\/2023\/12\/20231226_203117-tratada-e-reduz-1536x793.jpg 1536w, https:\/\/salesianossp.org.br\/ositaquera\/wp-content\/uploads\/2023\/12\/20231226_203117-tratada-e-reduz.jpg 2008w\" sizes=\"(max-width: 1024px) 100vw, 1024px\" \/><\/figure>\n\n\n\n<figure class=\"wp-block-image size-large\"><img loading=\"lazy\" decoding=\"async\" width=\"1024\" height=\"696\" data-id=\"7699\" src=\"https:\/\/salesianossp.org.br\/ositaquera\/wp-content\/uploads\/2023\/12\/20231226_205010-tratada-e-reduz-1024x696.jpg\" alt=\"\" class=\"wp-image-7699\" srcset=\"https:\/\/salesianossp.org.br\/ositaquera\/wp-content\/uploads\/2023\/12\/20231226_205010-tratada-e-reduz-1024x696.jpg 1024w, https:\/\/salesianossp.org.br\/ositaquera\/wp-content\/uploads\/2023\/12\/20231226_205010-tratada-e-reduz-300x204.jpg 300w, https:\/\/salesianossp.org.br\/ositaquera\/wp-content\/uploads\/2023\/12\/20231226_205010-tratada-e-reduz-768x522.jpg 768w, https:\/\/salesianossp.org.br\/ositaquera\/wp-content\/uploads\/2023\/12\/20231226_205010-tratada-e-reduz-1536x1044.jpg 1536w, https:\/\/salesianossp.org.br\/ositaquera\/wp-content\/uploads\/2023\/12\/20231226_205010-tratada-e-reduz.jpg 1574w\" sizes=\"(max-width: 1024px) 100vw, 1024px\" \/><\/figure>\n<\/figure>\n\n\n\n<div style=\"height:51px\" aria-hidden=\"true\" class=\"wp-block-spacer\"><\/div>\n\n\n\n<figure class=\"wp-block-gallery has-nested-images columns-default is-cropped wp-block-gallery-11 is-layout-flex wp-block-gallery-is-layout-flex\">\n<figure class=\"wp-block-image size-large\"><img loading=\"lazy\" decoding=\"async\" width=\"1024\" height=\"658\" data-id=\"7700\" src=\"https:\/\/salesianossp.org.br\/ositaquera\/wp-content\/uploads\/2023\/12\/20231226_205206-tratada-e-reduz-1024x658.jpg\" alt=\"\" class=\"wp-image-7700\" srcset=\"https:\/\/salesianossp.org.br\/ositaquera\/wp-content\/uploads\/2023\/12\/20231226_205206-tratada-e-reduz-1024x658.jpg 1024w, https:\/\/salesianossp.org.br\/ositaquera\/wp-content\/uploads\/2023\/12\/20231226_205206-tratada-e-reduz-300x193.jpg 300w, https:\/\/salesianossp.org.br\/ositaquera\/wp-content\/uploads\/2023\/12\/20231226_205206-tratada-e-reduz-768x493.jpg 768w, https:\/\/salesianossp.org.br\/ositaquera\/wp-content\/uploads\/2023\/12\/20231226_205206-tratada-e-reduz.jpg 1494w\" sizes=\"(max-width: 1024px) 100vw, 1024px\" \/><\/figure>\n\n\n\n<figure class=\"wp-block-image size-large\"><img loading=\"lazy\" decoding=\"async\" width=\"1024\" height=\"491\" data-id=\"7701\" src=\"https:\/\/salesianossp.org.br\/ositaquera\/wp-content\/uploads\/2023\/12\/20231226_205402-tratada-e-reduz-1024x491.jpg\" alt=\"\" class=\"wp-image-7701\" srcset=\"https:\/\/salesianossp.org.br\/ositaquera\/wp-content\/uploads\/2023\/12\/20231226_205402-tratada-e-reduz-1024x491.jpg 1024w, https:\/\/salesianossp.org.br\/ositaquera\/wp-content\/uploads\/2023\/12\/20231226_205402-tratada-e-reduz-300x144.jpg 300w, https:\/\/salesianossp.org.br\/ositaquera\/wp-content\/uploads\/2023\/12\/20231226_205402-tratada-e-reduz-768x368.jpg 768w, https:\/\/salesianossp.org.br\/ositaquera\/wp-content\/uploads\/2023\/12\/20231226_205402-tratada-e-reduz-1536x736.jpg 1536w, https:\/\/salesianossp.org.br\/ositaquera\/wp-content\/uploads\/2023\/12\/20231226_205402-tratada-e-reduz.jpg 2008w\" sizes=\"(max-width: 1024px) 100vw, 1024px\" \/><\/figure>\n\n\n\n<figure class=\"wp-block-image size-large\"><img loading=\"lazy\" decoding=\"async\" width=\"1024\" height=\"975\" data-id=\"7703\" src=\"https:\/\/salesianossp.org.br\/ositaquera\/wp-content\/uploads\/2023\/12\/20231228_195828-capa-tratada-e-reduz-1024x975.jpg\" alt=\"\" class=\"wp-image-7703\" srcset=\"https:\/\/salesianossp.org.br\/ositaquera\/wp-content\/uploads\/2023\/12\/20231228_195828-capa-tratada-e-reduz-1024x975.jpg 1024w, https:\/\/salesianossp.org.br\/ositaquera\/wp-content\/uploads\/2023\/12\/20231228_195828-capa-tratada-e-reduz-300x286.jpg 300w, https:\/\/salesianossp.org.br\/ositaquera\/wp-content\/uploads\/2023\/12\/20231228_195828-capa-tratada-e-reduz-768x731.jpg 768w, https:\/\/salesianossp.org.br\/ositaquera\/wp-content\/uploads\/2023\/12\/20231228_195828-capa-tratada-e-reduz-1536x1463.jpg 1536w, https:\/\/salesianossp.org.br\/ositaquera\/wp-content\/uploads\/2023\/12\/20231228_195828-capa-tratada-e-reduz.jpg 1890w\" sizes=\"(max-width: 1024px) 100vw, 1024px\" \/><\/figure>\n\n\n\n<figure class=\"wp-block-image size-large\"><img loading=\"lazy\" decoding=\"async\" width=\"1024\" height=\"466\" data-id=\"7702\" src=\"https:\/\/salesianossp.org.br\/ositaquera\/wp-content\/uploads\/2023\/12\/20231228_195819-tratada-e-reduz-1024x466.jpg\" alt=\"\" class=\"wp-image-7702\" srcset=\"https:\/\/salesianossp.org.br\/ositaquera\/wp-content\/uploads\/2023\/12\/20231228_195819-tratada-e-reduz-1024x466.jpg 1024w, https:\/\/salesianossp.org.br\/ositaquera\/wp-content\/uploads\/2023\/12\/20231228_195819-tratada-e-reduz-300x136.jpg 300w, https:\/\/salesianossp.org.br\/ositaquera\/wp-content\/uploads\/2023\/12\/20231228_195819-tratada-e-reduz-768x349.jpg 768w, https:\/\/salesianossp.org.br\/ositaquera\/wp-content\/uploads\/2023\/12\/20231228_195819-tratada-e-reduz-1536x699.jpg 1536w, https:\/\/salesianossp.org.br\/ositaquera\/wp-content\/uploads\/2023\/12\/20231228_195819-tratada-e-reduz-2048x932.jpg 2048w\" sizes=\"(max-width: 1024px) 100vw, 1024px\" \/><\/figure>\n<\/figure>\n\n\n\n<div style=\"height:43px\" aria-hidden=\"true\" class=\"wp-block-spacer\"><\/div>\n\n\n\n<p>Em breve, mais imagens ser\u00e3o incorporadas nessa nossa postagem. Feliz Ano Novo!!!!!<\/p>\n","protected":false},"excerpt":{"rendered":"<p>Com quase 2 mil educandos e educandas formados s\u00f3 neste \u00faltimo semestre do ano de 2023, o CEDESP Dom Bosco Itaquera realiza a sua 75\u00aa cerim\u00f4nia de formatura, com um olhar ainda mais especial para o futuro e para as pr\u00f3ximas gera\u00e7\u00f5es.<\/p>\n","protected":false},"author":27,"featured_media":7711,"comment_status":"open","ping_status":"open","sticky":false,"template":"","format":"standard","meta":{"footnotes":""},"categories":[59],"tags":[],"class_list":["post-7659","post","type-post","status-publish","format-standard","has-post-thumbnail","hentry","category-noticias"],"yoast_head":"<!-- This site is optimized with the Yoast SEO plugin v27.4 - https:\/\/yoast.com\/product\/yoast-seo-wordpress\/ -->\n<title>CEDESP DOM BOSCO ITAQUERA CELEBRA OS FORMANDOS DO SEGUNDO SEMESTRE DE 2023 - Obra Social Dom Bosco<\/title>\n<meta name=\"robots\" content=\"index, follow, max-snippet:-1, max-image-preview:large, max-video-preview:-1\" \/>\n<link rel=\"canonical\" href=\"https:\/\/salesianossp.org.br\/ositaquera\/cedesp-dom-bosco-itaquera-celebra-formandos-do-2o-semestre-de-2023\/\" \/>\n<meta property=\"og:locale\" content=\"pt_BR\" \/>\n<meta property=\"og:type\" content=\"article\" \/>\n<meta property=\"og:title\" content=\"CEDESP DOM BOSCO ITAQUERA CELEBRA OS FORMANDOS DO SEGUNDO SEMESTRE DE 2023 - Obra Social Dom Bosco\" \/>\n<meta property=\"og:description\" content=\"Com quase 2 mil educandos e educandas formados s\u00f3 neste \u00faltimo semestre do ano de 2023, o CEDESP Dom Bosco Itaquera realiza a sua 75\u00aa cerim\u00f4nia de formatura, com um olhar ainda mais especial para o futuro e para as pr\u00f3ximas gera\u00e7\u00f5es.\" \/>\n<meta property=\"og:url\" content=\"https:\/\/salesianossp.org.br\/ositaquera\/cedesp-dom-bosco-itaquera-celebra-formandos-do-2o-semestre-de-2023\/\" \/>\n<meta property=\"og:site_name\" content=\"Obra Social Dom Bosco\" \/>\n<meta property=\"article:publisher\" content=\"https:\/\/www.facebook.com\/domboscoitaquera\" \/>\n<meta property=\"article:published_time\" content=\"2023-12-29T21:44:35+00:00\" \/>\n<meta property=\"og:image\" content=\"https:\/\/salesianossp.org.br\/ositaquera\/wp-content\/uploads\/2023\/12\/CAPA-MATERIA-SITE-FORMATURA-29122023-ESTA-copy.png\" \/>\n\t<meta property=\"og:image:width\" content=\"1080\" \/>\n\t<meta property=\"og:image:height\" content=\"1080\" \/>\n\t<meta property=\"og:image:type\" content=\"image\/png\" \/>\n<meta name=\"author\" content=\"Lucas Rodrigues\" \/>\n<meta name=\"twitter:card\" content=\"summary_large_image\" \/>\n<meta name=\"twitter:label1\" content=\"Escrito por\" \/>\n\t<meta name=\"twitter:data1\" content=\"Lucas Rodrigues\" \/>\n\t<meta name=\"twitter:label2\" content=\"Est. tempo de leitura\" \/>\n\t<meta name=\"twitter:data2\" content=\"2 minutos\" \/>\n<script type=\"application\/ld+json\" class=\"yoast-schema-graph\">{\"@context\":\"https:\\\/\\\/schema.org\",\"@graph\":[{\"@type\":\"Article\",\"@id\":\"https:\\\/\\\/salesianossp.org.br\\\/ositaquera\\\/cedesp-dom-bosco-itaquera-celebra-formandos-do-2o-semestre-de-2023\\\/#article\",\"isPartOf\":{\"@id\":\"https:\\\/\\\/salesianossp.org.br\\\/ositaquera\\\/cedesp-dom-bosco-itaquera-celebra-formandos-do-2o-semestre-de-2023\\\/\"},\"author\":{\"name\":\"Lucas Rodrigues\",\"@id\":\"https:\\\/\\\/salesianossp.org.br\\\/ositaquera\\\/#\\\/schema\\\/person\\\/612e159822bfeed64312a453b075f9de\"},\"headline\":\"CEDESP DOM BOSCO ITAQUERA CELEBRA OS FORMANDOS DO SEGUNDO SEMESTRE DE 2023\",\"datePublished\":\"2023-12-29T21:44:35+00:00\",\"mainEntityOfPage\":{\"@id\":\"https:\\\/\\\/salesianossp.org.br\\\/ositaquera\\\/cedesp-dom-bosco-itaquera-celebra-formandos-do-2o-semestre-de-2023\\\/\"},\"wordCount\":483,\"commentCount\":0,\"publisher\":{\"@id\":\"https:\\\/\\\/salesianossp.org.br\\\/ositaquera\\\/#organization\"},\"image\":{\"@id\":\"https:\\\/\\\/salesianossp.org.br\\\/ositaquera\\\/cedesp-dom-bosco-itaquera-celebra-formandos-do-2o-semestre-de-2023\\\/#primaryimage\"},\"thumbnailUrl\":\"https:\\\/\\\/salesianossp.org.br\\\/ositaquera\\\/wp-content\\\/uploads\\\/2023\\\/12\\\/CAPA-MATERIA-SITE-FORMATURA-29122023-ESTA-copy.png\",\"articleSection\":[\"Not\u00edcias\"],\"inLanguage\":\"pt-BR\",\"potentialAction\":[{\"@type\":\"CommentAction\",\"name\":\"Comment\",\"target\":[\"https:\\\/\\\/salesianossp.org.br\\\/ositaquera\\\/cedesp-dom-bosco-itaquera-celebra-formandos-do-2o-semestre-de-2023\\\/#respond\"]}]},{\"@type\":\"WebPage\",\"@id\":\"https:\\\/\\\/salesianossp.org.br\\\/ositaquera\\\/cedesp-dom-bosco-itaquera-celebra-formandos-do-2o-semestre-de-2023\\\/\",\"url\":\"https:\\\/\\\/salesianossp.org.br\\\/ositaquera\\\/cedesp-dom-bosco-itaquera-celebra-formandos-do-2o-semestre-de-2023\\\/\",\"name\":\"CEDESP DOM BOSCO ITAQUERA CELEBRA OS FORMANDOS DO SEGUNDO SEMESTRE DE 2023 - Obra Social Dom Bosco\",\"isPartOf\":{\"@id\":\"https:\\\/\\\/salesianossp.org.br\\\/ositaquera\\\/#website\"},\"primaryImageOfPage\":{\"@id\":\"https:\\\/\\\/salesianossp.org.br\\\/ositaquera\\\/cedesp-dom-bosco-itaquera-celebra-formandos-do-2o-semestre-de-2023\\\/#primaryimage\"},\"image\":{\"@id\":\"https:\\\/\\\/salesianossp.org.br\\\/ositaquera\\\/cedesp-dom-bosco-itaquera-celebra-formandos-do-2o-semestre-de-2023\\\/#primaryimage\"},\"thumbnailUrl\":\"https:\\\/\\\/salesianossp.org.br\\\/ositaquera\\\/wp-content\\\/uploads\\\/2023\\\/12\\\/CAPA-MATERIA-SITE-FORMATURA-29122023-ESTA-copy.png\",\"datePublished\":\"2023-12-29T21:44:35+00:00\",\"breadcrumb\":{\"@id\":\"https:\\\/\\\/salesianossp.org.br\\\/ositaquera\\\/cedesp-dom-bosco-itaquera-celebra-formandos-do-2o-semestre-de-2023\\\/#breadcrumb\"},\"inLanguage\":\"pt-BR\",\"potentialAction\":[{\"@type\":\"ReadAction\",\"target\":[\"https:\\\/\\\/salesianossp.org.br\\\/ositaquera\\\/cedesp-dom-bosco-itaquera-celebra-formandos-do-2o-semestre-de-2023\\\/\"]}]},{\"@type\":\"ImageObject\",\"inLanguage\":\"pt-BR\",\"@id\":\"https:\\\/\\\/salesianossp.org.br\\\/ositaquera\\\/cedesp-dom-bosco-itaquera-celebra-formandos-do-2o-semestre-de-2023\\\/#primaryimage\",\"url\":\"https:\\\/\\\/salesianossp.org.br\\\/ositaquera\\\/wp-content\\\/uploads\\\/2023\\\/12\\\/CAPA-MATERIA-SITE-FORMATURA-29122023-ESTA-copy.png\",\"contentUrl\":\"https:\\\/\\\/salesianossp.org.br\\\/ositaquera\\\/wp-content\\\/uploads\\\/2023\\\/12\\\/CAPA-MATERIA-SITE-FORMATURA-29122023-ESTA-copy.png\",\"width\":1080,\"height\":1080},{\"@type\":\"BreadcrumbList\",\"@id\":\"https:\\\/\\\/salesianossp.org.br\\\/ositaquera\\\/cedesp-dom-bosco-itaquera-celebra-formandos-do-2o-semestre-de-2023\\\/#breadcrumb\",\"itemListElement\":[{\"@type\":\"ListItem\",\"position\":1,\"name\":\"In\u00edcio\",\"item\":\"https:\\\/\\\/salesianossp.org.br\\\/ositaquera\\\/\"},{\"@type\":\"ListItem\",\"position\":2,\"name\":\"CEDESP DOM BOSCO ITAQUERA CELEBRA OS FORMANDOS DO SEGUNDO SEMESTRE DE 2023\"}]},{\"@type\":\"WebSite\",\"@id\":\"https:\\\/\\\/salesianossp.org.br\\\/ositaquera\\\/#website\",\"url\":\"https:\\\/\\\/salesianossp.org.br\\\/ositaquera\\\/\",\"name\":\"Obra Social Dom Bosco\",\"description\":\"\",\"publisher\":{\"@id\":\"https:\\\/\\\/salesianossp.org.br\\\/ositaquera\\\/#organization\"},\"potentialAction\":[{\"@type\":\"SearchAction\",\"target\":{\"@type\":\"EntryPoint\",\"urlTemplate\":\"https:\\\/\\\/salesianossp.org.br\\\/ositaquera\\\/?s={search_term_string}\"},\"query-input\":{\"@type\":\"PropertyValueSpecification\",\"valueRequired\":true,\"valueName\":\"search_term_string\"}}],\"inLanguage\":\"pt-BR\"},{\"@type\":\"Organization\",\"@id\":\"https:\\\/\\\/salesianossp.org.br\\\/ositaquera\\\/#organization\",\"name\":\"Obra Social Dom Bosco\",\"url\":\"https:\\\/\\\/salesianossp.org.br\\\/ositaquera\\\/\",\"logo\":{\"@type\":\"ImageObject\",\"inLanguage\":\"pt-BR\",\"@id\":\"https:\\\/\\\/salesianossp.org.br\\\/ositaquera\\\/#\\\/schema\\\/logo\\\/image\\\/\",\"url\":\"https:\\\/\\\/salesianossp.org.br\\\/ositaquera\\\/wp-content\\\/uploads\\\/2024\\\/03\\\/logo-obra-social-dom-bosco-itaquera-h-scaled.png\",\"contentUrl\":\"https:\\\/\\\/salesianossp.org.br\\\/ositaquera\\\/wp-content\\\/uploads\\\/2024\\\/03\\\/logo-obra-social-dom-bosco-itaquera-h-scaled.png\",\"width\":2560,\"height\":672,\"caption\":\"Obra Social Dom Bosco\"},\"image\":{\"@id\":\"https:\\\/\\\/salesianossp.org.br\\\/ositaquera\\\/#\\\/schema\\\/logo\\\/image\\\/\"},\"sameAs\":[\"https:\\\/\\\/www.facebook.com\\\/domboscoitaquera\",\"https:\\\/\\\/br.linkedin.com\\\/company\\\/domboscoitaquera\",\"https:\\\/\\\/www.youtube.com\\\/channel\\\/UCMIUZW8mqlpEbP7Dy02veOw\",\"https:\\\/\\\/www.instagram.com\\\/obradombosco\\\/\"]},{\"@type\":\"Person\",\"@id\":\"https:\\\/\\\/salesianossp.org.br\\\/ositaquera\\\/#\\\/schema\\\/person\\\/612e159822bfeed64312a453b075f9de\",\"name\":\"Lucas Rodrigues\",\"image\":{\"@type\":\"ImageObject\",\"inLanguage\":\"pt-BR\",\"@id\":\"https:\\\/\\\/secure.gravatar.com\\\/avatar\\\/0ad9c966c6ed3335d7fffe2c3b88880dd298c0817b71e20a6955c38f2a53f746?s=96&d=mm&r=g\",\"url\":\"https:\\\/\\\/secure.gravatar.com\\\/avatar\\\/0ad9c966c6ed3335d7fffe2c3b88880dd298c0817b71e20a6955c38f2a53f746?s=96&d=mm&r=g\",\"contentUrl\":\"https:\\\/\\\/secure.gravatar.com\\\/avatar\\\/0ad9c966c6ed3335d7fffe2c3b88880dd298c0817b71e20a6955c38f2a53f746?s=96&d=mm&r=g\",\"caption\":\"Lucas Rodrigues\"},\"url\":\"https:\\\/\\\/salesianossp.org.br\\\/ositaquera\\\/author\\\/lucas-rodrigues\\\/\"}]}<\/script>\n<!-- \/ Yoast SEO plugin. -->","yoast_head_json":{"title":"CEDESP DOM BOSCO ITAQUERA CELEBRA OS FORMANDOS DO SEGUNDO SEMESTRE DE 2023 - Obra Social Dom Bosco","robots":{"index":"index","follow":"follow","max-snippet":"max-snippet:-1","max-image-preview":"max-image-preview:large","max-video-preview":"max-video-preview:-1"},"canonical":"https:\/\/salesianossp.org.br\/ositaquera\/cedesp-dom-bosco-itaquera-celebra-formandos-do-2o-semestre-de-2023\/","og_locale":"pt_BR","og_type":"article","og_title":"CEDESP DOM BOSCO ITAQUERA CELEBRA OS FORMANDOS DO SEGUNDO SEMESTRE DE 2023 - Obra Social Dom Bosco","og_description":"Com quase 2 mil educandos e educandas formados s\u00f3 neste \u00faltimo semestre do ano de 2023, o CEDESP Dom Bosco Itaquera realiza a sua 75\u00aa cerim\u00f4nia de formatura, com um olhar ainda mais especial para o futuro e para as pr\u00f3ximas gera\u00e7\u00f5es.","og_url":"https:\/\/salesianossp.org.br\/ositaquera\/cedesp-dom-bosco-itaquera-celebra-formandos-do-2o-semestre-de-2023\/","og_site_name":"Obra Social Dom Bosco","article_publisher":"https:\/\/www.facebook.com\/domboscoitaquera","article_published_time":"2023-12-29T21:44:35+00:00","og_image":[{"width":1080,"height":1080,"url":"https:\/\/salesianossp.org.br\/ositaquera\/wp-content\/uploads\/2023\/12\/CAPA-MATERIA-SITE-FORMATURA-29122023-ESTA-copy.png","type":"image\/png"}],"author":"Lucas Rodrigues","twitter_card":"summary_large_image","twitter_misc":{"Escrito por":"Lucas Rodrigues","Est. tempo de leitura":"2 minutos"},"schema":{"@context":"https:\/\/schema.org","@graph":[{"@type":"Article","@id":"https:\/\/salesianossp.org.br\/ositaquera\/cedesp-dom-bosco-itaquera-celebra-formandos-do-2o-semestre-de-2023\/#article","isPartOf":{"@id":"https:\/\/salesianossp.org.br\/ositaquera\/cedesp-dom-bosco-itaquera-celebra-formandos-do-2o-semestre-de-2023\/"},"author":{"name":"Lucas Rodrigues","@id":"https:\/\/salesianossp.org.br\/ositaquera\/#\/schema\/person\/612e159822bfeed64312a453b075f9de"},"headline":"CEDESP DOM BOSCO ITAQUERA CELEBRA OS FORMANDOS DO SEGUNDO SEMESTRE DE 2023","datePublished":"2023-12-29T21:44:35+00:00","mainEntityOfPage":{"@id":"https:\/\/salesianossp.org.br\/ositaquera\/cedesp-dom-bosco-itaquera-celebra-formandos-do-2o-semestre-de-2023\/"},"wordCount":483,"commentCount":0,"publisher":{"@id":"https:\/\/salesianossp.org.br\/ositaquera\/#organization"},"image":{"@id":"https:\/\/salesianossp.org.br\/ositaquera\/cedesp-dom-bosco-itaquera-celebra-formandos-do-2o-semestre-de-2023\/#primaryimage"},"thumbnailUrl":"https:\/\/salesianossp.org.br\/ositaquera\/wp-content\/uploads\/2023\/12\/CAPA-MATERIA-SITE-FORMATURA-29122023-ESTA-copy.png","articleSection":["Not\u00edcias"],"inLanguage":"pt-BR","potentialAction":[{"@type":"CommentAction","name":"Comment","target":["https:\/\/salesianossp.org.br\/ositaquera\/cedesp-dom-bosco-itaquera-celebra-formandos-do-2o-semestre-de-2023\/#respond"]}]},{"@type":"WebPage","@id":"https:\/\/salesianossp.org.br\/ositaquera\/cedesp-dom-bosco-itaquera-celebra-formandos-do-2o-semestre-de-2023\/","url":"https:\/\/salesianossp.org.br\/ositaquera\/cedesp-dom-bosco-itaquera-celebra-formandos-do-2o-semestre-de-2023\/","name":"CEDESP DOM BOSCO ITAQUERA CELEBRA OS FORMANDOS DO SEGUNDO SEMESTRE DE 2023 - Obra Social Dom Bosco","isPartOf":{"@id":"https:\/\/salesianossp.org.br\/ositaquera\/#website"},"primaryImageOfPage":{"@id":"https:\/\/salesianossp.org.br\/ositaquera\/cedesp-dom-bosco-itaquera-celebra-formandos-do-2o-semestre-de-2023\/#primaryimage"},"image":{"@id":"https:\/\/salesianossp.org.br\/ositaquera\/cedesp-dom-bosco-itaquera-celebra-formandos-do-2o-semestre-de-2023\/#primaryimage"},"thumbnailUrl":"https:\/\/salesianossp.org.br\/ositaquera\/wp-content\/uploads\/2023\/12\/CAPA-MATERIA-SITE-FORMATURA-29122023-ESTA-copy.png","datePublished":"2023-12-29T21:44:35+00:00","breadcrumb":{"@id":"https:\/\/salesianossp.org.br\/ositaquera\/cedesp-dom-bosco-itaquera-celebra-formandos-do-2o-semestre-de-2023\/#breadcrumb"},"inLanguage":"pt-BR","potentialAction":[{"@type":"ReadAction","target":["https:\/\/salesianossp.org.br\/ositaquera\/cedesp-dom-bosco-itaquera-celebra-formandos-do-2o-semestre-de-2023\/"]}]},{"@type":"ImageObject","inLanguage":"pt-BR","@id":"https:\/\/salesianossp.org.br\/ositaquera\/cedesp-dom-bosco-itaquera-celebra-formandos-do-2o-semestre-de-2023\/#primaryimage","url":"https:\/\/salesianossp.org.br\/ositaquera\/wp-content\/uploads\/2023\/12\/CAPA-MATERIA-SITE-FORMATURA-29122023-ESTA-copy.png","contentUrl":"https:\/\/salesianossp.org.br\/ositaquera\/wp-content\/uploads\/2023\/12\/CAPA-MATERIA-SITE-FORMATURA-29122023-ESTA-copy.png","width":1080,"height":1080},{"@type":"BreadcrumbList","@id":"https:\/\/salesianossp.org.br\/ositaquera\/cedesp-dom-bosco-itaquera-celebra-formandos-do-2o-semestre-de-2023\/#breadcrumb","itemListElement":[{"@type":"ListItem","position":1,"name":"In\u00edcio","item":"https:\/\/salesianossp.org.br\/ositaquera\/"},{"@type":"ListItem","position":2,"name":"CEDESP DOM BOSCO ITAQUERA CELEBRA OS FORMANDOS DO SEGUNDO SEMESTRE DE 2023"}]},{"@type":"WebSite","@id":"https:\/\/salesianossp.org.br\/ositaquera\/#website","url":"https:\/\/salesianossp.org.br\/ositaquera\/","name":"Obra Social Dom Bosco","description":"","publisher":{"@id":"https:\/\/salesianossp.org.br\/ositaquera\/#organization"},"potentialAction":[{"@type":"SearchAction","target":{"@type":"EntryPoint","urlTemplate":"https:\/\/salesianossp.org.br\/ositaquera\/?s={search_term_string}"},"query-input":{"@type":"PropertyValueSpecification","valueRequired":true,"valueName":"search_term_string"}}],"inLanguage":"pt-BR"},{"@type":"Organization","@id":"https:\/\/salesianossp.org.br\/ositaquera\/#organization","name":"Obra Social Dom Bosco","url":"https:\/\/salesianossp.org.br\/ositaquera\/","logo":{"@type":"ImageObject","inLanguage":"pt-BR","@id":"https:\/\/salesianossp.org.br\/ositaquera\/#\/schema\/logo\/image\/","url":"https:\/\/salesianossp.org.br\/ositaquera\/wp-content\/uploads\/2024\/03\/logo-obra-social-dom-bosco-itaquera-h-scaled.png","contentUrl":"https:\/\/salesianossp.org.br\/ositaquera\/wp-content\/uploads\/2024\/03\/logo-obra-social-dom-bosco-itaquera-h-scaled.png","width":2560,"height":672,"caption":"Obra Social Dom Bosco"},"image":{"@id":"https:\/\/salesianossp.org.br\/ositaquera\/#\/schema\/logo\/image\/"},"sameAs":["https:\/\/www.facebook.com\/domboscoitaquera","https:\/\/br.linkedin.com\/company\/domboscoitaquera","https:\/\/www.youtube.com\/channel\/UCMIUZW8mqlpEbP7Dy02veOw","https:\/\/www.instagram.com\/obradombosco\/"]},{"@type":"Person","@id":"https:\/\/salesianossp.org.br\/ositaquera\/#\/schema\/person\/612e159822bfeed64312a453b075f9de","name":"Lucas Rodrigues","image":{"@type":"ImageObject","inLanguage":"pt-BR","@id":"https:\/\/secure.gravatar.com\/avatar\/0ad9c966c6ed3335d7fffe2c3b88880dd298c0817b71e20a6955c38f2a53f746?s=96&d=mm&r=g","url":"https:\/\/secure.gravatar.com\/avatar\/0ad9c966c6ed3335d7fffe2c3b88880dd298c0817b71e20a6955c38f2a53f746?s=96&d=mm&r=g","contentUrl":"https:\/\/secure.gravatar.com\/avatar\/0ad9c966c6ed3335d7fffe2c3b88880dd298c0817b71e20a6955c38f2a53f746?s=96&d=mm&r=g","caption":"Lucas Rodrigues"},"url":"https:\/\/salesianossp.org.br\/ositaquera\/author\/lucas-rodrigues\/"}]}},"_links":{"self":[{"href":"https:\/\/salesianossp.org.br\/ositaquera\/wp-json\/wp\/v2\/posts\/7659","targetHints":{"allow":["GET"]}}],"collection":[{"href":"https:\/\/salesianossp.org.br\/ositaquera\/wp-json\/wp\/v2\/posts"}],"about":[{"href":"https:\/\/salesianossp.org.br\/ositaquera\/wp-json\/wp\/v2\/types\/post"}],"author":[{"embeddable":true,"href":"https:\/\/salesianossp.org.br\/ositaquera\/wp-json\/wp\/v2\/users\/27"}],"replies":[{"embeddable":true,"href":"https:\/\/salesianossp.org.br\/ositaquera\/wp-json\/wp\/v2\/comments?post=7659"}],"version-history":[{"count":0,"href":"https:\/\/salesianossp.org.br\/ositaquera\/wp-json\/wp\/v2\/posts\/7659\/revisions"}],"wp:featuredmedia":[{"embeddable":true,"href":"https:\/\/salesianossp.org.br\/ositaquera\/wp-json\/wp\/v2\/media\/7711"}],"wp:attachment":[{"href":"https:\/\/salesianossp.org.br\/ositaquera\/wp-json\/wp\/v2\/media?parent=7659"}],"wp:term":[{"taxonomy":"category","embeddable":true,"href":"https:\/\/salesianossp.org.br\/ositaquera\/wp-json\/wp\/v2\/categories?post=7659"},{"taxonomy":"post_tag","embeddable":true,"href":"https:\/\/salesianossp.org.br\/ositaquera\/wp-json\/wp\/v2\/tags?post=7659"}],"curies":[{"name":"wp","href":"https:\/\/api.w.org\/{rel}","templated":true}]}}