{"id":7731,"date":"2024-02-14T14:26:50","date_gmt":"2024-02-14T17:26:50","guid":{"rendered":"https:\/\/salesianossp.org.br\/ositaquera\/?p=7731"},"modified":"2024-02-14T14:26:50","modified_gmt":"2024-02-14T17:26:50","slug":"dom-bosco-de-itaquera-conquista-o-3o-lugar-do-acesso-i-do-carnaval-paulistano","status":"publish","type":"post","link":"https:\/\/salesianossp.org.br\/ositaquera\/dom-bosco-de-itaquera-conquista-o-3o-lugar-do-acesso-i-do-carnaval-paulistano\/","title":{"rendered":"DOM BOSCO CONQUISTA O 3\u00ba LUGAR DO GRUPO DE ACESSO I DO CARNAVAL PAULISTANO 2024"},"content":{"rendered":"\n<p><\/p>\n\n\n\n<div style=\"height:44px\" aria-hidden=\"true\" class=\"wp-block-spacer\"><\/div>\n\n\n\n<p><strong>Comunica\u00e7\u00e3o OSDB Itaquera, com informa\u00e7\u00f5es do portal SRzd<\/strong><\/p>\n\n\n\n<p><\/p>\n\n\n\n<p>A nossa Dom Bosco de Itaquera desfilou neste ano de 2024, pela primeira vez em sua hist\u00f3ria, no Grupo de Acesso 1, \u00faltimo passo at\u00e9 o Grupo Especial do Carnaval Paulistano, e, de cara, conquistou o 3\u00ba lugar!<\/p>\n\n\n\n<p>Primeira escola a desfilar no domingo, 11 de fevereiro, de um total de oito agremia\u00e7\u00f5es a se apresentarem naquela noite no Samb\u00f3dromo do Anhembi, a Dom Bosco exaltou em forma de cordel e muito samba a for\u00e7a do povo nordestino.<\/p>\n\n\n\n<div style=\"height:36px\" aria-hidden=\"true\" class=\"wp-block-spacer\"><\/div>\n\n\n\n<figure class=\"wp-block-gallery has-nested-images columns-default is-cropped wp-block-gallery-1 is-layout-flex wp-block-gallery-is-layout-flex\">\n<figure class=\"wp-block-image size-large\"><img fetchpriority=\"high\" decoding=\"async\" width=\"660\" height=\"440\" data-id=\"7736\" src=\"https:\/\/salesianossp.org.br\/ositaquera\/wp-content\/uploads\/2024\/02\/IMG_6677-tratada.jpg\" alt=\"\" class=\"wp-image-7736\" srcset=\"https:\/\/salesianossp.org.br\/ositaquera\/wp-content\/uploads\/2024\/02\/IMG_6677-tratada.jpg 660w, https:\/\/salesianossp.org.br\/ositaquera\/wp-content\/uploads\/2024\/02\/IMG_6677-tratada-300x200.jpg 300w\" sizes=\"(max-width: 660px) 100vw, 660px\" \/><\/figure>\n\n\n\n<figure class=\"wp-block-image size-large\"><img decoding=\"async\" width=\"954\" height=\"540\" data-id=\"7747\" src=\"https:\/\/salesianossp.org.br\/ositaquera\/wp-content\/uploads\/2024\/02\/IMG-20240215-WA0000-ajustada.jpg\" alt=\"\" class=\"wp-image-7747\" srcset=\"https:\/\/salesianossp.org.br\/ositaquera\/wp-content\/uploads\/2024\/02\/IMG-20240215-WA0000-ajustada.jpg 954w, https:\/\/salesianossp.org.br\/ositaquera\/wp-content\/uploads\/2024\/02\/IMG-20240215-WA0000-ajustada-300x170.jpg 300w, https:\/\/salesianossp.org.br\/ositaquera\/wp-content\/uploads\/2024\/02\/IMG-20240215-WA0000-ajustada-768x435.jpg 768w\" sizes=\"(max-width: 954px) 100vw, 954px\" \/><\/figure>\n<figcaption class=\"blocks-gallery-caption wp-element-caption\"><em>Comiss\u00e3o de Frente da Dom Bosco durante a apresenta\u00e7\u00e3o no Samb\u00f3dromo do Anhembi, em S\u00e3o Paulo.<\/em><br><strong>Foto da Comiss\u00e3o de Frente: Andr\u00e9 Luiz de Souza\/SRzd<\/strong>    |      <strong>Imagem da Classifica\u00e7\u00e3o: Reprodu\u00e7\u00e3o Internet<\/strong><\/figcaption><\/figure>\n\n\n\n<div style=\"height:32px\" aria-hidden=\"true\" class=\"wp-block-spacer\"><\/div>\n\n\n\n<p>O enredo: <em>\u201cUm causo arretado de um povo pra l\u00e1 de valente\u2026O cordel de um nordeste independente\u201d<\/em> apresentou a regi\u00e3o, t\u00e3o importante para o Brasil e o quanto o Brasil perderia se de fato houvesse a independ\u00eancia nordestina.<\/p>\n\n\n\n<div style=\"height:33px\" aria-hidden=\"true\" class=\"wp-block-spacer\"><\/div>\n\n\n\n<figure class=\"wp-block-gallery has-nested-images columns-default is-cropped wp-block-gallery-2 is-layout-flex wp-block-gallery-is-layout-flex\">\n<figure class=\"wp-block-image size-large\"><img decoding=\"async\" width=\"661\" height=\"441\" data-id=\"7732\" src=\"https:\/\/salesianossp.org.br\/ositaquera\/wp-content\/uploads\/2024\/02\/IMG_6887-660x440-tratada.jpg\" alt=\"\" class=\"wp-image-7732\" srcset=\"https:\/\/salesianossp.org.br\/ositaquera\/wp-content\/uploads\/2024\/02\/IMG_6887-660x440-tratada.jpg 661w, https:\/\/salesianossp.org.br\/ositaquera\/wp-content\/uploads\/2024\/02\/IMG_6887-660x440-tratada-300x200.jpg 300w\" sizes=\"(max-width: 661px) 100vw, 661px\" \/><\/figure>\n\n\n\n<figure class=\"wp-block-image size-large\"><img loading=\"lazy\" decoding=\"async\" width=\"660\" height=\"440\" data-id=\"7753\" src=\"https:\/\/salesianossp.org.br\/ositaquera\/wp-content\/uploads\/2024\/02\/IMG_6960-tratada-1.jpg\" alt=\"\" class=\"wp-image-7753\" srcset=\"https:\/\/salesianossp.org.br\/ositaquera\/wp-content\/uploads\/2024\/02\/IMG_6960-tratada-1.jpg 660w, https:\/\/salesianossp.org.br\/ositaquera\/wp-content\/uploads\/2024\/02\/IMG_6960-tratada-1-300x200.jpg 300w\" sizes=\"(max-width: 660px) 100vw, 660px\" \/><\/figure>\n<figcaption class=\"blocks-gallery-caption wp-element-caption\"><em>Integrantes sa\u00fadam o p\u00fablico no Anhembi, em carro aleg\u00f3rico da escola, em homenagem ao nordeste e a Luiz Gonzaga, proclamado &#8220;presidente da Na\u00e7\u00e3o Nordestina&#8221;, no desfile da Dom Bosco<\/em>. <em>\u00c0 direita, o presidente e fundador da escola, Padre Rosalvino Mor\u00e1n Vi\u00f1ayo, usa o t\u00edpico chap\u00e9u de couro do sertanejo nordestino, na alegoria que encerrou a passagem da agremia\u00e7\u00e3o itaquerense pelo samb\u00f3dromo paulistano.<\/em><br><strong>Fotos: Andr\u00e9 Luiz de Souza\/SRzd<\/strong><\/figcaption><\/figure>\n\n\n\n<div style=\"height:34px\" aria-hidden=\"true\" class=\"wp-block-spacer\"><\/div>\n\n\n\n<p>\u201cCarnavalizada\u201d, a \u201cindepend\u00eancia nordestina\u201d foi mostrada com beleza e alegria, e hipoteticamente presidida pelo \u201cRei do Bai\u00e3o\u201d, Luiz Gonzaga.<\/p>\n\n\n\n<p>Como primeira escola a pisar na avenida, a Dom Bosco tinha a miss\u00e3o de aquecer a passarela e arrancou aplausos, al\u00e9m de ouvir o coro das arquibancadas, ao cantar junto o seu samba.<\/p>\n\n\n\n<div style=\"height:34px\" aria-hidden=\"true\" class=\"wp-block-spacer\"><\/div>\n\n\n\n<figure class=\"wp-block-gallery has-nested-images columns-default is-cropped wp-block-gallery-3 is-layout-flex wp-block-gallery-is-layout-flex\">\n<figure class=\"wp-block-image size-large\"><img loading=\"lazy\" decoding=\"async\" width=\"661\" height=\"441\" data-id=\"7735\" src=\"https:\/\/salesianossp.org.br\/ositaquera\/wp-content\/uploads\/2024\/02\/IMG_6788-tratada.jpg\" alt=\"\" class=\"wp-image-7735\" srcset=\"https:\/\/salesianossp.org.br\/ositaquera\/wp-content\/uploads\/2024\/02\/IMG_6788-tratada.jpg 661w, https:\/\/salesianossp.org.br\/ositaquera\/wp-content\/uploads\/2024\/02\/IMG_6788-tratada-300x200.jpg 300w\" sizes=\"(max-width: 661px) 100vw, 661px\" \/><\/figure>\n<figcaption class=\"blocks-gallery-caption wp-element-caption\"><em>Baianas da &#8220;Dom Bosco Itaquera&#8221;, durante desfile no Samb\u00f3dromo do Anhembi, no Carnaval 2024.<\/em> <br><strong>Foto: Andr\u00e9 Luiz de Souza\/SRzd<\/strong><\/figcaption><\/figure>\n\n\n\n<div style=\"height:27px\" aria-hidden=\"true\" class=\"wp-block-spacer\"><\/div>\n\n\n\n<p>Em 2023, a Dom Bosco foi a vice-campe\u00e3 do Grupo de Acesso 2.<\/p>\n\n\n\n<p>Viva Dom Bosco!<\/p>\n\n\n\n<div style=\"height:36px\" aria-hidden=\"true\" class=\"wp-block-spacer\"><\/div>\n\n\n\n<p><strong>Clique e assista ao desfile completo da nossa escola!<\/strong><\/p>\n\n\n\n<figure class=\"wp-block-embed is-type-video is-provider-youtube wp-block-embed-youtube wp-embed-aspect-16-9 wp-has-aspect-ratio\"><div class=\"wp-block-embed__wrapper\">\n<iframe title=\"CARNAVAL 2024 - DOM BOSCO DE ITAQUERA | DESFILE OFICIAL - 11.02.2024\" width=\"800\" height=\"450\" src=\"https:\/\/www.youtube.com\/embed\/2ZvWYh-a7gU?feature=oembed\" frameborder=\"0\" allow=\"accelerometer; autoplay; clipboard-write; encrypted-media; gyroscope; picture-in-picture; web-share\" referrerpolicy=\"strict-origin-when-cross-origin\" allowfullscreen><\/iframe>\n<\/div><\/figure>\n\n\n\n<div style=\"height:49px\" aria-hidden=\"true\" class=\"wp-block-spacer\"><\/div>\n\n\n\n<p>Confira mais imagens do desfile. <strong>Fotos: Andr\u00e9 Luiz de Souza\/SRzd<\/strong><\/p>\n\n\n\n<div style=\"height:30px\" aria-hidden=\"true\" class=\"wp-block-spacer\"><\/div>\n\n\n\n<figure class=\"wp-block-gallery has-nested-images columns-default is-cropped wp-block-gallery-4 is-layout-flex wp-block-gallery-is-layout-flex\">\n<figure class=\"wp-block-image size-large\"><img loading=\"lazy\" decoding=\"async\" width=\"660\" height=\"440\" data-id=\"7737\" src=\"https:\/\/salesianossp.org.br\/ositaquera\/wp-content\/uploads\/2024\/02\/IMG_6738-tratada.jpg\" alt=\"\" class=\"wp-image-7737\" srcset=\"https:\/\/salesianossp.org.br\/ositaquera\/wp-content\/uploads\/2024\/02\/IMG_6738-tratada.jpg 660w, https:\/\/salesianossp.org.br\/ositaquera\/wp-content\/uploads\/2024\/02\/IMG_6738-tratada-300x200.jpg 300w\" sizes=\"(max-width: 660px) 100vw, 660px\" \/><\/figure>\n\n\n\n<figure class=\"wp-block-image size-large\"><img loading=\"lazy\" decoding=\"async\" width=\"661\" height=\"441\" data-id=\"7738\" src=\"https:\/\/salesianossp.org.br\/ositaquera\/wp-content\/uploads\/2024\/02\/IMG_6900-tratada.jpg\" alt=\"\" class=\"wp-image-7738\" srcset=\"https:\/\/salesianossp.org.br\/ositaquera\/wp-content\/uploads\/2024\/02\/IMG_6900-tratada.jpg 661w, https:\/\/salesianossp.org.br\/ositaquera\/wp-content\/uploads\/2024\/02\/IMG_6900-tratada-300x200.jpg 300w\" sizes=\"(max-width: 661px) 100vw, 661px\" \/><\/figure>\n<\/figure>\n\n\n\n<figure class=\"wp-block-gallery has-nested-images columns-default is-cropped wp-block-gallery-5 is-layout-flex wp-block-gallery-is-layout-flex\">\n<figure class=\"wp-block-image size-large\"><img loading=\"lazy\" decoding=\"async\" width=\"661\" height=\"441\" data-id=\"7739\" src=\"https:\/\/salesianossp.org.br\/ositaquera\/wp-content\/uploads\/2024\/02\/IMG_6778-tratada.jpg\" alt=\"\" class=\"wp-image-7739\" srcset=\"https:\/\/salesianossp.org.br\/ositaquera\/wp-content\/uploads\/2024\/02\/IMG_6778-tratada.jpg 661w, https:\/\/salesianossp.org.br\/ositaquera\/wp-content\/uploads\/2024\/02\/IMG_6778-tratada-300x200.jpg 300w\" sizes=\"(max-width: 661px) 100vw, 661px\" \/><\/figure>\n\n\n\n<figure class=\"wp-block-image size-large\"><img loading=\"lazy\" decoding=\"async\" width=\"661\" height=\"441\" data-id=\"7740\" src=\"https:\/\/salesianossp.org.br\/ositaquera\/wp-content\/uploads\/2024\/02\/IMG_6923-tratada.jpg\" alt=\"\" class=\"wp-image-7740\" srcset=\"https:\/\/salesianossp.org.br\/ositaquera\/wp-content\/uploads\/2024\/02\/IMG_6923-tratada.jpg 661w, https:\/\/salesianossp.org.br\/ositaquera\/wp-content\/uploads\/2024\/02\/IMG_6923-tratada-300x200.jpg 300w\" sizes=\"(max-width: 661px) 100vw, 661px\" \/><\/figure>\n<\/figure>\n\n\n\n<figure class=\"wp-block-gallery has-nested-images columns-default is-cropped wp-block-gallery-6 is-layout-flex wp-block-gallery-is-layout-flex\">\n<figure class=\"wp-block-image size-large\"><img loading=\"lazy\" decoding=\"async\" width=\"661\" height=\"441\" data-id=\"7741\" src=\"https:\/\/salesianossp.org.br\/ositaquera\/wp-content\/uploads\/2024\/02\/IMG_6800-tratada.jpg\" alt=\"\" class=\"wp-image-7741\" srcset=\"https:\/\/salesianossp.org.br\/ositaquera\/wp-content\/uploads\/2024\/02\/IMG_6800-tratada.jpg 661w, https:\/\/salesianossp.org.br\/ositaquera\/wp-content\/uploads\/2024\/02\/IMG_6800-tratada-300x200.jpg 300w\" sizes=\"(max-width: 661px) 100vw, 661px\" \/><\/figure>\n\n\n\n<figure class=\"wp-block-image size-large\"><img loading=\"lazy\" decoding=\"async\" width=\"661\" height=\"441\" data-id=\"7742\" src=\"https:\/\/salesianossp.org.br\/ositaquera\/wp-content\/uploads\/2024\/02\/IMG_6827-tratada.jpg\" alt=\"\" class=\"wp-image-7742\" srcset=\"https:\/\/salesianossp.org.br\/ositaquera\/wp-content\/uploads\/2024\/02\/IMG_6827-tratada.jpg 661w, https:\/\/salesianossp.org.br\/ositaquera\/wp-content\/uploads\/2024\/02\/IMG_6827-tratada-300x200.jpg 300w\" sizes=\"(max-width: 661px) 100vw, 661px\" \/><\/figure>\n<\/figure>\n\n\n\n<figure class=\"wp-block-gallery has-nested-images columns-default is-cropped wp-block-gallery-7 is-layout-flex wp-block-gallery-is-layout-flex\">\n<figure class=\"wp-block-image size-large\"><img loading=\"lazy\" decoding=\"async\" width=\"661\" height=\"441\" data-id=\"7744\" src=\"https:\/\/salesianossp.org.br\/ositaquera\/wp-content\/uploads\/2024\/02\/IMG_6928-tratada.jpg\" alt=\"\" class=\"wp-image-7744\" srcset=\"https:\/\/salesianossp.org.br\/ositaquera\/wp-content\/uploads\/2024\/02\/IMG_6928-tratada.jpg 661w, https:\/\/salesianossp.org.br\/ositaquera\/wp-content\/uploads\/2024\/02\/IMG_6928-tratada-300x200.jpg 300w\" sizes=\"(max-width: 661px) 100vw, 661px\" \/><\/figure>\n\n\n\n<figure class=\"wp-block-image size-large\"><img loading=\"lazy\" decoding=\"async\" width=\"660\" height=\"440\" data-id=\"7745\" src=\"https:\/\/salesianossp.org.br\/ositaquera\/wp-content\/uploads\/2024\/02\/IMG_6766-tratada.jpg\" alt=\"\" class=\"wp-image-7745\" srcset=\"https:\/\/salesianossp.org.br\/ositaquera\/wp-content\/uploads\/2024\/02\/IMG_6766-tratada.jpg 660w, https:\/\/salesianossp.org.br\/ositaquera\/wp-content\/uploads\/2024\/02\/IMG_6766-tratada-300x200.jpg 300w\" sizes=\"(max-width: 660px) 100vw, 660px\" \/><\/figure>\n<\/figure>\n\n\n\n<figure class=\"wp-block-gallery has-nested-images columns-default is-cropped wp-block-gallery-8 is-layout-flex wp-block-gallery-is-layout-flex\">\n<figure class=\"wp-block-image size-large\"><img loading=\"lazy\" decoding=\"async\" width=\"661\" height=\"441\" data-id=\"7751\" src=\"https:\/\/salesianossp.org.br\/ositaquera\/wp-content\/uploads\/2024\/02\/IMG_6873-tratada.jpg\" alt=\"\" class=\"wp-image-7751\" srcset=\"https:\/\/salesianossp.org.br\/ositaquera\/wp-content\/uploads\/2024\/02\/IMG_6873-tratada.jpg 661w, https:\/\/salesianossp.org.br\/ositaquera\/wp-content\/uploads\/2024\/02\/IMG_6873-tratada-300x200.jpg 300w\" sizes=\"(max-width: 661px) 100vw, 661px\" \/><\/figure>\n\n\n\n<figure class=\"wp-block-image size-full\"><img loading=\"lazy\" decoding=\"async\" width=\"661\" height=\"441\" data-id=\"7754\" src=\"https:\/\/salesianossp.org.br\/ositaquera\/wp-content\/uploads\/2024\/02\/IMG_6939-tratada.jpg\" alt=\"\" class=\"wp-image-7754\" srcset=\"https:\/\/salesianossp.org.br\/ositaquera\/wp-content\/uploads\/2024\/02\/IMG_6939-tratada.jpg 661w, https:\/\/salesianossp.org.br\/ositaquera\/wp-content\/uploads\/2024\/02\/IMG_6939-tratada-300x200.jpg 300w\" sizes=\"(max-width: 661px) 100vw, 661px\" \/><\/figure>\n<\/figure>\n\n\n\n<div style=\"height:47px\" aria-hidden=\"true\" class=\"wp-block-spacer\"><\/div>\n\n\n\n<p><strong>GR\u00caMIO RECREATIVO CULTURAL ESCOLA DE SAMBA DOM BOSCO ITAQUERA<\/strong><\/p>\n\n\n\n<p><strong>FICHA T\u00c9CNICA<\/strong><\/p>\n\n\n\n<p><strong>Presidente:<\/strong> Padre Rosalvino Mor\u00e1n Vin\u00e3yo<\/p>\n\n\n\n<p><strong>Carnavalesco:<\/strong> Danilo Dantas<\/p>\n\n\n\n<p><strong>Dire\u00e7\u00e3o de Carnaval:<\/strong> Carlos Shakila<\/p>\n\n\n\n<p><strong>Dire\u00e7\u00e3o de Harmonia:<\/strong> Ricardo Fervorini<\/p>\n\n\n\n<p><strong>Int\u00e9rprete:<\/strong> Rodrigo Xar\u00e1<\/p>\n\n\n\n<p><strong>Core\u00f3grafa de Comiss\u00e3o de Frente:<\/strong> Luana Polleti<\/p>\n\n\n\n<p><strong>1\u00ba Casal de Mestre Sala e Porta Bandeira:<\/strong> Leonardo Henrique e Mariana Barbosa<\/p>\n\n\n\n<p><strong>Mestre de Bateria:<\/strong> Bola<\/p>\n\n\n\n<p><strong>Rainha de Bateria:<\/strong> Mayra Barbosa<\/p>\n\n\n\n<div style=\"height:43px\" aria-hidden=\"true\" class=\"wp-block-spacer\"><\/div>\n\n\n\n<figure class=\"wp-block-gallery has-nested-images columns-default is-cropped wp-block-gallery-9 is-layout-flex wp-block-gallery-is-layout-flex\">\n<figure class=\"wp-block-image size-large\"><img loading=\"lazy\" decoding=\"async\" width=\"519\" height=\"1024\" data-id=\"7782\" src=\"https:\/\/salesianossp.org.br\/ositaquera\/wp-content\/uploads\/2024\/02\/IMG-20240214-WA0011-tratada-2-519x1024.jpg\" alt=\"\" class=\"wp-image-7782\" srcset=\"https:\/\/salesianossp.org.br\/ositaquera\/wp-content\/uploads\/2024\/02\/IMG-20240214-WA0011-tratada-2-519x1024.jpg 519w, https:\/\/salesianossp.org.br\/ositaquera\/wp-content\/uploads\/2024\/02\/IMG-20240214-WA0011-tratada-2-152x300.jpg 152w, https:\/\/salesianossp.org.br\/ositaquera\/wp-content\/uploads\/2024\/02\/IMG-20240214-WA0011-tratada-2.jpg 547w\" sizes=\"(max-width: 519px) 100vw, 519px\" \/><\/figure>\n\n\n\n<figure class=\"wp-block-image size-large\"><img loading=\"lazy\" decoding=\"async\" width=\"293\" height=\"439\" data-id=\"7784\" src=\"https:\/\/salesianossp.org.br\/ositaquera\/wp-content\/uploads\/2024\/02\/IMG_6831-tratada.jpg\" alt=\"\" class=\"wp-image-7784\" srcset=\"https:\/\/salesianossp.org.br\/ositaquera\/wp-content\/uploads\/2024\/02\/IMG_6831-tratada.jpg 293w, https:\/\/salesianossp.org.br\/ositaquera\/wp-content\/uploads\/2024\/02\/IMG_6831-tratada-200x300.jpg 200w\" sizes=\"(max-width: 293px) 100vw, 293px\" \/><\/figure>\n<figcaption class=\"blocks-gallery-caption wp-element-caption\"><em>\u00c0 esquerda, imagem \u00e1rea feita por drone, do desfile da Dom Bosco de Itaquera, no momento que a escola ocupa toda a passarela do samba.<\/em> <strong>Cr\u00e9dito: Reprodu\u00e7\u00e3o.<\/strong><\/figcaption><\/figure>\n\n\n\n<p class=\"has-text-align-center\"><em>\u00c0 direita, ritmista da bateria vibra durante passagem da escola na avenida.<\/em> <strong>Foto: Andr\u00e9 Luiz de Souza\/SRzd<\/strong><\/p>\n\n\n\n<div style=\"height:36px\" aria-hidden=\"true\" class=\"wp-block-spacer\"><\/div>\n\n\n\n<div class=\"wp-block-group is-nowrap is-layout-flex wp-container-core-group-is-layout-6c531013 wp-block-group-is-layout-flex\">\n<div class=\"wp-block-group is-nowrap is-layout-flex wp-container-core-group-is-layout-6c531013 wp-block-group-is-layout-flex\"><\/div>\n<\/div>\n","protected":false},"excerpt":{"rendered":"<p>Pela primeira vez no grupo que representa a \u00faltima etapa antes da s\u00e9rie especial do carnaval da cidade S\u00e3o Paulo, a Dom Bosco Itaquera fez um desfile emocionante, conquistando p\u00fablico e jurados no Samb\u00f3dromo do Anhembi.<\/p>\n","protected":false},"author":27,"featured_media":7749,"comment_status":"open","ping_status":"open","sticky":false,"template":"","format":"standard","meta":{"footnotes":""},"categories":[59],"tags":[],"class_list":["post-7731","post","type-post","status-publish","format-standard","has-post-thumbnail","hentry","category-noticias"],"yoast_head":"<!-- This site is optimized with the Yoast SEO plugin v27.4 - https:\/\/yoast.com\/product\/yoast-seo-wordpress\/ -->\n<title>DOM BOSCO CONQUISTA O 3\u00ba LUGAR DO GRUPO DE ACESSO I DO CARNAVAL PAULISTANO 2024 - Obra Social Dom Bosco<\/title>\n<meta name=\"robots\" content=\"index, follow, max-snippet:-1, max-image-preview:large, max-video-preview:-1\" \/>\n<link rel=\"canonical\" href=\"https:\/\/salesianossp.org.br\/ositaquera\/dom-bosco-de-itaquera-conquista-o-3o-lugar-do-acesso-i-do-carnaval-paulistano\/\" \/>\n<meta property=\"og:locale\" content=\"pt_BR\" \/>\n<meta property=\"og:type\" content=\"article\" \/>\n<meta property=\"og:title\" content=\"DOM BOSCO CONQUISTA O 3\u00ba LUGAR DO GRUPO DE ACESSO I DO CARNAVAL PAULISTANO 2024 - Obra Social Dom Bosco\" \/>\n<meta property=\"og:description\" content=\"Pela primeira vez no grupo que representa a \u00faltima etapa antes da s\u00e9rie especial do carnaval da cidade S\u00e3o Paulo, a Dom Bosco Itaquera fez um desfile emocionante, conquistando p\u00fablico e jurados no Samb\u00f3dromo do Anhembi.\" \/>\n<meta property=\"og:url\" content=\"https:\/\/salesianossp.org.br\/ositaquera\/dom-bosco-de-itaquera-conquista-o-3o-lugar-do-acesso-i-do-carnaval-paulistano\/\" \/>\n<meta property=\"og:site_name\" content=\"Obra Social Dom Bosco\" \/>\n<meta property=\"article:publisher\" content=\"https:\/\/www.facebook.com\/domboscoitaquera\" \/>\n<meta property=\"article:published_time\" content=\"2024-02-14T17:26:50+00:00\" \/>\n<meta property=\"og:image\" content=\"https:\/\/salesianossp.org.br\/ositaquera\/wp-content\/uploads\/2024\/02\/CAPA-MATERIA-DOM-BOSCO-SAMBA-2024-1024x1018.png\" \/>\n\t<meta property=\"og:image:width\" content=\"1024\" \/>\n\t<meta property=\"og:image:height\" content=\"1018\" \/>\n\t<meta property=\"og:image:type\" content=\"image\/png\" \/>\n<meta name=\"author\" content=\"Lucas Rodrigues\" \/>\n<meta name=\"twitter:card\" content=\"summary_large_image\" \/>\n<meta name=\"twitter:label1\" content=\"Escrito por\" \/>\n\t<meta name=\"twitter:data1\" content=\"Lucas Rodrigues\" \/>\n\t<meta name=\"twitter:label2\" content=\"Est. tempo de leitura\" \/>\n\t<meta name=\"twitter:data2\" content=\"2 minutos\" \/>\n<script type=\"application\/ld+json\" class=\"yoast-schema-graph\">{\"@context\":\"https:\\\/\\\/schema.org\",\"@graph\":[{\"@type\":\"Article\",\"@id\":\"https:\\\/\\\/salesianossp.org.br\\\/ositaquera\\\/dom-bosco-de-itaquera-conquista-o-3o-lugar-do-acesso-i-do-carnaval-paulistano\\\/#article\",\"isPartOf\":{\"@id\":\"https:\\\/\\\/salesianossp.org.br\\\/ositaquera\\\/dom-bosco-de-itaquera-conquista-o-3o-lugar-do-acesso-i-do-carnaval-paulistano\\\/\"},\"author\":{\"name\":\"Lucas Rodrigues\",\"@id\":\"https:\\\/\\\/salesianossp.org.br\\\/ositaquera\\\/#\\\/schema\\\/person\\\/612e159822bfeed64312a453b075f9de\"},\"headline\":\"DOM BOSCO CONQUISTA O 3\u00ba LUGAR DO GRUPO DE ACESSO I DO CARNAVAL PAULISTANO 2024\",\"datePublished\":\"2024-02-14T17:26:50+00:00\",\"mainEntityOfPage\":{\"@id\":\"https:\\\/\\\/salesianossp.org.br\\\/ositaquera\\\/dom-bosco-de-itaquera-conquista-o-3o-lugar-do-acesso-i-do-carnaval-paulistano\\\/\"},\"wordCount\":490,\"commentCount\":4,\"publisher\":{\"@id\":\"https:\\\/\\\/salesianossp.org.br\\\/ositaquera\\\/#organization\"},\"image\":{\"@id\":\"https:\\\/\\\/salesianossp.org.br\\\/ositaquera\\\/dom-bosco-de-itaquera-conquista-o-3o-lugar-do-acesso-i-do-carnaval-paulistano\\\/#primaryimage\"},\"thumbnailUrl\":\"https:\\\/\\\/salesianossp.org.br\\\/ositaquera\\\/wp-content\\\/uploads\\\/2024\\\/02\\\/CAPA-MATERIA-DOM-BOSCO-SAMBA-2024.png\",\"articleSection\":[\"Not\u00edcias\"],\"inLanguage\":\"pt-BR\",\"potentialAction\":[{\"@type\":\"CommentAction\",\"name\":\"Comment\",\"target\":[\"https:\\\/\\\/salesianossp.org.br\\\/ositaquera\\\/dom-bosco-de-itaquera-conquista-o-3o-lugar-do-acesso-i-do-carnaval-paulistano\\\/#respond\"]}]},{\"@type\":\"WebPage\",\"@id\":\"https:\\\/\\\/salesianossp.org.br\\\/ositaquera\\\/dom-bosco-de-itaquera-conquista-o-3o-lugar-do-acesso-i-do-carnaval-paulistano\\\/\",\"url\":\"https:\\\/\\\/salesianossp.org.br\\\/ositaquera\\\/dom-bosco-de-itaquera-conquista-o-3o-lugar-do-acesso-i-do-carnaval-paulistano\\\/\",\"name\":\"DOM BOSCO CONQUISTA O 3\u00ba LUGAR DO GRUPO DE ACESSO I DO CARNAVAL PAULISTANO 2024 - Obra Social Dom Bosco\",\"isPartOf\":{\"@id\":\"https:\\\/\\\/salesianossp.org.br\\\/ositaquera\\\/#website\"},\"primaryImageOfPage\":{\"@id\":\"https:\\\/\\\/salesianossp.org.br\\\/ositaquera\\\/dom-bosco-de-itaquera-conquista-o-3o-lugar-do-acesso-i-do-carnaval-paulistano\\\/#primaryimage\"},\"image\":{\"@id\":\"https:\\\/\\\/salesianossp.org.br\\\/ositaquera\\\/dom-bosco-de-itaquera-conquista-o-3o-lugar-do-acesso-i-do-carnaval-paulistano\\\/#primaryimage\"},\"thumbnailUrl\":\"https:\\\/\\\/salesianossp.org.br\\\/ositaquera\\\/wp-content\\\/uploads\\\/2024\\\/02\\\/CAPA-MATERIA-DOM-BOSCO-SAMBA-2024.png\",\"datePublished\":\"2024-02-14T17:26:50+00:00\",\"breadcrumb\":{\"@id\":\"https:\\\/\\\/salesianossp.org.br\\\/ositaquera\\\/dom-bosco-de-itaquera-conquista-o-3o-lugar-do-acesso-i-do-carnaval-paulistano\\\/#breadcrumb\"},\"inLanguage\":\"pt-BR\",\"potentialAction\":[{\"@type\":\"ReadAction\",\"target\":[\"https:\\\/\\\/salesianossp.org.br\\\/ositaquera\\\/dom-bosco-de-itaquera-conquista-o-3o-lugar-do-acesso-i-do-carnaval-paulistano\\\/\"]}]},{\"@type\":\"ImageObject\",\"inLanguage\":\"pt-BR\",\"@id\":\"https:\\\/\\\/salesianossp.org.br\\\/ositaquera\\\/dom-bosco-de-itaquera-conquista-o-3o-lugar-do-acesso-i-do-carnaval-paulistano\\\/#primaryimage\",\"url\":\"https:\\\/\\\/salesianossp.org.br\\\/ositaquera\\\/wp-content\\\/uploads\\\/2024\\\/02\\\/CAPA-MATERIA-DOM-BOSCO-SAMBA-2024.png\",\"contentUrl\":\"https:\\\/\\\/salesianossp.org.br\\\/ositaquera\\\/wp-content\\\/uploads\\\/2024\\\/02\\\/CAPA-MATERIA-DOM-BOSCO-SAMBA-2024.png\",\"width\":1427,\"height\":1418},{\"@type\":\"BreadcrumbList\",\"@id\":\"https:\\\/\\\/salesianossp.org.br\\\/ositaquera\\\/dom-bosco-de-itaquera-conquista-o-3o-lugar-do-acesso-i-do-carnaval-paulistano\\\/#breadcrumb\",\"itemListElement\":[{\"@type\":\"ListItem\",\"position\":1,\"name\":\"In\u00edcio\",\"item\":\"https:\\\/\\\/salesianossp.org.br\\\/ositaquera\\\/\"},{\"@type\":\"ListItem\",\"position\":2,\"name\":\"DOM BOSCO CONQUISTA O 3\u00ba LUGAR DO GRUPO DE ACESSO I DO CARNAVAL PAULISTANO 2024\"}]},{\"@type\":\"WebSite\",\"@id\":\"https:\\\/\\\/salesianossp.org.br\\\/ositaquera\\\/#website\",\"url\":\"https:\\\/\\\/salesianossp.org.br\\\/ositaquera\\\/\",\"name\":\"Obra Social Dom Bosco\",\"description\":\"\",\"publisher\":{\"@id\":\"https:\\\/\\\/salesianossp.org.br\\\/ositaquera\\\/#organization\"},\"potentialAction\":[{\"@type\":\"SearchAction\",\"target\":{\"@type\":\"EntryPoint\",\"urlTemplate\":\"https:\\\/\\\/salesianossp.org.br\\\/ositaquera\\\/?s={search_term_string}\"},\"query-input\":{\"@type\":\"PropertyValueSpecification\",\"valueRequired\":true,\"valueName\":\"search_term_string\"}}],\"inLanguage\":\"pt-BR\"},{\"@type\":\"Organization\",\"@id\":\"https:\\\/\\\/salesianossp.org.br\\\/ositaquera\\\/#organization\",\"name\":\"Obra Social Dom Bosco\",\"url\":\"https:\\\/\\\/salesianossp.org.br\\\/ositaquera\\\/\",\"logo\":{\"@type\":\"ImageObject\",\"inLanguage\":\"pt-BR\",\"@id\":\"https:\\\/\\\/salesianossp.org.br\\\/ositaquera\\\/#\\\/schema\\\/logo\\\/image\\\/\",\"url\":\"https:\\\/\\\/salesianossp.org.br\\\/ositaquera\\\/wp-content\\\/uploads\\\/2024\\\/03\\\/logo-obra-social-dom-bosco-itaquera-h-scaled.png\",\"contentUrl\":\"https:\\\/\\\/salesianossp.org.br\\\/ositaquera\\\/wp-content\\\/uploads\\\/2024\\\/03\\\/logo-obra-social-dom-bosco-itaquera-h-scaled.png\",\"width\":2560,\"height\":672,\"caption\":\"Obra Social Dom Bosco\"},\"image\":{\"@id\":\"https:\\\/\\\/salesianossp.org.br\\\/ositaquera\\\/#\\\/schema\\\/logo\\\/image\\\/\"},\"sameAs\":[\"https:\\\/\\\/www.facebook.com\\\/domboscoitaquera\",\"https:\\\/\\\/br.linkedin.com\\\/company\\\/domboscoitaquera\",\"https:\\\/\\\/www.youtube.com\\\/channel\\\/UCMIUZW8mqlpEbP7Dy02veOw\",\"https:\\\/\\\/www.instagram.com\\\/obradombosco\\\/\"]},{\"@type\":\"Person\",\"@id\":\"https:\\\/\\\/salesianossp.org.br\\\/ositaquera\\\/#\\\/schema\\\/person\\\/612e159822bfeed64312a453b075f9de\",\"name\":\"Lucas Rodrigues\",\"image\":{\"@type\":\"ImageObject\",\"inLanguage\":\"pt-BR\",\"@id\":\"https:\\\/\\\/secure.gravatar.com\\\/avatar\\\/0ad9c966c6ed3335d7fffe2c3b88880dd298c0817b71e20a6955c38f2a53f746?s=96&d=mm&r=g\",\"url\":\"https:\\\/\\\/secure.gravatar.com\\\/avatar\\\/0ad9c966c6ed3335d7fffe2c3b88880dd298c0817b71e20a6955c38f2a53f746?s=96&d=mm&r=g\",\"contentUrl\":\"https:\\\/\\\/secure.gravatar.com\\\/avatar\\\/0ad9c966c6ed3335d7fffe2c3b88880dd298c0817b71e20a6955c38f2a53f746?s=96&d=mm&r=g\",\"caption\":\"Lucas Rodrigues\"},\"url\":\"https:\\\/\\\/salesianossp.org.br\\\/ositaquera\\\/author\\\/lucas-rodrigues\\\/\"}]}<\/script>\n<!-- \/ Yoast SEO plugin. -->","yoast_head_json":{"title":"DOM BOSCO CONQUISTA O 3\u00ba LUGAR DO GRUPO DE ACESSO I DO CARNAVAL PAULISTANO 2024 - Obra Social Dom Bosco","robots":{"index":"index","follow":"follow","max-snippet":"max-snippet:-1","max-image-preview":"max-image-preview:large","max-video-preview":"max-video-preview:-1"},"canonical":"https:\/\/salesianossp.org.br\/ositaquera\/dom-bosco-de-itaquera-conquista-o-3o-lugar-do-acesso-i-do-carnaval-paulistano\/","og_locale":"pt_BR","og_type":"article","og_title":"DOM BOSCO CONQUISTA O 3\u00ba LUGAR DO GRUPO DE ACESSO I DO CARNAVAL PAULISTANO 2024 - Obra Social Dom Bosco","og_description":"Pela primeira vez no grupo que representa a \u00faltima etapa antes da s\u00e9rie especial do carnaval da cidade S\u00e3o Paulo, a Dom Bosco Itaquera fez um desfile emocionante, conquistando p\u00fablico e jurados no Samb\u00f3dromo do Anhembi.","og_url":"https:\/\/salesianossp.org.br\/ositaquera\/dom-bosco-de-itaquera-conquista-o-3o-lugar-do-acesso-i-do-carnaval-paulistano\/","og_site_name":"Obra Social Dom Bosco","article_publisher":"https:\/\/www.facebook.com\/domboscoitaquera","article_published_time":"2024-02-14T17:26:50+00:00","og_image":[{"width":1024,"height":1018,"url":"https:\/\/salesianossp.org.br\/ositaquera\/wp-content\/uploads\/2024\/02\/CAPA-MATERIA-DOM-BOSCO-SAMBA-2024-1024x1018.png","type":"image\/png"}],"author":"Lucas Rodrigues","twitter_card":"summary_large_image","twitter_misc":{"Escrito por":"Lucas Rodrigues","Est. tempo de leitura":"2 minutos"},"schema":{"@context":"https:\/\/schema.org","@graph":[{"@type":"Article","@id":"https:\/\/salesianossp.org.br\/ositaquera\/dom-bosco-de-itaquera-conquista-o-3o-lugar-do-acesso-i-do-carnaval-paulistano\/#article","isPartOf":{"@id":"https:\/\/salesianossp.org.br\/ositaquera\/dom-bosco-de-itaquera-conquista-o-3o-lugar-do-acesso-i-do-carnaval-paulistano\/"},"author":{"name":"Lucas Rodrigues","@id":"https:\/\/salesianossp.org.br\/ositaquera\/#\/schema\/person\/612e159822bfeed64312a453b075f9de"},"headline":"DOM BOSCO CONQUISTA O 3\u00ba LUGAR DO GRUPO DE ACESSO I DO CARNAVAL PAULISTANO 2024","datePublished":"2024-02-14T17:26:50+00:00","mainEntityOfPage":{"@id":"https:\/\/salesianossp.org.br\/ositaquera\/dom-bosco-de-itaquera-conquista-o-3o-lugar-do-acesso-i-do-carnaval-paulistano\/"},"wordCount":490,"commentCount":4,"publisher":{"@id":"https:\/\/salesianossp.org.br\/ositaquera\/#organization"},"image":{"@id":"https:\/\/salesianossp.org.br\/ositaquera\/dom-bosco-de-itaquera-conquista-o-3o-lugar-do-acesso-i-do-carnaval-paulistano\/#primaryimage"},"thumbnailUrl":"https:\/\/salesianossp.org.br\/ositaquera\/wp-content\/uploads\/2024\/02\/CAPA-MATERIA-DOM-BOSCO-SAMBA-2024.png","articleSection":["Not\u00edcias"],"inLanguage":"pt-BR","potentialAction":[{"@type":"CommentAction","name":"Comment","target":["https:\/\/salesianossp.org.br\/ositaquera\/dom-bosco-de-itaquera-conquista-o-3o-lugar-do-acesso-i-do-carnaval-paulistano\/#respond"]}]},{"@type":"WebPage","@id":"https:\/\/salesianossp.org.br\/ositaquera\/dom-bosco-de-itaquera-conquista-o-3o-lugar-do-acesso-i-do-carnaval-paulistano\/","url":"https:\/\/salesianossp.org.br\/ositaquera\/dom-bosco-de-itaquera-conquista-o-3o-lugar-do-acesso-i-do-carnaval-paulistano\/","name":"DOM BOSCO CONQUISTA O 3\u00ba LUGAR DO GRUPO DE ACESSO I DO CARNAVAL PAULISTANO 2024 - Obra Social Dom Bosco","isPartOf":{"@id":"https:\/\/salesianossp.org.br\/ositaquera\/#website"},"primaryImageOfPage":{"@id":"https:\/\/salesianossp.org.br\/ositaquera\/dom-bosco-de-itaquera-conquista-o-3o-lugar-do-acesso-i-do-carnaval-paulistano\/#primaryimage"},"image":{"@id":"https:\/\/salesianossp.org.br\/ositaquera\/dom-bosco-de-itaquera-conquista-o-3o-lugar-do-acesso-i-do-carnaval-paulistano\/#primaryimage"},"thumbnailUrl":"https:\/\/salesianossp.org.br\/ositaquera\/wp-content\/uploads\/2024\/02\/CAPA-MATERIA-DOM-BOSCO-SAMBA-2024.png","datePublished":"2024-02-14T17:26:50+00:00","breadcrumb":{"@id":"https:\/\/salesianossp.org.br\/ositaquera\/dom-bosco-de-itaquera-conquista-o-3o-lugar-do-acesso-i-do-carnaval-paulistano\/#breadcrumb"},"inLanguage":"pt-BR","potentialAction":[{"@type":"ReadAction","target":["https:\/\/salesianossp.org.br\/ositaquera\/dom-bosco-de-itaquera-conquista-o-3o-lugar-do-acesso-i-do-carnaval-paulistano\/"]}]},{"@type":"ImageObject","inLanguage":"pt-BR","@id":"https:\/\/salesianossp.org.br\/ositaquera\/dom-bosco-de-itaquera-conquista-o-3o-lugar-do-acesso-i-do-carnaval-paulistano\/#primaryimage","url":"https:\/\/salesianossp.org.br\/ositaquera\/wp-content\/uploads\/2024\/02\/CAPA-MATERIA-DOM-BOSCO-SAMBA-2024.png","contentUrl":"https:\/\/salesianossp.org.br\/ositaquera\/wp-content\/uploads\/2024\/02\/CAPA-MATERIA-DOM-BOSCO-SAMBA-2024.png","width":1427,"height":1418},{"@type":"BreadcrumbList","@id":"https:\/\/salesianossp.org.br\/ositaquera\/dom-bosco-de-itaquera-conquista-o-3o-lugar-do-acesso-i-do-carnaval-paulistano\/#breadcrumb","itemListElement":[{"@type":"ListItem","position":1,"name":"In\u00edcio","item":"https:\/\/salesianossp.org.br\/ositaquera\/"},{"@type":"ListItem","position":2,"name":"DOM BOSCO CONQUISTA O 3\u00ba LUGAR DO GRUPO DE ACESSO I DO CARNAVAL PAULISTANO 2024"}]},{"@type":"WebSite","@id":"https:\/\/salesianossp.org.br\/ositaquera\/#website","url":"https:\/\/salesianossp.org.br\/ositaquera\/","name":"Obra Social Dom Bosco","description":"","publisher":{"@id":"https:\/\/salesianossp.org.br\/ositaquera\/#organization"},"potentialAction":[{"@type":"SearchAction","target":{"@type":"EntryPoint","urlTemplate":"https:\/\/salesianossp.org.br\/ositaquera\/?s={search_term_string}"},"query-input":{"@type":"PropertyValueSpecification","valueRequired":true,"valueName":"search_term_string"}}],"inLanguage":"pt-BR"},{"@type":"Organization","@id":"https:\/\/salesianossp.org.br\/ositaquera\/#organization","name":"Obra Social Dom Bosco","url":"https:\/\/salesianossp.org.br\/ositaquera\/","logo":{"@type":"ImageObject","inLanguage":"pt-BR","@id":"https:\/\/salesianossp.org.br\/ositaquera\/#\/schema\/logo\/image\/","url":"https:\/\/salesianossp.org.br\/ositaquera\/wp-content\/uploads\/2024\/03\/logo-obra-social-dom-bosco-itaquera-h-scaled.png","contentUrl":"https:\/\/salesianossp.org.br\/ositaquera\/wp-content\/uploads\/2024\/03\/logo-obra-social-dom-bosco-itaquera-h-scaled.png","width":2560,"height":672,"caption":"Obra Social Dom Bosco"},"image":{"@id":"https:\/\/salesianossp.org.br\/ositaquera\/#\/schema\/logo\/image\/"},"sameAs":["https:\/\/www.facebook.com\/domboscoitaquera","https:\/\/br.linkedin.com\/company\/domboscoitaquera","https:\/\/www.youtube.com\/channel\/UCMIUZW8mqlpEbP7Dy02veOw","https:\/\/www.instagram.com\/obradombosco\/"]},{"@type":"Person","@id":"https:\/\/salesianossp.org.br\/ositaquera\/#\/schema\/person\/612e159822bfeed64312a453b075f9de","name":"Lucas Rodrigues","image":{"@type":"ImageObject","inLanguage":"pt-BR","@id":"https:\/\/secure.gravatar.com\/avatar\/0ad9c966c6ed3335d7fffe2c3b88880dd298c0817b71e20a6955c38f2a53f746?s=96&d=mm&r=g","url":"https:\/\/secure.gravatar.com\/avatar\/0ad9c966c6ed3335d7fffe2c3b88880dd298c0817b71e20a6955c38f2a53f746?s=96&d=mm&r=g","contentUrl":"https:\/\/secure.gravatar.com\/avatar\/0ad9c966c6ed3335d7fffe2c3b88880dd298c0817b71e20a6955c38f2a53f746?s=96&d=mm&r=g","caption":"Lucas Rodrigues"},"url":"https:\/\/salesianossp.org.br\/ositaquera\/author\/lucas-rodrigues\/"}]}},"_links":{"self":[{"href":"https:\/\/salesianossp.org.br\/ositaquera\/wp-json\/wp\/v2\/posts\/7731","targetHints":{"allow":["GET"]}}],"collection":[{"href":"https:\/\/salesianossp.org.br\/ositaquera\/wp-json\/wp\/v2\/posts"}],"about":[{"href":"https:\/\/salesianossp.org.br\/ositaquera\/wp-json\/wp\/v2\/types\/post"}],"author":[{"embeddable":true,"href":"https:\/\/salesianossp.org.br\/ositaquera\/wp-json\/wp\/v2\/users\/27"}],"replies":[{"embeddable":true,"href":"https:\/\/salesianossp.org.br\/ositaquera\/wp-json\/wp\/v2\/comments?post=7731"}],"version-history":[{"count":0,"href":"https:\/\/salesianossp.org.br\/ositaquera\/wp-json\/wp\/v2\/posts\/7731\/revisions"}],"wp:featuredmedia":[{"embeddable":true,"href":"https:\/\/salesianossp.org.br\/ositaquera\/wp-json\/wp\/v2\/media\/7749"}],"wp:attachment":[{"href":"https:\/\/salesianossp.org.br\/ositaquera\/wp-json\/wp\/v2\/media?parent=7731"}],"wp:term":[{"taxonomy":"category","embeddable":true,"href":"https:\/\/salesianossp.org.br\/ositaquera\/wp-json\/wp\/v2\/categories?post=7731"},{"taxonomy":"post_tag","embeddable":true,"href":"https:\/\/salesianossp.org.br\/ositaquera\/wp-json\/wp\/v2\/tags?post=7731"}],"curies":[{"name":"wp","href":"https:\/\/api.w.org\/{rel}","templated":true}]}}