{"id":8242,"date":"2024-03-28T18:35:28","date_gmt":"2024-03-28T21:35:28","guid":{"rendered":"https:\/\/salesianossp.org.br\/ositaquera\/?p=8242"},"modified":"2024-03-28T18:35:28","modified_gmt":"2024-03-28T21:35:28","slug":"dom-bosco-e-uninove-renovam-parceria-e-buscam-ampliar-acoes-e-atividades","status":"publish","type":"post","link":"https:\/\/salesianossp.org.br\/ositaquera\/dom-bosco-e-uninove-renovam-parceria-e-buscam-ampliar-acoes-e-atividades\/","title":{"rendered":"DOM BOSCO E UNINOVE RENOVAM PARCERIA E BUSCAM AMPLIAR A\u00c7\u00d5ES E ATIVIDADES"},"content":{"rendered":"\n<div style=\"height:140px\" aria-hidden=\"true\" class=\"wp-block-spacer\"><\/div>\n\n\n\n<p><strong>Comunica\u00e7\u00e3o\/OSDB Itaquera<\/strong><\/p>\n\n\n\n<figure class=\"wp-block-gallery has-nested-images columns-default is-cropped wp-block-gallery-1 is-layout-flex wp-block-gallery-is-layout-flex\">\n<figure class=\"wp-block-image size-large\"><img fetchpriority=\"high\" decoding=\"async\" width=\"1024\" height=\"521\" data-id=\"8244\" src=\"https:\/\/salesianossp.org.br\/ositaquera\/wp-content\/uploads\/2024\/03\/Visita-Uninove-1-TRATADA-ESTA-horizontal-1024x521.png\" alt=\"\" class=\"wp-image-8244\" srcset=\"https:\/\/salesianossp.org.br\/ositaquera\/wp-content\/uploads\/2024\/03\/Visita-Uninove-1-TRATADA-ESTA-horizontal-1024x521.png 1024w, https:\/\/salesianossp.org.br\/ositaquera\/wp-content\/uploads\/2024\/03\/Visita-Uninove-1-TRATADA-ESTA-horizontal-300x153.png 300w, https:\/\/salesianossp.org.br\/ositaquera\/wp-content\/uploads\/2024\/03\/Visita-Uninove-1-TRATADA-ESTA-horizontal-768x391.png 768w, https:\/\/salesianossp.org.br\/ositaquera\/wp-content\/uploads\/2024\/03\/Visita-Uninove-1-TRATADA-ESTA-horizontal.png 1044w\" sizes=\"(max-width: 1024px) 100vw, 1024px\" \/><\/figure>\n<figcaption class=\"blocks-gallery-caption wp-element-caption\"><em>Da esquerda para a direita, a diretora executiva da Obra Social Dom Bosco, Cristiane Vitale, a coordenadora do servi\u00e7o social da UNINOVE, Viviane Delgado, o diretor presidente e fundador da OSDB, Padre Rosalvino Mor\u00e1n Vi\u00f1ayo; o reitor da UNINOVE, Eduardo Stor\u00f3poli; o diretor tesoureiro da OSDB, Padre Aramis Francisco Biaggi; e a gerente de servi\u00e7o e do NCI da OSDB, Cristiane Perez. <\/em> FOTO: DIVULGA\u00c7\u00c3O<\/figcaption><\/figure>\n\n\n\n<div style=\"height:39px\" aria-hidden=\"true\" class=\"wp-block-spacer\"><\/div>\n\n\n\n<p>Em visita ao Campus Vergueiro da Universidade Nove de Julho, a UNINOVE, na quarta-feira, 20 de mar\u00e7o, na regi\u00e3o central da cidade de S\u00e3o Paulo, o diretor presidente e fundador da Obra Social Dom Bosco, Padre Rosalvino Mor\u00e1n Vi\u00f1ayo, o diretor tesoureiro da OSDB, Padre Aramis Francisco Biaggi, a diretora executiva da Obra, Cristiane Vitale, e a gerente de servi\u00e7o e do NCI da Dom Bosco, Cristiane Perez, se reuniram com o reitor da UNINOVE, Eduardo Stor\u00f3poli, e com a coordenadora do servi\u00e7o social da institui\u00e7\u00e3o, Viviane Delgado, para dialogar e conhecer a estrutura e programas desenvolvidos pela universidade, como a \u00e1rea de Cl\u00ednicas M\u00e9dica e Odontol\u00f3gica do centro acad\u00eamico, que oferece, gratuitamente, atendimento \u00e0 popula\u00e7\u00e3o, com o aux\u00edlio dos estudantes e professores da pr\u00f3pria institui\u00e7\u00e3o.<\/p>\n\n\n\n<div style=\"height:60px\" aria-hidden=\"true\" class=\"wp-block-spacer\"><\/div>\n\n\n\n<figure class=\"wp-block-gallery has-nested-images columns-default is-cropped wp-block-gallery-2 is-layout-flex wp-block-gallery-is-layout-flex\">\n<figure class=\"wp-block-image size-large\"><img decoding=\"async\" width=\"1024\" height=\"496\" data-id=\"8246\" src=\"https:\/\/salesianossp.org.br\/ositaquera\/wp-content\/uploads\/2024\/03\/Visita-Uninove-Clinicas-Medicas-TRATADA-esta-1024x496.png\" alt=\"\" class=\"wp-image-8246\" srcset=\"https:\/\/salesianossp.org.br\/ositaquera\/wp-content\/uploads\/2024\/03\/Visita-Uninove-Clinicas-Medicas-TRATADA-esta-1024x496.png 1024w, https:\/\/salesianossp.org.br\/ositaquera\/wp-content\/uploads\/2024\/03\/Visita-Uninove-Clinicas-Medicas-TRATADA-esta-300x145.png 300w, https:\/\/salesianossp.org.br\/ositaquera\/wp-content\/uploads\/2024\/03\/Visita-Uninove-Clinicas-Medicas-TRATADA-esta-768x372.png 768w, https:\/\/salesianossp.org.br\/ositaquera\/wp-content\/uploads\/2024\/03\/Visita-Uninove-Clinicas-Medicas-TRATADA-esta.png 1363w\" sizes=\"(max-width: 1024px) 100vw, 1024px\" \/><\/figure>\n<figcaption class=\"blocks-gallery-caption wp-element-caption\"><em>Comitiva da Obra Social Dom Bosco visita instala\u00e7\u00f5es das Cl\u00ednicas M\u00e9dica e Odontol\u00f3gica da UNINOVE, no campus Vergueiro, da universidade.<\/em><\/figcaption><\/figure>\n\n\n\n<div style=\"height:55px\" aria-hidden=\"true\" class=\"wp-block-spacer\"><\/div>\n\n\n\n<p>Ainda durante a visita, a comitiva salesiana de Itaquera e a reitoria da UNINOVE firmaram e renovaram novas a\u00e7\u00f5es e parcerias, como a concess\u00e3o de bolsas integrais para os colaboradores da Obra Social, tanto nas modalidades presencial, como no formato em EaD (Ensino \u00e0 Dist\u00e2ncia), al\u00e9m da articula\u00e7\u00e3o de campanhas e mobiliza\u00e7\u00f5es em rede, de forma colaborativa e engajada, para promo\u00e7\u00e3o de ambas as organiza\u00e7\u00f5es.<\/p>\n\n\n\n<p>O encontro foi finalizado com a perspectiva de amplia\u00e7\u00e3o das atividades j\u00e1 realizadas, visando a cria\u00e7\u00e3o e a implementa\u00e7\u00e3o de projetos futuros.<\/p>\n","protected":false},"excerpt":{"rendered":"<p>Em encontro realizado no campus vergueiro da Universidade Nove de Julho, na regi\u00e3o central da capital paulista, ambas as institui\u00e7\u00f5es educacionais dialogaram sobre a amplia\u00e7\u00e3o das atividades realizadas, visando ainda projetos futuros.<\/p>\n","protected":false},"author":27,"featured_media":8247,"comment_status":"open","ping_status":"open","sticky":false,"template":"","format":"standard","meta":{"footnotes":""},"categories":[59],"tags":[],"class_list":["post-8242","post","type-post","status-publish","format-standard","has-post-thumbnail","hentry","category-noticias"],"yoast_head":"<!-- This site is optimized with the Yoast SEO plugin v27.4 - https:\/\/yoast.com\/product\/yoast-seo-wordpress\/ -->\n<title>DOM BOSCO E UNINOVE RENOVAM PARCERIA E BUSCAM AMPLIAR A\u00c7\u00d5ES E ATIVIDADES - Obra Social Dom Bosco<\/title>\n<meta name=\"robots\" content=\"index, follow, max-snippet:-1, max-image-preview:large, max-video-preview:-1\" \/>\n<link rel=\"canonical\" href=\"https:\/\/salesianossp.org.br\/ositaquera\/dom-bosco-e-uninove-renovam-parceria-e-buscam-ampliar-acoes-e-atividades\/\" \/>\n<meta property=\"og:locale\" content=\"pt_BR\" \/>\n<meta property=\"og:type\" content=\"article\" \/>\n<meta property=\"og:title\" content=\"DOM BOSCO E UNINOVE RENOVAM PARCERIA E BUSCAM AMPLIAR A\u00c7\u00d5ES E ATIVIDADES - Obra Social Dom Bosco\" \/>\n<meta property=\"og:description\" content=\"Em encontro realizado no campus vergueiro da Universidade Nove de Julho, na regi\u00e3o central da capital paulista, ambas as institui\u00e7\u00f5es educacionais dialogaram sobre a amplia\u00e7\u00e3o das atividades realizadas, visando ainda projetos futuros.\" \/>\n<meta property=\"og:url\" content=\"https:\/\/salesianossp.org.br\/ositaquera\/dom-bosco-e-uninove-renovam-parceria-e-buscam-ampliar-acoes-e-atividades\/\" \/>\n<meta property=\"og:site_name\" content=\"Obra Social Dom Bosco\" \/>\n<meta property=\"article:publisher\" content=\"https:\/\/www.facebook.com\/domboscoitaquera\" \/>\n<meta property=\"article:published_time\" content=\"2024-03-28T21:35:28+00:00\" \/>\n<meta property=\"og:image\" content=\"https:\/\/salesianossp.org.br\/ositaquera\/wp-content\/uploads\/2024\/03\/CAPA-MATERIA-UNINOVE-1024x1019.png\" \/>\n\t<meta property=\"og:image:width\" content=\"1024\" \/>\n\t<meta property=\"og:image:height\" content=\"1019\" \/>\n\t<meta property=\"og:image:type\" content=\"image\/png\" \/>\n<meta name=\"author\" content=\"Lucas Rodrigues\" \/>\n<meta name=\"twitter:card\" content=\"summary_large_image\" \/>\n<meta name=\"twitter:label1\" content=\"Escrito por\" \/>\n\t<meta name=\"twitter:data1\" content=\"Lucas Rodrigues\" \/>\n\t<meta name=\"twitter:label2\" content=\"Est. tempo de leitura\" \/>\n\t<meta name=\"twitter:data2\" content=\"2 minutos\" \/>\n<script type=\"application\/ld+json\" class=\"yoast-schema-graph\">{\"@context\":\"https:\\\/\\\/schema.org\",\"@graph\":[{\"@type\":\"Article\",\"@id\":\"https:\\\/\\\/salesianossp.org.br\\\/ositaquera\\\/dom-bosco-e-uninove-renovam-parceria-e-buscam-ampliar-acoes-e-atividades\\\/#article\",\"isPartOf\":{\"@id\":\"https:\\\/\\\/salesianossp.org.br\\\/ositaquera\\\/dom-bosco-e-uninove-renovam-parceria-e-buscam-ampliar-acoes-e-atividades\\\/\"},\"author\":{\"name\":\"Lucas Rodrigues\",\"@id\":\"https:\\\/\\\/salesianossp.org.br\\\/ositaquera\\\/#\\\/schema\\\/person\\\/612e159822bfeed64312a453b075f9de\"},\"headline\":\"DOM BOSCO E UNINOVE RENOVAM PARCERIA E BUSCAM AMPLIAR A\u00c7\u00d5ES E ATIVIDADES\",\"datePublished\":\"2024-03-28T21:35:28+00:00\",\"mainEntityOfPage\":{\"@id\":\"https:\\\/\\\/salesianossp.org.br\\\/ositaquera\\\/dom-bosco-e-uninove-renovam-parceria-e-buscam-ampliar-acoes-e-atividades\\\/\"},\"wordCount\":349,\"commentCount\":0,\"publisher\":{\"@id\":\"https:\\\/\\\/salesianossp.org.br\\\/ositaquera\\\/#organization\"},\"image\":{\"@id\":\"https:\\\/\\\/salesianossp.org.br\\\/ositaquera\\\/dom-bosco-e-uninove-renovam-parceria-e-buscam-ampliar-acoes-e-atividades\\\/#primaryimage\"},\"thumbnailUrl\":\"https:\\\/\\\/salesianossp.org.br\\\/ositaquera\\\/wp-content\\\/uploads\\\/2024\\\/03\\\/CAPA-MATERIA-UNINOVE.png\",\"articleSection\":[\"Not\u00edcias\"],\"inLanguage\":\"pt-BR\",\"potentialAction\":[{\"@type\":\"CommentAction\",\"name\":\"Comment\",\"target\":[\"https:\\\/\\\/salesianossp.org.br\\\/ositaquera\\\/dom-bosco-e-uninove-renovam-parceria-e-buscam-ampliar-acoes-e-atividades\\\/#respond\"]}]},{\"@type\":\"WebPage\",\"@id\":\"https:\\\/\\\/salesianossp.org.br\\\/ositaquera\\\/dom-bosco-e-uninove-renovam-parceria-e-buscam-ampliar-acoes-e-atividades\\\/\",\"url\":\"https:\\\/\\\/salesianossp.org.br\\\/ositaquera\\\/dom-bosco-e-uninove-renovam-parceria-e-buscam-ampliar-acoes-e-atividades\\\/\",\"name\":\"DOM BOSCO E UNINOVE RENOVAM PARCERIA E BUSCAM AMPLIAR A\u00c7\u00d5ES E ATIVIDADES - Obra Social Dom Bosco\",\"isPartOf\":{\"@id\":\"https:\\\/\\\/salesianossp.org.br\\\/ositaquera\\\/#website\"},\"primaryImageOfPage\":{\"@id\":\"https:\\\/\\\/salesianossp.org.br\\\/ositaquera\\\/dom-bosco-e-uninove-renovam-parceria-e-buscam-ampliar-acoes-e-atividades\\\/#primaryimage\"},\"image\":{\"@id\":\"https:\\\/\\\/salesianossp.org.br\\\/ositaquera\\\/dom-bosco-e-uninove-renovam-parceria-e-buscam-ampliar-acoes-e-atividades\\\/#primaryimage\"},\"thumbnailUrl\":\"https:\\\/\\\/salesianossp.org.br\\\/ositaquera\\\/wp-content\\\/uploads\\\/2024\\\/03\\\/CAPA-MATERIA-UNINOVE.png\",\"datePublished\":\"2024-03-28T21:35:28+00:00\",\"breadcrumb\":{\"@id\":\"https:\\\/\\\/salesianossp.org.br\\\/ositaquera\\\/dom-bosco-e-uninove-renovam-parceria-e-buscam-ampliar-acoes-e-atividades\\\/#breadcrumb\"},\"inLanguage\":\"pt-BR\",\"potentialAction\":[{\"@type\":\"ReadAction\",\"target\":[\"https:\\\/\\\/salesianossp.org.br\\\/ositaquera\\\/dom-bosco-e-uninove-renovam-parceria-e-buscam-ampliar-acoes-e-atividades\\\/\"]}]},{\"@type\":\"ImageObject\",\"inLanguage\":\"pt-BR\",\"@id\":\"https:\\\/\\\/salesianossp.org.br\\\/ositaquera\\\/dom-bosco-e-uninove-renovam-parceria-e-buscam-ampliar-acoes-e-atividades\\\/#primaryimage\",\"url\":\"https:\\\/\\\/salesianossp.org.br\\\/ositaquera\\\/wp-content\\\/uploads\\\/2024\\\/03\\\/CAPA-MATERIA-UNINOVE.png\",\"contentUrl\":\"https:\\\/\\\/salesianossp.org.br\\\/ositaquera\\\/wp-content\\\/uploads\\\/2024\\\/03\\\/CAPA-MATERIA-UNINOVE.png\",\"width\":1299,\"height\":1293},{\"@type\":\"BreadcrumbList\",\"@id\":\"https:\\\/\\\/salesianossp.org.br\\\/ositaquera\\\/dom-bosco-e-uninove-renovam-parceria-e-buscam-ampliar-acoes-e-atividades\\\/#breadcrumb\",\"itemListElement\":[{\"@type\":\"ListItem\",\"position\":1,\"name\":\"In\u00edcio\",\"item\":\"https:\\\/\\\/salesianossp.org.br\\\/ositaquera\\\/\"},{\"@type\":\"ListItem\",\"position\":2,\"name\":\"DOM BOSCO E UNINOVE RENOVAM PARCERIA E BUSCAM AMPLIAR A\u00c7\u00d5ES E ATIVIDADES\"}]},{\"@type\":\"WebSite\",\"@id\":\"https:\\\/\\\/salesianossp.org.br\\\/ositaquera\\\/#website\",\"url\":\"https:\\\/\\\/salesianossp.org.br\\\/ositaquera\\\/\",\"name\":\"Obra Social Dom Bosco\",\"description\":\"\",\"publisher\":{\"@id\":\"https:\\\/\\\/salesianossp.org.br\\\/ositaquera\\\/#organization\"},\"potentialAction\":[{\"@type\":\"SearchAction\",\"target\":{\"@type\":\"EntryPoint\",\"urlTemplate\":\"https:\\\/\\\/salesianossp.org.br\\\/ositaquera\\\/?s={search_term_string}\"},\"query-input\":{\"@type\":\"PropertyValueSpecification\",\"valueRequired\":true,\"valueName\":\"search_term_string\"}}],\"inLanguage\":\"pt-BR\"},{\"@type\":\"Organization\",\"@id\":\"https:\\\/\\\/salesianossp.org.br\\\/ositaquera\\\/#organization\",\"name\":\"Obra Social Dom Bosco\",\"url\":\"https:\\\/\\\/salesianossp.org.br\\\/ositaquera\\\/\",\"logo\":{\"@type\":\"ImageObject\",\"inLanguage\":\"pt-BR\",\"@id\":\"https:\\\/\\\/salesianossp.org.br\\\/ositaquera\\\/#\\\/schema\\\/logo\\\/image\\\/\",\"url\":\"https:\\\/\\\/salesianossp.org.br\\\/ositaquera\\\/wp-content\\\/uploads\\\/2024\\\/03\\\/logo-obra-social-dom-bosco-itaquera-h-scaled.png\",\"contentUrl\":\"https:\\\/\\\/salesianossp.org.br\\\/ositaquera\\\/wp-content\\\/uploads\\\/2024\\\/03\\\/logo-obra-social-dom-bosco-itaquera-h-scaled.png\",\"width\":2560,\"height\":672,\"caption\":\"Obra Social Dom Bosco\"},\"image\":{\"@id\":\"https:\\\/\\\/salesianossp.org.br\\\/ositaquera\\\/#\\\/schema\\\/logo\\\/image\\\/\"},\"sameAs\":[\"https:\\\/\\\/www.facebook.com\\\/domboscoitaquera\",\"https:\\\/\\\/br.linkedin.com\\\/company\\\/domboscoitaquera\",\"https:\\\/\\\/www.youtube.com\\\/channel\\\/UCMIUZW8mqlpEbP7Dy02veOw\",\"https:\\\/\\\/www.instagram.com\\\/obradombosco\\\/\"]},{\"@type\":\"Person\",\"@id\":\"https:\\\/\\\/salesianossp.org.br\\\/ositaquera\\\/#\\\/schema\\\/person\\\/612e159822bfeed64312a453b075f9de\",\"name\":\"Lucas Rodrigues\",\"image\":{\"@type\":\"ImageObject\",\"inLanguage\":\"pt-BR\",\"@id\":\"https:\\\/\\\/secure.gravatar.com\\\/avatar\\\/0ad9c966c6ed3335d7fffe2c3b88880dd298c0817b71e20a6955c38f2a53f746?s=96&d=mm&r=g\",\"url\":\"https:\\\/\\\/secure.gravatar.com\\\/avatar\\\/0ad9c966c6ed3335d7fffe2c3b88880dd298c0817b71e20a6955c38f2a53f746?s=96&d=mm&r=g\",\"contentUrl\":\"https:\\\/\\\/secure.gravatar.com\\\/avatar\\\/0ad9c966c6ed3335d7fffe2c3b88880dd298c0817b71e20a6955c38f2a53f746?s=96&d=mm&r=g\",\"caption\":\"Lucas Rodrigues\"},\"url\":\"https:\\\/\\\/salesianossp.org.br\\\/ositaquera\\\/author\\\/lucas-rodrigues\\\/\"}]}<\/script>\n<!-- \/ Yoast SEO plugin. -->","yoast_head_json":{"title":"DOM BOSCO E UNINOVE RENOVAM PARCERIA E BUSCAM AMPLIAR A\u00c7\u00d5ES E ATIVIDADES - Obra Social Dom Bosco","robots":{"index":"index","follow":"follow","max-snippet":"max-snippet:-1","max-image-preview":"max-image-preview:large","max-video-preview":"max-video-preview:-1"},"canonical":"https:\/\/salesianossp.org.br\/ositaquera\/dom-bosco-e-uninove-renovam-parceria-e-buscam-ampliar-acoes-e-atividades\/","og_locale":"pt_BR","og_type":"article","og_title":"DOM BOSCO E UNINOVE RENOVAM PARCERIA E BUSCAM AMPLIAR A\u00c7\u00d5ES E ATIVIDADES - Obra Social Dom Bosco","og_description":"Em encontro realizado no campus vergueiro da Universidade Nove de Julho, na regi\u00e3o central da capital paulista, ambas as institui\u00e7\u00f5es educacionais dialogaram sobre a amplia\u00e7\u00e3o das atividades realizadas, visando ainda projetos futuros.","og_url":"https:\/\/salesianossp.org.br\/ositaquera\/dom-bosco-e-uninove-renovam-parceria-e-buscam-ampliar-acoes-e-atividades\/","og_site_name":"Obra Social Dom Bosco","article_publisher":"https:\/\/www.facebook.com\/domboscoitaquera","article_published_time":"2024-03-28T21:35:28+00:00","og_image":[{"width":1024,"height":1019,"url":"https:\/\/salesianossp.org.br\/ositaquera\/wp-content\/uploads\/2024\/03\/CAPA-MATERIA-UNINOVE-1024x1019.png","type":"image\/png"}],"author":"Lucas Rodrigues","twitter_card":"summary_large_image","twitter_misc":{"Escrito por":"Lucas Rodrigues","Est. tempo de leitura":"2 minutos"},"schema":{"@context":"https:\/\/schema.org","@graph":[{"@type":"Article","@id":"https:\/\/salesianossp.org.br\/ositaquera\/dom-bosco-e-uninove-renovam-parceria-e-buscam-ampliar-acoes-e-atividades\/#article","isPartOf":{"@id":"https:\/\/salesianossp.org.br\/ositaquera\/dom-bosco-e-uninove-renovam-parceria-e-buscam-ampliar-acoes-e-atividades\/"},"author":{"name":"Lucas Rodrigues","@id":"https:\/\/salesianossp.org.br\/ositaquera\/#\/schema\/person\/612e159822bfeed64312a453b075f9de"},"headline":"DOM BOSCO E UNINOVE RENOVAM PARCERIA E BUSCAM AMPLIAR A\u00c7\u00d5ES E ATIVIDADES","datePublished":"2024-03-28T21:35:28+00:00","mainEntityOfPage":{"@id":"https:\/\/salesianossp.org.br\/ositaquera\/dom-bosco-e-uninove-renovam-parceria-e-buscam-ampliar-acoes-e-atividades\/"},"wordCount":349,"commentCount":0,"publisher":{"@id":"https:\/\/salesianossp.org.br\/ositaquera\/#organization"},"image":{"@id":"https:\/\/salesianossp.org.br\/ositaquera\/dom-bosco-e-uninove-renovam-parceria-e-buscam-ampliar-acoes-e-atividades\/#primaryimage"},"thumbnailUrl":"https:\/\/salesianossp.org.br\/ositaquera\/wp-content\/uploads\/2024\/03\/CAPA-MATERIA-UNINOVE.png","articleSection":["Not\u00edcias"],"inLanguage":"pt-BR","potentialAction":[{"@type":"CommentAction","name":"Comment","target":["https:\/\/salesianossp.org.br\/ositaquera\/dom-bosco-e-uninove-renovam-parceria-e-buscam-ampliar-acoes-e-atividades\/#respond"]}]},{"@type":"WebPage","@id":"https:\/\/salesianossp.org.br\/ositaquera\/dom-bosco-e-uninove-renovam-parceria-e-buscam-ampliar-acoes-e-atividades\/","url":"https:\/\/salesianossp.org.br\/ositaquera\/dom-bosco-e-uninove-renovam-parceria-e-buscam-ampliar-acoes-e-atividades\/","name":"DOM BOSCO E UNINOVE RENOVAM PARCERIA E BUSCAM AMPLIAR A\u00c7\u00d5ES E ATIVIDADES - Obra Social Dom Bosco","isPartOf":{"@id":"https:\/\/salesianossp.org.br\/ositaquera\/#website"},"primaryImageOfPage":{"@id":"https:\/\/salesianossp.org.br\/ositaquera\/dom-bosco-e-uninove-renovam-parceria-e-buscam-ampliar-acoes-e-atividades\/#primaryimage"},"image":{"@id":"https:\/\/salesianossp.org.br\/ositaquera\/dom-bosco-e-uninove-renovam-parceria-e-buscam-ampliar-acoes-e-atividades\/#primaryimage"},"thumbnailUrl":"https:\/\/salesianossp.org.br\/ositaquera\/wp-content\/uploads\/2024\/03\/CAPA-MATERIA-UNINOVE.png","datePublished":"2024-03-28T21:35:28+00:00","breadcrumb":{"@id":"https:\/\/salesianossp.org.br\/ositaquera\/dom-bosco-e-uninove-renovam-parceria-e-buscam-ampliar-acoes-e-atividades\/#breadcrumb"},"inLanguage":"pt-BR","potentialAction":[{"@type":"ReadAction","target":["https:\/\/salesianossp.org.br\/ositaquera\/dom-bosco-e-uninove-renovam-parceria-e-buscam-ampliar-acoes-e-atividades\/"]}]},{"@type":"ImageObject","inLanguage":"pt-BR","@id":"https:\/\/salesianossp.org.br\/ositaquera\/dom-bosco-e-uninove-renovam-parceria-e-buscam-ampliar-acoes-e-atividades\/#primaryimage","url":"https:\/\/salesianossp.org.br\/ositaquera\/wp-content\/uploads\/2024\/03\/CAPA-MATERIA-UNINOVE.png","contentUrl":"https:\/\/salesianossp.org.br\/ositaquera\/wp-content\/uploads\/2024\/03\/CAPA-MATERIA-UNINOVE.png","width":1299,"height":1293},{"@type":"BreadcrumbList","@id":"https:\/\/salesianossp.org.br\/ositaquera\/dom-bosco-e-uninove-renovam-parceria-e-buscam-ampliar-acoes-e-atividades\/#breadcrumb","itemListElement":[{"@type":"ListItem","position":1,"name":"In\u00edcio","item":"https:\/\/salesianossp.org.br\/ositaquera\/"},{"@type":"ListItem","position":2,"name":"DOM BOSCO E UNINOVE RENOVAM PARCERIA E BUSCAM AMPLIAR A\u00c7\u00d5ES E ATIVIDADES"}]},{"@type":"WebSite","@id":"https:\/\/salesianossp.org.br\/ositaquera\/#website","url":"https:\/\/salesianossp.org.br\/ositaquera\/","name":"Obra Social Dom Bosco","description":"","publisher":{"@id":"https:\/\/salesianossp.org.br\/ositaquera\/#organization"},"potentialAction":[{"@type":"SearchAction","target":{"@type":"EntryPoint","urlTemplate":"https:\/\/salesianossp.org.br\/ositaquera\/?s={search_term_string}"},"query-input":{"@type":"PropertyValueSpecification","valueRequired":true,"valueName":"search_term_string"}}],"inLanguage":"pt-BR"},{"@type":"Organization","@id":"https:\/\/salesianossp.org.br\/ositaquera\/#organization","name":"Obra Social Dom Bosco","url":"https:\/\/salesianossp.org.br\/ositaquera\/","logo":{"@type":"ImageObject","inLanguage":"pt-BR","@id":"https:\/\/salesianossp.org.br\/ositaquera\/#\/schema\/logo\/image\/","url":"https:\/\/salesianossp.org.br\/ositaquera\/wp-content\/uploads\/2024\/03\/logo-obra-social-dom-bosco-itaquera-h-scaled.png","contentUrl":"https:\/\/salesianossp.org.br\/ositaquera\/wp-content\/uploads\/2024\/03\/logo-obra-social-dom-bosco-itaquera-h-scaled.png","width":2560,"height":672,"caption":"Obra Social Dom Bosco"},"image":{"@id":"https:\/\/salesianossp.org.br\/ositaquera\/#\/schema\/logo\/image\/"},"sameAs":["https:\/\/www.facebook.com\/domboscoitaquera","https:\/\/br.linkedin.com\/company\/domboscoitaquera","https:\/\/www.youtube.com\/channel\/UCMIUZW8mqlpEbP7Dy02veOw","https:\/\/www.instagram.com\/obradombosco\/"]},{"@type":"Person","@id":"https:\/\/salesianossp.org.br\/ositaquera\/#\/schema\/person\/612e159822bfeed64312a453b075f9de","name":"Lucas Rodrigues","image":{"@type":"ImageObject","inLanguage":"pt-BR","@id":"https:\/\/secure.gravatar.com\/avatar\/0ad9c966c6ed3335d7fffe2c3b88880dd298c0817b71e20a6955c38f2a53f746?s=96&d=mm&r=g","url":"https:\/\/secure.gravatar.com\/avatar\/0ad9c966c6ed3335d7fffe2c3b88880dd298c0817b71e20a6955c38f2a53f746?s=96&d=mm&r=g","contentUrl":"https:\/\/secure.gravatar.com\/avatar\/0ad9c966c6ed3335d7fffe2c3b88880dd298c0817b71e20a6955c38f2a53f746?s=96&d=mm&r=g","caption":"Lucas Rodrigues"},"url":"https:\/\/salesianossp.org.br\/ositaquera\/author\/lucas-rodrigues\/"}]}},"_links":{"self":[{"href":"https:\/\/salesianossp.org.br\/ositaquera\/wp-json\/wp\/v2\/posts\/8242","targetHints":{"allow":["GET"]}}],"collection":[{"href":"https:\/\/salesianossp.org.br\/ositaquera\/wp-json\/wp\/v2\/posts"}],"about":[{"href":"https:\/\/salesianossp.org.br\/ositaquera\/wp-json\/wp\/v2\/types\/post"}],"author":[{"embeddable":true,"href":"https:\/\/salesianossp.org.br\/ositaquera\/wp-json\/wp\/v2\/users\/27"}],"replies":[{"embeddable":true,"href":"https:\/\/salesianossp.org.br\/ositaquera\/wp-json\/wp\/v2\/comments?post=8242"}],"version-history":[{"count":0,"href":"https:\/\/salesianossp.org.br\/ositaquera\/wp-json\/wp\/v2\/posts\/8242\/revisions"}],"wp:featuredmedia":[{"embeddable":true,"href":"https:\/\/salesianossp.org.br\/ositaquera\/wp-json\/wp\/v2\/media\/8247"}],"wp:attachment":[{"href":"https:\/\/salesianossp.org.br\/ositaquera\/wp-json\/wp\/v2\/media?parent=8242"}],"wp:term":[{"taxonomy":"category","embeddable":true,"href":"https:\/\/salesianossp.org.br\/ositaquera\/wp-json\/wp\/v2\/categories?post=8242"},{"taxonomy":"post_tag","embeddable":true,"href":"https:\/\/salesianossp.org.br\/ositaquera\/wp-json\/wp\/v2\/tags?post=8242"}],"curies":[{"name":"wp","href":"https:\/\/api.w.org\/{rel}","templated":true}]}}