{"id":8701,"date":"2025-06-11T13:04:15","date_gmt":"2025-06-11T16:04:15","guid":{"rendered":"https:\/\/salesianossp.org.br\/ositaquera\/?p=8701"},"modified":"2025-06-11T13:04:15","modified_gmt":"2025-06-11T16:04:15","slug":"escola-de-samba-dom-bosco-de-itaquera-celebra-25-anos-com-premiacoes-e-inicia-os-preparativos-para-o-carnaval-2026","status":"publish","type":"post","link":"https:\/\/salesianossp.org.br\/ositaquera\/escola-de-samba-dom-bosco-de-itaquera-celebra-25-anos-com-premiacoes-e-inicia-os-preparativos-para-o-carnaval-2026\/","title":{"rendered":"ESCOLA DE SAMBA DOM BOSCO DE ITAQUERA CELEBRA 25 ANOS COM PREMIA\u00c7\u00d5ES E INICIA OS PREPARATIVOS PARA O CARNAVAL 2026"},"content":{"rendered":"\n<p>A Escola de Samba Dom Bosco de Itaquera, que completou 25 anos no \u00faltimo m\u00eas de fevereiro, foi um dos grandes destaques do Carnaval 2025 com o enredo \u201cO Circo M\u00edstico das Ilus\u00f5es\u201d, apresentado no Samb\u00f3dromo do Anhembi. A proposta mergulhou no universo encantado dos espet\u00e1culos circenses, trazendo \u00e0 avenida a magia, o mist\u00e9rio e as hist\u00f3rias que percorriam o pa\u00eds por meio das caravanas. O desfile rendeu \u00e0 agremia\u00e7\u00e3o o quinto lugar no Grupo de Acesso I da LIGA-SP, mas foi amplamente reconhecido pela cr\u00edtica especializada, conquistando os pr\u00eamios de Melhor Enredo e Melhor Conjunto de Fantasias pelo tradicional Pr\u00eamio Melhor do Acesso, concedido pela imprensa carnavalesca.<\/p>\n\n\n\n<div style=\"height:50px\" aria-hidden=\"true\" class=\"wp-block-spacer\"><\/div>\n\n\n\n<figure class=\"wp-block-image aligncenter size-full\"><img fetchpriority=\"high\" decoding=\"async\" width=\"1600\" height=\"676\" src=\"https:\/\/salesianossp.org.br\/ositaquera\/wp-content\/uploads\/2025\/06\/carnaval-3.jpg\" alt=\"\" class=\"wp-image-8703\" srcset=\"https:\/\/salesianossp.org.br\/ositaquera\/wp-content\/uploads\/2025\/06\/carnaval-3.jpg 1600w, https:\/\/salesianossp.org.br\/ositaquera\/wp-content\/uploads\/2025\/06\/carnaval-3-300x127.jpg 300w, https:\/\/salesianossp.org.br\/ositaquera\/wp-content\/uploads\/2025\/06\/carnaval-3-1024x433.jpg 1024w, https:\/\/salesianossp.org.br\/ositaquera\/wp-content\/uploads\/2025\/06\/carnaval-3-768x324.jpg 768w, https:\/\/salesianossp.org.br\/ositaquera\/wp-content\/uploads\/2025\/06\/carnaval-3-1536x649.jpg 1536w\" sizes=\"(max-width: 1600px) 100vw, 1600px\" \/><\/figure>\n\n\n\n<div style=\"height:49px\" aria-hidden=\"true\" class=\"wp-block-spacer\"><\/div>\n\n\n\n<p>Encerrado o desfile, a Dom Bosco j\u00e1 deu in\u00edcio aos preparativos para o pr\u00f3ximo carnaval. A agremia\u00e7\u00e3o tem investido em uma nova estrutura organizacional e criou uma comiss\u00e3o de apoio ao processo de carnaval, dividida em n\u00facleos de eventos, comunica\u00e7\u00e3o, integra\u00e7\u00e3o e produ\u00e7\u00e3o. O objetivo \u00e9 garantir mais efici\u00eancia, participa\u00e7\u00e3o coletiva e integra\u00e7\u00e3o entre os setores. A grande novidade anunciada foi a chegada de Telma Fernandes, que assume a ger\u00eancia de carnaval, refor\u00e7ando o compromisso com o projeto art\u00edstico e social que marca a trajet\u00f3ria da Obra Social Dom Bosco.<\/p>\n\n\n\n<p>Para manter a qualidade e continuidade do trabalho, a escola renovou com importantes nomes de sua equipe: o casal de mestre-sala e porta-bandeira Leonardo e Mariana, o mestre de bateria Bola, o int\u00e9rprete Rodrigo Xar\u00e1, o carnavalesco F\u00e1bio Gouveia e o diretor de barrac\u00e3o Dimas Antunes. Entre as novidades, destaca-se o retorno da core\u00f3grafa Luana Poletti \u00e0 comiss\u00e3o de frente. Filha da casa, Luana retorna para somar com sua experi\u00eancia e criatividade, resgatando a ess\u00eancia da Dom Bosco nas aberturas dos desfiles.<\/p>\n\n\n\n<div style=\"height:51px\" aria-hidden=\"true\" class=\"wp-block-spacer\"><\/div>\n\n\n\n<figure class=\"wp-block-image aligncenter size-large\"><img decoding=\"async\" width=\"1024\" height=\"768\" src=\"https:\/\/salesianossp.org.br\/ositaquera\/wp-content\/uploads\/2025\/06\/carnaval-5-1024x768.jpg\" alt=\"\" class=\"wp-image-8704\" srcset=\"https:\/\/salesianossp.org.br\/ositaquera\/wp-content\/uploads\/2025\/06\/carnaval-5-1024x768.jpg 1024w, https:\/\/salesianossp.org.br\/ositaquera\/wp-content\/uploads\/2025\/06\/carnaval-5-300x225.jpg 300w, https:\/\/salesianossp.org.br\/ositaquera\/wp-content\/uploads\/2025\/06\/carnaval-5-768x576.jpg 768w, https:\/\/salesianossp.org.br\/ositaquera\/wp-content\/uploads\/2025\/06\/carnaval-5-1536x1152.jpg 1536w, https:\/\/salesianossp.org.br\/ositaquera\/wp-content\/uploads\/2025\/06\/carnaval-5.jpg 1600w\" sizes=\"(max-width: 1024px) 100vw, 1024px\" \/><\/figure>\n\n\n\n<div style=\"height:50px\" aria-hidden=\"true\" class=\"wp-block-spacer\"><\/div>\n\n\n\n<p>No \u00faltimo dia 31 de maio, a comunidade lotou o Circo Social durante a primeira grande feijoada do ano, que contou com apresenta\u00e7\u00f5es de grupos culturais como Kizomba pra Preto, Congada de Santa Efig\u00eania, Samba da Velha Guarda e Grupo Abayomi. O evento tamb\u00e9m teve a participa\u00e7\u00e3o especial da campe\u00e3 do Carnaval 2025, Rosas de Ouro. Foi nesse clima de celebra\u00e7\u00e3o que a Dom Bosco revelou o enredo para o Carnaval 2026: \u201cMariama, m\u00e3e de todas as ra\u00e7as, de todas as cores, m\u00e3e de todos os cantos da terra\u201d, novamente sob a assinatura do carnavalesco F\u00e1bio Gouveia. Inspirado no emblem\u00e1tico \u00e1lbum \u201cA Missa dos Quilombos\u201d, lan\u00e7ado por Milton Nascimento em 1982, o enredo valoriza a identidade negra brasileira e traz como figura central Mariama, a M\u00e3e Aparecida \u2014 s\u00edmbolo de acolhimento, for\u00e7a e liberta\u00e7\u00e3o dos oprimidos. Com uma proposta carregada de ancestralidade, espiritualidade e resist\u00eancia, o desfile promete emocionar e provocar reflex\u00f5es, exaltando os desvalidos e desafiando as injusti\u00e7as.<\/p>\n\n\n\n<div style=\"height:50px\" aria-hidden=\"true\" class=\"wp-block-spacer\"><\/div>\n\n\n\n<figure class=\"wp-block-image aligncenter size-large\"><img decoding=\"async\" width=\"1024\" height=\"683\" src=\"https:\/\/salesianossp.org.br\/ositaquera\/wp-content\/uploads\/2025\/06\/carnaval-6-1024x683.jpg\" alt=\"\" class=\"wp-image-8705\" srcset=\"https:\/\/salesianossp.org.br\/ositaquera\/wp-content\/uploads\/2025\/06\/carnaval-6-1024x683.jpg 1024w, https:\/\/salesianossp.org.br\/ositaquera\/wp-content\/uploads\/2025\/06\/carnaval-6-300x200.jpg 300w, https:\/\/salesianossp.org.br\/ositaquera\/wp-content\/uploads\/2025\/06\/carnaval-6-768x512.jpg 768w, https:\/\/salesianossp.org.br\/ositaquera\/wp-content\/uploads\/2025\/06\/carnaval-6-1536x1024.jpg 1536w, https:\/\/salesianossp.org.br\/ositaquera\/wp-content\/uploads\/2025\/06\/carnaval-6.jpg 1600w\" sizes=\"(max-width: 1024px) 100vw, 1024px\" \/><\/figure>\n\n\n\n<div style=\"height:50px\" aria-hidden=\"true\" class=\"wp-block-spacer\"><\/div>\n\n\n\n<p><br>Quem quiser fazer parte desse grande espet\u00e1culo j\u00e1 pode se inscrever para desfilar em 2026. Basta acessar o link abaixo e preencher a ficha de inscri\u00e7\u00e3o.<\/p>\n\n\n\n<p>A Dom Bosco convida sua comunidade e todos os amantes do samba a se unirem mais uma vez nesse projeto de arte, cultura e transforma\u00e7\u00e3o social. Venha desfilar conosco. Viva Mariama, viva a Dom Bosco!<\/p>\n\n\n\n<p><a href=\"https:\/\/docs.google.com\/forms\/d\/17bVnM2TC49F3pvt20SCwq3YsUHCGrkDabzXKX7TCvzw\/edit\">https:\/\/docs.google.com\/forms\/d\/17bVnM2TC49F3pvt20SCwq3YsUHCGrkDabzXKX7TCvzw\/edit<\/a><\/p>\n\n\n\n<div style=\"height:50px\" aria-hidden=\"true\" class=\"wp-block-spacer\"><\/div>\n\n\n\n<figure class=\"wp-block-image size-large\"><img loading=\"lazy\" decoding=\"async\" width=\"1024\" height=\"655\" src=\"https:\/\/salesianossp.org.br\/ositaquera\/wp-content\/uploads\/2025\/06\/carnaval-1024x655.webp\" alt=\"\" class=\"wp-image-8706\" srcset=\"https:\/\/salesianossp.org.br\/ositaquera\/wp-content\/uploads\/2025\/06\/carnaval-1024x655.webp 1024w, https:\/\/salesianossp.org.br\/ositaquera\/wp-content\/uploads\/2025\/06\/carnaval-300x192.webp 300w, https:\/\/salesianossp.org.br\/ositaquera\/wp-content\/uploads\/2025\/06\/carnaval-768x492.webp 768w, https:\/\/salesianossp.org.br\/ositaquera\/wp-content\/uploads\/2025\/06\/carnaval-1536x983.webp 1536w, https:\/\/salesianossp.org.br\/ositaquera\/wp-content\/uploads\/2025\/06\/carnaval.webp 2000w\" sizes=\"(max-width: 1024px) 100vw, 1024px\" \/><\/figure>\n\n\n\n<div style=\"height:50px\" aria-hidden=\"true\" class=\"wp-block-spacer\"><\/div>\n\n\n\n<p><\/p>\n\n\n\n<p><br><\/p>\n\n\n\n<p><br><\/p>\n","protected":false},"excerpt":{"rendered":"<p>A Escola de Samba Dom Bosco de Itaquera, que completou 25 anos no \u00faltimo m\u00eas de fevereiro, foi um dos grandes destaques do Carnaval 2025 com o enredo \u201cO Circo M\u00edstico das Ilus\u00f5es\u201d, apresentado no Samb\u00f3dromo do Anhembi. A proposta mergulhou no universo encantado dos espet\u00e1culos circenses, trazendo \u00e0 avenida a magia, o mist\u00e9rio e [&hellip;]<\/p>\n","protected":false},"author":27,"featured_media":8702,"comment_status":"open","ping_status":"open","sticky":false,"template":"","format":"standard","meta":{"footnotes":""},"categories":[59],"tags":[],"class_list":["post-8701","post","type-post","status-publish","format-standard","has-post-thumbnail","hentry","category-noticias"],"yoast_head":"<!-- This site is optimized with the Yoast SEO plugin v27.4 - https:\/\/yoast.com\/product\/yoast-seo-wordpress\/ -->\n<title>ESCOLA DE SAMBA DOM BOSCO DE ITAQUERA CELEBRA 25 ANOS COM PREMIA\u00c7\u00d5ES E INICIA OS PREPARATIVOS PARA O CARNAVAL 2026 - Obra Social Dom Bosco<\/title>\n<meta name=\"robots\" content=\"index, follow, max-snippet:-1, max-image-preview:large, max-video-preview:-1\" \/>\n<link rel=\"canonical\" href=\"https:\/\/salesianossp.org.br\/ositaquera\/escola-de-samba-dom-bosco-de-itaquera-celebra-25-anos-com-premiacoes-e-inicia-os-preparativos-para-o-carnaval-2026\/\" \/>\n<meta property=\"og:locale\" content=\"pt_BR\" \/>\n<meta property=\"og:type\" content=\"article\" \/>\n<meta property=\"og:title\" content=\"ESCOLA DE SAMBA DOM BOSCO DE ITAQUERA CELEBRA 25 ANOS COM PREMIA\u00c7\u00d5ES E INICIA OS PREPARATIVOS PARA O CARNAVAL 2026 - Obra Social Dom Bosco\" \/>\n<meta property=\"og:description\" content=\"A Escola de Samba Dom Bosco de Itaquera, que completou 25 anos no \u00faltimo m\u00eas de fevereiro, foi um dos grandes destaques do Carnaval 2025 com o enredo \u201cO Circo M\u00edstico das Ilus\u00f5es\u201d, apresentado no Samb\u00f3dromo do Anhembi. A proposta mergulhou no universo encantado dos espet\u00e1culos circenses, trazendo \u00e0 avenida a magia, o mist\u00e9rio e [&hellip;]\" \/>\n<meta property=\"og:url\" content=\"https:\/\/salesianossp.org.br\/ositaquera\/escola-de-samba-dom-bosco-de-itaquera-celebra-25-anos-com-premiacoes-e-inicia-os-preparativos-para-o-carnaval-2026\/\" \/>\n<meta property=\"og:site_name\" content=\"Obra Social Dom Bosco\" \/>\n<meta property=\"article:publisher\" content=\"https:\/\/www.facebook.com\/domboscoitaquera\" \/>\n<meta property=\"article:published_time\" content=\"2025-06-11T16:04:15+00:00\" \/>\n<meta property=\"og:image\" content=\"https:\/\/salesianossp.org.br\/ositaquera\/wp-content\/uploads\/2025\/06\/capa-carnaval.webp\" \/>\n\t<meta property=\"og:image:width\" content=\"899\" \/>\n\t<meta property=\"og:image:height\" content=\"889\" \/>\n\t<meta property=\"og:image:type\" content=\"image\/webp\" \/>\n<meta name=\"author\" content=\"Lucas Rodrigues\" \/>\n<meta name=\"twitter:card\" content=\"summary_large_image\" \/>\n<meta name=\"twitter:label1\" content=\"Escrito por\" \/>\n\t<meta name=\"twitter:data1\" content=\"Lucas Rodrigues\" \/>\n\t<meta name=\"twitter:label2\" content=\"Est. tempo de leitura\" \/>\n\t<meta name=\"twitter:data2\" content=\"3 minutos\" \/>\n<script type=\"application\/ld+json\" class=\"yoast-schema-graph\">{\"@context\":\"https:\\\/\\\/schema.org\",\"@graph\":[{\"@type\":\"Article\",\"@id\":\"https:\\\/\\\/salesianossp.org.br\\\/ositaquera\\\/escola-de-samba-dom-bosco-de-itaquera-celebra-25-anos-com-premiacoes-e-inicia-os-preparativos-para-o-carnaval-2026\\\/#article\",\"isPartOf\":{\"@id\":\"https:\\\/\\\/salesianossp.org.br\\\/ositaquera\\\/escola-de-samba-dom-bosco-de-itaquera-celebra-25-anos-com-premiacoes-e-inicia-os-preparativos-para-o-carnaval-2026\\\/\"},\"author\":{\"name\":\"Lucas Rodrigues\",\"@id\":\"https:\\\/\\\/salesianossp.org.br\\\/ositaquera\\\/#\\\/schema\\\/person\\\/612e159822bfeed64312a453b075f9de\"},\"headline\":\"ESCOLA DE SAMBA DOM BOSCO DE ITAQUERA CELEBRA 25 ANOS COM PREMIA\u00c7\u00d5ES E INICIA OS PREPARATIVOS PARA O CARNAVAL 2026\",\"datePublished\":\"2025-06-11T16:04:15+00:00\",\"mainEntityOfPage\":{\"@id\":\"https:\\\/\\\/salesianossp.org.br\\\/ositaquera\\\/escola-de-samba-dom-bosco-de-itaquera-celebra-25-anos-com-premiacoes-e-inicia-os-preparativos-para-o-carnaval-2026\\\/\"},\"wordCount\":576,\"commentCount\":0,\"publisher\":{\"@id\":\"https:\\\/\\\/salesianossp.org.br\\\/ositaquera\\\/#organization\"},\"image\":{\"@id\":\"https:\\\/\\\/salesianossp.org.br\\\/ositaquera\\\/escola-de-samba-dom-bosco-de-itaquera-celebra-25-anos-com-premiacoes-e-inicia-os-preparativos-para-o-carnaval-2026\\\/#primaryimage\"},\"thumbnailUrl\":\"https:\\\/\\\/salesianossp.org.br\\\/ositaquera\\\/wp-content\\\/uploads\\\/2025\\\/06\\\/capa-carnaval.webp\",\"articleSection\":[\"Not\u00edcias\"],\"inLanguage\":\"pt-BR\",\"potentialAction\":[{\"@type\":\"CommentAction\",\"name\":\"Comment\",\"target\":[\"https:\\\/\\\/salesianossp.org.br\\\/ositaquera\\\/escola-de-samba-dom-bosco-de-itaquera-celebra-25-anos-com-premiacoes-e-inicia-os-preparativos-para-o-carnaval-2026\\\/#respond\"]}]},{\"@type\":\"WebPage\",\"@id\":\"https:\\\/\\\/salesianossp.org.br\\\/ositaquera\\\/escola-de-samba-dom-bosco-de-itaquera-celebra-25-anos-com-premiacoes-e-inicia-os-preparativos-para-o-carnaval-2026\\\/\",\"url\":\"https:\\\/\\\/salesianossp.org.br\\\/ositaquera\\\/escola-de-samba-dom-bosco-de-itaquera-celebra-25-anos-com-premiacoes-e-inicia-os-preparativos-para-o-carnaval-2026\\\/\",\"name\":\"ESCOLA DE SAMBA DOM BOSCO DE ITAQUERA CELEBRA 25 ANOS COM PREMIA\u00c7\u00d5ES E INICIA OS PREPARATIVOS PARA O CARNAVAL 2026 - Obra Social Dom Bosco\",\"isPartOf\":{\"@id\":\"https:\\\/\\\/salesianossp.org.br\\\/ositaquera\\\/#website\"},\"primaryImageOfPage\":{\"@id\":\"https:\\\/\\\/salesianossp.org.br\\\/ositaquera\\\/escola-de-samba-dom-bosco-de-itaquera-celebra-25-anos-com-premiacoes-e-inicia-os-preparativos-para-o-carnaval-2026\\\/#primaryimage\"},\"image\":{\"@id\":\"https:\\\/\\\/salesianossp.org.br\\\/ositaquera\\\/escola-de-samba-dom-bosco-de-itaquera-celebra-25-anos-com-premiacoes-e-inicia-os-preparativos-para-o-carnaval-2026\\\/#primaryimage\"},\"thumbnailUrl\":\"https:\\\/\\\/salesianossp.org.br\\\/ositaquera\\\/wp-content\\\/uploads\\\/2025\\\/06\\\/capa-carnaval.webp\",\"datePublished\":\"2025-06-11T16:04:15+00:00\",\"breadcrumb\":{\"@id\":\"https:\\\/\\\/salesianossp.org.br\\\/ositaquera\\\/escola-de-samba-dom-bosco-de-itaquera-celebra-25-anos-com-premiacoes-e-inicia-os-preparativos-para-o-carnaval-2026\\\/#breadcrumb\"},\"inLanguage\":\"pt-BR\",\"potentialAction\":[{\"@type\":\"ReadAction\",\"target\":[\"https:\\\/\\\/salesianossp.org.br\\\/ositaquera\\\/escola-de-samba-dom-bosco-de-itaquera-celebra-25-anos-com-premiacoes-e-inicia-os-preparativos-para-o-carnaval-2026\\\/\"]}]},{\"@type\":\"ImageObject\",\"inLanguage\":\"pt-BR\",\"@id\":\"https:\\\/\\\/salesianossp.org.br\\\/ositaquera\\\/escola-de-samba-dom-bosco-de-itaquera-celebra-25-anos-com-premiacoes-e-inicia-os-preparativos-para-o-carnaval-2026\\\/#primaryimage\",\"url\":\"https:\\\/\\\/salesianossp.org.br\\\/ositaquera\\\/wp-content\\\/uploads\\\/2025\\\/06\\\/capa-carnaval.webp\",\"contentUrl\":\"https:\\\/\\\/salesianossp.org.br\\\/ositaquera\\\/wp-content\\\/uploads\\\/2025\\\/06\\\/capa-carnaval.webp\",\"width\":899,\"height\":889},{\"@type\":\"BreadcrumbList\",\"@id\":\"https:\\\/\\\/salesianossp.org.br\\\/ositaquera\\\/escola-de-samba-dom-bosco-de-itaquera-celebra-25-anos-com-premiacoes-e-inicia-os-preparativos-para-o-carnaval-2026\\\/#breadcrumb\",\"itemListElement\":[{\"@type\":\"ListItem\",\"position\":1,\"name\":\"In\u00edcio\",\"item\":\"https:\\\/\\\/salesianossp.org.br\\\/ositaquera\\\/\"},{\"@type\":\"ListItem\",\"position\":2,\"name\":\"ESCOLA DE SAMBA DOM BOSCO DE ITAQUERA CELEBRA 25 ANOS COM PREMIA\u00c7\u00d5ES E INICIA OS PREPARATIVOS PARA O CARNAVAL 2026\"}]},{\"@type\":\"WebSite\",\"@id\":\"https:\\\/\\\/salesianossp.org.br\\\/ositaquera\\\/#website\",\"url\":\"https:\\\/\\\/salesianossp.org.br\\\/ositaquera\\\/\",\"name\":\"Obra Social Dom Bosco\",\"description\":\"\",\"publisher\":{\"@id\":\"https:\\\/\\\/salesianossp.org.br\\\/ositaquera\\\/#organization\"},\"potentialAction\":[{\"@type\":\"SearchAction\",\"target\":{\"@type\":\"EntryPoint\",\"urlTemplate\":\"https:\\\/\\\/salesianossp.org.br\\\/ositaquera\\\/?s={search_term_string}\"},\"query-input\":{\"@type\":\"PropertyValueSpecification\",\"valueRequired\":true,\"valueName\":\"search_term_string\"}}],\"inLanguage\":\"pt-BR\"},{\"@type\":\"Organization\",\"@id\":\"https:\\\/\\\/salesianossp.org.br\\\/ositaquera\\\/#organization\",\"name\":\"Obra Social Dom Bosco\",\"url\":\"https:\\\/\\\/salesianossp.org.br\\\/ositaquera\\\/\",\"logo\":{\"@type\":\"ImageObject\",\"inLanguage\":\"pt-BR\",\"@id\":\"https:\\\/\\\/salesianossp.org.br\\\/ositaquera\\\/#\\\/schema\\\/logo\\\/image\\\/\",\"url\":\"https:\\\/\\\/salesianossp.org.br\\\/ositaquera\\\/wp-content\\\/uploads\\\/2024\\\/03\\\/logo-obra-social-dom-bosco-itaquera-h-scaled.png\",\"contentUrl\":\"https:\\\/\\\/salesianossp.org.br\\\/ositaquera\\\/wp-content\\\/uploads\\\/2024\\\/03\\\/logo-obra-social-dom-bosco-itaquera-h-scaled.png\",\"width\":2560,\"height\":672,\"caption\":\"Obra Social Dom Bosco\"},\"image\":{\"@id\":\"https:\\\/\\\/salesianossp.org.br\\\/ositaquera\\\/#\\\/schema\\\/logo\\\/image\\\/\"},\"sameAs\":[\"https:\\\/\\\/www.facebook.com\\\/domboscoitaquera\",\"https:\\\/\\\/br.linkedin.com\\\/company\\\/domboscoitaquera\",\"https:\\\/\\\/www.youtube.com\\\/channel\\\/UCMIUZW8mqlpEbP7Dy02veOw\",\"https:\\\/\\\/www.instagram.com\\\/obradombosco\\\/\"]},{\"@type\":\"Person\",\"@id\":\"https:\\\/\\\/salesianossp.org.br\\\/ositaquera\\\/#\\\/schema\\\/person\\\/612e159822bfeed64312a453b075f9de\",\"name\":\"Lucas Rodrigues\",\"image\":{\"@type\":\"ImageObject\",\"inLanguage\":\"pt-BR\",\"@id\":\"https:\\\/\\\/secure.gravatar.com\\\/avatar\\\/0ad9c966c6ed3335d7fffe2c3b88880dd298c0817b71e20a6955c38f2a53f746?s=96&d=mm&r=g\",\"url\":\"https:\\\/\\\/secure.gravatar.com\\\/avatar\\\/0ad9c966c6ed3335d7fffe2c3b88880dd298c0817b71e20a6955c38f2a53f746?s=96&d=mm&r=g\",\"contentUrl\":\"https:\\\/\\\/secure.gravatar.com\\\/avatar\\\/0ad9c966c6ed3335d7fffe2c3b88880dd298c0817b71e20a6955c38f2a53f746?s=96&d=mm&r=g\",\"caption\":\"Lucas Rodrigues\"},\"url\":\"https:\\\/\\\/salesianossp.org.br\\\/ositaquera\\\/author\\\/lucas-rodrigues\\\/\"}]}<\/script>\n<!-- \/ Yoast SEO plugin. -->","yoast_head_json":{"title":"ESCOLA DE SAMBA DOM BOSCO DE ITAQUERA CELEBRA 25 ANOS COM PREMIA\u00c7\u00d5ES E INICIA OS PREPARATIVOS PARA O CARNAVAL 2026 - Obra Social Dom Bosco","robots":{"index":"index","follow":"follow","max-snippet":"max-snippet:-1","max-image-preview":"max-image-preview:large","max-video-preview":"max-video-preview:-1"},"canonical":"https:\/\/salesianossp.org.br\/ositaquera\/escola-de-samba-dom-bosco-de-itaquera-celebra-25-anos-com-premiacoes-e-inicia-os-preparativos-para-o-carnaval-2026\/","og_locale":"pt_BR","og_type":"article","og_title":"ESCOLA DE SAMBA DOM BOSCO DE ITAQUERA CELEBRA 25 ANOS COM PREMIA\u00c7\u00d5ES E INICIA OS PREPARATIVOS PARA O CARNAVAL 2026 - Obra Social Dom Bosco","og_description":"A Escola de Samba Dom Bosco de Itaquera, que completou 25 anos no \u00faltimo m\u00eas de fevereiro, foi um dos grandes destaques do Carnaval 2025 com o enredo \u201cO Circo M\u00edstico das Ilus\u00f5es\u201d, apresentado no Samb\u00f3dromo do Anhembi. A proposta mergulhou no universo encantado dos espet\u00e1culos circenses, trazendo \u00e0 avenida a magia, o mist\u00e9rio e [&hellip;]","og_url":"https:\/\/salesianossp.org.br\/ositaquera\/escola-de-samba-dom-bosco-de-itaquera-celebra-25-anos-com-premiacoes-e-inicia-os-preparativos-para-o-carnaval-2026\/","og_site_name":"Obra Social Dom Bosco","article_publisher":"https:\/\/www.facebook.com\/domboscoitaquera","article_published_time":"2025-06-11T16:04:15+00:00","og_image":[{"width":899,"height":889,"url":"https:\/\/salesianossp.org.br\/ositaquera\/wp-content\/uploads\/2025\/06\/capa-carnaval.webp","type":"image\/webp"}],"author":"Lucas Rodrigues","twitter_card":"summary_large_image","twitter_misc":{"Escrito por":"Lucas Rodrigues","Est. tempo de leitura":"3 minutos"},"schema":{"@context":"https:\/\/schema.org","@graph":[{"@type":"Article","@id":"https:\/\/salesianossp.org.br\/ositaquera\/escola-de-samba-dom-bosco-de-itaquera-celebra-25-anos-com-premiacoes-e-inicia-os-preparativos-para-o-carnaval-2026\/#article","isPartOf":{"@id":"https:\/\/salesianossp.org.br\/ositaquera\/escola-de-samba-dom-bosco-de-itaquera-celebra-25-anos-com-premiacoes-e-inicia-os-preparativos-para-o-carnaval-2026\/"},"author":{"name":"Lucas Rodrigues","@id":"https:\/\/salesianossp.org.br\/ositaquera\/#\/schema\/person\/612e159822bfeed64312a453b075f9de"},"headline":"ESCOLA DE SAMBA DOM BOSCO DE ITAQUERA CELEBRA 25 ANOS COM PREMIA\u00c7\u00d5ES E INICIA OS PREPARATIVOS PARA O CARNAVAL 2026","datePublished":"2025-06-11T16:04:15+00:00","mainEntityOfPage":{"@id":"https:\/\/salesianossp.org.br\/ositaquera\/escola-de-samba-dom-bosco-de-itaquera-celebra-25-anos-com-premiacoes-e-inicia-os-preparativos-para-o-carnaval-2026\/"},"wordCount":576,"commentCount":0,"publisher":{"@id":"https:\/\/salesianossp.org.br\/ositaquera\/#organization"},"image":{"@id":"https:\/\/salesianossp.org.br\/ositaquera\/escola-de-samba-dom-bosco-de-itaquera-celebra-25-anos-com-premiacoes-e-inicia-os-preparativos-para-o-carnaval-2026\/#primaryimage"},"thumbnailUrl":"https:\/\/salesianossp.org.br\/ositaquera\/wp-content\/uploads\/2025\/06\/capa-carnaval.webp","articleSection":["Not\u00edcias"],"inLanguage":"pt-BR","potentialAction":[{"@type":"CommentAction","name":"Comment","target":["https:\/\/salesianossp.org.br\/ositaquera\/escola-de-samba-dom-bosco-de-itaquera-celebra-25-anos-com-premiacoes-e-inicia-os-preparativos-para-o-carnaval-2026\/#respond"]}]},{"@type":"WebPage","@id":"https:\/\/salesianossp.org.br\/ositaquera\/escola-de-samba-dom-bosco-de-itaquera-celebra-25-anos-com-premiacoes-e-inicia-os-preparativos-para-o-carnaval-2026\/","url":"https:\/\/salesianossp.org.br\/ositaquera\/escola-de-samba-dom-bosco-de-itaquera-celebra-25-anos-com-premiacoes-e-inicia-os-preparativos-para-o-carnaval-2026\/","name":"ESCOLA DE SAMBA DOM BOSCO DE ITAQUERA CELEBRA 25 ANOS COM PREMIA\u00c7\u00d5ES E INICIA OS PREPARATIVOS PARA O CARNAVAL 2026 - Obra Social Dom Bosco","isPartOf":{"@id":"https:\/\/salesianossp.org.br\/ositaquera\/#website"},"primaryImageOfPage":{"@id":"https:\/\/salesianossp.org.br\/ositaquera\/escola-de-samba-dom-bosco-de-itaquera-celebra-25-anos-com-premiacoes-e-inicia-os-preparativos-para-o-carnaval-2026\/#primaryimage"},"image":{"@id":"https:\/\/salesianossp.org.br\/ositaquera\/escola-de-samba-dom-bosco-de-itaquera-celebra-25-anos-com-premiacoes-e-inicia-os-preparativos-para-o-carnaval-2026\/#primaryimage"},"thumbnailUrl":"https:\/\/salesianossp.org.br\/ositaquera\/wp-content\/uploads\/2025\/06\/capa-carnaval.webp","datePublished":"2025-06-11T16:04:15+00:00","breadcrumb":{"@id":"https:\/\/salesianossp.org.br\/ositaquera\/escola-de-samba-dom-bosco-de-itaquera-celebra-25-anos-com-premiacoes-e-inicia-os-preparativos-para-o-carnaval-2026\/#breadcrumb"},"inLanguage":"pt-BR","potentialAction":[{"@type":"ReadAction","target":["https:\/\/salesianossp.org.br\/ositaquera\/escola-de-samba-dom-bosco-de-itaquera-celebra-25-anos-com-premiacoes-e-inicia-os-preparativos-para-o-carnaval-2026\/"]}]},{"@type":"ImageObject","inLanguage":"pt-BR","@id":"https:\/\/salesianossp.org.br\/ositaquera\/escola-de-samba-dom-bosco-de-itaquera-celebra-25-anos-com-premiacoes-e-inicia-os-preparativos-para-o-carnaval-2026\/#primaryimage","url":"https:\/\/salesianossp.org.br\/ositaquera\/wp-content\/uploads\/2025\/06\/capa-carnaval.webp","contentUrl":"https:\/\/salesianossp.org.br\/ositaquera\/wp-content\/uploads\/2025\/06\/capa-carnaval.webp","width":899,"height":889},{"@type":"BreadcrumbList","@id":"https:\/\/salesianossp.org.br\/ositaquera\/escola-de-samba-dom-bosco-de-itaquera-celebra-25-anos-com-premiacoes-e-inicia-os-preparativos-para-o-carnaval-2026\/#breadcrumb","itemListElement":[{"@type":"ListItem","position":1,"name":"In\u00edcio","item":"https:\/\/salesianossp.org.br\/ositaquera\/"},{"@type":"ListItem","position":2,"name":"ESCOLA DE SAMBA DOM BOSCO DE ITAQUERA CELEBRA 25 ANOS COM PREMIA\u00c7\u00d5ES E INICIA OS PREPARATIVOS PARA O CARNAVAL 2026"}]},{"@type":"WebSite","@id":"https:\/\/salesianossp.org.br\/ositaquera\/#website","url":"https:\/\/salesianossp.org.br\/ositaquera\/","name":"Obra Social Dom Bosco","description":"","publisher":{"@id":"https:\/\/salesianossp.org.br\/ositaquera\/#organization"},"potentialAction":[{"@type":"SearchAction","target":{"@type":"EntryPoint","urlTemplate":"https:\/\/salesianossp.org.br\/ositaquera\/?s={search_term_string}"},"query-input":{"@type":"PropertyValueSpecification","valueRequired":true,"valueName":"search_term_string"}}],"inLanguage":"pt-BR"},{"@type":"Organization","@id":"https:\/\/salesianossp.org.br\/ositaquera\/#organization","name":"Obra Social Dom Bosco","url":"https:\/\/salesianossp.org.br\/ositaquera\/","logo":{"@type":"ImageObject","inLanguage":"pt-BR","@id":"https:\/\/salesianossp.org.br\/ositaquera\/#\/schema\/logo\/image\/","url":"https:\/\/salesianossp.org.br\/ositaquera\/wp-content\/uploads\/2024\/03\/logo-obra-social-dom-bosco-itaquera-h-scaled.png","contentUrl":"https:\/\/salesianossp.org.br\/ositaquera\/wp-content\/uploads\/2024\/03\/logo-obra-social-dom-bosco-itaquera-h-scaled.png","width":2560,"height":672,"caption":"Obra Social Dom Bosco"},"image":{"@id":"https:\/\/salesianossp.org.br\/ositaquera\/#\/schema\/logo\/image\/"},"sameAs":["https:\/\/www.facebook.com\/domboscoitaquera","https:\/\/br.linkedin.com\/company\/domboscoitaquera","https:\/\/www.youtube.com\/channel\/UCMIUZW8mqlpEbP7Dy02veOw","https:\/\/www.instagram.com\/obradombosco\/"]},{"@type":"Person","@id":"https:\/\/salesianossp.org.br\/ositaquera\/#\/schema\/person\/612e159822bfeed64312a453b075f9de","name":"Lucas Rodrigues","image":{"@type":"ImageObject","inLanguage":"pt-BR","@id":"https:\/\/secure.gravatar.com\/avatar\/0ad9c966c6ed3335d7fffe2c3b88880dd298c0817b71e20a6955c38f2a53f746?s=96&d=mm&r=g","url":"https:\/\/secure.gravatar.com\/avatar\/0ad9c966c6ed3335d7fffe2c3b88880dd298c0817b71e20a6955c38f2a53f746?s=96&d=mm&r=g","contentUrl":"https:\/\/secure.gravatar.com\/avatar\/0ad9c966c6ed3335d7fffe2c3b88880dd298c0817b71e20a6955c38f2a53f746?s=96&d=mm&r=g","caption":"Lucas Rodrigues"},"url":"https:\/\/salesianossp.org.br\/ositaquera\/author\/lucas-rodrigues\/"}]}},"_links":{"self":[{"href":"https:\/\/salesianossp.org.br\/ositaquera\/wp-json\/wp\/v2\/posts\/8701","targetHints":{"allow":["GET"]}}],"collection":[{"href":"https:\/\/salesianossp.org.br\/ositaquera\/wp-json\/wp\/v2\/posts"}],"about":[{"href":"https:\/\/salesianossp.org.br\/ositaquera\/wp-json\/wp\/v2\/types\/post"}],"author":[{"embeddable":true,"href":"https:\/\/salesianossp.org.br\/ositaquera\/wp-json\/wp\/v2\/users\/27"}],"replies":[{"embeddable":true,"href":"https:\/\/salesianossp.org.br\/ositaquera\/wp-json\/wp\/v2\/comments?post=8701"}],"version-history":[{"count":0,"href":"https:\/\/salesianossp.org.br\/ositaquera\/wp-json\/wp\/v2\/posts\/8701\/revisions"}],"wp:featuredmedia":[{"embeddable":true,"href":"https:\/\/salesianossp.org.br\/ositaquera\/wp-json\/wp\/v2\/media\/8702"}],"wp:attachment":[{"href":"https:\/\/salesianossp.org.br\/ositaquera\/wp-json\/wp\/v2\/media?parent=8701"}],"wp:term":[{"taxonomy":"category","embeddable":true,"href":"https:\/\/salesianossp.org.br\/ositaquera\/wp-json\/wp\/v2\/categories?post=8701"},{"taxonomy":"post_tag","embeddable":true,"href":"https:\/\/salesianossp.org.br\/ositaquera\/wp-json\/wp\/v2\/tags?post=8701"}],"curies":[{"name":"wp","href":"https:\/\/api.w.org\/{rel}","templated":true}]}}