{"id":8914,"date":"2025-08-21T21:48:32","date_gmt":"2025-08-22T00:48:32","guid":{"rendered":"https:\/\/salesianossp.org.br\/ositaquera\/?p=8914"},"modified":"2025-08-21T21:48:32","modified_gmt":"2025-08-22T00:48:32","slug":"obra-social-dom-bosco-em-defesa-do-suas-na-conferencia-municipal-da-assistencia-social","status":"publish","type":"post","link":"https:\/\/salesianossp.org.br\/ositaquera\/obra-social-dom-bosco-em-defesa-do-suas-na-conferencia-municipal-da-assistencia-social\/","title":{"rendered":"OBRA SOCIAL DOM BOSCO EM DEFESA DO SUAS NA CONFER\u00caNCIA MUNICIPAL DA ASSIST\u00caNCIA SOCIAL"},"content":{"rendered":"\n<p>De 12 a 14 de agosto de 2025, uma usu\u00e1ria e quinze colaboradoras da Obra Social Dom Bosco (um funcion\u00e1rio, treze funcion\u00e1rias e uma cooperadora que faz parte do Conselho da Pessoa Idosa) participaram da 16a Confer\u00eancia Municipal da Assist\u00eancia Social, tendo sido eleitas tr\u00eas titulares e uma suplente para a Confer\u00eancia Estadual,\u00a0 representando os tr\u00eas segmentos (entidades, trabalhadores e usu\u00e1rios).<\/p>\n\n\n\n<div style=\"height:50px\" aria-hidden=\"true\" class=\"wp-block-spacer\"><\/div>\n\n\n\n<figure class=\"wp-block-image aligncenter size-full\"><img fetchpriority=\"high\" decoding=\"async\" width=\"1156\" height=\"867\" src=\"https:\/\/salesianossp.org.br\/ositaquera\/wp-content\/uploads\/2025\/08\/WhatsApp-Image-2025-08-26-at-21.49.57-3.jpeg\" alt=\"\" class=\"wp-image-8915\" srcset=\"https:\/\/salesianossp.org.br\/ositaquera\/wp-content\/uploads\/2025\/08\/WhatsApp-Image-2025-08-26-at-21.49.57-3.jpeg 1156w, https:\/\/salesianossp.org.br\/ositaquera\/wp-content\/uploads\/2025\/08\/WhatsApp-Image-2025-08-26-at-21.49.57-3-300x225.jpeg 300w, https:\/\/salesianossp.org.br\/ositaquera\/wp-content\/uploads\/2025\/08\/WhatsApp-Image-2025-08-26-at-21.49.57-3-1024x768.jpeg 1024w, https:\/\/salesianossp.org.br\/ositaquera\/wp-content\/uploads\/2025\/08\/WhatsApp-Image-2025-08-26-at-21.49.57-3-768x576.jpeg 768w\" sizes=\"(max-width: 1156px) 100vw, 1156px\" \/><\/figure>\n\n\n\n<div style=\"height:49px\" aria-hidden=\"true\" class=\"wp-block-spacer\"><\/div>\n\n\n\n<p>A Confer\u00eancia Municipal de Assist\u00eancia Social de S\u00e3o Paulo tem o prop\u00f3sito de consolidar um espa\u00e7o democr\u00e1tico de escuta qualificada, an\u00e1lise cr\u00edtica e constru\u00e7\u00e3o coletiva. Com o tema central\u00a0<strong>&#8220;20 anos do SUAS: Constru\u00e7\u00e3o, Prote\u00e7\u00e3o Social e Resist\u00eancia&#8221;<\/strong>, estruturado em cinco eixos tem\u00e1ticos. Nela, buscou-se analisar a realidade local, propor diretrizes para o fortalecimento da pol\u00edtica p\u00fablica e eleger os delegados para a pr\u00f3xima etapa estadual.<\/p>\n\n\n\n<div style=\"height:51px\" aria-hidden=\"true\" class=\"wp-block-spacer\"><\/div>\n\n\n\n<figure class=\"wp-block-image aligncenter size-large\"><img decoding=\"async\" width=\"1024\" height=\"658\" src=\"https:\/\/salesianossp.org.br\/ositaquera\/wp-content\/uploads\/2025\/08\/WhatsApp-Image-2025-08-26-at-21.49.58-1024x658.jpeg\" alt=\"\" class=\"wp-image-8916\" srcset=\"https:\/\/salesianossp.org.br\/ositaquera\/wp-content\/uploads\/2025\/08\/WhatsApp-Image-2025-08-26-at-21.49.58-1024x658.jpeg 1024w, https:\/\/salesianossp.org.br\/ositaquera\/wp-content\/uploads\/2025\/08\/WhatsApp-Image-2025-08-26-at-21.49.58-300x193.jpeg 300w, https:\/\/salesianossp.org.br\/ositaquera\/wp-content\/uploads\/2025\/08\/WhatsApp-Image-2025-08-26-at-21.49.58-768x493.jpeg 768w, https:\/\/salesianossp.org.br\/ositaquera\/wp-content\/uploads\/2025\/08\/WhatsApp-Image-2025-08-26-at-21.49.58.jpeg 1280w\" sizes=\"(max-width: 1024px) 100vw, 1024px\" \/><\/figure>\n\n\n\n<div style=\"height:50px\" aria-hidden=\"true\" class=\"wp-block-spacer\"><\/div>\n\n\n\n<p>A Confer\u00eancia Municipal foi precedida pela realiza\u00e7\u00e3o das Confer\u00eancias Regionais de Assist\u00eancia Social, realizadas no \u00e2mbito das 32 Supervis\u00f5es de Assist\u00eancia Social (SAS), que ocorreram entre os dias 16 e 25 de julho de 2025. A de Itaquera foi realizada no Circo Social Dom Bosco e contou com a participa\u00e7\u00e3o de centenas de participantes; dentre eles, quase cinquenta da Obra Social Dom Bosco.<\/p>\n\n\n\n<p><\/p>\n\n\n\n<p><br><\/p>\n\n\n\n<p><br><\/p>\n","protected":false},"excerpt":{"rendered":"<p>De 12 a 14 de agosto de 2025, uma usu\u00e1ria e quinze colaboradoras da Obra Social Dom Bosco (um funcion\u00e1rio, treze funcion\u00e1rias e uma cooperadora que faz parte do Conselho da Pessoa Idosa) participaram da 16a Confer\u00eancia Municipal da Assist\u00eancia Social, tendo sido eleitas tr\u00eas titulares e uma suplente para a Confer\u00eancia Estadual,\u00a0 representando os [&hellip;]<\/p>\n","protected":false},"author":27,"featured_media":8919,"comment_status":"open","ping_status":"open","sticky":false,"template":"","format":"standard","meta":{"footnotes":""},"categories":[59],"tags":[],"class_list":["post-8914","post","type-post","status-publish","format-standard","has-post-thumbnail","hentry","category-noticias"],"yoast_head":"<!-- This site is optimized with the Yoast SEO plugin v27.4 - https:\/\/yoast.com\/product\/yoast-seo-wordpress\/ -->\n<title>OBRA SOCIAL DOM BOSCO EM DEFESA DO SUAS NA CONFER\u00caNCIA MUNICIPAL DA ASSIST\u00caNCIA SOCIAL - Obra Social Dom Bosco<\/title>\n<meta name=\"robots\" content=\"index, follow, max-snippet:-1, max-image-preview:large, max-video-preview:-1\" \/>\n<link rel=\"canonical\" href=\"https:\/\/salesianossp.org.br\/ositaquera\/obra-social-dom-bosco-em-defesa-do-suas-na-conferencia-municipal-da-assistencia-social\/\" \/>\n<meta property=\"og:locale\" content=\"pt_BR\" \/>\n<meta property=\"og:type\" content=\"article\" \/>\n<meta property=\"og:title\" content=\"OBRA SOCIAL DOM BOSCO EM DEFESA DO SUAS NA CONFER\u00caNCIA MUNICIPAL DA ASSIST\u00caNCIA SOCIAL - Obra Social Dom Bosco\" \/>\n<meta property=\"og:description\" content=\"De 12 a 14 de agosto de 2025, uma usu\u00e1ria e quinze colaboradoras da Obra Social Dom Bosco (um funcion\u00e1rio, treze funcion\u00e1rias e uma cooperadora que faz parte do Conselho da Pessoa Idosa) participaram da 16a Confer\u00eancia Municipal da Assist\u00eancia Social, tendo sido eleitas tr\u00eas titulares e uma suplente para a Confer\u00eancia Estadual,\u00a0 representando os [&hellip;]\" \/>\n<meta property=\"og:url\" content=\"https:\/\/salesianossp.org.br\/ositaquera\/obra-social-dom-bosco-em-defesa-do-suas-na-conferencia-municipal-da-assistencia-social\/\" \/>\n<meta property=\"og:site_name\" content=\"Obra Social Dom Bosco\" \/>\n<meta property=\"article:publisher\" content=\"https:\/\/www.facebook.com\/domboscoitaquera\" \/>\n<meta property=\"article:published_time\" content=\"2025-08-22T00:48:32+00:00\" \/>\n<meta property=\"og:image\" content=\"https:\/\/salesianossp.org.br\/ositaquera\/wp-content\/uploads\/2025\/08\/capa2.webp\" \/>\n\t<meta property=\"og:image:width\" content=\"865\" \/>\n\t<meta property=\"og:image:height\" content=\"867\" \/>\n\t<meta property=\"og:image:type\" content=\"image\/webp\" \/>\n<meta name=\"author\" content=\"Lucas Rodrigues\" \/>\n<meta name=\"twitter:card\" content=\"summary_large_image\" \/>\n<meta name=\"twitter:label1\" content=\"Escrito por\" \/>\n\t<meta name=\"twitter:data1\" content=\"Lucas Rodrigues\" \/>\n\t<meta name=\"twitter:label2\" content=\"Est. tempo de leitura\" \/>\n\t<meta name=\"twitter:data2\" content=\"1 minuto\" \/>\n<script type=\"application\/ld+json\" class=\"yoast-schema-graph\">{\"@context\":\"https:\\\/\\\/schema.org\",\"@graph\":[{\"@type\":\"Article\",\"@id\":\"https:\\\/\\\/salesianossp.org.br\\\/ositaquera\\\/obra-social-dom-bosco-em-defesa-do-suas-na-conferencia-municipal-da-assistencia-social\\\/#article\",\"isPartOf\":{\"@id\":\"https:\\\/\\\/salesianossp.org.br\\\/ositaquera\\\/obra-social-dom-bosco-em-defesa-do-suas-na-conferencia-municipal-da-assistencia-social\\\/\"},\"author\":{\"name\":\"Lucas Rodrigues\",\"@id\":\"https:\\\/\\\/salesianossp.org.br\\\/ositaquera\\\/#\\\/schema\\\/person\\\/612e159822bfeed64312a453b075f9de\"},\"headline\":\"OBRA SOCIAL DOM BOSCO EM DEFESA DO SUAS NA CONFER\u00caNCIA MUNICIPAL DA ASSIST\u00caNCIA SOCIAL\",\"datePublished\":\"2025-08-22T00:48:32+00:00\",\"mainEntityOfPage\":{\"@id\":\"https:\\\/\\\/salesianossp.org.br\\\/ositaquera\\\/obra-social-dom-bosco-em-defesa-do-suas-na-conferencia-municipal-da-assistencia-social\\\/\"},\"wordCount\":230,\"commentCount\":0,\"publisher\":{\"@id\":\"https:\\\/\\\/salesianossp.org.br\\\/ositaquera\\\/#organization\"},\"image\":{\"@id\":\"https:\\\/\\\/salesianossp.org.br\\\/ositaquera\\\/obra-social-dom-bosco-em-defesa-do-suas-na-conferencia-municipal-da-assistencia-social\\\/#primaryimage\"},\"thumbnailUrl\":\"https:\\\/\\\/salesianossp.org.br\\\/ositaquera\\\/wp-content\\\/uploads\\\/2025\\\/08\\\/capa2.webp\",\"articleSection\":[\"Not\u00edcias\"],\"inLanguage\":\"pt-BR\",\"potentialAction\":[{\"@type\":\"CommentAction\",\"name\":\"Comment\",\"target\":[\"https:\\\/\\\/salesianossp.org.br\\\/ositaquera\\\/obra-social-dom-bosco-em-defesa-do-suas-na-conferencia-municipal-da-assistencia-social\\\/#respond\"]}]},{\"@type\":\"WebPage\",\"@id\":\"https:\\\/\\\/salesianossp.org.br\\\/ositaquera\\\/obra-social-dom-bosco-em-defesa-do-suas-na-conferencia-municipal-da-assistencia-social\\\/\",\"url\":\"https:\\\/\\\/salesianossp.org.br\\\/ositaquera\\\/obra-social-dom-bosco-em-defesa-do-suas-na-conferencia-municipal-da-assistencia-social\\\/\",\"name\":\"OBRA SOCIAL DOM BOSCO EM DEFESA DO SUAS NA CONFER\u00caNCIA MUNICIPAL DA ASSIST\u00caNCIA SOCIAL - Obra Social Dom Bosco\",\"isPartOf\":{\"@id\":\"https:\\\/\\\/salesianossp.org.br\\\/ositaquera\\\/#website\"},\"primaryImageOfPage\":{\"@id\":\"https:\\\/\\\/salesianossp.org.br\\\/ositaquera\\\/obra-social-dom-bosco-em-defesa-do-suas-na-conferencia-municipal-da-assistencia-social\\\/#primaryimage\"},\"image\":{\"@id\":\"https:\\\/\\\/salesianossp.org.br\\\/ositaquera\\\/obra-social-dom-bosco-em-defesa-do-suas-na-conferencia-municipal-da-assistencia-social\\\/#primaryimage\"},\"thumbnailUrl\":\"https:\\\/\\\/salesianossp.org.br\\\/ositaquera\\\/wp-content\\\/uploads\\\/2025\\\/08\\\/capa2.webp\",\"datePublished\":\"2025-08-22T00:48:32+00:00\",\"breadcrumb\":{\"@id\":\"https:\\\/\\\/salesianossp.org.br\\\/ositaquera\\\/obra-social-dom-bosco-em-defesa-do-suas-na-conferencia-municipal-da-assistencia-social\\\/#breadcrumb\"},\"inLanguage\":\"pt-BR\",\"potentialAction\":[{\"@type\":\"ReadAction\",\"target\":[\"https:\\\/\\\/salesianossp.org.br\\\/ositaquera\\\/obra-social-dom-bosco-em-defesa-do-suas-na-conferencia-municipal-da-assistencia-social\\\/\"]}]},{\"@type\":\"ImageObject\",\"inLanguage\":\"pt-BR\",\"@id\":\"https:\\\/\\\/salesianossp.org.br\\\/ositaquera\\\/obra-social-dom-bosco-em-defesa-do-suas-na-conferencia-municipal-da-assistencia-social\\\/#primaryimage\",\"url\":\"https:\\\/\\\/salesianossp.org.br\\\/ositaquera\\\/wp-content\\\/uploads\\\/2025\\\/08\\\/capa2.webp\",\"contentUrl\":\"https:\\\/\\\/salesianossp.org.br\\\/ositaquera\\\/wp-content\\\/uploads\\\/2025\\\/08\\\/capa2.webp\",\"width\":865,\"height\":867},{\"@type\":\"BreadcrumbList\",\"@id\":\"https:\\\/\\\/salesianossp.org.br\\\/ositaquera\\\/obra-social-dom-bosco-em-defesa-do-suas-na-conferencia-municipal-da-assistencia-social\\\/#breadcrumb\",\"itemListElement\":[{\"@type\":\"ListItem\",\"position\":1,\"name\":\"In\u00edcio\",\"item\":\"https:\\\/\\\/salesianossp.org.br\\\/ositaquera\\\/\"},{\"@type\":\"ListItem\",\"position\":2,\"name\":\"OBRA SOCIAL DOM BOSCO EM DEFESA DO SUAS NA CONFER\u00caNCIA MUNICIPAL DA ASSIST\u00caNCIA SOCIAL\"}]},{\"@type\":\"WebSite\",\"@id\":\"https:\\\/\\\/salesianossp.org.br\\\/ositaquera\\\/#website\",\"url\":\"https:\\\/\\\/salesianossp.org.br\\\/ositaquera\\\/\",\"name\":\"Obra Social Dom Bosco\",\"description\":\"\",\"publisher\":{\"@id\":\"https:\\\/\\\/salesianossp.org.br\\\/ositaquera\\\/#organization\"},\"potentialAction\":[{\"@type\":\"SearchAction\",\"target\":{\"@type\":\"EntryPoint\",\"urlTemplate\":\"https:\\\/\\\/salesianossp.org.br\\\/ositaquera\\\/?s={search_term_string}\"},\"query-input\":{\"@type\":\"PropertyValueSpecification\",\"valueRequired\":true,\"valueName\":\"search_term_string\"}}],\"inLanguage\":\"pt-BR\"},{\"@type\":\"Organization\",\"@id\":\"https:\\\/\\\/salesianossp.org.br\\\/ositaquera\\\/#organization\",\"name\":\"Obra Social Dom Bosco\",\"url\":\"https:\\\/\\\/salesianossp.org.br\\\/ositaquera\\\/\",\"logo\":{\"@type\":\"ImageObject\",\"inLanguage\":\"pt-BR\",\"@id\":\"https:\\\/\\\/salesianossp.org.br\\\/ositaquera\\\/#\\\/schema\\\/logo\\\/image\\\/\",\"url\":\"https:\\\/\\\/salesianossp.org.br\\\/ositaquera\\\/wp-content\\\/uploads\\\/2024\\\/03\\\/logo-obra-social-dom-bosco-itaquera-h-scaled.png\",\"contentUrl\":\"https:\\\/\\\/salesianossp.org.br\\\/ositaquera\\\/wp-content\\\/uploads\\\/2024\\\/03\\\/logo-obra-social-dom-bosco-itaquera-h-scaled.png\",\"width\":2560,\"height\":672,\"caption\":\"Obra Social Dom Bosco\"},\"image\":{\"@id\":\"https:\\\/\\\/salesianossp.org.br\\\/ositaquera\\\/#\\\/schema\\\/logo\\\/image\\\/\"},\"sameAs\":[\"https:\\\/\\\/www.facebook.com\\\/domboscoitaquera\",\"https:\\\/\\\/br.linkedin.com\\\/company\\\/domboscoitaquera\",\"https:\\\/\\\/www.youtube.com\\\/channel\\\/UCMIUZW8mqlpEbP7Dy02veOw\",\"https:\\\/\\\/www.instagram.com\\\/obradombosco\\\/\"]},{\"@type\":\"Person\",\"@id\":\"https:\\\/\\\/salesianossp.org.br\\\/ositaquera\\\/#\\\/schema\\\/person\\\/612e159822bfeed64312a453b075f9de\",\"name\":\"Lucas Rodrigues\",\"image\":{\"@type\":\"ImageObject\",\"inLanguage\":\"pt-BR\",\"@id\":\"https:\\\/\\\/secure.gravatar.com\\\/avatar\\\/0ad9c966c6ed3335d7fffe2c3b88880dd298c0817b71e20a6955c38f2a53f746?s=96&d=mm&r=g\",\"url\":\"https:\\\/\\\/secure.gravatar.com\\\/avatar\\\/0ad9c966c6ed3335d7fffe2c3b88880dd298c0817b71e20a6955c38f2a53f746?s=96&d=mm&r=g\",\"contentUrl\":\"https:\\\/\\\/secure.gravatar.com\\\/avatar\\\/0ad9c966c6ed3335d7fffe2c3b88880dd298c0817b71e20a6955c38f2a53f746?s=96&d=mm&r=g\",\"caption\":\"Lucas Rodrigues\"},\"url\":\"https:\\\/\\\/salesianossp.org.br\\\/ositaquera\\\/author\\\/lucas-rodrigues\\\/\"}]}<\/script>\n<!-- \/ Yoast SEO plugin. -->","yoast_head_json":{"title":"OBRA SOCIAL DOM BOSCO EM DEFESA DO SUAS NA CONFER\u00caNCIA MUNICIPAL DA ASSIST\u00caNCIA SOCIAL - Obra Social Dom Bosco","robots":{"index":"index","follow":"follow","max-snippet":"max-snippet:-1","max-image-preview":"max-image-preview:large","max-video-preview":"max-video-preview:-1"},"canonical":"https:\/\/salesianossp.org.br\/ositaquera\/obra-social-dom-bosco-em-defesa-do-suas-na-conferencia-municipal-da-assistencia-social\/","og_locale":"pt_BR","og_type":"article","og_title":"OBRA SOCIAL DOM BOSCO EM DEFESA DO SUAS NA CONFER\u00caNCIA MUNICIPAL DA ASSIST\u00caNCIA SOCIAL - Obra Social Dom Bosco","og_description":"De 12 a 14 de agosto de 2025, uma usu\u00e1ria e quinze colaboradoras da Obra Social Dom Bosco (um funcion\u00e1rio, treze funcion\u00e1rias e uma cooperadora que faz parte do Conselho da Pessoa Idosa) participaram da 16a Confer\u00eancia Municipal da Assist\u00eancia Social, tendo sido eleitas tr\u00eas titulares e uma suplente para a Confer\u00eancia Estadual,\u00a0 representando os [&hellip;]","og_url":"https:\/\/salesianossp.org.br\/ositaquera\/obra-social-dom-bosco-em-defesa-do-suas-na-conferencia-municipal-da-assistencia-social\/","og_site_name":"Obra Social Dom Bosco","article_publisher":"https:\/\/www.facebook.com\/domboscoitaquera","article_published_time":"2025-08-22T00:48:32+00:00","og_image":[{"width":865,"height":867,"url":"https:\/\/salesianossp.org.br\/ositaquera\/wp-content\/uploads\/2025\/08\/capa2.webp","type":"image\/webp"}],"author":"Lucas Rodrigues","twitter_card":"summary_large_image","twitter_misc":{"Escrito por":"Lucas Rodrigues","Est. tempo de leitura":"1 minuto"},"schema":{"@context":"https:\/\/schema.org","@graph":[{"@type":"Article","@id":"https:\/\/salesianossp.org.br\/ositaquera\/obra-social-dom-bosco-em-defesa-do-suas-na-conferencia-municipal-da-assistencia-social\/#article","isPartOf":{"@id":"https:\/\/salesianossp.org.br\/ositaquera\/obra-social-dom-bosco-em-defesa-do-suas-na-conferencia-municipal-da-assistencia-social\/"},"author":{"name":"Lucas Rodrigues","@id":"https:\/\/salesianossp.org.br\/ositaquera\/#\/schema\/person\/612e159822bfeed64312a453b075f9de"},"headline":"OBRA SOCIAL DOM BOSCO EM DEFESA DO SUAS NA CONFER\u00caNCIA MUNICIPAL DA ASSIST\u00caNCIA SOCIAL","datePublished":"2025-08-22T00:48:32+00:00","mainEntityOfPage":{"@id":"https:\/\/salesianossp.org.br\/ositaquera\/obra-social-dom-bosco-em-defesa-do-suas-na-conferencia-municipal-da-assistencia-social\/"},"wordCount":230,"commentCount":0,"publisher":{"@id":"https:\/\/salesianossp.org.br\/ositaquera\/#organization"},"image":{"@id":"https:\/\/salesianossp.org.br\/ositaquera\/obra-social-dom-bosco-em-defesa-do-suas-na-conferencia-municipal-da-assistencia-social\/#primaryimage"},"thumbnailUrl":"https:\/\/salesianossp.org.br\/ositaquera\/wp-content\/uploads\/2025\/08\/capa2.webp","articleSection":["Not\u00edcias"],"inLanguage":"pt-BR","potentialAction":[{"@type":"CommentAction","name":"Comment","target":["https:\/\/salesianossp.org.br\/ositaquera\/obra-social-dom-bosco-em-defesa-do-suas-na-conferencia-municipal-da-assistencia-social\/#respond"]}]},{"@type":"WebPage","@id":"https:\/\/salesianossp.org.br\/ositaquera\/obra-social-dom-bosco-em-defesa-do-suas-na-conferencia-municipal-da-assistencia-social\/","url":"https:\/\/salesianossp.org.br\/ositaquera\/obra-social-dom-bosco-em-defesa-do-suas-na-conferencia-municipal-da-assistencia-social\/","name":"OBRA SOCIAL DOM BOSCO EM DEFESA DO SUAS NA CONFER\u00caNCIA MUNICIPAL DA ASSIST\u00caNCIA SOCIAL - Obra Social Dom Bosco","isPartOf":{"@id":"https:\/\/salesianossp.org.br\/ositaquera\/#website"},"primaryImageOfPage":{"@id":"https:\/\/salesianossp.org.br\/ositaquera\/obra-social-dom-bosco-em-defesa-do-suas-na-conferencia-municipal-da-assistencia-social\/#primaryimage"},"image":{"@id":"https:\/\/salesianossp.org.br\/ositaquera\/obra-social-dom-bosco-em-defesa-do-suas-na-conferencia-municipal-da-assistencia-social\/#primaryimage"},"thumbnailUrl":"https:\/\/salesianossp.org.br\/ositaquera\/wp-content\/uploads\/2025\/08\/capa2.webp","datePublished":"2025-08-22T00:48:32+00:00","breadcrumb":{"@id":"https:\/\/salesianossp.org.br\/ositaquera\/obra-social-dom-bosco-em-defesa-do-suas-na-conferencia-municipal-da-assistencia-social\/#breadcrumb"},"inLanguage":"pt-BR","potentialAction":[{"@type":"ReadAction","target":["https:\/\/salesianossp.org.br\/ositaquera\/obra-social-dom-bosco-em-defesa-do-suas-na-conferencia-municipal-da-assistencia-social\/"]}]},{"@type":"ImageObject","inLanguage":"pt-BR","@id":"https:\/\/salesianossp.org.br\/ositaquera\/obra-social-dom-bosco-em-defesa-do-suas-na-conferencia-municipal-da-assistencia-social\/#primaryimage","url":"https:\/\/salesianossp.org.br\/ositaquera\/wp-content\/uploads\/2025\/08\/capa2.webp","contentUrl":"https:\/\/salesianossp.org.br\/ositaquera\/wp-content\/uploads\/2025\/08\/capa2.webp","width":865,"height":867},{"@type":"BreadcrumbList","@id":"https:\/\/salesianossp.org.br\/ositaquera\/obra-social-dom-bosco-em-defesa-do-suas-na-conferencia-municipal-da-assistencia-social\/#breadcrumb","itemListElement":[{"@type":"ListItem","position":1,"name":"In\u00edcio","item":"https:\/\/salesianossp.org.br\/ositaquera\/"},{"@type":"ListItem","position":2,"name":"OBRA SOCIAL DOM BOSCO EM DEFESA DO SUAS NA CONFER\u00caNCIA MUNICIPAL DA ASSIST\u00caNCIA SOCIAL"}]},{"@type":"WebSite","@id":"https:\/\/salesianossp.org.br\/ositaquera\/#website","url":"https:\/\/salesianossp.org.br\/ositaquera\/","name":"Obra Social Dom Bosco","description":"","publisher":{"@id":"https:\/\/salesianossp.org.br\/ositaquera\/#organization"},"potentialAction":[{"@type":"SearchAction","target":{"@type":"EntryPoint","urlTemplate":"https:\/\/salesianossp.org.br\/ositaquera\/?s={search_term_string}"},"query-input":{"@type":"PropertyValueSpecification","valueRequired":true,"valueName":"search_term_string"}}],"inLanguage":"pt-BR"},{"@type":"Organization","@id":"https:\/\/salesianossp.org.br\/ositaquera\/#organization","name":"Obra Social Dom Bosco","url":"https:\/\/salesianossp.org.br\/ositaquera\/","logo":{"@type":"ImageObject","inLanguage":"pt-BR","@id":"https:\/\/salesianossp.org.br\/ositaquera\/#\/schema\/logo\/image\/","url":"https:\/\/salesianossp.org.br\/ositaquera\/wp-content\/uploads\/2024\/03\/logo-obra-social-dom-bosco-itaquera-h-scaled.png","contentUrl":"https:\/\/salesianossp.org.br\/ositaquera\/wp-content\/uploads\/2024\/03\/logo-obra-social-dom-bosco-itaquera-h-scaled.png","width":2560,"height":672,"caption":"Obra Social Dom Bosco"},"image":{"@id":"https:\/\/salesianossp.org.br\/ositaquera\/#\/schema\/logo\/image\/"},"sameAs":["https:\/\/www.facebook.com\/domboscoitaquera","https:\/\/br.linkedin.com\/company\/domboscoitaquera","https:\/\/www.youtube.com\/channel\/UCMIUZW8mqlpEbP7Dy02veOw","https:\/\/www.instagram.com\/obradombosco\/"]},{"@type":"Person","@id":"https:\/\/salesianossp.org.br\/ositaquera\/#\/schema\/person\/612e159822bfeed64312a453b075f9de","name":"Lucas Rodrigues","image":{"@type":"ImageObject","inLanguage":"pt-BR","@id":"https:\/\/secure.gravatar.com\/avatar\/0ad9c966c6ed3335d7fffe2c3b88880dd298c0817b71e20a6955c38f2a53f746?s=96&d=mm&r=g","url":"https:\/\/secure.gravatar.com\/avatar\/0ad9c966c6ed3335d7fffe2c3b88880dd298c0817b71e20a6955c38f2a53f746?s=96&d=mm&r=g","contentUrl":"https:\/\/secure.gravatar.com\/avatar\/0ad9c966c6ed3335d7fffe2c3b88880dd298c0817b71e20a6955c38f2a53f746?s=96&d=mm&r=g","caption":"Lucas Rodrigues"},"url":"https:\/\/salesianossp.org.br\/ositaquera\/author\/lucas-rodrigues\/"}]}},"_links":{"self":[{"href":"https:\/\/salesianossp.org.br\/ositaquera\/wp-json\/wp\/v2\/posts\/8914","targetHints":{"allow":["GET"]}}],"collection":[{"href":"https:\/\/salesianossp.org.br\/ositaquera\/wp-json\/wp\/v2\/posts"}],"about":[{"href":"https:\/\/salesianossp.org.br\/ositaquera\/wp-json\/wp\/v2\/types\/post"}],"author":[{"embeddable":true,"href":"https:\/\/salesianossp.org.br\/ositaquera\/wp-json\/wp\/v2\/users\/27"}],"replies":[{"embeddable":true,"href":"https:\/\/salesianossp.org.br\/ositaquera\/wp-json\/wp\/v2\/comments?post=8914"}],"version-history":[{"count":0,"href":"https:\/\/salesianossp.org.br\/ositaquera\/wp-json\/wp\/v2\/posts\/8914\/revisions"}],"wp:featuredmedia":[{"embeddable":true,"href":"https:\/\/salesianossp.org.br\/ositaquera\/wp-json\/wp\/v2\/media\/8919"}],"wp:attachment":[{"href":"https:\/\/salesianossp.org.br\/ositaquera\/wp-json\/wp\/v2\/media?parent=8914"}],"wp:term":[{"taxonomy":"category","embeddable":true,"href":"https:\/\/salesianossp.org.br\/ositaquera\/wp-json\/wp\/v2\/categories?post=8914"},{"taxonomy":"post_tag","embeddable":true,"href":"https:\/\/salesianossp.org.br\/ositaquera\/wp-json\/wp\/v2\/tags?post=8914"}],"curies":[{"name":"wp","href":"https:\/\/api.w.org\/{rel}","templated":true}]}}