{"id":117613,"date":"2026-07-27T15:02:08","date_gmt":"2026-07-27T15:02:08","guid":{"rendered":"https:\/\/salesianossp.org.br\/osjatai\/?p=117613"},"modified":"2026-07-27T15:02:10","modified_gmt":"2026-07-27T15:02:10","slug":"projeto-jatai-celebra-festa-junina-com-integracao-cultura-e-fortalecimento-de-vinculos","status":"publish","type":"post","link":"https:\/\/salesianossp.org.br\/osjatai\/2026\/07\/27\/projeto-jatai-celebra-festa-junina-com-integracao-cultura-e-fortalecimento-de-vinculos\/","title":{"rendered":"Projeto Jata\u00ed celebra Festa Junina com integra\u00e7\u00e3o, cultura e fortalecimento de v\u00ednculos"},"content":{"rendered":"\n<p class=\"wp-block-paragraph\">No dia <strong>14 de junho de 2026<\/strong>, o <strong>Projeto Jata\u00ed<\/strong> realizou sua tradicional <strong>Festa Junina<\/strong>, proporcionando um momento de integra\u00e7\u00e3o, conviv\u00eancia e alegria para todos os participantes. A celebra\u00e7\u00e3o reuniu crian\u00e7as, adolescentes, jovens, familiares, colaboradores e volunt\u00e1rios, refor\u00e7ando a import\u00e2ncia de iniciativas que aproximam a comunidade e fortalecem os v\u00ednculos entre os diferentes p\u00fablicos atendidos pela institui\u00e7\u00e3o.<\/p>\n\n\n\n<p class=\"wp-block-paragraph\">A festividade foi preparada com muito carinho por toda a equipe, que organizou um ambiente acolhedor e repleto de atividades t\u00edpicas. Cada detalhe contribuiu para criar uma atmosfera de celebra\u00e7\u00e3o, permitindo que os participantes vivenciassem um momento especial de descontra\u00e7\u00e3o e conviv\u00eancia.<\/p>\n\n\n\n<p class=\"wp-block-paragraph\">A participa\u00e7\u00e3o das crian\u00e7as, adolescentes, jovens, familiares, colaboradores e volunt\u00e1rios foi fundamental para o sucesso da comemora\u00e7\u00e3o. A alegria estampada no rosto dos participantes evidenciou a import\u00e2ncia de promover espa\u00e7os de encontro e conviv\u00eancia saud\u00e1vel, nos quais todos podem compartilhar experi\u00eancias e fortalecer os la\u00e7os constru\u00eddos no dia a dia do projeto.<\/p>\n\n\n\n<p class=\"wp-block-paragraph\">Mais do que uma comemora\u00e7\u00e3o t\u00edpica do per\u00edodo junino, a Festa Junina reafirmou o compromisso do Projeto Jata\u00ed em proporcionar experi\u00eancias significativas que unem <strong>educa\u00e7\u00e3o, cultura e lazer<\/strong>, contribuindo para a forma\u00e7\u00e3o integral dos participantes e para a valoriza\u00e7\u00e3o de momentos de conviv\u00eancia em comunidade.<\/p>\n\n\n\n<figure data-wp-context=\"{&quot;galleryId&quot;:&quot;6a95e454df6f7&quot;}\" data-wp-interactive=\"core\/gallery\" class=\"wp-block-gallery has-nested-images columns-default is-cropped wp-block-gallery-1 is-layout-flex wp-block-gallery-is-layout-flex\">\n<figure data-wp-context=\"{&quot;imageId&quot;:&quot;6a95e454e0054&quot;}\" data-wp-interactive=\"core\/image\" data-wp-key=\"6a95e454e0054\" class=\"wp-block-image size-large wp-lightbox-container\"><img fetchpriority=\"high\" decoding=\"async\" width=\"1024\" height=\"1024\" data-wp-class--hide=\"state.isContentHidden\" data-wp-class--show=\"state.isContentVisible\" data-wp-init=\"callbacks.setButtonStyles\" data-wp-on--click=\"actions.showLightbox\" data-wp-on--load=\"callbacks.setButtonStyles\" data-wp-on--pointerdown=\"actions.preloadImage\" data-wp-on--pointerenter=\"actions.preloadImageWithDelay\" data-wp-on--pointerleave=\"actions.cancelPreload\" data-wp-on-window--resize=\"callbacks.setButtonStyles\" data-id=\"117615\" src=\"https:\/\/salesianossp.org.br\/osjatai\/wp-content\/uploads\/2026\/07\/724242926_18056687099732401_5520696317717762143_n-1024x1024.jpg\" alt=\"\" class=\"wp-image-117615\" srcset=\"https:\/\/salesianossp.org.br\/osjatai\/wp-content\/uploads\/2026\/07\/724242926_18056687099732401_5520696317717762143_n-1024x1024.jpg 1024w, https:\/\/salesianossp.org.br\/osjatai\/wp-content\/uploads\/2026\/07\/724242926_18056687099732401_5520696317717762143_n-300x300.jpg 300w, https:\/\/salesianossp.org.br\/osjatai\/wp-content\/uploads\/2026\/07\/724242926_18056687099732401_5520696317717762143_n-150x150.jpg 150w, https:\/\/salesianossp.org.br\/osjatai\/wp-content\/uploads\/2026\/07\/724242926_18056687099732401_5520696317717762143_n-768x768.jpg 768w, https:\/\/salesianossp.org.br\/osjatai\/wp-content\/uploads\/2026\/07\/724242926_18056687099732401_5520696317717762143_n-1536x1536.jpg 1536w, https:\/\/salesianossp.org.br\/osjatai\/wp-content\/uploads\/2026\/07\/724242926_18056687099732401_5520696317717762143_n-2048x2048.jpg 2048w\" sizes=\"(max-width: 1024px) 100vw, 1024px\" \/><button\n\t\t\tclass=\"lightbox-trigger\"\n\t\t\ttype=\"button\"\n\t\t\taria-haspopup=\"dialog\"\n\t\t\tdata-wp-bind--aria-label=\"state.thisImage.triggerButtonAriaLabel\"\n\t\t\tdata-wp-init=\"callbacks.initTriggerButton\"\n\t\t\tdata-wp-on--click=\"actions.showLightbox\"\n\t\t\tdata-wp-style--right=\"state.thisImage.buttonRight\"\n\t\t\tdata-wp-style--top=\"state.thisImage.buttonTop\"\n\t\t>\n\t\t\t<svg xmlns=\"http:\/\/www.w3.org\/2000\/svg\" width=\"12\" height=\"12\" fill=\"none\" viewBox=\"0 0 12 12\">\n\t\t\t\t<path fill=\"#fff\" d=\"M2 0a2 2 0 0 0-2 2v2h1.5V2a.5.5 0 0 1 .5-.5h2V0H2Zm2 10.5H2a.5.5 0 0 1-.5-.5V8H0v2a2 2 0 0 0 2 2h2v-1.5ZM8 12v-1.5h2a.5.5 0 0 0 .5-.5V8H12v2a2 2 0 0 1-2 2H8Zm2-12a2 2 0 0 1 2 2v2h-1.5V2a.5.5 0 0 0-.5-.5H8V0h2Z\" \/>\n\t\t\t<\/svg>\n\t\t<\/button><\/figure>\n\n\n\n<figure data-wp-context=\"{&quot;imageId&quot;:&quot;6a95e454e05bb&quot;}\" data-wp-interactive=\"core\/image\" data-wp-key=\"6a95e454e05bb\" class=\"wp-block-image size-large wp-lightbox-container\"><img decoding=\"async\" width=\"1024\" height=\"1024\" data-wp-class--hide=\"state.isContentHidden\" data-wp-class--show=\"state.isContentVisible\" data-wp-init=\"callbacks.setButtonStyles\" data-wp-on--click=\"actions.showLightbox\" data-wp-on--load=\"callbacks.setButtonStyles\" data-wp-on--pointerdown=\"actions.preloadImage\" data-wp-on--pointerenter=\"actions.preloadImageWithDelay\" data-wp-on--pointerleave=\"actions.cancelPreload\" data-wp-on-window--resize=\"callbacks.setButtonStyles\" data-id=\"117619\" src=\"https:\/\/salesianossp.org.br\/osjatai\/wp-content\/uploads\/2026\/07\/724148247_18056686958732401_2747228202278010494_n-1024x1024.jpg\" alt=\"\" class=\"wp-image-117619\" srcset=\"https:\/\/salesianossp.org.br\/osjatai\/wp-content\/uploads\/2026\/07\/724148247_18056686958732401_2747228202278010494_n-1024x1024.jpg 1024w, https:\/\/salesianossp.org.br\/osjatai\/wp-content\/uploads\/2026\/07\/724148247_18056686958732401_2747228202278010494_n-300x300.jpg 300w, https:\/\/salesianossp.org.br\/osjatai\/wp-content\/uploads\/2026\/07\/724148247_18056686958732401_2747228202278010494_n-150x150.jpg 150w, https:\/\/salesianossp.org.br\/osjatai\/wp-content\/uploads\/2026\/07\/724148247_18056686958732401_2747228202278010494_n-768x768.jpg 768w, https:\/\/salesianossp.org.br\/osjatai\/wp-content\/uploads\/2026\/07\/724148247_18056686958732401_2747228202278010494_n-1536x1536.jpg 1536w, https:\/\/salesianossp.org.br\/osjatai\/wp-content\/uploads\/2026\/07\/724148247_18056686958732401_2747228202278010494_n.jpg 1600w\" sizes=\"(max-width: 1024px) 100vw, 1024px\" \/><button\n\t\t\tclass=\"lightbox-trigger\"\n\t\t\ttype=\"button\"\n\t\t\taria-haspopup=\"dialog\"\n\t\t\tdata-wp-bind--aria-label=\"state.thisImage.triggerButtonAriaLabel\"\n\t\t\tdata-wp-init=\"callbacks.initTriggerButton\"\n\t\t\tdata-wp-on--click=\"actions.showLightbox\"\n\t\t\tdata-wp-style--right=\"state.thisImage.buttonRight\"\n\t\t\tdata-wp-style--top=\"state.thisImage.buttonTop\"\n\t\t>\n\t\t\t<svg xmlns=\"http:\/\/www.w3.org\/2000\/svg\" width=\"12\" height=\"12\" fill=\"none\" viewBox=\"0 0 12 12\">\n\t\t\t\t<path fill=\"#fff\" d=\"M2 0a2 2 0 0 0-2 2v2h1.5V2a.5.5 0 0 1 .5-.5h2V0H2Zm2 10.5H2a.5.5 0 0 1-.5-.5V8H0v2a2 2 0 0 0 2 2h2v-1.5ZM8 12v-1.5h2a.5.5 0 0 0 .5-.5V8H12v2a2 2 0 0 1-2 2H8Zm2-12a2 2 0 0 1 2 2v2h-1.5V2a.5.5 0 0 0-.5-.5H8V0h2Z\" \/>\n\t\t\t<\/svg>\n\t\t<\/button><\/figure>\n\n\n\n<figure data-wp-context=\"{&quot;imageId&quot;:&quot;6a95e454e094b&quot;}\" data-wp-interactive=\"core\/image\" data-wp-key=\"6a95e454e094b\" class=\"wp-block-image size-large wp-lightbox-container\"><img decoding=\"async\" width=\"1024\" height=\"1024\" data-wp-class--hide=\"state.isContentHidden\" data-wp-class--show=\"state.isContentVisible\" data-wp-init=\"callbacks.setButtonStyles\" data-wp-on--click=\"actions.showLightbox\" data-wp-on--load=\"callbacks.setButtonStyles\" data-wp-on--pointerdown=\"actions.preloadImage\" data-wp-on--pointerenter=\"actions.preloadImageWithDelay\" data-wp-on--pointerleave=\"actions.cancelPreload\" data-wp-on-window--resize=\"callbacks.setButtonStyles\" data-id=\"117617\" src=\"https:\/\/salesianossp.org.br\/osjatai\/wp-content\/uploads\/2026\/07\/726575863_18056966429732401_218437297232415484_n-1024x1024.jpg\" alt=\"\" class=\"wp-image-117617\" srcset=\"https:\/\/salesianossp.org.br\/osjatai\/wp-content\/uploads\/2026\/07\/726575863_18056966429732401_218437297232415484_n-1024x1024.jpg 1024w, https:\/\/salesianossp.org.br\/osjatai\/wp-content\/uploads\/2026\/07\/726575863_18056966429732401_218437297232415484_n-300x300.jpg 300w, https:\/\/salesianossp.org.br\/osjatai\/wp-content\/uploads\/2026\/07\/726575863_18056966429732401_218437297232415484_n-150x150.jpg 150w, https:\/\/salesianossp.org.br\/osjatai\/wp-content\/uploads\/2026\/07\/726575863_18056966429732401_218437297232415484_n-768x768.jpg 768w, https:\/\/salesianossp.org.br\/osjatai\/wp-content\/uploads\/2026\/07\/726575863_18056966429732401_218437297232415484_n.jpg 1204w\" sizes=\"(max-width: 1024px) 100vw, 1024px\" \/><button\n\t\t\tclass=\"lightbox-trigger\"\n\t\t\ttype=\"button\"\n\t\t\taria-haspopup=\"dialog\"\n\t\t\tdata-wp-bind--aria-label=\"state.thisImage.triggerButtonAriaLabel\"\n\t\t\tdata-wp-init=\"callbacks.initTriggerButton\"\n\t\t\tdata-wp-on--click=\"actions.showLightbox\"\n\t\t\tdata-wp-style--right=\"state.thisImage.buttonRight\"\n\t\t\tdata-wp-style--top=\"state.thisImage.buttonTop\"\n\t\t>\n\t\t\t<svg xmlns=\"http:\/\/www.w3.org\/2000\/svg\" width=\"12\" height=\"12\" fill=\"none\" viewBox=\"0 0 12 12\">\n\t\t\t\t<path fill=\"#fff\" d=\"M2 0a2 2 0 0 0-2 2v2h1.5V2a.5.5 0 0 1 .5-.5h2V0H2Zm2 10.5H2a.5.5 0 0 1-.5-.5V8H0v2a2 2 0 0 0 2 2h2v-1.5ZM8 12v-1.5h2a.5.5 0 0 0 .5-.5V8H12v2a2 2 0 0 1-2 2H8Zm2-12a2 2 0 0 1 2 2v2h-1.5V2a.5.5 0 0 0-.5-.5H8V0h2Z\" \/>\n\t\t\t<\/svg>\n\t\t<\/button><\/figure>\n\n\n\n<figure data-wp-context=\"{&quot;imageId&quot;:&quot;6a95e454e0bfd&quot;}\" data-wp-interactive=\"core\/image\" data-wp-key=\"6a95e454e0bfd\" class=\"wp-block-image size-large wp-lightbox-container\"><img loading=\"lazy\" decoding=\"async\" width=\"963\" height=\"963\" data-wp-class--hide=\"state.isContentHidden\" data-wp-class--show=\"state.isContentVisible\" data-wp-init=\"callbacks.setButtonStyles\" data-wp-on--click=\"actions.showLightbox\" data-wp-on--load=\"callbacks.setButtonStyles\" data-wp-on--pointerdown=\"actions.preloadImage\" data-wp-on--pointerenter=\"actions.preloadImageWithDelay\" data-wp-on--pointerleave=\"actions.cancelPreload\" data-wp-on-window--resize=\"callbacks.setButtonStyles\" data-id=\"117618\" src=\"https:\/\/salesianossp.org.br\/osjatai\/wp-content\/uploads\/2026\/07\/726575876_18056966465732401_677560594429203103_n.jpg\" alt=\"\" class=\"wp-image-117618\" srcset=\"https:\/\/salesianossp.org.br\/osjatai\/wp-content\/uploads\/2026\/07\/726575876_18056966465732401_677560594429203103_n.jpg 963w, https:\/\/salesianossp.org.br\/osjatai\/wp-content\/uploads\/2026\/07\/726575876_18056966465732401_677560594429203103_n-300x300.jpg 300w, https:\/\/salesianossp.org.br\/osjatai\/wp-content\/uploads\/2026\/07\/726575876_18056966465732401_677560594429203103_n-150x150.jpg 150w, https:\/\/salesianossp.org.br\/osjatai\/wp-content\/uploads\/2026\/07\/726575876_18056966465732401_677560594429203103_n-768x768.jpg 768w\" sizes=\"(max-width: 963px) 100vw, 963px\" \/><button\n\t\t\tclass=\"lightbox-trigger\"\n\t\t\ttype=\"button\"\n\t\t\taria-haspopup=\"dialog\"\n\t\t\tdata-wp-bind--aria-label=\"state.thisImage.triggerButtonAriaLabel\"\n\t\t\tdata-wp-init=\"callbacks.initTriggerButton\"\n\t\t\tdata-wp-on--click=\"actions.showLightbox\"\n\t\t\tdata-wp-style--right=\"state.thisImage.buttonRight\"\n\t\t\tdata-wp-style--top=\"state.thisImage.buttonTop\"\n\t\t>\n\t\t\t<svg xmlns=\"http:\/\/www.w3.org\/2000\/svg\" width=\"12\" height=\"12\" fill=\"none\" viewBox=\"0 0 12 12\">\n\t\t\t\t<path fill=\"#fff\" d=\"M2 0a2 2 0 0 0-2 2v2h1.5V2a.5.5 0 0 1 .5-.5h2V0H2Zm2 10.5H2a.5.5 0 0 1-.5-.5V8H0v2a2 2 0 0 0 2 2h2v-1.5ZM8 12v-1.5h2a.5.5 0 0 0 .5-.5V8H12v2a2 2 0 0 1-2 2H8Zm2-12a2 2 0 0 1 2 2v2h-1.5V2a.5.5 0 0 0-.5-.5H8V0h2Z\" \/>\n\t\t\t<\/svg>\n\t\t<\/button><\/figure>\n\n\n\n<figure data-wp-context=\"{&quot;imageId&quot;:&quot;6a95e454e0dfb&quot;}\" data-wp-interactive=\"core\/image\" data-wp-key=\"6a95e454e0dfb\" class=\"wp-block-image size-large wp-lightbox-container\"><img loading=\"lazy\" decoding=\"async\" width=\"960\" height=\"960\" data-wp-class--hide=\"state.isContentHidden\" data-wp-class--show=\"state.isContentVisible\" data-wp-init=\"callbacks.setButtonStyles\" data-wp-on--click=\"actions.showLightbox\" data-wp-on--load=\"callbacks.setButtonStyles\" data-wp-on--pointerdown=\"actions.preloadImage\" data-wp-on--pointerenter=\"actions.preloadImageWithDelay\" data-wp-on--pointerleave=\"actions.cancelPreload\" data-wp-on-window--resize=\"callbacks.setButtonStyles\" data-id=\"117616\" src=\"https:\/\/salesianossp.org.br\/osjatai\/wp-content\/uploads\/2026\/07\/726575841_18056966456732401_5710140114595388154_n.jpg\" alt=\"\" class=\"wp-image-117616\" srcset=\"https:\/\/salesianossp.org.br\/osjatai\/wp-content\/uploads\/2026\/07\/726575841_18056966456732401_5710140114595388154_n.jpg 960w, https:\/\/salesianossp.org.br\/osjatai\/wp-content\/uploads\/2026\/07\/726575841_18056966456732401_5710140114595388154_n-300x300.jpg 300w, https:\/\/salesianossp.org.br\/osjatai\/wp-content\/uploads\/2026\/07\/726575841_18056966456732401_5710140114595388154_n-150x150.jpg 150w, https:\/\/salesianossp.org.br\/osjatai\/wp-content\/uploads\/2026\/07\/726575841_18056966456732401_5710140114595388154_n-768x768.jpg 768w\" sizes=\"(max-width: 960px) 100vw, 960px\" \/><button\n\t\t\tclass=\"lightbox-trigger\"\n\t\t\ttype=\"button\"\n\t\t\taria-haspopup=\"dialog\"\n\t\t\tdata-wp-bind--aria-label=\"state.thisImage.triggerButtonAriaLabel\"\n\t\t\tdata-wp-init=\"callbacks.initTriggerButton\"\n\t\t\tdata-wp-on--click=\"actions.showLightbox\"\n\t\t\tdata-wp-style--right=\"state.thisImage.buttonRight\"\n\t\t\tdata-wp-style--top=\"state.thisImage.buttonTop\"\n\t\t>\n\t\t\t<svg xmlns=\"http:\/\/www.w3.org\/2000\/svg\" width=\"12\" height=\"12\" fill=\"none\" viewBox=\"0 0 12 12\">\n\t\t\t\t<path fill=\"#fff\" d=\"M2 0a2 2 0 0 0-2 2v2h1.5V2a.5.5 0 0 1 .5-.5h2V0H2Zm2 10.5H2a.5.5 0 0 1-.5-.5V8H0v2a2 2 0 0 0 2 2h2v-1.5ZM8 12v-1.5h2a.5.5 0 0 0 .5-.5V8H12v2a2 2 0 0 1-2 2H8Zm2-12a2 2 0 0 1 2 2v2h-1.5V2a.5.5 0 0 0-.5-.5H8V0h2Z\" \/>\n\t\t\t<\/svg>\n\t\t<\/button><\/figure>\n<\/figure>\n","protected":false},"excerpt":{"rendered":"<p>Evento reuniu crian\u00e7as, adolescentes, jovens, familiares, colaboradores e volunt\u00e1rios em uma tarde de conviv\u00eancia, valorizando as tradi\u00e7\u00f5es juninas e refor\u00e7ando o compromisso da institui\u00e7\u00e3o com a educa\u00e7\u00e3o, a cultura e o lazer.<\/p>\n","protected":false},"author":27,"featured_media":117614,"comment_status":"open","ping_status":"open","sticky":false,"template":"","format":"standard","meta":{"footnotes":""},"categories":[1],"tags":[],"class_list":["post-117613","post","type-post","status-publish","format-standard","has-post-thumbnail","hentry","category-uncategorized"],"yoast_head":"<!-- This site is optimized with the Yoast SEO plugin v28.3 - https:\/\/yoast.com\/product\/yoast-seo-wordpress\/ -->\n<title>Projeto Jata\u00ed celebra Festa Junina com integra\u00e7\u00e3o, cultura e fortalecimento de v\u00ednculos - Projeto Jata\u00ed<\/title>\n<meta name=\"robots\" content=\"index, follow, max-snippet:-1, max-image-preview:large, max-video-preview:-1\" \/>\n<link rel=\"canonical\" href=\"https:\/\/salesianossp.org.br\/osjatai\/2026\/07\/27\/projeto-jatai-celebra-festa-junina-com-integracao-cultura-e-fortalecimento-de-vinculos\/\" \/>\n<meta property=\"og:locale\" content=\"pt_BR\" \/>\n<meta property=\"og:type\" content=\"article\" \/>\n<meta property=\"og:title\" content=\"Projeto Jata\u00ed celebra Festa Junina com integra\u00e7\u00e3o, cultura e fortalecimento de v\u00ednculos - Projeto Jata\u00ed\" \/>\n<meta property=\"og:description\" content=\"Evento reuniu crian\u00e7as, adolescentes, jovens, familiares, colaboradores e volunt\u00e1rios em uma tarde de conviv\u00eancia, valorizando as tradi\u00e7\u00f5es juninas e refor\u00e7ando o compromisso da institui\u00e7\u00e3o com a educa\u00e7\u00e3o, a cultura e o lazer.\" \/>\n<meta property=\"og:url\" content=\"https:\/\/salesianossp.org.br\/osjatai\/2026\/07\/27\/projeto-jatai-celebra-festa-junina-com-integracao-cultura-e-fortalecimento-de-vinculos\/\" \/>\n<meta property=\"og:site_name\" content=\"Projeto Jata\u00ed\" \/>\n<meta property=\"article:publisher\" content=\"https:\/\/www.facebook.com\/projetojataisalesianos\/\" \/>\n<meta property=\"article:published_time\" content=\"2026-07-27T15:02:08+00:00\" \/>\n<meta property=\"article:modified_time\" content=\"2026-07-27T15:02:10+00:00\" \/>\n<meta property=\"og:image\" content=\"https:\/\/salesianossp.org.br\/osjatai\/wp-content\/uploads\/2026\/07\/724239520_18056686946732401_37608851724937278_n.jpg\" \/>\n\t<meta property=\"og:image:width\" content=\"1600\" \/>\n\t<meta property=\"og:image:height\" content=\"1600\" \/>\n\t<meta property=\"og:image:type\" content=\"image\/jpeg\" \/>\n<meta name=\"author\" content=\"Lucas Rodrigues\" \/>\n<meta name=\"twitter:card\" content=\"summary_large_image\" \/>\n<meta name=\"twitter:label1\" content=\"Escrito por\" \/>\n\t<meta name=\"twitter:data1\" content=\"Lucas Rodrigues\" \/>\n\t<meta name=\"twitter:label2\" content=\"Est. tempo de leitura\" \/>\n\t<meta name=\"twitter:data2\" content=\"3 minutos\" \/>\n<script type=\"application\/ld+json\" class=\"yoast-schema-graph\">{\"@context\":\"https:\\\/\\\/schema.org\",\"@graph\":[{\"@type\":\"Article\",\"@id\":\"https:\\\/\\\/salesianossp.org.br\\\/osjatai\\\/2026\\\/07\\\/27\\\/projeto-jatai-celebra-festa-junina-com-integracao-cultura-e-fortalecimento-de-vinculos\\\/#article\",\"isPartOf\":{\"@id\":\"https:\\\/\\\/salesianossp.org.br\\\/osjatai\\\/2026\\\/07\\\/27\\\/projeto-jatai-celebra-festa-junina-com-integracao-cultura-e-fortalecimento-de-vinculos\\\/\"},\"author\":{\"name\":\"Lucas Rodrigues\",\"@id\":\"https:\\\/\\\/salesianossp.org.br\\\/osjatai\\\/#\\\/schema\\\/person\\\/25f70f41ea2e14fb994d55ddfe66f8ec\"},\"headline\":\"Projeto Jata\u00ed celebra Festa Junina com integra\u00e7\u00e3o, cultura e fortalecimento de v\u00ednculos\",\"datePublished\":\"2026-07-27T15:02:08+00:00\",\"dateModified\":\"2026-07-27T15:02:10+00:00\",\"mainEntityOfPage\":{\"@id\":\"https:\\\/\\\/salesianossp.org.br\\\/osjatai\\\/2026\\\/07\\\/27\\\/projeto-jatai-celebra-festa-junina-com-integracao-cultura-e-fortalecimento-de-vinculos\\\/\"},\"wordCount\":241,\"commentCount\":0,\"publisher\":{\"@id\":\"https:\\\/\\\/salesianossp.org.br\\\/osjatai\\\/#organization\"},\"image\":{\"@id\":\"https:\\\/\\\/salesianossp.org.br\\\/osjatai\\\/2026\\\/07\\\/27\\\/projeto-jatai-celebra-festa-junina-com-integracao-cultura-e-fortalecimento-de-vinculos\\\/#primaryimage\"},\"thumbnailUrl\":\"https:\\\/\\\/salesianossp.org.br\\\/osjatai\\\/wp-content\\\/uploads\\\/2026\\\/07\\\/724239520_18056686946732401_37608851724937278_n.jpg\",\"articleSection\":[\"Uncategorized\"],\"inLanguage\":\"pt-BR\",\"potentialAction\":[{\"@type\":\"CommentAction\",\"name\":\"Comment\",\"target\":[\"https:\\\/\\\/salesianossp.org.br\\\/osjatai\\\/2026\\\/07\\\/27\\\/projeto-jatai-celebra-festa-junina-com-integracao-cultura-e-fortalecimento-de-vinculos\\\/#respond\"]}]},{\"@type\":\"WebPage\",\"@id\":\"https:\\\/\\\/salesianossp.org.br\\\/osjatai\\\/2026\\\/07\\\/27\\\/projeto-jatai-celebra-festa-junina-com-integracao-cultura-e-fortalecimento-de-vinculos\\\/\",\"url\":\"https:\\\/\\\/salesianossp.org.br\\\/osjatai\\\/2026\\\/07\\\/27\\\/projeto-jatai-celebra-festa-junina-com-integracao-cultura-e-fortalecimento-de-vinculos\\\/\",\"name\":\"Projeto Jata\u00ed celebra Festa Junina com integra\u00e7\u00e3o, cultura e fortalecimento de v\u00ednculos - Projeto Jata\u00ed\",\"isPartOf\":{\"@id\":\"https:\\\/\\\/salesianossp.org.br\\\/osjatai\\\/#website\"},\"primaryImageOfPage\":{\"@id\":\"https:\\\/\\\/salesianossp.org.br\\\/osjatai\\\/2026\\\/07\\\/27\\\/projeto-jatai-celebra-festa-junina-com-integracao-cultura-e-fortalecimento-de-vinculos\\\/#primaryimage\"},\"image\":{\"@id\":\"https:\\\/\\\/salesianossp.org.br\\\/osjatai\\\/2026\\\/07\\\/27\\\/projeto-jatai-celebra-festa-junina-com-integracao-cultura-e-fortalecimento-de-vinculos\\\/#primaryimage\"},\"thumbnailUrl\":\"https:\\\/\\\/salesianossp.org.br\\\/osjatai\\\/wp-content\\\/uploads\\\/2026\\\/07\\\/724239520_18056686946732401_37608851724937278_n.jpg\",\"datePublished\":\"2026-07-27T15:02:08+00:00\",\"dateModified\":\"2026-07-27T15:02:10+00:00\",\"breadcrumb\":{\"@id\":\"https:\\\/\\\/salesianossp.org.br\\\/osjatai\\\/2026\\\/07\\\/27\\\/projeto-jatai-celebra-festa-junina-com-integracao-cultura-e-fortalecimento-de-vinculos\\\/#breadcrumb\"},\"inLanguage\":\"pt-BR\",\"potentialAction\":[{\"@type\":\"ReadAction\",\"target\":[\"https:\\\/\\\/salesianossp.org.br\\\/osjatai\\\/2026\\\/07\\\/27\\\/projeto-jatai-celebra-festa-junina-com-integracao-cultura-e-fortalecimento-de-vinculos\\\/\"]}]},{\"@type\":\"ImageObject\",\"inLanguage\":\"pt-BR\",\"@id\":\"https:\\\/\\\/salesianossp.org.br\\\/osjatai\\\/2026\\\/07\\\/27\\\/projeto-jatai-celebra-festa-junina-com-integracao-cultura-e-fortalecimento-de-vinculos\\\/#primaryimage\",\"url\":\"https:\\\/\\\/salesianossp.org.br\\\/osjatai\\\/wp-content\\\/uploads\\\/2026\\\/07\\\/724239520_18056686946732401_37608851724937278_n.jpg\",\"contentUrl\":\"https:\\\/\\\/salesianossp.org.br\\\/osjatai\\\/wp-content\\\/uploads\\\/2026\\\/07\\\/724239520_18056686946732401_37608851724937278_n.jpg\",\"width\":1600,\"height\":1600},{\"@type\":\"BreadcrumbList\",\"@id\":\"https:\\\/\\\/salesianossp.org.br\\\/osjatai\\\/2026\\\/07\\\/27\\\/projeto-jatai-celebra-festa-junina-com-integracao-cultura-e-fortalecimento-de-vinculos\\\/#breadcrumb\",\"itemListElement\":[{\"@type\":\"ListItem\",\"position\":1,\"name\":\"In\u00edcio\",\"item\":\"https:\\\/\\\/salesianossp.org.br\\\/osjatai\\\/\"},{\"@type\":\"ListItem\",\"position\":2,\"name\":\"Projeto Jata\u00ed celebra Festa Junina com integra\u00e7\u00e3o, cultura e fortalecimento de v\u00ednculos\"}]},{\"@type\":\"WebSite\",\"@id\":\"https:\\\/\\\/salesianossp.org.br\\\/osjatai\\\/#website\",\"url\":\"https:\\\/\\\/salesianossp.org.br\\\/osjatai\\\/\",\"name\":\"Projeto Jata\u00ed\",\"description\":\"\",\"publisher\":{\"@id\":\"https:\\\/\\\/salesianossp.org.br\\\/osjatai\\\/#organization\"},\"potentialAction\":[{\"@type\":\"SearchAction\",\"target\":{\"@type\":\"EntryPoint\",\"urlTemplate\":\"https:\\\/\\\/salesianossp.org.br\\\/osjatai\\\/?s={search_term_string}\"},\"query-input\":{\"@type\":\"PropertyValueSpecification\",\"valueRequired\":true,\"valueName\":\"search_term_string\"}}],\"inLanguage\":\"pt-BR\"},{\"@type\":\"Organization\",\"@id\":\"https:\\\/\\\/salesianossp.org.br\\\/osjatai\\\/#organization\",\"name\":\"Projeto Jata\u00ed\",\"url\":\"https:\\\/\\\/salesianossp.org.br\\\/osjatai\\\/\",\"logo\":{\"@type\":\"ImageObject\",\"inLanguage\":\"pt-BR\",\"@id\":\"https:\\\/\\\/salesianossp.org.br\\\/osjatai\\\/#\\\/schema\\\/logo\\\/image\\\/\",\"url\":\"https:\\\/\\\/salesianossp.org.br\\\/osjatai\\\/wp-content\\\/uploads\\\/2025\\\/10\\\/logotipo-projeto-jatati-color-56.svg\",\"contentUrl\":\"https:\\\/\\\/salesianossp.org.br\\\/osjatai\\\/wp-content\\\/uploads\\\/2025\\\/10\\\/logotipo-projeto-jatati-color-56.svg\",\"width\":232,\"height\":56,\"caption\":\"Projeto Jata\u00ed\"},\"image\":{\"@id\":\"https:\\\/\\\/salesianossp.org.br\\\/osjatai\\\/#\\\/schema\\\/logo\\\/image\\\/\"},\"sameAs\":[\"https:\\\/\\\/www.facebook.com\\\/projetojataisalesianos\\\/\",\"https:\\\/\\\/www.instagram.com\\\/projeto_jatai\\\/\"]},{\"@type\":\"Person\",\"@id\":\"https:\\\/\\\/salesianossp.org.br\\\/osjatai\\\/#\\\/schema\\\/person\\\/25f70f41ea2e14fb994d55ddfe66f8ec\",\"name\":\"Lucas Rodrigues\",\"image\":{\"@type\":\"ImageObject\",\"inLanguage\":\"pt-BR\",\"@id\":\"https:\\\/\\\/secure.gravatar.com\\\/avatar\\\/0ad9c966c6ed3335d7fffe2c3b88880dd298c0817b71e20a6955c38f2a53f746?s=96&d=mm&r=g\",\"url\":\"https:\\\/\\\/secure.gravatar.com\\\/avatar\\\/0ad9c966c6ed3335d7fffe2c3b88880dd298c0817b71e20a6955c38f2a53f746?s=96&d=mm&r=g\",\"contentUrl\":\"https:\\\/\\\/secure.gravatar.com\\\/avatar\\\/0ad9c966c6ed3335d7fffe2c3b88880dd298c0817b71e20a6955c38f2a53f746?s=96&d=mm&r=g\",\"caption\":\"Lucas Rodrigues\"},\"url\":\"https:\\\/\\\/salesianossp.org.br\\\/osjatai\\\/author\\\/lucas-rodrigues\\\/\"}]}<\/script>\n<!-- \/ Yoast SEO plugin. -->","yoast_head_json":{"title":"Projeto Jata\u00ed celebra Festa Junina com integra\u00e7\u00e3o, cultura e fortalecimento de v\u00ednculos - Projeto Jata\u00ed","robots":{"index":"index","follow":"follow","max-snippet":"max-snippet:-1","max-image-preview":"max-image-preview:large","max-video-preview":"max-video-preview:-1"},"canonical":"https:\/\/salesianossp.org.br\/osjatai\/2026\/07\/27\/projeto-jatai-celebra-festa-junina-com-integracao-cultura-e-fortalecimento-de-vinculos\/","og_locale":"pt_BR","og_type":"article","og_title":"Projeto Jata\u00ed celebra Festa Junina com integra\u00e7\u00e3o, cultura e fortalecimento de v\u00ednculos - Projeto Jata\u00ed","og_description":"Evento reuniu crian\u00e7as, adolescentes, jovens, familiares, colaboradores e volunt\u00e1rios em uma tarde de conviv\u00eancia, valorizando as tradi\u00e7\u00f5es juninas e refor\u00e7ando o compromisso da institui\u00e7\u00e3o com a educa\u00e7\u00e3o, a cultura e o lazer.","og_url":"https:\/\/salesianossp.org.br\/osjatai\/2026\/07\/27\/projeto-jatai-celebra-festa-junina-com-integracao-cultura-e-fortalecimento-de-vinculos\/","og_site_name":"Projeto Jata\u00ed","article_publisher":"https:\/\/www.facebook.com\/projetojataisalesianos\/","article_published_time":"2026-07-27T15:02:08+00:00","article_modified_time":"2026-07-27T15:02:10+00:00","og_image":[{"width":1600,"height":1600,"url":"https:\/\/salesianossp.org.br\/osjatai\/wp-content\/uploads\/2026\/07\/724239520_18056686946732401_37608851724937278_n.jpg","type":"image\/jpeg"}],"author":"Lucas Rodrigues","twitter_card":"summary_large_image","twitter_misc":{"Escrito por":"Lucas Rodrigues","Est. tempo de leitura":"3 minutos"},"schema":{"@context":"https:\/\/schema.org","@graph":[{"@type":"Article","@id":"https:\/\/salesianossp.org.br\/osjatai\/2026\/07\/27\/projeto-jatai-celebra-festa-junina-com-integracao-cultura-e-fortalecimento-de-vinculos\/#article","isPartOf":{"@id":"https:\/\/salesianossp.org.br\/osjatai\/2026\/07\/27\/projeto-jatai-celebra-festa-junina-com-integracao-cultura-e-fortalecimento-de-vinculos\/"},"author":{"name":"Lucas Rodrigues","@id":"https:\/\/salesianossp.org.br\/osjatai\/#\/schema\/person\/25f70f41ea2e14fb994d55ddfe66f8ec"},"headline":"Projeto Jata\u00ed celebra Festa Junina com integra\u00e7\u00e3o, cultura e fortalecimento de v\u00ednculos","datePublished":"2026-07-27T15:02:08+00:00","dateModified":"2026-07-27T15:02:10+00:00","mainEntityOfPage":{"@id":"https:\/\/salesianossp.org.br\/osjatai\/2026\/07\/27\/projeto-jatai-celebra-festa-junina-com-integracao-cultura-e-fortalecimento-de-vinculos\/"},"wordCount":241,"commentCount":0,"publisher":{"@id":"https:\/\/salesianossp.org.br\/osjatai\/#organization"},"image":{"@id":"https:\/\/salesianossp.org.br\/osjatai\/2026\/07\/27\/projeto-jatai-celebra-festa-junina-com-integracao-cultura-e-fortalecimento-de-vinculos\/#primaryimage"},"thumbnailUrl":"https:\/\/salesianossp.org.br\/osjatai\/wp-content\/uploads\/2026\/07\/724239520_18056686946732401_37608851724937278_n.jpg","articleSection":["Uncategorized"],"inLanguage":"pt-BR","potentialAction":[{"@type":"CommentAction","name":"Comment","target":["https:\/\/salesianossp.org.br\/osjatai\/2026\/07\/27\/projeto-jatai-celebra-festa-junina-com-integracao-cultura-e-fortalecimento-de-vinculos\/#respond"]}]},{"@type":"WebPage","@id":"https:\/\/salesianossp.org.br\/osjatai\/2026\/07\/27\/projeto-jatai-celebra-festa-junina-com-integracao-cultura-e-fortalecimento-de-vinculos\/","url":"https:\/\/salesianossp.org.br\/osjatai\/2026\/07\/27\/projeto-jatai-celebra-festa-junina-com-integracao-cultura-e-fortalecimento-de-vinculos\/","name":"Projeto Jata\u00ed celebra Festa Junina com integra\u00e7\u00e3o, cultura e fortalecimento de v\u00ednculos - Projeto Jata\u00ed","isPartOf":{"@id":"https:\/\/salesianossp.org.br\/osjatai\/#website"},"primaryImageOfPage":{"@id":"https:\/\/salesianossp.org.br\/osjatai\/2026\/07\/27\/projeto-jatai-celebra-festa-junina-com-integracao-cultura-e-fortalecimento-de-vinculos\/#primaryimage"},"image":{"@id":"https:\/\/salesianossp.org.br\/osjatai\/2026\/07\/27\/projeto-jatai-celebra-festa-junina-com-integracao-cultura-e-fortalecimento-de-vinculos\/#primaryimage"},"thumbnailUrl":"https:\/\/salesianossp.org.br\/osjatai\/wp-content\/uploads\/2026\/07\/724239520_18056686946732401_37608851724937278_n.jpg","datePublished":"2026-07-27T15:02:08+00:00","dateModified":"2026-07-27T15:02:10+00:00","breadcrumb":{"@id":"https:\/\/salesianossp.org.br\/osjatai\/2026\/07\/27\/projeto-jatai-celebra-festa-junina-com-integracao-cultura-e-fortalecimento-de-vinculos\/#breadcrumb"},"inLanguage":"pt-BR","potentialAction":[{"@type":"ReadAction","target":["https:\/\/salesianossp.org.br\/osjatai\/2026\/07\/27\/projeto-jatai-celebra-festa-junina-com-integracao-cultura-e-fortalecimento-de-vinculos\/"]}]},{"@type":"ImageObject","inLanguage":"pt-BR","@id":"https:\/\/salesianossp.org.br\/osjatai\/2026\/07\/27\/projeto-jatai-celebra-festa-junina-com-integracao-cultura-e-fortalecimento-de-vinculos\/#primaryimage","url":"https:\/\/salesianossp.org.br\/osjatai\/wp-content\/uploads\/2026\/07\/724239520_18056686946732401_37608851724937278_n.jpg","contentUrl":"https:\/\/salesianossp.org.br\/osjatai\/wp-content\/uploads\/2026\/07\/724239520_18056686946732401_37608851724937278_n.jpg","width":1600,"height":1600},{"@type":"BreadcrumbList","@id":"https:\/\/salesianossp.org.br\/osjatai\/2026\/07\/27\/projeto-jatai-celebra-festa-junina-com-integracao-cultura-e-fortalecimento-de-vinculos\/#breadcrumb","itemListElement":[{"@type":"ListItem","position":1,"name":"In\u00edcio","item":"https:\/\/salesianossp.org.br\/osjatai\/"},{"@type":"ListItem","position":2,"name":"Projeto Jata\u00ed celebra Festa Junina com integra\u00e7\u00e3o, cultura e fortalecimento de v\u00ednculos"}]},{"@type":"WebSite","@id":"https:\/\/salesianossp.org.br\/osjatai\/#website","url":"https:\/\/salesianossp.org.br\/osjatai\/","name":"Projeto Jata\u00ed","description":"","publisher":{"@id":"https:\/\/salesianossp.org.br\/osjatai\/#organization"},"potentialAction":[{"@type":"SearchAction","target":{"@type":"EntryPoint","urlTemplate":"https:\/\/salesianossp.org.br\/osjatai\/?s={search_term_string}"},"query-input":{"@type":"PropertyValueSpecification","valueRequired":true,"valueName":"search_term_string"}}],"inLanguage":"pt-BR"},{"@type":"Organization","@id":"https:\/\/salesianossp.org.br\/osjatai\/#organization","name":"Projeto Jata\u00ed","url":"https:\/\/salesianossp.org.br\/osjatai\/","logo":{"@type":"ImageObject","inLanguage":"pt-BR","@id":"https:\/\/salesianossp.org.br\/osjatai\/#\/schema\/logo\/image\/","url":"https:\/\/salesianossp.org.br\/osjatai\/wp-content\/uploads\/2025\/10\/logotipo-projeto-jatati-color-56.svg","contentUrl":"https:\/\/salesianossp.org.br\/osjatai\/wp-content\/uploads\/2025\/10\/logotipo-projeto-jatati-color-56.svg","width":232,"height":56,"caption":"Projeto Jata\u00ed"},"image":{"@id":"https:\/\/salesianossp.org.br\/osjatai\/#\/schema\/logo\/image\/"},"sameAs":["https:\/\/www.facebook.com\/projetojataisalesianos\/","https:\/\/www.instagram.com\/projeto_jatai\/"]},{"@type":"Person","@id":"https:\/\/salesianossp.org.br\/osjatai\/#\/schema\/person\/25f70f41ea2e14fb994d55ddfe66f8ec","name":"Lucas Rodrigues","image":{"@type":"ImageObject","inLanguage":"pt-BR","@id":"https:\/\/secure.gravatar.com\/avatar\/0ad9c966c6ed3335d7fffe2c3b88880dd298c0817b71e20a6955c38f2a53f746?s=96&d=mm&r=g","url":"https:\/\/secure.gravatar.com\/avatar\/0ad9c966c6ed3335d7fffe2c3b88880dd298c0817b71e20a6955c38f2a53f746?s=96&d=mm&r=g","contentUrl":"https:\/\/secure.gravatar.com\/avatar\/0ad9c966c6ed3335d7fffe2c3b88880dd298c0817b71e20a6955c38f2a53f746?s=96&d=mm&r=g","caption":"Lucas Rodrigues"},"url":"https:\/\/salesianossp.org.br\/osjatai\/author\/lucas-rodrigues\/"}]}},"_links":{"self":[{"href":"https:\/\/salesianossp.org.br\/osjatai\/wp-json\/wp\/v2\/posts\/117613","targetHints":{"allow":["GET"]}}],"collection":[{"href":"https:\/\/salesianossp.org.br\/osjatai\/wp-json\/wp\/v2\/posts"}],"about":[{"href":"https:\/\/salesianossp.org.br\/osjatai\/wp-json\/wp\/v2\/types\/post"}],"author":[{"embeddable":true,"href":"https:\/\/salesianossp.org.br\/osjatai\/wp-json\/wp\/v2\/users\/27"}],"replies":[{"embeddable":true,"href":"https:\/\/salesianossp.org.br\/osjatai\/wp-json\/wp\/v2\/comments?post=117613"}],"version-history":[{"count":1,"href":"https:\/\/salesianossp.org.br\/osjatai\/wp-json\/wp\/v2\/posts\/117613\/revisions"}],"predecessor-version":[{"id":117620,"href":"https:\/\/salesianossp.org.br\/osjatai\/wp-json\/wp\/v2\/posts\/117613\/revisions\/117620"}],"wp:featuredmedia":[{"embeddable":true,"href":"https:\/\/salesianossp.org.br\/osjatai\/wp-json\/wp\/v2\/media\/117614"}],"wp:attachment":[{"href":"https:\/\/salesianossp.org.br\/osjatai\/wp-json\/wp\/v2\/media?parent=117613"}],"wp:term":[{"taxonomy":"category","embeddable":true,"href":"https:\/\/salesianossp.org.br\/osjatai\/wp-json\/wp\/v2\/categories?post=117613"},{"taxonomy":"post_tag","embeddable":true,"href":"https:\/\/salesianossp.org.br\/osjatai\/wp-json\/wp\/v2\/tags?post=117613"}],"curies":[{"name":"wp","href":"https:\/\/api.w.org\/{rel}","templated":true}]}}