{"id":117621,"date":"2026-07-27T15:14:57","date_gmt":"2026-07-27T15:14:57","guid":{"rendered":"https:\/\/salesianossp.org.br\/osjatai\/?p=117621"},"modified":"2026-07-27T15:14:59","modified_gmt":"2026-07-27T15:14:59","slug":"projeto-jatai-participa-da-iii-feira-de-profissoes-e-incentiva-jovens-na-construcao-do-projeto-de-vida","status":"publish","type":"post","link":"https:\/\/salesianossp.org.br\/osjatai\/2026\/07\/27\/projeto-jatai-participa-da-iii-feira-de-profissoes-e-incentiva-jovens-na-construcao-do-projeto-de-vida\/","title":{"rendered":"Projeto Jata\u00ed participa da III Feira de Profiss\u00f5es e incentiva jovens na constru\u00e7\u00e3o do projeto de vida"},"content":{"rendered":"\n<p class=\"wp-block-paragraph\">Nos dias <strong>1\u00ba e 2 de julho de 2026<\/strong>, o <strong>Projeto Jata\u00ed<\/strong> participou com um stand na <strong>III Feira de Profiss\u00f5es<\/strong>, em Pindamonhangaba, proporcionando uma experi\u00eancia enriquecedora de orienta\u00e7\u00e3o e descoberta profissional. A participa\u00e7\u00e3o no evento refor\u00e7ou a import\u00e2ncia de oferecer aos jovens oportunidades de contato com diferentes possibilidades para a constru\u00e7\u00e3o de seus projetos de vida.<\/p>\n\n\n\n<p class=\"wp-block-paragraph\">Entre escolhas, sonhos e novos caminhos, os visitantes tiveram a oportunidade de conhecer diferentes carreiras, cursos e institui\u00e7\u00f5es de ensino. Al\u00e9m disso, puderam dialogar com profissionais de diferentes \u00e1reas, esclarecer d\u00favidas sobre o mercado de trabalho e compreender melhor as diversas possibilidades de forma\u00e7\u00e3o dispon\u00edveis.<\/p>\n\n\n\n<p class=\"wp-block-paragraph\">A presen\u00e7a do Projeto Jata\u00ed na feira representou um importante momento de reflex\u00e3o sobre o futuro profissional dos participantes, incentivando cada jovem a reconhecer seus talentos, interesses e potencial. A experi\u00eancia tamb\u00e9m contribuiu para ampliar a vis\u00e3o dos visitantes sobre os caminhos que podem ser trilhados na constru\u00e7\u00e3o de uma trajet\u00f3ria pessoal e profissional.<\/p>\n\n\n\n<figure data-wp-context=\"{&quot;galleryId&quot;:&quot;6a95e582cc3ae&quot;}\" data-wp-interactive=\"core\/gallery\" class=\"wp-block-gallery has-nested-images columns-default is-cropped wp-block-gallery-1 is-layout-flex wp-block-gallery-is-layout-flex\">\n<figure data-wp-context=\"{&quot;imageId&quot;:&quot;6a95e582ccdb4&quot;}\" data-wp-interactive=\"core\/image\" data-wp-key=\"6a95e582ccdb4\" class=\"wp-block-image size-large wp-lightbox-container\"><img fetchpriority=\"high\" decoding=\"async\" width=\"768\" height=\"1024\" data-wp-class--hide=\"state.isContentHidden\" data-wp-class--show=\"state.isContentVisible\" data-wp-init=\"callbacks.setButtonStyles\" data-wp-on--click=\"actions.showLightbox\" data-wp-on--load=\"callbacks.setButtonStyles\" data-wp-on--pointerdown=\"actions.preloadImage\" data-wp-on--pointerenter=\"actions.preloadImageWithDelay\" data-wp-on--pointerleave=\"actions.cancelPreload\" data-wp-on-window--resize=\"callbacks.setButtonStyles\" data-id=\"117623\" src=\"https:\/\/salesianossp.org.br\/osjatai\/wp-content\/uploads\/2026\/07\/WhatsApp-Image-2026-07-27-at-11.19.53-768x1024.jpeg\" alt=\"\" class=\"wp-image-117623\" srcset=\"https:\/\/salesianossp.org.br\/osjatai\/wp-content\/uploads\/2026\/07\/WhatsApp-Image-2026-07-27-at-11.19.53-768x1024.jpeg 768w, https:\/\/salesianossp.org.br\/osjatai\/wp-content\/uploads\/2026\/07\/WhatsApp-Image-2026-07-27-at-11.19.53-225x300.jpeg 225w, https:\/\/salesianossp.org.br\/osjatai\/wp-content\/uploads\/2026\/07\/WhatsApp-Image-2026-07-27-at-11.19.53.jpeg 960w\" sizes=\"(max-width: 768px) 100vw, 768px\" \/><button\n\t\t\tclass=\"lightbox-trigger\"\n\t\t\ttype=\"button\"\n\t\t\taria-haspopup=\"dialog\"\n\t\t\tdata-wp-bind--aria-label=\"state.thisImage.triggerButtonAriaLabel\"\n\t\t\tdata-wp-init=\"callbacks.initTriggerButton\"\n\t\t\tdata-wp-on--click=\"actions.showLightbox\"\n\t\t\tdata-wp-style--right=\"state.thisImage.buttonRight\"\n\t\t\tdata-wp-style--top=\"state.thisImage.buttonTop\"\n\t\t>\n\t\t\t<svg xmlns=\"http:\/\/www.w3.org\/2000\/svg\" width=\"12\" height=\"12\" fill=\"none\" viewBox=\"0 0 12 12\">\n\t\t\t\t<path fill=\"#fff\" d=\"M2 0a2 2 0 0 0-2 2v2h1.5V2a.5.5 0 0 1 .5-.5h2V0H2Zm2 10.5H2a.5.5 0 0 1-.5-.5V8H0v2a2 2 0 0 0 2 2h2v-1.5ZM8 12v-1.5h2a.5.5 0 0 0 .5-.5V8H12v2a2 2 0 0 1-2 2H8Zm2-12a2 2 0 0 1 2 2v2h-1.5V2a.5.5 0 0 0-.5-.5H8V0h2Z\" \/>\n\t\t\t<\/svg>\n\t\t<\/button><\/figure>\n\n\n\n<figure data-wp-context=\"{&quot;imageId&quot;:&quot;6a95e582cd09a&quot;}\" data-wp-interactive=\"core\/image\" data-wp-key=\"6a95e582cd09a\" class=\"wp-block-image size-large wp-lightbox-container\"><img decoding=\"async\" width=\"768\" height=\"1024\" data-wp-class--hide=\"state.isContentHidden\" data-wp-class--show=\"state.isContentVisible\" data-wp-init=\"callbacks.setButtonStyles\" data-wp-on--click=\"actions.showLightbox\" data-wp-on--load=\"callbacks.setButtonStyles\" data-wp-on--pointerdown=\"actions.preloadImage\" data-wp-on--pointerenter=\"actions.preloadImageWithDelay\" data-wp-on--pointerleave=\"actions.cancelPreload\" data-wp-on-window--resize=\"callbacks.setButtonStyles\" data-id=\"117624\" src=\"https:\/\/salesianossp.org.br\/osjatai\/wp-content\/uploads\/2026\/07\/WhatsApp-Image-2026-07-27-at-11.19.54-768x1024.jpeg\" alt=\"\" class=\"wp-image-117624\" srcset=\"https:\/\/salesianossp.org.br\/osjatai\/wp-content\/uploads\/2026\/07\/WhatsApp-Image-2026-07-27-at-11.19.54-768x1024.jpeg 768w, https:\/\/salesianossp.org.br\/osjatai\/wp-content\/uploads\/2026\/07\/WhatsApp-Image-2026-07-27-at-11.19.54-225x300.jpeg 225w, https:\/\/salesianossp.org.br\/osjatai\/wp-content\/uploads\/2026\/07\/WhatsApp-Image-2026-07-27-at-11.19.54.jpeg 960w\" sizes=\"(max-width: 768px) 100vw, 768px\" \/><button\n\t\t\tclass=\"lightbox-trigger\"\n\t\t\ttype=\"button\"\n\t\t\taria-haspopup=\"dialog\"\n\t\t\tdata-wp-bind--aria-label=\"state.thisImage.triggerButtonAriaLabel\"\n\t\t\tdata-wp-init=\"callbacks.initTriggerButton\"\n\t\t\tdata-wp-on--click=\"actions.showLightbox\"\n\t\t\tdata-wp-style--right=\"state.thisImage.buttonRight\"\n\t\t\tdata-wp-style--top=\"state.thisImage.buttonTop\"\n\t\t>\n\t\t\t<svg xmlns=\"http:\/\/www.w3.org\/2000\/svg\" width=\"12\" height=\"12\" fill=\"none\" viewBox=\"0 0 12 12\">\n\t\t\t\t<path fill=\"#fff\" d=\"M2 0a2 2 0 0 0-2 2v2h1.5V2a.5.5 0 0 1 .5-.5h2V0H2Zm2 10.5H2a.5.5 0 0 1-.5-.5V8H0v2a2 2 0 0 0 2 2h2v-1.5ZM8 12v-1.5h2a.5.5 0 0 0 .5-.5V8H12v2a2 2 0 0 1-2 2H8Zm2-12a2 2 0 0 1 2 2v2h-1.5V2a.5.5 0 0 0-.5-.5H8V0h2Z\" \/>\n\t\t\t<\/svg>\n\t\t<\/button><\/figure>\n\n\n\n<figure data-wp-context=\"{&quot;imageId&quot;:&quot;6a95e582cd329&quot;}\" data-wp-interactive=\"core\/image\" data-wp-key=\"6a95e582cd329\" class=\"wp-block-image size-large wp-lightbox-container\"><img decoding=\"async\" width=\"768\" height=\"1024\" data-wp-class--hide=\"state.isContentHidden\" data-wp-class--show=\"state.isContentVisible\" data-wp-init=\"callbacks.setButtonStyles\" data-wp-on--click=\"actions.showLightbox\" data-wp-on--load=\"callbacks.setButtonStyles\" data-wp-on--pointerdown=\"actions.preloadImage\" data-wp-on--pointerenter=\"actions.preloadImageWithDelay\" data-wp-on--pointerleave=\"actions.cancelPreload\" data-wp-on-window--resize=\"callbacks.setButtonStyles\" data-id=\"117625\" src=\"https:\/\/salesianossp.org.br\/osjatai\/wp-content\/uploads\/2026\/07\/WhatsApp-Image-2026-07-27-at-11.19.52-768x1024.jpeg\" alt=\"\" class=\"wp-image-117625\" srcset=\"https:\/\/salesianossp.org.br\/osjatai\/wp-content\/uploads\/2026\/07\/WhatsApp-Image-2026-07-27-at-11.19.52-768x1024.jpeg 768w, https:\/\/salesianossp.org.br\/osjatai\/wp-content\/uploads\/2026\/07\/WhatsApp-Image-2026-07-27-at-11.19.52-225x300.jpeg 225w, https:\/\/salesianossp.org.br\/osjatai\/wp-content\/uploads\/2026\/07\/WhatsApp-Image-2026-07-27-at-11.19.52.jpeg 960w\" sizes=\"(max-width: 768px) 100vw, 768px\" \/><button\n\t\t\tclass=\"lightbox-trigger\"\n\t\t\ttype=\"button\"\n\t\t\taria-haspopup=\"dialog\"\n\t\t\tdata-wp-bind--aria-label=\"state.thisImage.triggerButtonAriaLabel\"\n\t\t\tdata-wp-init=\"callbacks.initTriggerButton\"\n\t\t\tdata-wp-on--click=\"actions.showLightbox\"\n\t\t\tdata-wp-style--right=\"state.thisImage.buttonRight\"\n\t\t\tdata-wp-style--top=\"state.thisImage.buttonTop\"\n\t\t>\n\t\t\t<svg xmlns=\"http:\/\/www.w3.org\/2000\/svg\" width=\"12\" height=\"12\" fill=\"none\" viewBox=\"0 0 12 12\">\n\t\t\t\t<path fill=\"#fff\" d=\"M2 0a2 2 0 0 0-2 2v2h1.5V2a.5.5 0 0 1 .5-.5h2V0H2Zm2 10.5H2a.5.5 0 0 1-.5-.5V8H0v2a2 2 0 0 0 2 2h2v-1.5ZM8 12v-1.5h2a.5.5 0 0 0 .5-.5V8H12v2a2 2 0 0 1-2 2H8Zm2-12a2 2 0 0 1 2 2v2h-1.5V2a.5.5 0 0 0-.5-.5H8V0h2Z\" \/>\n\t\t\t<\/svg>\n\t\t<\/button><\/figure>\n<\/figure>\n\n\n\n<p class=\"wp-block-paragraph\"><\/p>\n","protected":false},"excerpt":{"rendered":"<p>Com um stand no evento realizado em Pindamonhangaba, a institui\u00e7\u00e3o proporcionou aos visitantes um espa\u00e7o de orienta\u00e7\u00e3o, di\u00e1logo e reflex\u00e3o sobre carreiras, forma\u00e7\u00e3o e futuro profissional.<\/p>\n","protected":false},"author":27,"featured_media":117622,"comment_status":"open","ping_status":"open","sticky":false,"template":"","format":"standard","meta":{"footnotes":""},"categories":[1],"tags":[],"class_list":["post-117621","post","type-post","status-publish","format-standard","has-post-thumbnail","hentry","category-uncategorized"],"yoast_head":"<!-- This site is optimized with the Yoast SEO plugin v28.3 - https:\/\/yoast.com\/product\/yoast-seo-wordpress\/ -->\n<title>Projeto Jata\u00ed participa da III Feira de Profiss\u00f5es e incentiva jovens na constru\u00e7\u00e3o do projeto de vida - Projeto Jata\u00ed<\/title>\n<meta name=\"robots\" content=\"index, follow, max-snippet:-1, max-image-preview:large, max-video-preview:-1\" \/>\n<link rel=\"canonical\" href=\"https:\/\/salesianossp.org.br\/osjatai\/2026\/07\/27\/projeto-jatai-participa-da-iii-feira-de-profissoes-e-incentiva-jovens-na-construcao-do-projeto-de-vida\/\" \/>\n<meta property=\"og:locale\" content=\"pt_BR\" \/>\n<meta property=\"og:type\" content=\"article\" \/>\n<meta property=\"og:title\" content=\"Projeto Jata\u00ed participa da III Feira de Profiss\u00f5es e incentiva jovens na constru\u00e7\u00e3o do projeto de vida - Projeto Jata\u00ed\" \/>\n<meta property=\"og:description\" content=\"Com um stand no evento realizado em Pindamonhangaba, a institui\u00e7\u00e3o proporcionou aos visitantes um espa\u00e7o de orienta\u00e7\u00e3o, di\u00e1logo e reflex\u00e3o sobre carreiras, forma\u00e7\u00e3o e futuro profissional.\" \/>\n<meta property=\"og:url\" content=\"https:\/\/salesianossp.org.br\/osjatai\/2026\/07\/27\/projeto-jatai-participa-da-iii-feira-de-profissoes-e-incentiva-jovens-na-construcao-do-projeto-de-vida\/\" \/>\n<meta property=\"og:site_name\" content=\"Projeto Jata\u00ed\" \/>\n<meta property=\"article:publisher\" content=\"https:\/\/www.facebook.com\/projetojataisalesianos\/\" \/>\n<meta property=\"article:published_time\" content=\"2026-07-27T15:14:57+00:00\" \/>\n<meta property=\"article:modified_time\" content=\"2026-07-27T15:14:59+00:00\" \/>\n<meta property=\"og:image\" content=\"https:\/\/salesianossp.org.br\/osjatai\/wp-content\/uploads\/2026\/07\/WhatsApp-Image-2026-07-27-at-11.19.51-e1785165015638.jpeg\" \/>\n\t<meta property=\"og:image:width\" content=\"1200\" \/>\n\t<meta property=\"og:image:height\" content=\"880\" \/>\n\t<meta property=\"og:image:type\" content=\"image\/jpeg\" \/>\n<meta name=\"author\" content=\"Lucas Rodrigues\" \/>\n<meta name=\"twitter:card\" content=\"summary_large_image\" \/>\n<meta name=\"twitter:label1\" content=\"Escrito por\" \/>\n\t<meta name=\"twitter:data1\" content=\"Lucas Rodrigues\" \/>\n\t<meta name=\"twitter:label2\" content=\"Est. tempo de leitura\" \/>\n\t<meta name=\"twitter:data2\" content=\"2 minutos\" \/>\n<script type=\"application\/ld+json\" class=\"yoast-schema-graph\">{\"@context\":\"https:\\\/\\\/schema.org\",\"@graph\":[{\"@type\":\"Article\",\"@id\":\"https:\\\/\\\/salesianossp.org.br\\\/osjatai\\\/2026\\\/07\\\/27\\\/projeto-jatai-participa-da-iii-feira-de-profissoes-e-incentiva-jovens-na-construcao-do-projeto-de-vida\\\/#article\",\"isPartOf\":{\"@id\":\"https:\\\/\\\/salesianossp.org.br\\\/osjatai\\\/2026\\\/07\\\/27\\\/projeto-jatai-participa-da-iii-feira-de-profissoes-e-incentiva-jovens-na-construcao-do-projeto-de-vida\\\/\"},\"author\":{\"name\":\"Lucas Rodrigues\",\"@id\":\"https:\\\/\\\/salesianossp.org.br\\\/osjatai\\\/#\\\/schema\\\/person\\\/25f70f41ea2e14fb994d55ddfe66f8ec\"},\"headline\":\"Projeto Jata\u00ed participa da III Feira de Profiss\u00f5es e incentiva jovens na constru\u00e7\u00e3o do projeto de vida\",\"datePublished\":\"2026-07-27T15:14:57+00:00\",\"dateModified\":\"2026-07-27T15:14:59+00:00\",\"mainEntityOfPage\":{\"@id\":\"https:\\\/\\\/salesianossp.org.br\\\/osjatai\\\/2026\\\/07\\\/27\\\/projeto-jatai-participa-da-iii-feira-de-profissoes-e-incentiva-jovens-na-construcao-do-projeto-de-vida\\\/\"},\"wordCount\":191,\"commentCount\":0,\"publisher\":{\"@id\":\"https:\\\/\\\/salesianossp.org.br\\\/osjatai\\\/#organization\"},\"image\":{\"@id\":\"https:\\\/\\\/salesianossp.org.br\\\/osjatai\\\/2026\\\/07\\\/27\\\/projeto-jatai-participa-da-iii-feira-de-profissoes-e-incentiva-jovens-na-construcao-do-projeto-de-vida\\\/#primaryimage\"},\"thumbnailUrl\":\"https:\\\/\\\/salesianossp.org.br\\\/osjatai\\\/wp-content\\\/uploads\\\/2026\\\/07\\\/WhatsApp-Image-2026-07-27-at-11.19.51-e1785165015638.jpeg\",\"articleSection\":[\"Uncategorized\"],\"inLanguage\":\"pt-BR\",\"potentialAction\":[{\"@type\":\"CommentAction\",\"name\":\"Comment\",\"target\":[\"https:\\\/\\\/salesianossp.org.br\\\/osjatai\\\/2026\\\/07\\\/27\\\/projeto-jatai-participa-da-iii-feira-de-profissoes-e-incentiva-jovens-na-construcao-do-projeto-de-vida\\\/#respond\"]}]},{\"@type\":\"WebPage\",\"@id\":\"https:\\\/\\\/salesianossp.org.br\\\/osjatai\\\/2026\\\/07\\\/27\\\/projeto-jatai-participa-da-iii-feira-de-profissoes-e-incentiva-jovens-na-construcao-do-projeto-de-vida\\\/\",\"url\":\"https:\\\/\\\/salesianossp.org.br\\\/osjatai\\\/2026\\\/07\\\/27\\\/projeto-jatai-participa-da-iii-feira-de-profissoes-e-incentiva-jovens-na-construcao-do-projeto-de-vida\\\/\",\"name\":\"Projeto Jata\u00ed participa da III Feira de Profiss\u00f5es e incentiva jovens na constru\u00e7\u00e3o do projeto de vida - Projeto Jata\u00ed\",\"isPartOf\":{\"@id\":\"https:\\\/\\\/salesianossp.org.br\\\/osjatai\\\/#website\"},\"primaryImageOfPage\":{\"@id\":\"https:\\\/\\\/salesianossp.org.br\\\/osjatai\\\/2026\\\/07\\\/27\\\/projeto-jatai-participa-da-iii-feira-de-profissoes-e-incentiva-jovens-na-construcao-do-projeto-de-vida\\\/#primaryimage\"},\"image\":{\"@id\":\"https:\\\/\\\/salesianossp.org.br\\\/osjatai\\\/2026\\\/07\\\/27\\\/projeto-jatai-participa-da-iii-feira-de-profissoes-e-incentiva-jovens-na-construcao-do-projeto-de-vida\\\/#primaryimage\"},\"thumbnailUrl\":\"https:\\\/\\\/salesianossp.org.br\\\/osjatai\\\/wp-content\\\/uploads\\\/2026\\\/07\\\/WhatsApp-Image-2026-07-27-at-11.19.51-e1785165015638.jpeg\",\"datePublished\":\"2026-07-27T15:14:57+00:00\",\"dateModified\":\"2026-07-27T15:14:59+00:00\",\"breadcrumb\":{\"@id\":\"https:\\\/\\\/salesianossp.org.br\\\/osjatai\\\/2026\\\/07\\\/27\\\/projeto-jatai-participa-da-iii-feira-de-profissoes-e-incentiva-jovens-na-construcao-do-projeto-de-vida\\\/#breadcrumb\"},\"inLanguage\":\"pt-BR\",\"potentialAction\":[{\"@type\":\"ReadAction\",\"target\":[\"https:\\\/\\\/salesianossp.org.br\\\/osjatai\\\/2026\\\/07\\\/27\\\/projeto-jatai-participa-da-iii-feira-de-profissoes-e-incentiva-jovens-na-construcao-do-projeto-de-vida\\\/\"]}]},{\"@type\":\"ImageObject\",\"inLanguage\":\"pt-BR\",\"@id\":\"https:\\\/\\\/salesianossp.org.br\\\/osjatai\\\/2026\\\/07\\\/27\\\/projeto-jatai-participa-da-iii-feira-de-profissoes-e-incentiva-jovens-na-construcao-do-projeto-de-vida\\\/#primaryimage\",\"url\":\"https:\\\/\\\/salesianossp.org.br\\\/osjatai\\\/wp-content\\\/uploads\\\/2026\\\/07\\\/WhatsApp-Image-2026-07-27-at-11.19.51-e1785165015638.jpeg\",\"contentUrl\":\"https:\\\/\\\/salesianossp.org.br\\\/osjatai\\\/wp-content\\\/uploads\\\/2026\\\/07\\\/WhatsApp-Image-2026-07-27-at-11.19.51-e1785165015638.jpeg\",\"width\":1200,\"height\":880},{\"@type\":\"BreadcrumbList\",\"@id\":\"https:\\\/\\\/salesianossp.org.br\\\/osjatai\\\/2026\\\/07\\\/27\\\/projeto-jatai-participa-da-iii-feira-de-profissoes-e-incentiva-jovens-na-construcao-do-projeto-de-vida\\\/#breadcrumb\",\"itemListElement\":[{\"@type\":\"ListItem\",\"position\":1,\"name\":\"In\u00edcio\",\"item\":\"https:\\\/\\\/salesianossp.org.br\\\/osjatai\\\/\"},{\"@type\":\"ListItem\",\"position\":2,\"name\":\"Projeto Jata\u00ed participa da III Feira de Profiss\u00f5es e incentiva jovens na constru\u00e7\u00e3o do projeto de vida\"}]},{\"@type\":\"WebSite\",\"@id\":\"https:\\\/\\\/salesianossp.org.br\\\/osjatai\\\/#website\",\"url\":\"https:\\\/\\\/salesianossp.org.br\\\/osjatai\\\/\",\"name\":\"Projeto Jata\u00ed\",\"description\":\"\",\"publisher\":{\"@id\":\"https:\\\/\\\/salesianossp.org.br\\\/osjatai\\\/#organization\"},\"potentialAction\":[{\"@type\":\"SearchAction\",\"target\":{\"@type\":\"EntryPoint\",\"urlTemplate\":\"https:\\\/\\\/salesianossp.org.br\\\/osjatai\\\/?s={search_term_string}\"},\"query-input\":{\"@type\":\"PropertyValueSpecification\",\"valueRequired\":true,\"valueName\":\"search_term_string\"}}],\"inLanguage\":\"pt-BR\"},{\"@type\":\"Organization\",\"@id\":\"https:\\\/\\\/salesianossp.org.br\\\/osjatai\\\/#organization\",\"name\":\"Projeto Jata\u00ed\",\"url\":\"https:\\\/\\\/salesianossp.org.br\\\/osjatai\\\/\",\"logo\":{\"@type\":\"ImageObject\",\"inLanguage\":\"pt-BR\",\"@id\":\"https:\\\/\\\/salesianossp.org.br\\\/osjatai\\\/#\\\/schema\\\/logo\\\/image\\\/\",\"url\":\"https:\\\/\\\/salesianossp.org.br\\\/osjatai\\\/wp-content\\\/uploads\\\/2025\\\/10\\\/logotipo-projeto-jatati-color-56.svg\",\"contentUrl\":\"https:\\\/\\\/salesianossp.org.br\\\/osjatai\\\/wp-content\\\/uploads\\\/2025\\\/10\\\/logotipo-projeto-jatati-color-56.svg\",\"width\":232,\"height\":56,\"caption\":\"Projeto Jata\u00ed\"},\"image\":{\"@id\":\"https:\\\/\\\/salesianossp.org.br\\\/osjatai\\\/#\\\/schema\\\/logo\\\/image\\\/\"},\"sameAs\":[\"https:\\\/\\\/www.facebook.com\\\/projetojataisalesianos\\\/\",\"https:\\\/\\\/www.instagram.com\\\/projeto_jatai\\\/\"]},{\"@type\":\"Person\",\"@id\":\"https:\\\/\\\/salesianossp.org.br\\\/osjatai\\\/#\\\/schema\\\/person\\\/25f70f41ea2e14fb994d55ddfe66f8ec\",\"name\":\"Lucas Rodrigues\",\"image\":{\"@type\":\"ImageObject\",\"inLanguage\":\"pt-BR\",\"@id\":\"https:\\\/\\\/secure.gravatar.com\\\/avatar\\\/0ad9c966c6ed3335d7fffe2c3b88880dd298c0817b71e20a6955c38f2a53f746?s=96&d=mm&r=g\",\"url\":\"https:\\\/\\\/secure.gravatar.com\\\/avatar\\\/0ad9c966c6ed3335d7fffe2c3b88880dd298c0817b71e20a6955c38f2a53f746?s=96&d=mm&r=g\",\"contentUrl\":\"https:\\\/\\\/secure.gravatar.com\\\/avatar\\\/0ad9c966c6ed3335d7fffe2c3b88880dd298c0817b71e20a6955c38f2a53f746?s=96&d=mm&r=g\",\"caption\":\"Lucas Rodrigues\"},\"url\":\"https:\\\/\\\/salesianossp.org.br\\\/osjatai\\\/author\\\/lucas-rodrigues\\\/\"}]}<\/script>\n<!-- \/ Yoast SEO plugin. -->","yoast_head_json":{"title":"Projeto Jata\u00ed participa da III Feira de Profiss\u00f5es e incentiva jovens na constru\u00e7\u00e3o do projeto de vida - Projeto Jata\u00ed","robots":{"index":"index","follow":"follow","max-snippet":"max-snippet:-1","max-image-preview":"max-image-preview:large","max-video-preview":"max-video-preview:-1"},"canonical":"https:\/\/salesianossp.org.br\/osjatai\/2026\/07\/27\/projeto-jatai-participa-da-iii-feira-de-profissoes-e-incentiva-jovens-na-construcao-do-projeto-de-vida\/","og_locale":"pt_BR","og_type":"article","og_title":"Projeto Jata\u00ed participa da III Feira de Profiss\u00f5es e incentiva jovens na constru\u00e7\u00e3o do projeto de vida - Projeto Jata\u00ed","og_description":"Com um stand no evento realizado em Pindamonhangaba, a institui\u00e7\u00e3o proporcionou aos visitantes um espa\u00e7o de orienta\u00e7\u00e3o, di\u00e1logo e reflex\u00e3o sobre carreiras, forma\u00e7\u00e3o e futuro profissional.","og_url":"https:\/\/salesianossp.org.br\/osjatai\/2026\/07\/27\/projeto-jatai-participa-da-iii-feira-de-profissoes-e-incentiva-jovens-na-construcao-do-projeto-de-vida\/","og_site_name":"Projeto Jata\u00ed","article_publisher":"https:\/\/www.facebook.com\/projetojataisalesianos\/","article_published_time":"2026-07-27T15:14:57+00:00","article_modified_time":"2026-07-27T15:14:59+00:00","og_image":[{"width":1200,"height":880,"url":"https:\/\/salesianossp.org.br\/osjatai\/wp-content\/uploads\/2026\/07\/WhatsApp-Image-2026-07-27-at-11.19.51-e1785165015638.jpeg","type":"image\/jpeg"}],"author":"Lucas Rodrigues","twitter_card":"summary_large_image","twitter_misc":{"Escrito por":"Lucas Rodrigues","Est. tempo de leitura":"2 minutos"},"schema":{"@context":"https:\/\/schema.org","@graph":[{"@type":"Article","@id":"https:\/\/salesianossp.org.br\/osjatai\/2026\/07\/27\/projeto-jatai-participa-da-iii-feira-de-profissoes-e-incentiva-jovens-na-construcao-do-projeto-de-vida\/#article","isPartOf":{"@id":"https:\/\/salesianossp.org.br\/osjatai\/2026\/07\/27\/projeto-jatai-participa-da-iii-feira-de-profissoes-e-incentiva-jovens-na-construcao-do-projeto-de-vida\/"},"author":{"name":"Lucas Rodrigues","@id":"https:\/\/salesianossp.org.br\/osjatai\/#\/schema\/person\/25f70f41ea2e14fb994d55ddfe66f8ec"},"headline":"Projeto Jata\u00ed participa da III Feira de Profiss\u00f5es e incentiva jovens na constru\u00e7\u00e3o do projeto de vida","datePublished":"2026-07-27T15:14:57+00:00","dateModified":"2026-07-27T15:14:59+00:00","mainEntityOfPage":{"@id":"https:\/\/salesianossp.org.br\/osjatai\/2026\/07\/27\/projeto-jatai-participa-da-iii-feira-de-profissoes-e-incentiva-jovens-na-construcao-do-projeto-de-vida\/"},"wordCount":191,"commentCount":0,"publisher":{"@id":"https:\/\/salesianossp.org.br\/osjatai\/#organization"},"image":{"@id":"https:\/\/salesianossp.org.br\/osjatai\/2026\/07\/27\/projeto-jatai-participa-da-iii-feira-de-profissoes-e-incentiva-jovens-na-construcao-do-projeto-de-vida\/#primaryimage"},"thumbnailUrl":"https:\/\/salesianossp.org.br\/osjatai\/wp-content\/uploads\/2026\/07\/WhatsApp-Image-2026-07-27-at-11.19.51-e1785165015638.jpeg","articleSection":["Uncategorized"],"inLanguage":"pt-BR","potentialAction":[{"@type":"CommentAction","name":"Comment","target":["https:\/\/salesianossp.org.br\/osjatai\/2026\/07\/27\/projeto-jatai-participa-da-iii-feira-de-profissoes-e-incentiva-jovens-na-construcao-do-projeto-de-vida\/#respond"]}]},{"@type":"WebPage","@id":"https:\/\/salesianossp.org.br\/osjatai\/2026\/07\/27\/projeto-jatai-participa-da-iii-feira-de-profissoes-e-incentiva-jovens-na-construcao-do-projeto-de-vida\/","url":"https:\/\/salesianossp.org.br\/osjatai\/2026\/07\/27\/projeto-jatai-participa-da-iii-feira-de-profissoes-e-incentiva-jovens-na-construcao-do-projeto-de-vida\/","name":"Projeto Jata\u00ed participa da III Feira de Profiss\u00f5es e incentiva jovens na constru\u00e7\u00e3o do projeto de vida - Projeto Jata\u00ed","isPartOf":{"@id":"https:\/\/salesianossp.org.br\/osjatai\/#website"},"primaryImageOfPage":{"@id":"https:\/\/salesianossp.org.br\/osjatai\/2026\/07\/27\/projeto-jatai-participa-da-iii-feira-de-profissoes-e-incentiva-jovens-na-construcao-do-projeto-de-vida\/#primaryimage"},"image":{"@id":"https:\/\/salesianossp.org.br\/osjatai\/2026\/07\/27\/projeto-jatai-participa-da-iii-feira-de-profissoes-e-incentiva-jovens-na-construcao-do-projeto-de-vida\/#primaryimage"},"thumbnailUrl":"https:\/\/salesianossp.org.br\/osjatai\/wp-content\/uploads\/2026\/07\/WhatsApp-Image-2026-07-27-at-11.19.51-e1785165015638.jpeg","datePublished":"2026-07-27T15:14:57+00:00","dateModified":"2026-07-27T15:14:59+00:00","breadcrumb":{"@id":"https:\/\/salesianossp.org.br\/osjatai\/2026\/07\/27\/projeto-jatai-participa-da-iii-feira-de-profissoes-e-incentiva-jovens-na-construcao-do-projeto-de-vida\/#breadcrumb"},"inLanguage":"pt-BR","potentialAction":[{"@type":"ReadAction","target":["https:\/\/salesianossp.org.br\/osjatai\/2026\/07\/27\/projeto-jatai-participa-da-iii-feira-de-profissoes-e-incentiva-jovens-na-construcao-do-projeto-de-vida\/"]}]},{"@type":"ImageObject","inLanguage":"pt-BR","@id":"https:\/\/salesianossp.org.br\/osjatai\/2026\/07\/27\/projeto-jatai-participa-da-iii-feira-de-profissoes-e-incentiva-jovens-na-construcao-do-projeto-de-vida\/#primaryimage","url":"https:\/\/salesianossp.org.br\/osjatai\/wp-content\/uploads\/2026\/07\/WhatsApp-Image-2026-07-27-at-11.19.51-e1785165015638.jpeg","contentUrl":"https:\/\/salesianossp.org.br\/osjatai\/wp-content\/uploads\/2026\/07\/WhatsApp-Image-2026-07-27-at-11.19.51-e1785165015638.jpeg","width":1200,"height":880},{"@type":"BreadcrumbList","@id":"https:\/\/salesianossp.org.br\/osjatai\/2026\/07\/27\/projeto-jatai-participa-da-iii-feira-de-profissoes-e-incentiva-jovens-na-construcao-do-projeto-de-vida\/#breadcrumb","itemListElement":[{"@type":"ListItem","position":1,"name":"In\u00edcio","item":"https:\/\/salesianossp.org.br\/osjatai\/"},{"@type":"ListItem","position":2,"name":"Projeto Jata\u00ed participa da III Feira de Profiss\u00f5es e incentiva jovens na constru\u00e7\u00e3o do projeto de vida"}]},{"@type":"WebSite","@id":"https:\/\/salesianossp.org.br\/osjatai\/#website","url":"https:\/\/salesianossp.org.br\/osjatai\/","name":"Projeto Jata\u00ed","description":"","publisher":{"@id":"https:\/\/salesianossp.org.br\/osjatai\/#organization"},"potentialAction":[{"@type":"SearchAction","target":{"@type":"EntryPoint","urlTemplate":"https:\/\/salesianossp.org.br\/osjatai\/?s={search_term_string}"},"query-input":{"@type":"PropertyValueSpecification","valueRequired":true,"valueName":"search_term_string"}}],"inLanguage":"pt-BR"},{"@type":"Organization","@id":"https:\/\/salesianossp.org.br\/osjatai\/#organization","name":"Projeto Jata\u00ed","url":"https:\/\/salesianossp.org.br\/osjatai\/","logo":{"@type":"ImageObject","inLanguage":"pt-BR","@id":"https:\/\/salesianossp.org.br\/osjatai\/#\/schema\/logo\/image\/","url":"https:\/\/salesianossp.org.br\/osjatai\/wp-content\/uploads\/2025\/10\/logotipo-projeto-jatati-color-56.svg","contentUrl":"https:\/\/salesianossp.org.br\/osjatai\/wp-content\/uploads\/2025\/10\/logotipo-projeto-jatati-color-56.svg","width":232,"height":56,"caption":"Projeto Jata\u00ed"},"image":{"@id":"https:\/\/salesianossp.org.br\/osjatai\/#\/schema\/logo\/image\/"},"sameAs":["https:\/\/www.facebook.com\/projetojataisalesianos\/","https:\/\/www.instagram.com\/projeto_jatai\/"]},{"@type":"Person","@id":"https:\/\/salesianossp.org.br\/osjatai\/#\/schema\/person\/25f70f41ea2e14fb994d55ddfe66f8ec","name":"Lucas Rodrigues","image":{"@type":"ImageObject","inLanguage":"pt-BR","@id":"https:\/\/secure.gravatar.com\/avatar\/0ad9c966c6ed3335d7fffe2c3b88880dd298c0817b71e20a6955c38f2a53f746?s=96&d=mm&r=g","url":"https:\/\/secure.gravatar.com\/avatar\/0ad9c966c6ed3335d7fffe2c3b88880dd298c0817b71e20a6955c38f2a53f746?s=96&d=mm&r=g","contentUrl":"https:\/\/secure.gravatar.com\/avatar\/0ad9c966c6ed3335d7fffe2c3b88880dd298c0817b71e20a6955c38f2a53f746?s=96&d=mm&r=g","caption":"Lucas Rodrigues"},"url":"https:\/\/salesianossp.org.br\/osjatai\/author\/lucas-rodrigues\/"}]}},"_links":{"self":[{"href":"https:\/\/salesianossp.org.br\/osjatai\/wp-json\/wp\/v2\/posts\/117621","targetHints":{"allow":["GET"]}}],"collection":[{"href":"https:\/\/salesianossp.org.br\/osjatai\/wp-json\/wp\/v2\/posts"}],"about":[{"href":"https:\/\/salesianossp.org.br\/osjatai\/wp-json\/wp\/v2\/types\/post"}],"author":[{"embeddable":true,"href":"https:\/\/salesianossp.org.br\/osjatai\/wp-json\/wp\/v2\/users\/27"}],"replies":[{"embeddable":true,"href":"https:\/\/salesianossp.org.br\/osjatai\/wp-json\/wp\/v2\/comments?post=117621"}],"version-history":[{"count":1,"href":"https:\/\/salesianossp.org.br\/osjatai\/wp-json\/wp\/v2\/posts\/117621\/revisions"}],"predecessor-version":[{"id":117626,"href":"https:\/\/salesianossp.org.br\/osjatai\/wp-json\/wp\/v2\/posts\/117621\/revisions\/117626"}],"wp:featuredmedia":[{"embeddable":true,"href":"https:\/\/salesianossp.org.br\/osjatai\/wp-json\/wp\/v2\/media\/117622"}],"wp:attachment":[{"href":"https:\/\/salesianossp.org.br\/osjatai\/wp-json\/wp\/v2\/media?parent=117621"}],"wp:term":[{"taxonomy":"category","embeddable":true,"href":"https:\/\/salesianossp.org.br\/osjatai\/wp-json\/wp\/v2\/categories?post=117621"},{"taxonomy":"post_tag","embeddable":true,"href":"https:\/\/salesianossp.org.br\/osjatai\/wp-json\/wp\/v2\/tags?post=117621"}],"curies":[{"name":"wp","href":"https:\/\/api.w.org\/{rel}","templated":true}]}}