{"id":117641,"date":"2026-08-11T11:18:10","date_gmt":"2026-08-11T11:18:10","guid":{"rendered":"https:\/\/salesianossp.org.br\/osjatai\/?p=117641"},"modified":"2026-08-11T11:18:12","modified_gmt":"2026-08-11T11:18:12","slug":"hoje-e-dia-de-celebrar","status":"publish","type":"post","link":"https:\/\/salesianossp.org.br\/osjatai\/2026\/08\/11\/hoje-e-dia-de-celebrar\/","title":{"rendered":"Hoje \u00e9 dia de celebrar!"},"content":{"rendered":"\n<p class=\"wp-block-paragraph\">Nossa hist\u00f3ria \u00e9 feita por cada crian\u00e7a, adolescente, jovem, fam\u00edlia, educador, colaborador, volunt\u00e1rio e parceiro que acreditou na for\u00e7a da educa\u00e7\u00e3o, da solidariedade e do amor. Cada pessoa que faz parte dessa caminhada contribui para construir uma hist\u00f3ria marcada pela acolhida, pela esperan\u00e7a, pelo protagonismo e pela transforma\u00e7\u00e3o.<\/p>\n\n\n\n<p class=\"wp-block-paragraph\">Ao longo desses 24 anos, seguimos fortalecendo o compromisso de estar ao lado de tantas pessoas, acolhendo sonhos e construindo oportunidades por meio de uma caminhada feita de dedica\u00e7\u00e3o, solidariedade e amor.<\/p>\n\n\n\n<p class=\"wp-block-paragraph\">Inspirados por Dom Bosco, seguimos firmes na miss\u00e3o de formar bons crist\u00e3os e honestos cidad\u00e3os, oferecendo um ambiente de acolhida, protagonismo, esperan\u00e7a e transforma\u00e7\u00e3o.<\/p>\n\n\n\n<p class=\"wp-block-paragraph\">Que este anivers\u00e1rio seja tamb\u00e9m um momento de celebrar essa hist\u00f3ria e renovar nosso compromisso de continuar semeando o bem, acolhendo sonhos, construindo oportunidades e fazendo a diferen\u00e7a na vida de tantas pessoas.<\/p>\n\n\n\n<p class=\"wp-block-paragraph\">Parab\u00e9ns, Projeto Jata\u00ed, pelos seus 24 anos de hist\u00f3ria, esperan\u00e7a e transforma\u00e7\u00e3o!<\/p>\n","protected":false},"excerpt":{"rendered":"<p>H\u00e1 24 anos, o Projeto Jata\u00ed transforma vidas, acolhe sonhos e constr\u00f3i oportunidades.<\/p>\n","protected":false},"author":27,"featured_media":117642,"comment_status":"open","ping_status":"open","sticky":false,"template":"","format":"standard","meta":{"footnotes":""},"categories":[1],"tags":[],"class_list":["post-117641","post","type-post","status-publish","format-standard","has-post-thumbnail","hentry","category-uncategorized"],"yoast_head":"<!-- This site is optimized with the Yoast SEO plugin v28.3 - https:\/\/yoast.com\/product\/yoast-seo-wordpress\/ -->\n<title>Hoje \u00e9 dia de celebrar! - Projeto Jata\u00ed<\/title>\n<meta name=\"robots\" content=\"index, follow, max-snippet:-1, max-image-preview:large, max-video-preview:-1\" \/>\n<link rel=\"canonical\" href=\"https:\/\/salesianossp.org.br\/osjatai\/2026\/08\/11\/hoje-e-dia-de-celebrar\/\" \/>\n<meta property=\"og:locale\" content=\"pt_BR\" \/>\n<meta property=\"og:type\" content=\"article\" \/>\n<meta property=\"og:title\" content=\"Hoje \u00e9 dia de celebrar! - Projeto Jata\u00ed\" \/>\n<meta property=\"og:description\" content=\"H\u00e1 24 anos, o Projeto Jata\u00ed transforma vidas, acolhe sonhos e constr\u00f3i oportunidades.\" \/>\n<meta property=\"og:url\" content=\"https:\/\/salesianossp.org.br\/osjatai\/2026\/08\/11\/hoje-e-dia-de-celebrar\/\" \/>\n<meta property=\"og:site_name\" content=\"Projeto Jata\u00ed\" \/>\n<meta property=\"article:publisher\" content=\"https:\/\/www.facebook.com\/projetojataisalesianos\/\" \/>\n<meta property=\"article:published_time\" content=\"2026-08-11T11:18:10+00:00\" \/>\n<meta property=\"article:modified_time\" content=\"2026-08-11T11:18:12+00:00\" \/>\n<meta property=\"og:image\" content=\"https:\/\/salesianossp.org.br\/osjatai\/wp-content\/uploads\/2026\/08\/Arte-1-683x1024.png\" \/>\n\t<meta property=\"og:image:width\" content=\"683\" \/>\n\t<meta property=\"og:image:height\" content=\"1024\" \/>\n\t<meta property=\"og:image:type\" content=\"image\/png\" \/>\n<meta name=\"author\" content=\"Lucas Rodrigues\" \/>\n<meta name=\"twitter:card\" content=\"summary_large_image\" \/>\n<meta name=\"twitter:label1\" content=\"Escrito por\" \/>\n\t<meta name=\"twitter:data1\" content=\"Lucas Rodrigues\" \/>\n\t<meta name=\"twitter:label2\" content=\"Est. tempo de leitura\" \/>\n\t<meta name=\"twitter:data2\" content=\"2 minutos\" \/>\n<script type=\"application\/ld+json\" class=\"yoast-schema-graph\">{\"@context\":\"https:\\\/\\\/schema.org\",\"@graph\":[{\"@type\":\"Article\",\"@id\":\"https:\\\/\\\/salesianossp.org.br\\\/osjatai\\\/2026\\\/08\\\/11\\\/hoje-e-dia-de-celebrar\\\/#article\",\"isPartOf\":{\"@id\":\"https:\\\/\\\/salesianossp.org.br\\\/osjatai\\\/2026\\\/08\\\/11\\\/hoje-e-dia-de-celebrar\\\/\"},\"author\":{\"name\":\"Lucas Rodrigues\",\"@id\":\"https:\\\/\\\/salesianossp.org.br\\\/osjatai\\\/#\\\/schema\\\/person\\\/25f70f41ea2e14fb994d55ddfe66f8ec\"},\"headline\":\"Hoje \u00e9 dia de celebrar!\",\"datePublished\":\"2026-08-11T11:18:10+00:00\",\"dateModified\":\"2026-08-11T11:18:12+00:00\",\"mainEntityOfPage\":{\"@id\":\"https:\\\/\\\/salesianossp.org.br\\\/osjatai\\\/2026\\\/08\\\/11\\\/hoje-e-dia-de-celebrar\\\/\"},\"wordCount\":173,\"commentCount\":0,\"publisher\":{\"@id\":\"https:\\\/\\\/salesianossp.org.br\\\/osjatai\\\/#organization\"},\"image\":{\"@id\":\"https:\\\/\\\/salesianossp.org.br\\\/osjatai\\\/2026\\\/08\\\/11\\\/hoje-e-dia-de-celebrar\\\/#primaryimage\"},\"thumbnailUrl\":\"https:\\\/\\\/salesianossp.org.br\\\/osjatai\\\/wp-content\\\/uploads\\\/2026\\\/08\\\/Arte-1.png\",\"articleSection\":[\"Uncategorized\"],\"inLanguage\":\"pt-BR\",\"potentialAction\":[{\"@type\":\"CommentAction\",\"name\":\"Comment\",\"target\":[\"https:\\\/\\\/salesianossp.org.br\\\/osjatai\\\/2026\\\/08\\\/11\\\/hoje-e-dia-de-celebrar\\\/#respond\"]}]},{\"@type\":\"WebPage\",\"@id\":\"https:\\\/\\\/salesianossp.org.br\\\/osjatai\\\/2026\\\/08\\\/11\\\/hoje-e-dia-de-celebrar\\\/\",\"url\":\"https:\\\/\\\/salesianossp.org.br\\\/osjatai\\\/2026\\\/08\\\/11\\\/hoje-e-dia-de-celebrar\\\/\",\"name\":\"Hoje \u00e9 dia de celebrar! - Projeto Jata\u00ed\",\"isPartOf\":{\"@id\":\"https:\\\/\\\/salesianossp.org.br\\\/osjatai\\\/#website\"},\"primaryImageOfPage\":{\"@id\":\"https:\\\/\\\/salesianossp.org.br\\\/osjatai\\\/2026\\\/08\\\/11\\\/hoje-e-dia-de-celebrar\\\/#primaryimage\"},\"image\":{\"@id\":\"https:\\\/\\\/salesianossp.org.br\\\/osjatai\\\/2026\\\/08\\\/11\\\/hoje-e-dia-de-celebrar\\\/#primaryimage\"},\"thumbnailUrl\":\"https:\\\/\\\/salesianossp.org.br\\\/osjatai\\\/wp-content\\\/uploads\\\/2026\\\/08\\\/Arte-1.png\",\"datePublished\":\"2026-08-11T11:18:10+00:00\",\"dateModified\":\"2026-08-11T11:18:12+00:00\",\"breadcrumb\":{\"@id\":\"https:\\\/\\\/salesianossp.org.br\\\/osjatai\\\/2026\\\/08\\\/11\\\/hoje-e-dia-de-celebrar\\\/#breadcrumb\"},\"inLanguage\":\"pt-BR\",\"potentialAction\":[{\"@type\":\"ReadAction\",\"target\":[\"https:\\\/\\\/salesianossp.org.br\\\/osjatai\\\/2026\\\/08\\\/11\\\/hoje-e-dia-de-celebrar\\\/\"]}]},{\"@type\":\"ImageObject\",\"inLanguage\":\"pt-BR\",\"@id\":\"https:\\\/\\\/salesianossp.org.br\\\/osjatai\\\/2026\\\/08\\\/11\\\/hoje-e-dia-de-celebrar\\\/#primaryimage\",\"url\":\"https:\\\/\\\/salesianossp.org.br\\\/osjatai\\\/wp-content\\\/uploads\\\/2026\\\/08\\\/Arte-1.png\",\"contentUrl\":\"https:\\\/\\\/salesianossp.org.br\\\/osjatai\\\/wp-content\\\/uploads\\\/2026\\\/08\\\/Arte-1.png\",\"width\":1024,\"height\":1536},{\"@type\":\"BreadcrumbList\",\"@id\":\"https:\\\/\\\/salesianossp.org.br\\\/osjatai\\\/2026\\\/08\\\/11\\\/hoje-e-dia-de-celebrar\\\/#breadcrumb\",\"itemListElement\":[{\"@type\":\"ListItem\",\"position\":1,\"name\":\"In\u00edcio\",\"item\":\"https:\\\/\\\/salesianossp.org.br\\\/osjatai\\\/\"},{\"@type\":\"ListItem\",\"position\":2,\"name\":\"Hoje \u00e9 dia de celebrar!\"}]},{\"@type\":\"WebSite\",\"@id\":\"https:\\\/\\\/salesianossp.org.br\\\/osjatai\\\/#website\",\"url\":\"https:\\\/\\\/salesianossp.org.br\\\/osjatai\\\/\",\"name\":\"Projeto Jata\u00ed\",\"description\":\"\",\"publisher\":{\"@id\":\"https:\\\/\\\/salesianossp.org.br\\\/osjatai\\\/#organization\"},\"potentialAction\":[{\"@type\":\"SearchAction\",\"target\":{\"@type\":\"EntryPoint\",\"urlTemplate\":\"https:\\\/\\\/salesianossp.org.br\\\/osjatai\\\/?s={search_term_string}\"},\"query-input\":{\"@type\":\"PropertyValueSpecification\",\"valueRequired\":true,\"valueName\":\"search_term_string\"}}],\"inLanguage\":\"pt-BR\"},{\"@type\":\"Organization\",\"@id\":\"https:\\\/\\\/salesianossp.org.br\\\/osjatai\\\/#organization\",\"name\":\"Projeto Jata\u00ed\",\"url\":\"https:\\\/\\\/salesianossp.org.br\\\/osjatai\\\/\",\"logo\":{\"@type\":\"ImageObject\",\"inLanguage\":\"pt-BR\",\"@id\":\"https:\\\/\\\/salesianossp.org.br\\\/osjatai\\\/#\\\/schema\\\/logo\\\/image\\\/\",\"url\":\"https:\\\/\\\/salesianossp.org.br\\\/osjatai\\\/wp-content\\\/uploads\\\/2025\\\/10\\\/logotipo-projeto-jatati-color-56.svg\",\"contentUrl\":\"https:\\\/\\\/salesianossp.org.br\\\/osjatai\\\/wp-content\\\/uploads\\\/2025\\\/10\\\/logotipo-projeto-jatati-color-56.svg\",\"width\":232,\"height\":56,\"caption\":\"Projeto Jata\u00ed\"},\"image\":{\"@id\":\"https:\\\/\\\/salesianossp.org.br\\\/osjatai\\\/#\\\/schema\\\/logo\\\/image\\\/\"},\"sameAs\":[\"https:\\\/\\\/www.facebook.com\\\/projetojataisalesianos\\\/\",\"https:\\\/\\\/www.instagram.com\\\/projeto_jatai\\\/\"]},{\"@type\":\"Person\",\"@id\":\"https:\\\/\\\/salesianossp.org.br\\\/osjatai\\\/#\\\/schema\\\/person\\\/25f70f41ea2e14fb994d55ddfe66f8ec\",\"name\":\"Lucas Rodrigues\",\"image\":{\"@type\":\"ImageObject\",\"inLanguage\":\"pt-BR\",\"@id\":\"https:\\\/\\\/secure.gravatar.com\\\/avatar\\\/0ad9c966c6ed3335d7fffe2c3b88880dd298c0817b71e20a6955c38f2a53f746?s=96&d=mm&r=g\",\"url\":\"https:\\\/\\\/secure.gravatar.com\\\/avatar\\\/0ad9c966c6ed3335d7fffe2c3b88880dd298c0817b71e20a6955c38f2a53f746?s=96&d=mm&r=g\",\"contentUrl\":\"https:\\\/\\\/secure.gravatar.com\\\/avatar\\\/0ad9c966c6ed3335d7fffe2c3b88880dd298c0817b71e20a6955c38f2a53f746?s=96&d=mm&r=g\",\"caption\":\"Lucas Rodrigues\"},\"url\":\"https:\\\/\\\/salesianossp.org.br\\\/osjatai\\\/author\\\/lucas-rodrigues\\\/\"}]}<\/script>\n<!-- \/ Yoast SEO plugin. -->","yoast_head_json":{"title":"Hoje \u00e9 dia de celebrar! - Projeto Jata\u00ed","robots":{"index":"index","follow":"follow","max-snippet":"max-snippet:-1","max-image-preview":"max-image-preview:large","max-video-preview":"max-video-preview:-1"},"canonical":"https:\/\/salesianossp.org.br\/osjatai\/2026\/08\/11\/hoje-e-dia-de-celebrar\/","og_locale":"pt_BR","og_type":"article","og_title":"Hoje \u00e9 dia de celebrar! - Projeto Jata\u00ed","og_description":"H\u00e1 24 anos, o Projeto Jata\u00ed transforma vidas, acolhe sonhos e constr\u00f3i oportunidades.","og_url":"https:\/\/salesianossp.org.br\/osjatai\/2026\/08\/11\/hoje-e-dia-de-celebrar\/","og_site_name":"Projeto Jata\u00ed","article_publisher":"https:\/\/www.facebook.com\/projetojataisalesianos\/","article_published_time":"2026-08-11T11:18:10+00:00","article_modified_time":"2026-08-11T11:18:12+00:00","og_image":[{"width":683,"height":1024,"url":"https:\/\/salesianossp.org.br\/osjatai\/wp-content\/uploads\/2026\/08\/Arte-1-683x1024.png","type":"image\/png"}],"author":"Lucas Rodrigues","twitter_card":"summary_large_image","twitter_misc":{"Escrito por":"Lucas Rodrigues","Est. tempo de leitura":"2 minutos"},"schema":{"@context":"https:\/\/schema.org","@graph":[{"@type":"Article","@id":"https:\/\/salesianossp.org.br\/osjatai\/2026\/08\/11\/hoje-e-dia-de-celebrar\/#article","isPartOf":{"@id":"https:\/\/salesianossp.org.br\/osjatai\/2026\/08\/11\/hoje-e-dia-de-celebrar\/"},"author":{"name":"Lucas Rodrigues","@id":"https:\/\/salesianossp.org.br\/osjatai\/#\/schema\/person\/25f70f41ea2e14fb994d55ddfe66f8ec"},"headline":"Hoje \u00e9 dia de celebrar!","datePublished":"2026-08-11T11:18:10+00:00","dateModified":"2026-08-11T11:18:12+00:00","mainEntityOfPage":{"@id":"https:\/\/salesianossp.org.br\/osjatai\/2026\/08\/11\/hoje-e-dia-de-celebrar\/"},"wordCount":173,"commentCount":0,"publisher":{"@id":"https:\/\/salesianossp.org.br\/osjatai\/#organization"},"image":{"@id":"https:\/\/salesianossp.org.br\/osjatai\/2026\/08\/11\/hoje-e-dia-de-celebrar\/#primaryimage"},"thumbnailUrl":"https:\/\/salesianossp.org.br\/osjatai\/wp-content\/uploads\/2026\/08\/Arte-1.png","articleSection":["Uncategorized"],"inLanguage":"pt-BR","potentialAction":[{"@type":"CommentAction","name":"Comment","target":["https:\/\/salesianossp.org.br\/osjatai\/2026\/08\/11\/hoje-e-dia-de-celebrar\/#respond"]}]},{"@type":"WebPage","@id":"https:\/\/salesianossp.org.br\/osjatai\/2026\/08\/11\/hoje-e-dia-de-celebrar\/","url":"https:\/\/salesianossp.org.br\/osjatai\/2026\/08\/11\/hoje-e-dia-de-celebrar\/","name":"Hoje \u00e9 dia de celebrar! - Projeto Jata\u00ed","isPartOf":{"@id":"https:\/\/salesianossp.org.br\/osjatai\/#website"},"primaryImageOfPage":{"@id":"https:\/\/salesianossp.org.br\/osjatai\/2026\/08\/11\/hoje-e-dia-de-celebrar\/#primaryimage"},"image":{"@id":"https:\/\/salesianossp.org.br\/osjatai\/2026\/08\/11\/hoje-e-dia-de-celebrar\/#primaryimage"},"thumbnailUrl":"https:\/\/salesianossp.org.br\/osjatai\/wp-content\/uploads\/2026\/08\/Arte-1.png","datePublished":"2026-08-11T11:18:10+00:00","dateModified":"2026-08-11T11:18:12+00:00","breadcrumb":{"@id":"https:\/\/salesianossp.org.br\/osjatai\/2026\/08\/11\/hoje-e-dia-de-celebrar\/#breadcrumb"},"inLanguage":"pt-BR","potentialAction":[{"@type":"ReadAction","target":["https:\/\/salesianossp.org.br\/osjatai\/2026\/08\/11\/hoje-e-dia-de-celebrar\/"]}]},{"@type":"ImageObject","inLanguage":"pt-BR","@id":"https:\/\/salesianossp.org.br\/osjatai\/2026\/08\/11\/hoje-e-dia-de-celebrar\/#primaryimage","url":"https:\/\/salesianossp.org.br\/osjatai\/wp-content\/uploads\/2026\/08\/Arte-1.png","contentUrl":"https:\/\/salesianossp.org.br\/osjatai\/wp-content\/uploads\/2026\/08\/Arte-1.png","width":1024,"height":1536},{"@type":"BreadcrumbList","@id":"https:\/\/salesianossp.org.br\/osjatai\/2026\/08\/11\/hoje-e-dia-de-celebrar\/#breadcrumb","itemListElement":[{"@type":"ListItem","position":1,"name":"In\u00edcio","item":"https:\/\/salesianossp.org.br\/osjatai\/"},{"@type":"ListItem","position":2,"name":"Hoje \u00e9 dia de celebrar!"}]},{"@type":"WebSite","@id":"https:\/\/salesianossp.org.br\/osjatai\/#website","url":"https:\/\/salesianossp.org.br\/osjatai\/","name":"Projeto Jata\u00ed","description":"","publisher":{"@id":"https:\/\/salesianossp.org.br\/osjatai\/#organization"},"potentialAction":[{"@type":"SearchAction","target":{"@type":"EntryPoint","urlTemplate":"https:\/\/salesianossp.org.br\/osjatai\/?s={search_term_string}"},"query-input":{"@type":"PropertyValueSpecification","valueRequired":true,"valueName":"search_term_string"}}],"inLanguage":"pt-BR"},{"@type":"Organization","@id":"https:\/\/salesianossp.org.br\/osjatai\/#organization","name":"Projeto Jata\u00ed","url":"https:\/\/salesianossp.org.br\/osjatai\/","logo":{"@type":"ImageObject","inLanguage":"pt-BR","@id":"https:\/\/salesianossp.org.br\/osjatai\/#\/schema\/logo\/image\/","url":"https:\/\/salesianossp.org.br\/osjatai\/wp-content\/uploads\/2025\/10\/logotipo-projeto-jatati-color-56.svg","contentUrl":"https:\/\/salesianossp.org.br\/osjatai\/wp-content\/uploads\/2025\/10\/logotipo-projeto-jatati-color-56.svg","width":232,"height":56,"caption":"Projeto Jata\u00ed"},"image":{"@id":"https:\/\/salesianossp.org.br\/osjatai\/#\/schema\/logo\/image\/"},"sameAs":["https:\/\/www.facebook.com\/projetojataisalesianos\/","https:\/\/www.instagram.com\/projeto_jatai\/"]},{"@type":"Person","@id":"https:\/\/salesianossp.org.br\/osjatai\/#\/schema\/person\/25f70f41ea2e14fb994d55ddfe66f8ec","name":"Lucas Rodrigues","image":{"@type":"ImageObject","inLanguage":"pt-BR","@id":"https:\/\/secure.gravatar.com\/avatar\/0ad9c966c6ed3335d7fffe2c3b88880dd298c0817b71e20a6955c38f2a53f746?s=96&d=mm&r=g","url":"https:\/\/secure.gravatar.com\/avatar\/0ad9c966c6ed3335d7fffe2c3b88880dd298c0817b71e20a6955c38f2a53f746?s=96&d=mm&r=g","contentUrl":"https:\/\/secure.gravatar.com\/avatar\/0ad9c966c6ed3335d7fffe2c3b88880dd298c0817b71e20a6955c38f2a53f746?s=96&d=mm&r=g","caption":"Lucas Rodrigues"},"url":"https:\/\/salesianossp.org.br\/osjatai\/author\/lucas-rodrigues\/"}]}},"_links":{"self":[{"href":"https:\/\/salesianossp.org.br\/osjatai\/wp-json\/wp\/v2\/posts\/117641","targetHints":{"allow":["GET"]}}],"collection":[{"href":"https:\/\/salesianossp.org.br\/osjatai\/wp-json\/wp\/v2\/posts"}],"about":[{"href":"https:\/\/salesianossp.org.br\/osjatai\/wp-json\/wp\/v2\/types\/post"}],"author":[{"embeddable":true,"href":"https:\/\/salesianossp.org.br\/osjatai\/wp-json\/wp\/v2\/users\/27"}],"replies":[{"embeddable":true,"href":"https:\/\/salesianossp.org.br\/osjatai\/wp-json\/wp\/v2\/comments?post=117641"}],"version-history":[{"count":1,"href":"https:\/\/salesianossp.org.br\/osjatai\/wp-json\/wp\/v2\/posts\/117641\/revisions"}],"predecessor-version":[{"id":117643,"href":"https:\/\/salesianossp.org.br\/osjatai\/wp-json\/wp\/v2\/posts\/117641\/revisions\/117643"}],"wp:featuredmedia":[{"embeddable":true,"href":"https:\/\/salesianossp.org.br\/osjatai\/wp-json\/wp\/v2\/media\/117642"}],"wp:attachment":[{"href":"https:\/\/salesianossp.org.br\/osjatai\/wp-json\/wp\/v2\/media?parent=117641"}],"wp:term":[{"taxonomy":"category","embeddable":true,"href":"https:\/\/salesianossp.org.br\/osjatai\/wp-json\/wp\/v2\/categories?post=117641"},{"taxonomy":"post_tag","embeddable":true,"href":"https:\/\/salesianossp.org.br\/osjatai\/wp-json\/wp\/v2\/tags?post=117641"}],"curies":[{"name":"wp","href":"https:\/\/api.w.org\/{rel}","templated":true}]}}