{"id":1831,"date":"2021-11-18T10:36:28","date_gmt":"2021-11-18T13:36:28","guid":{"rendered":"https:\/\/salesianossp.org.br\/oslapa\/?p=1831"},"modified":"2021-11-18T10:36:29","modified_gmt":"2021-11-18T13:36:29","slug":"comunicacao-efetiva-e-nao-violenta-e-tema-de-encontro-sociofamiliar","status":"publish","type":"post","link":"https:\/\/salesianossp.org.br\/oslapa\/comunicacao-efetiva-e-nao-violenta-e-tema-de-encontro-sociofamiliar\/","title":{"rendered":"Comunica\u00e7\u00e3o Efetiva e N\u00e3o Violenta \u00e9 tema de Encontro Sociofamiliar"},"content":{"rendered":"\n<p>O Centro Juvenil Dom Bosco realizou o Encontro Sociofamiliar de novembro com as fam\u00edlias do Centro de Forma\u00e7\u00e3o Profissional \u2013 CEDESP, continuando o trabalho com os atendidos e suas fam\u00edlias sobre a \u201cimport\u00e2ncia da comunica\u00e7\u00e3o\u201d. <\/p>\n\n\n\n<p>A atividade teve in\u00edcio na edi\u00e7\u00e3o de setembro, com um desafio para o fortalecimento de v\u00ednculos familiares. A proposta era que cada fam\u00edlia pudesse se reunir e conversar ao menos cinco minutos, duas vezes na semana, sobre seu dia, lembran\u00e7as e at\u00e9 mesmo situa\u00e7\u00f5es que precisassem ser resolvidas. O trabalho foi pensando e teve dicas de como uma comunica\u00e7\u00e3o efetiva e n\u00e3o violenta pode ser facilitadora para uma boa conviv\u00eancia.\u00a0<\/p>\n\n\n\n<p>No encontro, as fam\u00edlias puderam relatar suas experi\u00eancias e tivemos grandes alegrias como pais e filhos se reaproximando, situa\u00e7\u00f5es resolvidas, e fam\u00edlias mais unidas.<\/p>\n\n\n\n<div class=\"wp-block-image\"><figure class=\"aligncenter size-full\"><img fetchpriority=\"high\" decoding=\"async\" width=\"1280\" height=\"720\" src=\"https:\/\/salesianossp.org.br\/oslapa\/wp-content\/uploads\/2021\/11\/IMAGEM-3.jpg\" alt=\"\" class=\"wp-image-1835\" srcset=\"https:\/\/salesianossp.org.br\/oslapa\/wp-content\/uploads\/2021\/11\/IMAGEM-3.jpg 1280w, https:\/\/salesianossp.org.br\/oslapa\/wp-content\/uploads\/2021\/11\/IMAGEM-3-768x432.jpg 768w, https:\/\/salesianossp.org.br\/oslapa\/wp-content\/uploads\/2021\/11\/IMAGEM-3-260x146.jpg 260w, https:\/\/salesianossp.org.br\/oslapa\/wp-content\/uploads\/2021\/11\/IMAGEM-3-1200x675.jpg 1200w\" sizes=\"(max-width:767px) 480px, (max-width:1280px) 100vw, 1280px\" \/><figcaption><strong><span class=\"has-inline-color has-vivid-red-color\">Fam\u00edlias em din\u00e2mica no Encontro Sociofamiliar.<\/span><\/strong><\/figcaption><\/figure><\/div>\n\n\n\n<p>Em outra etapa, as fam\u00edlias trabalharam a din\u00e2mica \u201cA mensagem\u201d, que mostrou uma forma de comunica\u00e7\u00e3o em que o di\u00e1logo ocorre n\u00e3o somente por uma, mas por duas ou mais pessoas, em que todos t\u00eam o direito de se expressar e o dever de escutar.\u00a0<\/p>\n\n\n\n<p>A reflex\u00e3o final era mostrar que a forma como as situa\u00e7\u00f5es s\u00e3o conduzidas s\u00e3o introduzidas em nosso DNA Familiar, e isso perpassa para todos que est\u00e3o a nossa volta no dia a dia.&nbsp;<\/p>\n\n\n\n<div class=\"wp-block-image\"><figure class=\"aligncenter size-full\"><img decoding=\"async\" width=\"1280\" height=\"720\" src=\"https:\/\/salesianossp.org.br\/oslapa\/wp-content\/uploads\/2021\/11\/IMAGEM-5-2.jpg\" alt=\"\" class=\"wp-image-1836\" srcset=\"https:\/\/salesianossp.org.br\/oslapa\/wp-content\/uploads\/2021\/11\/IMAGEM-5-2.jpg 1280w, https:\/\/salesianossp.org.br\/oslapa\/wp-content\/uploads\/2021\/11\/IMAGEM-5-2-768x432.jpg 768w, https:\/\/salesianossp.org.br\/oslapa\/wp-content\/uploads\/2021\/11\/IMAGEM-5-2-260x146.jpg 260w, https:\/\/salesianossp.org.br\/oslapa\/wp-content\/uploads\/2021\/11\/IMAGEM-5-2-1200x675.jpg 1200w\" sizes=\"(max-width:767px) 480px, (max-width:1280px) 100vw, 1280px\" \/><figcaption><strong><span class=\"has-inline-color has-vivid-red-color\">Fam\u00edlias em din\u00e2mica no Encontro Sociofamiliar.<\/span><\/strong><\/figcaption><\/figure><\/div>\n\n\n\n<p>Concluindo o momento, as fam\u00edlias puderam ver seu DNA familiar em uma bonita \u00e1rvore, produzida pelo jovem Pedro e as colaboradoras Adriana e Paloma. O trabalho continha fotos das fam\u00edlias e mensagens de motiva\u00e7\u00e3o sobre a import\u00e2ncia de um olhar sincero, amig\u00e1vel e amoroso.\u00a0<\/p>\n\n\n\n<p>Para finalizar o encontro, os educadores receberam os respons\u00e1veis dos educandos em sala de aula, para conversar sobre o desenvolvimento de seus filhos nas atividades propostas durante o semestre.<\/p>\n","protected":false},"excerpt":{"rendered":"<p>O Centro Juvenil Dom Bosco realizou o Encontro Sociofamiliar de novembro com as fam\u00edlias do Centro de Forma\u00e7\u00e3o Profissional \u2013 CEDESP, continuando o trabalho com os<span class=\"excerpt-hellip\"> [\u2026]<\/span><\/p>\n","protected":false},"author":76,"featured_media":1832,"comment_status":"open","ping_status":"open","sticky":false,"template":"","format":"standard","meta":{"footnotes":""},"categories":[74],"tags":[],"class_list":["post-1831","post","type-post","status-publish","format-standard","has-post-thumbnail","hentry","category-cedesp"],"_links":{"self":[{"href":"https:\/\/salesianossp.org.br\/oslapa\/wp-json\/wp\/v2\/posts\/1831","targetHints":{"allow":["GET"]}}],"collection":[{"href":"https:\/\/salesianossp.org.br\/oslapa\/wp-json\/wp\/v2\/posts"}],"about":[{"href":"https:\/\/salesianossp.org.br\/oslapa\/wp-json\/wp\/v2\/types\/post"}],"author":[{"embeddable":true,"href":"https:\/\/salesianossp.org.br\/oslapa\/wp-json\/wp\/v2\/users\/76"}],"replies":[{"embeddable":true,"href":"https:\/\/salesianossp.org.br\/oslapa\/wp-json\/wp\/v2\/comments?post=1831"}],"version-history":[{"count":1,"href":"https:\/\/salesianossp.org.br\/oslapa\/wp-json\/wp\/v2\/posts\/1831\/revisions"}],"predecessor-version":[{"id":1837,"href":"https:\/\/salesianossp.org.br\/oslapa\/wp-json\/wp\/v2\/posts\/1831\/revisions\/1837"}],"wp:featuredmedia":[{"embeddable":true,"href":"https:\/\/salesianossp.org.br\/oslapa\/wp-json\/wp\/v2\/media\/1832"}],"wp:attachment":[{"href":"https:\/\/salesianossp.org.br\/oslapa\/wp-json\/wp\/v2\/media?parent=1831"}],"wp:term":[{"taxonomy":"category","embeddable":true,"href":"https:\/\/salesianossp.org.br\/oslapa\/wp-json\/wp\/v2\/categories?post=1831"},{"taxonomy":"post_tag","embeddable":true,"href":"https:\/\/salesianossp.org.br\/oslapa\/wp-json\/wp\/v2\/tags?post=1831"}],"curies":[{"name":"wp","href":"https:\/\/api.w.org\/{rel}","templated":true}]}}