{"id":1840,"date":"2021-11-23T11:02:13","date_gmt":"2021-11-23T14:02:13","guid":{"rendered":"https:\/\/salesianossp.org.br\/oslapa\/?p=1840"},"modified":"2021-11-23T11:02:14","modified_gmt":"2021-11-23T14:02:14","slug":"exposicao-do-cca-exalta-a-esperanca-em-ano-de-trabalho-dificil","status":"publish","type":"post","link":"https:\/\/salesianossp.org.br\/oslapa\/exposicao-do-cca-exalta-a-esperanca-em-ano-de-trabalho-dificil\/","title":{"rendered":"Exposi\u00e7\u00e3o do CCA exalta a esperan\u00e7a em ano de trabalho dif\u00edcil."},"content":{"rendered":"\n<p>Na \u00faltima sexta-feira, o Centro para Crian\u00e7as e Adolescentes (CCA) realizou uma exposi\u00e7\u00e3o para as fam\u00edlias dos educandos.<\/p>\n\n\n\n<p>Norteados pelo tema do projeto de 2021, \u201cPerto ou Longe, mas movidos pela esperan\u00e7a\u201d, em alus\u00e3o \u00e0 estreia do Reitor-Mor dos Salesianos, P. \u00c1ngel Artime, educadores e educandos prepararam apresenta\u00e7\u00f5es e expuseram os trabalhos executados durante o dif\u00edcil ano.<\/p>\n\n\n\n<div class=\"wp-block-image\"><figure class=\"aligncenter size-full\"><img fetchpriority=\"high\" decoding=\"async\" width=\"1280\" height=\"720\" src=\"https:\/\/salesianossp.org.br\/oslapa\/wp-content\/uploads\/2021\/11\/IMAGEM-9.jpg\" alt=\"\" class=\"wp-image-1842\" srcset=\"https:\/\/salesianossp.org.br\/oslapa\/wp-content\/uploads\/2021\/11\/IMAGEM-9.jpg 1280w, https:\/\/salesianossp.org.br\/oslapa\/wp-content\/uploads\/2021\/11\/IMAGEM-9-768x432.jpg 768w, https:\/\/salesianossp.org.br\/oslapa\/wp-content\/uploads\/2021\/11\/IMAGEM-9-260x146.jpg 260w, https:\/\/salesianossp.org.br\/oslapa\/wp-content\/uploads\/2021\/11\/IMAGEM-9-1200x675.jpg 1200w\" sizes=\"(max-width:767px) 480px, (max-width:1280px) 100vw, 1280px\" \/><figcaption><span class=\"has-inline-color has-vivid-red-color\">Adolescentes com cartazes na Exposi\u00e7\u00e3o do CCA.<\/span><\/figcaption><\/figure><\/div>\n\n\n\n<p>Nas apresenta\u00e7\u00f5es, foram destacados os projetos trabalhados: pastoral, social e socioambiental, al\u00e9m das atividades esportivas, festas, dentre outras atividades.<\/p>\n\n\n\n<p>Logo ap\u00f3s, os familiares puderam conferir um pouco das atividades realizadas pelos educandos, visitando os espa\u00e7os do Centro Juvenil, que foram carinhosamente preparados pela equipe.<\/p>\n\n\n\n<div class=\"wp-block-image\"><figure class=\"aligncenter size-full\"><img decoding=\"async\" width=\"1280\" height=\"720\" src=\"https:\/\/salesianossp.org.br\/oslapa\/wp-content\/uploads\/2021\/11\/IMAGEM-5-3.jpg\" alt=\"\" class=\"wp-image-1843\" srcset=\"https:\/\/salesianossp.org.br\/oslapa\/wp-content\/uploads\/2021\/11\/IMAGEM-5-3.jpg 1280w, https:\/\/salesianossp.org.br\/oslapa\/wp-content\/uploads\/2021\/11\/IMAGEM-5-3-768x432.jpg 768w, https:\/\/salesianossp.org.br\/oslapa\/wp-content\/uploads\/2021\/11\/IMAGEM-5-3-260x146.jpg 260w, https:\/\/salesianossp.org.br\/oslapa\/wp-content\/uploads\/2021\/11\/IMAGEM-5-3-1200x675.jpg 1200w\" sizes=\"(max-width:767px) 480px, (max-width:1280px) 100vw, 1280px\" \/><figcaption><span class=\"has-inline-color has-vivid-red-color\">M\u00e3e e filho visitando a Exposi\u00e7\u00e3o do CCA.<\/span><\/figcaption><\/figure><\/div>\n\n\n\n<p>O grande \u00e1pice do ano ser\u00e1 no dia 14 de dezembro, quando os educandos, finalizando as atividades, se apresentar\u00e3o no Auto de Natal.<\/p>\n","protected":false},"excerpt":{"rendered":"<p>Na \u00faltima sexta-feira, o Centro para Crian\u00e7as e Adolescentes (CCA) realizou uma exposi\u00e7\u00e3o para as fam\u00edlias dos educandos. Norteados pelo tema do projeto de 2021, \u201cPerto<span class=\"excerpt-hellip\"> [\u2026]<\/span><\/p>\n","protected":false},"author":76,"featured_media":1841,"comment_status":"open","ping_status":"open","sticky":false,"template":"","format":"standard","meta":{"footnotes":""},"categories":[72],"tags":[],"class_list":["post-1840","post","type-post","status-publish","format-standard","has-post-thumbnail","hentry","category-cca"],"_links":{"self":[{"href":"https:\/\/salesianossp.org.br\/oslapa\/wp-json\/wp\/v2\/posts\/1840","targetHints":{"allow":["GET"]}}],"collection":[{"href":"https:\/\/salesianossp.org.br\/oslapa\/wp-json\/wp\/v2\/posts"}],"about":[{"href":"https:\/\/salesianossp.org.br\/oslapa\/wp-json\/wp\/v2\/types\/post"}],"author":[{"embeddable":true,"href":"https:\/\/salesianossp.org.br\/oslapa\/wp-json\/wp\/v2\/users\/76"}],"replies":[{"embeddable":true,"href":"https:\/\/salesianossp.org.br\/oslapa\/wp-json\/wp\/v2\/comments?post=1840"}],"version-history":[{"count":1,"href":"https:\/\/salesianossp.org.br\/oslapa\/wp-json\/wp\/v2\/posts\/1840\/revisions"}],"predecessor-version":[{"id":1844,"href":"https:\/\/salesianossp.org.br\/oslapa\/wp-json\/wp\/v2\/posts\/1840\/revisions\/1844"}],"wp:featuredmedia":[{"embeddable":true,"href":"https:\/\/salesianossp.org.br\/oslapa\/wp-json\/wp\/v2\/media\/1841"}],"wp:attachment":[{"href":"https:\/\/salesianossp.org.br\/oslapa\/wp-json\/wp\/v2\/media?parent=1840"}],"wp:term":[{"taxonomy":"category","embeddable":true,"href":"https:\/\/salesianossp.org.br\/oslapa\/wp-json\/wp\/v2\/categories?post=1840"},{"taxonomy":"post_tag","embeddable":true,"href":"https:\/\/salesianossp.org.br\/oslapa\/wp-json\/wp\/v2\/tags?post=1840"}],"curies":[{"name":"wp","href":"https:\/\/api.w.org\/{rel}","templated":true}]}}