{"id":1846,"date":"2021-11-24T08:00:00","date_gmt":"2021-11-24T11:00:00","guid":{"rendered":"https:\/\/salesianossp.org.br\/oslapa\/?p=1846"},"modified":"2021-11-23T14:50:19","modified_gmt":"2021-11-23T17:50:19","slug":"centro-juvenil-realiza-1a-semana-do-empreendedorismo","status":"publish","type":"post","link":"https:\/\/salesianossp.org.br\/oslapa\/centro-juvenil-realiza-1a-semana-do-empreendedorismo\/","title":{"rendered":"Centro Juvenil realiza 1\u00aa Semana do Empreendedorismo"},"content":{"rendered":"\n<p>O Centro Juvenil Dom Bosco, por meio do seu Centro de Forma\u00e7\u00e3o Profissional \u2013 CEDESP, realizou a 1\u00aa Semana do Empreendedorismo \u2013 Projeto Crescendo e Empreendendo, com os jovens e adultos do servi\u00e7o. O desenvolvimento da atividade foi ministrado pelo Sebrae, com sua equipe da Zona Oeste.\u00a0<\/p>\n\n\n\n<div class=\"wp-block-image\"><figure class=\"aligncenter size-full\"><img fetchpriority=\"high\" decoding=\"async\" width=\"1280\" height=\"720\" src=\"https:\/\/salesianossp.org.br\/oslapa\/wp-content\/uploads\/2021\/11\/IMAGEM-1-1.jpg\" alt=\"\" class=\"wp-image-1848\" srcset=\"https:\/\/salesianossp.org.br\/oslapa\/wp-content\/uploads\/2021\/11\/IMAGEM-1-1.jpg 1280w, https:\/\/salesianossp.org.br\/oslapa\/wp-content\/uploads\/2021\/11\/IMAGEM-1-1-768x432.jpg 768w, https:\/\/salesianossp.org.br\/oslapa\/wp-content\/uploads\/2021\/11\/IMAGEM-1-1-260x146.jpg 260w, https:\/\/salesianossp.org.br\/oslapa\/wp-content\/uploads\/2021\/11\/IMAGEM-1-1-1200x675.jpg 1200w\" sizes=\"(max-width:767px) 480px, (max-width:1280px) 100vw, 1280px\" \/><figcaption><span class=\"has-inline-color has-vivid-red-color\"><strong>Instrutora do Sebrae com os educandos do Cedesp.<\/strong><\/span><\/figcaption><\/figure><\/div>\n\n\n\n<p>No primeiro dia, os jovens e adultos refletiram sobre suas atitudes empreendedoras e sobre pessoas que conheciam e que realizavam esse trabalho de empreender. Discutiram sobre como essas pessoas utilizaram da criatividade e inova\u00e7\u00e3o em seu neg\u00f3cio, partindo do que viam e conheciam da empresa, por meio do marketing apresentado aos clientes.<\/p>\n\n\n\n<div class=\"wp-block-image\"><figure class=\"aligncenter size-full\"><img decoding=\"async\" width=\"1280\" height=\"720\" src=\"https:\/\/salesianossp.org.br\/oslapa\/wp-content\/uploads\/2021\/11\/IMAGEM-2.jpg\" alt=\"\" class=\"wp-image-1849\" srcset=\"https:\/\/salesianossp.org.br\/oslapa\/wp-content\/uploads\/2021\/11\/IMAGEM-2.jpg 1280w, https:\/\/salesianossp.org.br\/oslapa\/wp-content\/uploads\/2021\/11\/IMAGEM-2-768x432.jpg 768w, https:\/\/salesianossp.org.br\/oslapa\/wp-content\/uploads\/2021\/11\/IMAGEM-2-260x146.jpg 260w, https:\/\/salesianossp.org.br\/oslapa\/wp-content\/uploads\/2021\/11\/IMAGEM-2-1200x675.jpg 1200w\" sizes=\"(max-width:767px) 480px, (max-width:1280px) 100vw, 1280px\" \/><figcaption> <span class=\"has-inline-color has-vivid-red-color\"><strong>Instrutora do Sebrae com os educandos do Cedesp.<\/strong><\/span> <\/figcaption><\/figure><\/div>\n\n\n\n<p>No segundo dia, praticaram a\u00e7\u00f5es para aprender a empreender por meio das novas revolu\u00e7\u00f5es tecnol\u00f3gicas (4\u00ba Revolu\u00e7\u00e3o Industrial) e quais desafios e solu\u00e7\u00f5es poderiam ser propostos para solucionar algumas problem\u00e1ticas sociais, como a fome, o acesso \u00e0 cultura e a diversidade de g\u00eanero. Ap\u00f3s esse momento os educandos apresentaram esse trabalho em formato Pitch (ferramenta de apresenta\u00e7\u00e3o r\u00e1pida, que promove o desenvolvimento de orat\u00f3ria\/fala com as palavras certas), apresentando suas ideias para um poss\u00edvel financiador do projeto que planejaram.<\/p>\n\n\n\n<div class=\"wp-block-image\"><figure class=\"aligncenter size-full\"><img decoding=\"async\" width=\"1280\" height=\"720\" src=\"https:\/\/salesianossp.org.br\/oslapa\/wp-content\/uploads\/2021\/11\/IMAGEM-3-1.jpg\" alt=\"\" class=\"wp-image-1850\" srcset=\"https:\/\/salesianossp.org.br\/oslapa\/wp-content\/uploads\/2021\/11\/IMAGEM-3-1.jpg 1280w, https:\/\/salesianossp.org.br\/oslapa\/wp-content\/uploads\/2021\/11\/IMAGEM-3-1-768x432.jpg 768w, https:\/\/salesianossp.org.br\/oslapa\/wp-content\/uploads\/2021\/11\/IMAGEM-3-1-260x146.jpg 260w, https:\/\/salesianossp.org.br\/oslapa\/wp-content\/uploads\/2021\/11\/IMAGEM-3-1-1200x675.jpg 1200w\" sizes=\"(max-width:767px) 480px, (max-width:1280px) 100vw, 1280px\" \/><figcaption><strong><span class=\"has-inline-color has-vivid-red-color\">Jovens preparando apresenta\u00e7\u00e3o de trabalho.<\/span><\/strong><\/figcaption><\/figure><\/div>\n\n\n\n<p>No \u00faltimo dia de atividades, os usu\u00e1rios retomaram a empresa que criaram no dia anterior e formaram suas redes de contatos, com fornecedores necess\u00e1rios para a execu\u00e7\u00e3o do que a empresa oferece. Depois, preparam as redes sociais da sua empresa, para contatar e alcan\u00e7ar clientes em potencial.&nbsp;<\/p>\n\n\n\n<p>Por fim, os sonhos foram abordados, por meio da import\u00e2ncia de um projeto de vida com objetivos em pequeno, m\u00e9dio e longo prazo, para manter o foco e colher bons frutos.\u00a0<\/p>\n\n\n\n<div class=\"wp-block-image\"><figure class=\"aligncenter size-full\"><img loading=\"lazy\" decoding=\"async\" width=\"1280\" height=\"720\" src=\"https:\/\/salesianossp.org.br\/oslapa\/wp-content\/uploads\/2021\/11\/IMAGEM-5-4.jpg\" alt=\"\" class=\"wp-image-1851\" srcset=\"https:\/\/salesianossp.org.br\/oslapa\/wp-content\/uploads\/2021\/11\/IMAGEM-5-4.jpg 1280w, https:\/\/salesianossp.org.br\/oslapa\/wp-content\/uploads\/2021\/11\/IMAGEM-5-4-768x432.jpg 768w, https:\/\/salesianossp.org.br\/oslapa\/wp-content\/uploads\/2021\/11\/IMAGEM-5-4-260x146.jpg 260w, https:\/\/salesianossp.org.br\/oslapa\/wp-content\/uploads\/2021\/11\/IMAGEM-5-4-1200x675.jpg 1200w\" sizes=\"(max-width:767px) 480px, (max-width:1280px) 100vw, 1280px\" \/><figcaption><strong><span class=\"has-inline-color has-vivid-red-color\">Instrutora do Sebrae mediando apresenta\u00e7\u00e3o dos educandos.<\/span><\/strong><\/figcaption><\/figure><\/div>\n","protected":false},"excerpt":{"rendered":"<p>O Centro Juvenil Dom Bosco, por meio do seu Centro de Forma\u00e7\u00e3o Profissional \u2013 CEDESP, realizou a 1\u00aa Semana do Empreendedorismo \u2013 Projeto Crescendo e Empreendendo,<span class=\"excerpt-hellip\"> [\u2026]<\/span><\/p>\n","protected":false},"author":76,"featured_media":1847,"comment_status":"open","ping_status":"open","sticky":false,"template":"","format":"standard","meta":{"footnotes":""},"categories":[74],"tags":[],"class_list":["post-1846","post","type-post","status-publish","format-standard","has-post-thumbnail","hentry","category-cedesp"],"_links":{"self":[{"href":"https:\/\/salesianossp.org.br\/oslapa\/wp-json\/wp\/v2\/posts\/1846","targetHints":{"allow":["GET"]}}],"collection":[{"href":"https:\/\/salesianossp.org.br\/oslapa\/wp-json\/wp\/v2\/posts"}],"about":[{"href":"https:\/\/salesianossp.org.br\/oslapa\/wp-json\/wp\/v2\/types\/post"}],"author":[{"embeddable":true,"href":"https:\/\/salesianossp.org.br\/oslapa\/wp-json\/wp\/v2\/users\/76"}],"replies":[{"embeddable":true,"href":"https:\/\/salesianossp.org.br\/oslapa\/wp-json\/wp\/v2\/comments?post=1846"}],"version-history":[{"count":1,"href":"https:\/\/salesianossp.org.br\/oslapa\/wp-json\/wp\/v2\/posts\/1846\/revisions"}],"predecessor-version":[{"id":1852,"href":"https:\/\/salesianossp.org.br\/oslapa\/wp-json\/wp\/v2\/posts\/1846\/revisions\/1852"}],"wp:featuredmedia":[{"embeddable":true,"href":"https:\/\/salesianossp.org.br\/oslapa\/wp-json\/wp\/v2\/media\/1847"}],"wp:attachment":[{"href":"https:\/\/salesianossp.org.br\/oslapa\/wp-json\/wp\/v2\/media?parent=1846"}],"wp:term":[{"taxonomy":"category","embeddable":true,"href":"https:\/\/salesianossp.org.br\/oslapa\/wp-json\/wp\/v2\/categories?post=1846"},{"taxonomy":"post_tag","embeddable":true,"href":"https:\/\/salesianossp.org.br\/oslapa\/wp-json\/wp\/v2\/tags?post=1846"}],"curies":[{"name":"wp","href":"https:\/\/api.w.org\/{rel}","templated":true}]}}