{"id":2235,"date":"2022-05-24T14:00:09","date_gmt":"2022-05-24T17:00:09","guid":{"rendered":"https:\/\/salesianossp.org.br\/oslapa\/?p=2235"},"modified":"2022-05-24T14:00:10","modified_gmt":"2022-05-24T17:00:10","slug":"maio-laranja-manifesto-coletivo-em-prol-do-dia-nacional-de-combate-ao-abuso-e-a-exploracao-sexual-contra-criancas-e-adolescentes","status":"publish","type":"post","link":"https:\/\/salesianossp.org.br\/oslapa\/maio-laranja-manifesto-coletivo-em-prol-do-dia-nacional-de-combate-ao-abuso-e-a-exploracao-sexual-contra-criancas-e-adolescentes\/","title":{"rendered":"Maio laranja &#8211; Manifesto Coletivo em prol do Dia Nacional de Combate ao Abuso e \u00e0 Explora\u00e7\u00e3o Sexual contra Crian\u00e7as e Adolescentes"},"content":{"rendered":"\n<p>A data de 18 de Maio, que memora o <em>&#8220;Dia Nacional de Combate ao Abuso e Explora\u00e7\u00e3o Sexual de Crian\u00e7as e Adolescentes&#8221;<\/em>, historicamente traz a lembran\u00e7a ao um movimento de luta aos direitos das crian\u00e7as e adolescentes, e foi escolhida em alus\u00e3o ao um crime ocorrido no Esp\u00edrito Santo, em 1973, que vitimou a menina Araceli Cabrera Crespo, sequestrada, violentada e assassinada aos oito anos de idade.<\/p>\n\n\n\n<p>O Artigo 4\u00b0, do Estatuto da Crian\u00e7a e Adolescente &#8211; ECA, estabelece:<\/p>\n\n\n\n<p><em>&#8220;\u00c9 dever da fam\u00edlia, da comunidade, da sociedade em geral e do poder p\u00fablico assegurar, com absoluta prioridade, a efetiva\u00e7\u00e3o dos direitos referentes \u00e0 vida, \u00e0 sa\u00fade, \u00e0 alimenta\u00e7\u00e3o, \u00e0 educa\u00e7\u00e3o, ao esporte, ao lazer, \u00e0 profissionaliza\u00e7\u00e3o, \u00e0 cultura, \u00e0 dignidade, ao respeito, \u00e0 liberdade e \u00e0 conviv\u00eancia familiar e comunit\u00e1ria&#8221;<\/em><\/p>\n\n\n\n<p>Sendo dever da fam\u00edlia, da comunidade na qual essa crian\u00e7a e adolescente est\u00e1 inserida e do poder p\u00fablico promover e fiscalizar as condi\u00e7\u00f5es m\u00ednimas para garantir todos os direitos desse p\u00fablico.<\/p>\n\n\n\n<figure class=\"wp-block-image size-large is-style-default\"><img fetchpriority=\"high\" decoding=\"async\" width=\"1024\" height=\"1024\" src=\"https:\/\/salesianossp.org.br\/oslapa\/wp-content\/uploads\/2022\/05\/CCA-Template-para-postagem_-6-1-1024x1024.jpg\" alt=\"\" class=\"wp-image-2242\" srcset=\"https:\/\/salesianossp.org.br\/oslapa\/wp-content\/uploads\/2022\/05\/CCA-Template-para-postagem_-6-1-1024x1024.jpg 1024w, https:\/\/salesianossp.org.br\/oslapa\/wp-content\/uploads\/2022\/05\/CCA-Template-para-postagem_-6-1-300x300.jpg 300w, https:\/\/salesianossp.org.br\/oslapa\/wp-content\/uploads\/2022\/05\/CCA-Template-para-postagem_-6-1-150x150.jpg 150w, https:\/\/salesianossp.org.br\/oslapa\/wp-content\/uploads\/2022\/05\/CCA-Template-para-postagem_-6-1-768x768.jpg 768w, https:\/\/salesianossp.org.br\/oslapa\/wp-content\/uploads\/2022\/05\/CCA-Template-para-postagem_-6-1-1536x1536.jpg 1536w, https:\/\/salesianossp.org.br\/oslapa\/wp-content\/uploads\/2022\/05\/CCA-Template-para-postagem_-6-1-2048x2048.jpg 2048w, https:\/\/salesianossp.org.br\/oslapa\/wp-content\/uploads\/2022\/05\/CCA-Template-para-postagem_-6-1-50x50.jpg 50w, https:\/\/salesianossp.org.br\/oslapa\/wp-content\/uploads\/2022\/05\/CCA-Template-para-postagem_-6-1-85x85.jpg 85w, https:\/\/salesianossp.org.br\/oslapa\/wp-content\/uploads\/2022\/05\/CCA-Template-para-postagem_-6-1-80x80.jpg 80w, https:\/\/salesianossp.org.br\/oslapa\/wp-content\/uploads\/2022\/05\/CCA-Template-para-postagem_-6-1.jpg 1733w\" sizes=\"(max-width:767px) 480px, (max-width:1024px) 100vw, 1024px\" \/><\/figure>\n\n\n\n<figure class=\"wp-block-gallery has-nested-images columns-default is-cropped wp-block-gallery-1 is-layout-flex wp-block-gallery-is-layout-flex\">\n<figure class=\"wp-block-image size-large\"><img decoding=\"async\" width=\"1024\" height=\"1024\" data-id=\"2236\" src=\"https:\/\/salesianossp.org.br\/oslapa\/wp-content\/uploads\/2022\/05\/Carrossel-1-Sobre-a-Campanha-1024x1024.png\" alt=\"\" class=\"wp-image-2236\" srcset=\"https:\/\/salesianossp.org.br\/oslapa\/wp-content\/uploads\/2022\/05\/Carrossel-1-Sobre-a-Campanha-1024x1024.png 1024w, https:\/\/salesianossp.org.br\/oslapa\/wp-content\/uploads\/2022\/05\/Carrossel-1-Sobre-a-Campanha-300x300.png 300w, https:\/\/salesianossp.org.br\/oslapa\/wp-content\/uploads\/2022\/05\/Carrossel-1-Sobre-a-Campanha-150x150.png 150w, https:\/\/salesianossp.org.br\/oslapa\/wp-content\/uploads\/2022\/05\/Carrossel-1-Sobre-a-Campanha-768x768.png 768w, https:\/\/salesianossp.org.br\/oslapa\/wp-content\/uploads\/2022\/05\/Carrossel-1-Sobre-a-Campanha-1536x1536.png 1536w, https:\/\/salesianossp.org.br\/oslapa\/wp-content\/uploads\/2022\/05\/Carrossel-1-Sobre-a-Campanha-2048x2048.png 2048w, https:\/\/salesianossp.org.br\/oslapa\/wp-content\/uploads\/2022\/05\/Carrossel-1-Sobre-a-Campanha-50x50.png 50w, https:\/\/salesianossp.org.br\/oslapa\/wp-content\/uploads\/2022\/05\/Carrossel-1-Sobre-a-Campanha-85x85.png 85w, https:\/\/salesianossp.org.br\/oslapa\/wp-content\/uploads\/2022\/05\/Carrossel-1-Sobre-a-Campanha-80x80.png 80w, https:\/\/salesianossp.org.br\/oslapa\/wp-content\/uploads\/2022\/05\/Carrossel-1-Sobre-a-Campanha.png 1081w\" sizes=\"(max-width:767px) 480px, (max-width:1024px) 100vw, 1024px\" \/><\/figure>\n\n\n\n<figure class=\"wp-block-image size-large\"><img decoding=\"async\" width=\"1024\" height=\"1024\" data-id=\"2238\" src=\"https:\/\/salesianossp.org.br\/oslapa\/wp-content\/uploads\/2022\/05\/010-1024x1024.jpg\" alt=\"\" class=\"wp-image-2238\" srcset=\"https:\/\/salesianossp.org.br\/oslapa\/wp-content\/uploads\/2022\/05\/010-1024x1024.jpg 1024w, https:\/\/salesianossp.org.br\/oslapa\/wp-content\/uploads\/2022\/05\/010-300x300.jpg 300w, https:\/\/salesianossp.org.br\/oslapa\/wp-content\/uploads\/2022\/05\/010-150x150.jpg 150w, https:\/\/salesianossp.org.br\/oslapa\/wp-content\/uploads\/2022\/05\/010-1536x1536.jpg 1536w, https:\/\/salesianossp.org.br\/oslapa\/wp-content\/uploads\/2022\/05\/010-2048x2048.jpg 2048w, https:\/\/salesianossp.org.br\/oslapa\/wp-content\/uploads\/2022\/05\/010-50x50.jpg 50w, https:\/\/salesianossp.org.br\/oslapa\/wp-content\/uploads\/2022\/05\/010-85x85.jpg 85w, https:\/\/salesianossp.org.br\/oslapa\/wp-content\/uploads\/2022\/05\/010-80x80.jpg 80w\" sizes=\"(max-width:767px) 480px, (max-width:1024px) 100vw, 1024px\" \/><\/figure>\n\n\n\n<figure class=\"wp-block-image size-large\"><img loading=\"lazy\" decoding=\"async\" width=\"1024\" height=\"1024\" data-id=\"2237\" src=\"https:\/\/salesianossp.org.br\/oslapa\/wp-content\/uploads\/2022\/05\/Carrossel-2-Sobre-a-Campanha-1024x1024.png\" alt=\"\" class=\"wp-image-2237\" srcset=\"https:\/\/salesianossp.org.br\/oslapa\/wp-content\/uploads\/2022\/05\/Carrossel-2-Sobre-a-Campanha-1024x1024.png 1024w, https:\/\/salesianossp.org.br\/oslapa\/wp-content\/uploads\/2022\/05\/Carrossel-2-Sobre-a-Campanha-300x300.png 300w, https:\/\/salesianossp.org.br\/oslapa\/wp-content\/uploads\/2022\/05\/Carrossel-2-Sobre-a-Campanha-150x150.png 150w, https:\/\/salesianossp.org.br\/oslapa\/wp-content\/uploads\/2022\/05\/Carrossel-2-Sobre-a-Campanha-768x768.png 768w, https:\/\/salesianossp.org.br\/oslapa\/wp-content\/uploads\/2022\/05\/Carrossel-2-Sobre-a-Campanha-1536x1536.png 1536w, https:\/\/salesianossp.org.br\/oslapa\/wp-content\/uploads\/2022\/05\/Carrossel-2-Sobre-a-Campanha-2048x2048.png 2048w, https:\/\/salesianossp.org.br\/oslapa\/wp-content\/uploads\/2022\/05\/Carrossel-2-Sobre-a-Campanha-50x50.png 50w, https:\/\/salesianossp.org.br\/oslapa\/wp-content\/uploads\/2022\/05\/Carrossel-2-Sobre-a-Campanha-85x85.png 85w, https:\/\/salesianossp.org.br\/oslapa\/wp-content\/uploads\/2022\/05\/Carrossel-2-Sobre-a-Campanha-80x80.png 80w, https:\/\/salesianossp.org.br\/oslapa\/wp-content\/uploads\/2022\/05\/Carrossel-2-Sobre-a-Campanha.png 1081w\" sizes=\"(max-width:767px) 480px, (max-width:1024px) 100vw, 1024px\" \/><\/figure>\n<\/figure>\n\n\n\n<p>E no dia 18 de Maio de 2022 o Centro para Crian\u00e7as e Adolescentes &#8211; CCA, organizou um Manifesto Coletivo em prol do Dia Nacional de Combate ao Abuso e \u00e0 Explora\u00e7\u00e3o Sexual contra Crian\u00e7as e Adolescentes. Durante o m\u00eas de maio, \u00e0s crian\u00e7as e adolescentes atrav\u00e9s da figura dos seus educadores percorreram um caminho com forma\u00e7\u00f5es e atividades referentes ao tema.<\/p>\n\n\n\n<p>A tem\u00e1tica foi trabalhada de acordo com cada grupo e a sua faixa et\u00e1ria, promovendo assim um espa\u00e7o para tirada de d\u00favidas, troca de informa\u00e7\u00f5es e experi\u00eancias, al\u00e9m de instruir as crian\u00e7as e adolescentes sobre os canais de comunica\u00e7\u00e3o para procura em casos de d\u00favidas. Com a constru\u00e7\u00e3o realizada em suas atividades durante o m\u00eas, cada grupo teve a liberdade para escolher uma forma de expor seus pensamentos e assim produzir o seu manifesto.<\/p>\n\n\n\n<figure class=\"wp-block-video\"><video height=\"352\" style=\"aspect-ratio: 640 \/ 352;\" width=\"640\" controls src=\"https:\/\/salesianossp.org.br\/oslapa\/wp-content\/uploads\/2022\/05\/18-de-maio-Estabilizado.mp4\"><\/video><figcaption>Manifesto Coletivo em prol do Dia Nacional de Combate ao Abuso e \u00e0 Explora\u00e7\u00e3o Sexual contra Crian\u00e7as e Adolescentes<\/figcaption><\/figure>\n","protected":false},"excerpt":{"rendered":"<p>A data de 18 de Maio, que memora o &#8220;Dia Nacional de Combate ao Abuso e Explora\u00e7\u00e3o Sexual de Crian\u00e7as e Adolescentes&#8221;, historicamente traz a lembran\u00e7a<span class=\"excerpt-hellip\"> [\u2026]<\/span><\/p>\n","protected":false},"author":76,"featured_media":2240,"comment_status":"closed","ping_status":"open","sticky":false,"template":"","format":"standard","meta":{"footnotes":""},"categories":[72,1],"tags":[116,115,117,114,118],"class_list":["post-2235","post","type-post","status-publish","format-standard","has-post-thumbnail","hentry","category-cca","category-noticias","tag-adolescencia","tag-infancia","tag-juntosnessacampanha","tag-maiolaranja","tag-salesianos-2"],"_links":{"self":[{"href":"https:\/\/salesianossp.org.br\/oslapa\/wp-json\/wp\/v2\/posts\/2235","targetHints":{"allow":["GET"]}}],"collection":[{"href":"https:\/\/salesianossp.org.br\/oslapa\/wp-json\/wp\/v2\/posts"}],"about":[{"href":"https:\/\/salesianossp.org.br\/oslapa\/wp-json\/wp\/v2\/types\/post"}],"author":[{"embeddable":true,"href":"https:\/\/salesianossp.org.br\/oslapa\/wp-json\/wp\/v2\/users\/76"}],"replies":[{"embeddable":true,"href":"https:\/\/salesianossp.org.br\/oslapa\/wp-json\/wp\/v2\/comments?post=2235"}],"version-history":[{"count":3,"href":"https:\/\/salesianossp.org.br\/oslapa\/wp-json\/wp\/v2\/posts\/2235\/revisions"}],"predecessor-version":[{"id":2246,"href":"https:\/\/salesianossp.org.br\/oslapa\/wp-json\/wp\/v2\/posts\/2235\/revisions\/2246"}],"wp:featuredmedia":[{"embeddable":true,"href":"https:\/\/salesianossp.org.br\/oslapa\/wp-json\/wp\/v2\/media\/2240"}],"wp:attachment":[{"href":"https:\/\/salesianossp.org.br\/oslapa\/wp-json\/wp\/v2\/media?parent=2235"}],"wp:term":[{"taxonomy":"category","embeddable":true,"href":"https:\/\/salesianossp.org.br\/oslapa\/wp-json\/wp\/v2\/categories?post=2235"},{"taxonomy":"post_tag","embeddable":true,"href":"https:\/\/salesianossp.org.br\/oslapa\/wp-json\/wp\/v2\/tags?post=2235"}],"curies":[{"name":"wp","href":"https:\/\/api.w.org\/{rel}","templated":true}]}}