{"id":117816,"date":"2026-09-02T12:36:24","date_gmt":"2026-09-02T12:36:24","guid":{"rendered":"https:\/\/salesianossp.org.br\/ospinda\/?p=117816"},"modified":"2026-09-02T12:36:25","modified_gmt":"2026-09-02T12:36:25","slug":"cafe-mamae-margarida-se-consolida-como-espaco-de-encontros-e-eventos-em-pindamonhangaba","status":"publish","type":"post","link":"https:\/\/salesianossp.org.br\/ospinda\/2026\/09\/02\/cafe-mamae-margarida-se-consolida-como-espaco-de-encontros-e-eventos-em-pindamonhangaba\/","title":{"rendered":"Caf\u00e9 mam\u00e3e Margarida se consolida como espa\u00e7o de encontros e eventos em Pindamonhangaba"},"content":{"rendered":"\n<p class=\"wp-block-paragraph\">O Caf\u00e9 Mam\u00e3e Margarida, localizado no Centro Social Salesiano de Pindamonhangaba, vai pouco a pouco se consolidando como um agrad\u00e1vel espa\u00e7o de conviv\u00eancia, encontros e eventos. Ao lado da R\u00e9plica da Casa de Dom Bosco dos Becchi e cercado pela natureza, o Caf\u00e9 tem atra\u00eddo n\u00e3o apenas os visitantes da Obra Salesiana, mas tamb\u00e9m fam\u00edlias e diferentes grupos de Pindamonhangaba e de outras cidades do Vale do Para\u00edba.<\/p>\n\n\n\n<p class=\"wp-block-paragraph\">Aos domingos, o Caf\u00e9 funciona pela manh\u00e3 e no final da tarde, a partir das 17h, tornando-se tamb\u00e9m um ponto de encontro para quem participa das celebra\u00e7\u00f5es na Capela Cora\u00e7\u00e3o Eucar\u00edstico. Alguns clientes j\u00e1 criaram o h\u00e1bito de marcar presen\u00e7a todos os domingos, depois das Missas das 8h e das 10h ou por ocasi\u00e3o da celebra\u00e7\u00e3o das 18h. Um caf\u00e9, um peda\u00e7o de bolo, uma boa conversa e a beleza do ambiente ajudam a prolongar o esp\u00edrito de conviv\u00eancia e fraternidade.<\/p>\n\n\n\n<p class=\"wp-block-paragraph\"><strong>Um m\u00eas de agosto repleto de encontros<\/strong><\/p>\n\n\n\n<p class=\"wp-block-paragraph\">Ao longo do m\u00eas de agosto, essa voca\u00e7\u00e3o do Caf\u00e9 Mam\u00e3e Margarida como espa\u00e7o de acolhida ficou ainda mais evidente. Diferentes grupos escolheram o local para celebrar, confraternizar e viver momentos especiais.<\/p>\n\n\n\n<p class=\"wp-block-paragraph\">Anivers\u00e1rios foram comemorados entre amigos e familiares, alguns deles com o tradicional e saboroso caldinho servido aos convidados. O Caf\u00e9 acolheu tamb\u00e9m tr\u00eas festas de batizado, permitindo que as fam\u00edlias, depois da celebra\u00e7\u00e3o religiosa, continuassem reunidas em um ambiente preparado especialmente para a confraterniza\u00e7\u00e3o.<\/p>\n\n\n\n<p class=\"wp-block-paragraph\">O espa\u00e7o recebeu ainda um encontro de cerca de 60 empreendedores da regi\u00e3o do Vale do Para\u00edba, reunindo empres\u00e1rios de diferentes cidades para um momento de conviv\u00eancia e integra\u00e7\u00e3o.<\/p>\n\n\n\n<p class=\"wp-block-paragraph\">No dia 8 de agosto, foi a vez de mais de 60 ciclistas de diferentes cidades do Vale do Para\u00edba se encontrarem no Caf\u00e9 Mam\u00e3e Margarida. Antes de seguirem para suas metas e percursos de pedalada, o grupo reuniu-se para um caf\u00e9, fazendo do espa\u00e7o salesiano o ponto de partida para mais uma experi\u00eancia de amizade, esporte e conviv\u00eancia.<\/p>\n\n\n\n<p class=\"wp-block-paragraph\"><strong>Cultura, hist\u00f3ria e um saboroso caf\u00e9<\/strong><\/p>\n\n\n\n<p class=\"wp-block-paragraph\">Outro momento significativo aconteceu no dia 24 de agosto, com a presen\u00e7a de integrantes da Academia Pindamonhangabense de Letras. A visita teve um significado especial tamb\u00e9m para a mem\u00f3ria salesiana, uma vez que o salesiano Pe. J\u00falio Comba fez parte da Academia.<\/p>\n\n\n\n<p class=\"wp-block-paragraph\">O grupo visitou a R\u00e9plica da Casa de Dom Bosco dos Becchi, conhecendo um pouco mais da hist\u00f3ria e da espiritualidade de S\u00e3o Jo\u00e3o Bosco. Depois, os participantes foram acolhidos no Caf\u00e9 Mam\u00e3e Margarida para um saboroso caf\u00e9, que ganhou um toque ainda mais cultural com a realiza\u00e7\u00e3o de um agrad\u00e1vel sarau.<\/p>\n\n\n\n<p class=\"wp-block-paragraph\">Assim, hist\u00f3ria, literatura, cultura, espiritualidade e conviv\u00eancia encontraram-se em um mesmo ambiente.<\/p>\n\n\n\n<p class=\"wp-block-paragraph\"><strong>A Fam\u00edlia Salesiana tamb\u00e9m marca presen\u00e7a<\/strong><\/p>\n\n\n\n<p class=\"wp-block-paragraph\">Naturalmente, os grupos ligados \u00e0 miss\u00e3o salesiana tamb\u00e9m t\u00eam encontrado no Caf\u00e9 Mam\u00e3e Margarida um lugar privilegiado para seus momentos de confraterniza\u00e7\u00e3o.<\/p>\n\n\n\n<p class=\"wp-block-paragraph\">No dia 10 de agosto, o Pe. Jos\u00e9 Rodolfo esteve no Salesianos Pindamonhangaba acompanhado por colaboradores de S\u00e3o Jos\u00e9 dos Campos. Depois da visita \u00e0 R\u00e9plica da Casa de Dom Bosco, o grupo reuniu-se no Caf\u00e9 para celebrar tamb\u00e9m os aniversariantes.<\/p>\n\n\n\n<p class=\"wp-block-paragraph\">No domingo, 16 de agosto, foi a vez dos colaboradores da Rede Salesiana Brasil, de Bras\u00edlia, conhecerem a R\u00e9plica da Casa de Dom Bosco e conclu\u00edrem seus dias de espiritualidade salesiana na regi\u00e3o com uma alegre confraterniza\u00e7\u00e3o no Caf\u00e9 Mam\u00e3e Margarida.<\/p>\n\n\n\n<p class=\"wp-block-paragraph\">A data tornou o encontro ainda mais significativo: naquele 16 de agosto eram celebrados os 211 anos do nascimento de S\u00e3o Jo\u00e3o Bosco. E, como n\u00e3o poderia faltar em uma festa de anivers\u00e1rio, houve tamb\u00e9m bolo para celebrar o Pai e Mestre da Juventude.<\/p>\n\n\n\n<p class=\"wp-block-paragraph\">Nas festas promovidas pelas escolas que utilizam os espa\u00e7os do Salesianos Pindamonhangaba e tamb\u00e9m nos grandes eventos realizados pela pr\u00f3pria Institui\u00e7\u00e3o, o Caf\u00e9 Mam\u00e3e Margarida vem igualmente se tornando uma refer\u00eancia. \u00c9 ali que muitos participantes encontram diferentes tipos de bolos, doces e outras del\u00edcias, enquanto desfrutam do ambiente e da paisagem.<\/p>\n\n\n\n<p class=\"wp-block-paragraph\">Para concluir um m\u00eas de agosto t\u00e3o movimentado, tamb\u00e9m a confraterniza\u00e7\u00e3o dos catequistas, por ocasi\u00e3o da celebra\u00e7\u00e3o do seu dia, encontrou no Caf\u00e9 Mam\u00e3e Margarida o espa\u00e7o para reunir, agradecer e celebrar aqueles que generosamente se dedicam \u00e0 miss\u00e3o de transmitir a f\u00e9.<\/p>\n\n\n\n<p class=\"wp-block-paragraph\"><strong>Um ambiente que encanta crian\u00e7as e adultos<\/strong><\/p>\n\n\n\n<p class=\"wp-block-paragraph\">Al\u00e9m da beleza de seu espa\u00e7o interno, um dos grandes diferenciais do Caf\u00e9 Mam\u00e3e Margarida \u00e9 justamente aquilo que existe ao seu redor.<\/p>\n\n\n\n<p class=\"wp-block-paragraph\">O lago, a ampla \u00e1rea verde e a presen\u00e7a dos animais fazem com que a visita se transforme em uma experi\u00eancia especialmente agrad\u00e1vel para crian\u00e7as, fam\u00edlias e adultos. Pav\u00f5es, gansos, patos, marrecos, coelhos e galinhas dividem o espa\u00e7o com os muitos p\u00e1ssaros que encontram abrigo nas \u00e1rvores da propriedade salesiana.<\/p>\n\n\n\n<p class=\"wp-block-paragraph\">\u00c9 um cen\u00e1rio que convida a diminuir o ritmo, conversar, contemplar a natureza e aproveitar a companhia das pessoas queridas.<\/p>\n\n\n\n<p class=\"wp-block-paragraph\">A proximidade com a R\u00e9plica da Casa de Dom Bosco dos Becchi amplia ainda mais essa experi\u00eancia. Quem chega para conhecer um pouco da hist\u00f3ria do santo dos jovens pode concluir a visita com um caf\u00e9; quem vem para uma confraterniza\u00e7\u00e3o pode tamb\u00e9m aproveitar para conhecer a Casa e entrar em contato com a hist\u00f3ria e a espiritualidade salesiana.<\/p>\n\n\n\n<p class=\"wp-block-paragraph\"><strong>Mais do que um Caf\u00e9, um espa\u00e7o de conviv\u00eancia<\/strong><\/p>\n\n\n\n<p class=\"wp-block-paragraph\">O movimento registrado ao longo dos \u00faltimos meses, e especialmente durante agosto, revela uma caracter\u00edstica que vai se tornando cada vez mais forte: o Caf\u00e9 Mam\u00e3e Margarida est\u00e1 se transformando em um espa\u00e7o privilegiado para encontrar pessoas, celebrar a vida e construir boas lembran\u00e7as.<\/p>\n\n\n\n<p class=\"wp-block-paragraph\">Anivers\u00e1rios, batizados, encontros empresariais, reuni\u00f5es culturais, grupos de ciclistas, confraterniza\u00e7\u00f5es, encontros salesianos e reuni\u00f5es de amigos encontram ali possibilidades diferentes de organiza\u00e7\u00e3o, de acordo com as caracter\u00edsticas e necessidades de cada grupo.<\/p>\n\n\n\n<p class=\"wp-block-paragraph\">E tudo isso acontece dentro de uma Obra Salesiana, onde acolher, encontrar-se e conviver possuem um significado muito especial.<\/p>\n\n\n\n<p class=\"wp-block-paragraph\">Dom Bosco fez da conviv\u00eancia uma das grandes marcas de sua maneira de educar. Gostava dos ambientes onde os jovens e as pessoas pudessem se encontrar, conversar, brincar, celebrar e sentir-se em casa. Mais de um s\u00e9culo depois, \u00e9 bonito perceber que esse esp\u00edrito continua encontrando novas formas de express\u00e3o.<\/p>\n\n\n\n<p class=\"wp-block-paragraph\">Entre uma x\u00edcara de caf\u00e9, um peda\u00e7o de bolo, o movimento das \u00e1guas do lago, o canto dos p\u00e1ssaros e a alegria das pessoas que chegam e se encontram, o Caf\u00e9 Mam\u00e3e Margarida vai se tornando, cada vez mais, uma casa de portas abertas para acolher, conviver e celebrar a vida.<\/p>\n\n\n\n<figure data-wp-context=\"{&quot;galleryId&quot;:&quot;6a9911211f523&quot;}\" data-wp-interactive=\"core\/gallery\" class=\"wp-block-gallery has-nested-images columns-default is-cropped wp-block-gallery-1 is-layout-flex wp-block-gallery-is-layout-flex\">\n<figure data-wp-context=\"{&quot;imageId&quot;:&quot;6a9911211fe28&quot;}\" data-wp-interactive=\"core\/image\" data-wp-key=\"6a9911211fe28\" class=\"wp-block-image size-full wp-lightbox-container\"><img fetchpriority=\"high\" decoding=\"async\" width=\"1024\" height=\"768\" data-wp-class--hide=\"state.isContentHidden\" data-wp-class--show=\"state.isContentVisible\" data-wp-init=\"callbacks.setButtonStyles\" data-wp-on--click=\"actions.showLightbox\" data-wp-on--load=\"callbacks.setButtonStyles\" data-wp-on--pointerdown=\"actions.preloadImage\" data-wp-on--pointerenter=\"actions.preloadImageWithDelay\" data-wp-on--pointerleave=\"actions.cancelPreload\" data-wp-on-window--resize=\"callbacks.setButtonStyles\" data-id=\"117818\" src=\"https:\/\/salesianossp.org.br\/ospinda\/wp-content\/uploads\/2026\/09\/9C818FE3-B5D6-4BA5-B0A9-84024345DF9C_1_105_c.jpeg\" alt=\"\" class=\"wp-image-117818\" srcset=\"https:\/\/salesianossp.org.br\/ospinda\/wp-content\/uploads\/2026\/09\/9C818FE3-B5D6-4BA5-B0A9-84024345DF9C_1_105_c.jpeg 1024w, https:\/\/salesianossp.org.br\/ospinda\/wp-content\/uploads\/2026\/09\/9C818FE3-B5D6-4BA5-B0A9-84024345DF9C_1_105_c-300x225.jpeg 300w, https:\/\/salesianossp.org.br\/ospinda\/wp-content\/uploads\/2026\/09\/9C818FE3-B5D6-4BA5-B0A9-84024345DF9C_1_105_c-768x576.jpeg 768w\" sizes=\"(max-width: 1024px) 100vw, 1024px\" \/><button\n\t\t\tclass=\"lightbox-trigger\"\n\t\t\ttype=\"button\"\n\t\t\taria-haspopup=\"dialog\"\n\t\t\tdata-wp-bind--aria-label=\"state.thisImage.triggerButtonAriaLabel\"\n\t\t\tdata-wp-init=\"callbacks.initTriggerButton\"\n\t\t\tdata-wp-on--click=\"actions.showLightbox\"\n\t\t\tdata-wp-style--right=\"state.thisImage.buttonRight\"\n\t\t\tdata-wp-style--top=\"state.thisImage.buttonTop\"\n\t\t>\n\t\t\t<svg xmlns=\"http:\/\/www.w3.org\/2000\/svg\" width=\"12\" height=\"12\" fill=\"none\" viewBox=\"0 0 12 12\">\n\t\t\t\t<path fill=\"#fff\" d=\"M2 0a2 2 0 0 0-2 2v2h1.5V2a.5.5 0 0 1 .5-.5h2V0H2Zm2 10.5H2a.5.5 0 0 1-.5-.5V8H0v2a2 2 0 0 0 2 2h2v-1.5ZM8 12v-1.5h2a.5.5 0 0 0 .5-.5V8H12v2a2 2 0 0 1-2 2H8Zm2-12a2 2 0 0 1 2 2v2h-1.5V2a.5.5 0 0 0-.5-.5H8V0h2Z\" \/>\n\t\t\t<\/svg>\n\t\t<\/button><\/figure>\n\n\n\n<figure data-wp-context=\"{&quot;imageId&quot;:&quot;6a991121200b8&quot;}\" data-wp-interactive=\"core\/image\" data-wp-key=\"6a991121200b8\" class=\"wp-block-image size-full wp-lightbox-container\"><img decoding=\"async\" width=\"1024\" height=\"768\" data-wp-class--hide=\"state.isContentHidden\" data-wp-class--show=\"state.isContentVisible\" data-wp-init=\"callbacks.setButtonStyles\" data-wp-on--click=\"actions.showLightbox\" data-wp-on--load=\"callbacks.setButtonStyles\" data-wp-on--pointerdown=\"actions.preloadImage\" data-wp-on--pointerenter=\"actions.preloadImageWithDelay\" data-wp-on--pointerleave=\"actions.cancelPreload\" data-wp-on-window--resize=\"callbacks.setButtonStyles\" data-id=\"117819\" src=\"https:\/\/salesianossp.org.br\/ospinda\/wp-content\/uploads\/2026\/09\/CBA3027A-8E19-4C4C-866A-B148B706BF8C_1_105_c.jpeg\" alt=\"\" class=\"wp-image-117819\" srcset=\"https:\/\/salesianossp.org.br\/ospinda\/wp-content\/uploads\/2026\/09\/CBA3027A-8E19-4C4C-866A-B148B706BF8C_1_105_c.jpeg 1024w, https:\/\/salesianossp.org.br\/ospinda\/wp-content\/uploads\/2026\/09\/CBA3027A-8E19-4C4C-866A-B148B706BF8C_1_105_c-300x225.jpeg 300w, https:\/\/salesianossp.org.br\/ospinda\/wp-content\/uploads\/2026\/09\/CBA3027A-8E19-4C4C-866A-B148B706BF8C_1_105_c-768x576.jpeg 768w\" sizes=\"(max-width: 1024px) 100vw, 1024px\" \/><button\n\t\t\tclass=\"lightbox-trigger\"\n\t\t\ttype=\"button\"\n\t\t\taria-haspopup=\"dialog\"\n\t\t\tdata-wp-bind--aria-label=\"state.thisImage.triggerButtonAriaLabel\"\n\t\t\tdata-wp-init=\"callbacks.initTriggerButton\"\n\t\t\tdata-wp-on--click=\"actions.showLightbox\"\n\t\t\tdata-wp-style--right=\"state.thisImage.buttonRight\"\n\t\t\tdata-wp-style--top=\"state.thisImage.buttonTop\"\n\t\t>\n\t\t\t<svg xmlns=\"http:\/\/www.w3.org\/2000\/svg\" width=\"12\" height=\"12\" fill=\"none\" viewBox=\"0 0 12 12\">\n\t\t\t\t<path fill=\"#fff\" d=\"M2 0a2 2 0 0 0-2 2v2h1.5V2a.5.5 0 0 1 .5-.5h2V0H2Zm2 10.5H2a.5.5 0 0 1-.5-.5V8H0v2a2 2 0 0 0 2 2h2v-1.5ZM8 12v-1.5h2a.5.5 0 0 0 .5-.5V8H12v2a2 2 0 0 1-2 2H8Zm2-12a2 2 0 0 1 2 2v2h-1.5V2a.5.5 0 0 0-.5-.5H8V0h2Z\" \/>\n\t\t\t<\/svg>\n\t\t<\/button><\/figure>\n\n\n\n<figure data-wp-context=\"{&quot;imageId&quot;:&quot;6a991121202a0&quot;}\" data-wp-interactive=\"core\/image\" data-wp-key=\"6a991121202a0\" class=\"wp-block-image size-full wp-lightbox-container\"><img decoding=\"async\" width=\"1024\" height=\"768\" data-wp-class--hide=\"state.isContentHidden\" data-wp-class--show=\"state.isContentVisible\" data-wp-init=\"callbacks.setButtonStyles\" data-wp-on--click=\"actions.showLightbox\" data-wp-on--load=\"callbacks.setButtonStyles\" data-wp-on--pointerdown=\"actions.preloadImage\" data-wp-on--pointerenter=\"actions.preloadImageWithDelay\" data-wp-on--pointerleave=\"actions.cancelPreload\" data-wp-on-window--resize=\"callbacks.setButtonStyles\" data-id=\"117820\" src=\"https:\/\/salesianossp.org.br\/ospinda\/wp-content\/uploads\/2026\/09\/FB978FAD-F460-4E56-BFD4-2961FBDE2946_1_105_c.jpeg\" alt=\"\" class=\"wp-image-117820\" srcset=\"https:\/\/salesianossp.org.br\/ospinda\/wp-content\/uploads\/2026\/09\/FB978FAD-F460-4E56-BFD4-2961FBDE2946_1_105_c.jpeg 1024w, https:\/\/salesianossp.org.br\/ospinda\/wp-content\/uploads\/2026\/09\/FB978FAD-F460-4E56-BFD4-2961FBDE2946_1_105_c-768x576.jpeg 768w, https:\/\/salesianossp.org.br\/ospinda\/wp-content\/uploads\/2026\/09\/FB978FAD-F460-4E56-BFD4-2961FBDE2946_1_105_c-300x225.jpeg 300w\" sizes=\"(max-width: 1024px) 100vw, 1024px\" \/><button\n\t\t\tclass=\"lightbox-trigger\"\n\t\t\ttype=\"button\"\n\t\t\taria-haspopup=\"dialog\"\n\t\t\tdata-wp-bind--aria-label=\"state.thisImage.triggerButtonAriaLabel\"\n\t\t\tdata-wp-init=\"callbacks.initTriggerButton\"\n\t\t\tdata-wp-on--click=\"actions.showLightbox\"\n\t\t\tdata-wp-style--right=\"state.thisImage.buttonRight\"\n\t\t\tdata-wp-style--top=\"state.thisImage.buttonTop\"\n\t\t>\n\t\t\t<svg xmlns=\"http:\/\/www.w3.org\/2000\/svg\" width=\"12\" height=\"12\" fill=\"none\" viewBox=\"0 0 12 12\">\n\t\t\t\t<path fill=\"#fff\" d=\"M2 0a2 2 0 0 0-2 2v2h1.5V2a.5.5 0 0 1 .5-.5h2V0H2Zm2 10.5H2a.5.5 0 0 1-.5-.5V8H0v2a2 2 0 0 0 2 2h2v-1.5ZM8 12v-1.5h2a.5.5 0 0 0 .5-.5V8H12v2a2 2 0 0 1-2 2H8Zm2-12a2 2 0 0 1 2 2v2h-1.5V2a.5.5 0 0 0-.5-.5H8V0h2Z\" \/>\n\t\t\t<\/svg>\n\t\t<\/button><\/figure>\n<\/figure>\n\n\n\n<figure data-wp-context=\"{&quot;galleryId&quot;:&quot;6a991121208fa&quot;}\" data-wp-interactive=\"core\/gallery\" class=\"wp-block-gallery has-nested-images columns-default is-cropped wp-block-gallery-2 is-layout-flex wp-block-gallery-is-layout-flex\">\n<figure data-wp-context=\"{&quot;imageId&quot;:&quot;6a99112120a36&quot;}\" data-wp-interactive=\"core\/image\" data-wp-key=\"6a99112120a36\" class=\"wp-block-image size-full wp-lightbox-container\"><img loading=\"lazy\" decoding=\"async\" width=\"768\" height=\"1024\" data-wp-class--hide=\"state.isContentHidden\" data-wp-class--show=\"state.isContentVisible\" data-wp-init=\"callbacks.setButtonStyles\" data-wp-on--click=\"actions.showLightbox\" data-wp-on--load=\"callbacks.setButtonStyles\" data-wp-on--pointerdown=\"actions.preloadImage\" data-wp-on--pointerenter=\"actions.preloadImageWithDelay\" data-wp-on--pointerleave=\"actions.cancelPreload\" data-wp-on-window--resize=\"callbacks.setButtonStyles\" data-id=\"117821\" src=\"https:\/\/salesianossp.org.br\/ospinda\/wp-content\/uploads\/2026\/09\/5D1FDB6E-6B9F-49AD-A5E2-A10C005551F8_1_105_c.jpeg\" alt=\"\" class=\"wp-image-117821\" srcset=\"https:\/\/salesianossp.org.br\/ospinda\/wp-content\/uploads\/2026\/09\/5D1FDB6E-6B9F-49AD-A5E2-A10C005551F8_1_105_c.jpeg 768w, https:\/\/salesianossp.org.br\/ospinda\/wp-content\/uploads\/2026\/09\/5D1FDB6E-6B9F-49AD-A5E2-A10C005551F8_1_105_c-225x300.jpeg 225w\" sizes=\"(max-width: 768px) 100vw, 768px\" \/><button\n\t\t\tclass=\"lightbox-trigger\"\n\t\t\ttype=\"button\"\n\t\t\taria-haspopup=\"dialog\"\n\t\t\tdata-wp-bind--aria-label=\"state.thisImage.triggerButtonAriaLabel\"\n\t\t\tdata-wp-init=\"callbacks.initTriggerButton\"\n\t\t\tdata-wp-on--click=\"actions.showLightbox\"\n\t\t\tdata-wp-style--right=\"state.thisImage.buttonRight\"\n\t\t\tdata-wp-style--top=\"state.thisImage.buttonTop\"\n\t\t>\n\t\t\t<svg xmlns=\"http:\/\/www.w3.org\/2000\/svg\" width=\"12\" height=\"12\" fill=\"none\" viewBox=\"0 0 12 12\">\n\t\t\t\t<path fill=\"#fff\" d=\"M2 0a2 2 0 0 0-2 2v2h1.5V2a.5.5 0 0 1 .5-.5h2V0H2Zm2 10.5H2a.5.5 0 0 1-.5-.5V8H0v2a2 2 0 0 0 2 2h2v-1.5ZM8 12v-1.5h2a.5.5 0 0 0 .5-.5V8H12v2a2 2 0 0 1-2 2H8Zm2-12a2 2 0 0 1 2 2v2h-1.5V2a.5.5 0 0 0-.5-.5H8V0h2Z\" \/>\n\t\t\t<\/svg>\n\t\t<\/button><\/figure>\n\n\n\n<figure data-wp-context=\"{&quot;imageId&quot;:&quot;6a99112120bfe&quot;}\" data-wp-interactive=\"core\/image\" data-wp-key=\"6a99112120bfe\" class=\"wp-block-image size-full wp-lightbox-container\"><img loading=\"lazy\" decoding=\"async\" width=\"768\" height=\"1024\" data-wp-class--hide=\"state.isContentHidden\" data-wp-class--show=\"state.isContentVisible\" data-wp-init=\"callbacks.setButtonStyles\" data-wp-on--click=\"actions.showLightbox\" data-wp-on--load=\"callbacks.setButtonStyles\" data-wp-on--pointerdown=\"actions.preloadImage\" data-wp-on--pointerenter=\"actions.preloadImageWithDelay\" data-wp-on--pointerleave=\"actions.cancelPreload\" data-wp-on-window--resize=\"callbacks.setButtonStyles\" data-id=\"117823\" src=\"https:\/\/salesianossp.org.br\/ospinda\/wp-content\/uploads\/2026\/09\/111B26A8-AACC-40FA-ABFA-5E2F722D6C2A_1_105_c.jpeg\" alt=\"\" class=\"wp-image-117823\" srcset=\"https:\/\/salesianossp.org.br\/ospinda\/wp-content\/uploads\/2026\/09\/111B26A8-AACC-40FA-ABFA-5E2F722D6C2A_1_105_c.jpeg 768w, https:\/\/salesianossp.org.br\/ospinda\/wp-content\/uploads\/2026\/09\/111B26A8-AACC-40FA-ABFA-5E2F722D6C2A_1_105_c-225x300.jpeg 225w\" sizes=\"(max-width: 768px) 100vw, 768px\" \/><button\n\t\t\tclass=\"lightbox-trigger\"\n\t\t\ttype=\"button\"\n\t\t\taria-haspopup=\"dialog\"\n\t\t\tdata-wp-bind--aria-label=\"state.thisImage.triggerButtonAriaLabel\"\n\t\t\tdata-wp-init=\"callbacks.initTriggerButton\"\n\t\t\tdata-wp-on--click=\"actions.showLightbox\"\n\t\t\tdata-wp-style--right=\"state.thisImage.buttonRight\"\n\t\t\tdata-wp-style--top=\"state.thisImage.buttonTop\"\n\t\t>\n\t\t\t<svg xmlns=\"http:\/\/www.w3.org\/2000\/svg\" width=\"12\" height=\"12\" fill=\"none\" viewBox=\"0 0 12 12\">\n\t\t\t\t<path fill=\"#fff\" d=\"M2 0a2 2 0 0 0-2 2v2h1.5V2a.5.5 0 0 1 .5-.5h2V0H2Zm2 10.5H2a.5.5 0 0 1-.5-.5V8H0v2a2 2 0 0 0 2 2h2v-1.5ZM8 12v-1.5h2a.5.5 0 0 0 .5-.5V8H12v2a2 2 0 0 1-2 2H8Zm2-12a2 2 0 0 1 2 2v2h-1.5V2a.5.5 0 0 0-.5-.5H8V0h2Z\" \/>\n\t\t\t<\/svg>\n\t\t<\/button><\/figure>\n\n\n\n<figure data-wp-context=\"{&quot;imageId&quot;:&quot;6a99112120d9b&quot;}\" data-wp-interactive=\"core\/image\" data-wp-key=\"6a99112120d9b\" class=\"wp-block-image size-full wp-lightbox-container\"><img loading=\"lazy\" decoding=\"async\" width=\"768\" height=\"1024\" data-wp-class--hide=\"state.isContentHidden\" data-wp-class--show=\"state.isContentVisible\" data-wp-init=\"callbacks.setButtonStyles\" data-wp-on--click=\"actions.showLightbox\" data-wp-on--load=\"callbacks.setButtonStyles\" data-wp-on--pointerdown=\"actions.preloadImage\" data-wp-on--pointerenter=\"actions.preloadImageWithDelay\" data-wp-on--pointerleave=\"actions.cancelPreload\" data-wp-on-window--resize=\"callbacks.setButtonStyles\" data-id=\"117822\" src=\"https:\/\/salesianossp.org.br\/ospinda\/wp-content\/uploads\/2026\/09\/ED557572-2E45-4561-B2BB-F423811FC0FC_1_105_c.jpeg\" alt=\"\" class=\"wp-image-117822\" srcset=\"https:\/\/salesianossp.org.br\/ospinda\/wp-content\/uploads\/2026\/09\/ED557572-2E45-4561-B2BB-F423811FC0FC_1_105_c.jpeg 768w, https:\/\/salesianossp.org.br\/ospinda\/wp-content\/uploads\/2026\/09\/ED557572-2E45-4561-B2BB-F423811FC0FC_1_105_c-225x300.jpeg 225w\" sizes=\"(max-width: 768px) 100vw, 768px\" \/><button\n\t\t\tclass=\"lightbox-trigger\"\n\t\t\ttype=\"button\"\n\t\t\taria-haspopup=\"dialog\"\n\t\t\tdata-wp-bind--aria-label=\"state.thisImage.triggerButtonAriaLabel\"\n\t\t\tdata-wp-init=\"callbacks.initTriggerButton\"\n\t\t\tdata-wp-on--click=\"actions.showLightbox\"\n\t\t\tdata-wp-style--right=\"state.thisImage.buttonRight\"\n\t\t\tdata-wp-style--top=\"state.thisImage.buttonTop\"\n\t\t>\n\t\t\t<svg xmlns=\"http:\/\/www.w3.org\/2000\/svg\" width=\"12\" height=\"12\" fill=\"none\" viewBox=\"0 0 12 12\">\n\t\t\t\t<path fill=\"#fff\" d=\"M2 0a2 2 0 0 0-2 2v2h1.5V2a.5.5 0 0 1 .5-.5h2V0H2Zm2 10.5H2a.5.5 0 0 1-.5-.5V8H0v2a2 2 0 0 0 2 2h2v-1.5ZM8 12v-1.5h2a.5.5 0 0 0 .5-.5V8H12v2a2 2 0 0 1-2 2H8Zm2-12a2 2 0 0 1 2 2v2h-1.5V2a.5.5 0 0 0-.5-.5H8V0h2Z\" \/>\n\t\t\t<\/svg>\n\t\t<\/button><\/figure>\n<\/figure>\n","protected":false},"excerpt":{"rendered":"<p>\u00c0s margens do lago e ao lado da R\u00e9plica da Casa de Dom Bosco, espa\u00e7o vem acolhendo fam\u00edlias, grupos, celebra\u00e7\u00f5es, encontros culturais, empresariais e salesianos<\/p>\n","protected":false},"author":27,"featured_media":117817,"comment_status":"open","ping_status":"open","sticky":false,"template":"","format":"standard","meta":{"footnotes":""},"categories":[1],"tags":[],"class_list":["post-117816","post","type-post","status-publish","format-standard","has-post-thumbnail","hentry","category-uncategorized"],"yoast_head":"<!-- This site is optimized with the Yoast SEO plugin v28.3 - https:\/\/yoast.com\/product\/yoast-seo-wordpress\/ -->\n<title>Caf\u00e9 mam\u00e3e Margarida se consolida como espa\u00e7o de encontros e eventos em Pindamonhangaba - Centro Social Salesiano<\/title>\n<meta name=\"robots\" content=\"index, follow, max-snippet:-1, max-image-preview:large, max-video-preview:-1\" \/>\n<link rel=\"canonical\" href=\"https:\/\/salesianossp.org.br\/ospinda\/2026\/09\/02\/cafe-mamae-margarida-se-consolida-como-espaco-de-encontros-e-eventos-em-pindamonhangaba\/\" \/>\n<meta property=\"og:locale\" content=\"pt_BR\" \/>\n<meta property=\"og:type\" content=\"article\" \/>\n<meta property=\"og:title\" content=\"Caf\u00e9 mam\u00e3e Margarida se consolida como espa\u00e7o de encontros e eventos em Pindamonhangaba - Centro Social Salesiano\" \/>\n<meta property=\"og:description\" content=\"\u00c0s margens do lago e ao lado da R\u00e9plica da Casa de Dom Bosco, espa\u00e7o vem acolhendo fam\u00edlias, grupos, celebra\u00e7\u00f5es, encontros culturais, empresariais e salesianos\" \/>\n<meta property=\"og:url\" content=\"https:\/\/salesianossp.org.br\/ospinda\/2026\/09\/02\/cafe-mamae-margarida-se-consolida-como-espaco-de-encontros-e-eventos-em-pindamonhangaba\/\" \/>\n<meta property=\"og:site_name\" content=\"Centro Social Salesiano\" \/>\n<meta property=\"article:publisher\" content=\"https:\/\/www.facebook.com\/SalesianosPindamonhangaba\/\" \/>\n<meta property=\"article:published_time\" content=\"2026-09-02T12:36:24+00:00\" \/>\n<meta property=\"article:modified_time\" content=\"2026-09-02T12:36:25+00:00\" \/>\n<meta property=\"og:image\" content=\"https:\/\/salesianossp.org.br\/ospinda\/wp-content\/uploads\/2026\/09\/2AAEE238-909D-4FAC-BC3E-EEA80790141A_1_105_c.jpeg\" \/>\n\t<meta property=\"og:image:width\" content=\"1024\" \/>\n\t<meta property=\"og:image:height\" content=\"768\" \/>\n\t<meta property=\"og:image:type\" content=\"image\/jpeg\" \/>\n<meta name=\"author\" content=\"Lucas Rodrigues\" \/>\n<meta name=\"twitter:card\" content=\"summary_large_image\" \/>\n<meta name=\"twitter:label1\" content=\"Escrito por\" \/>\n\t<meta name=\"twitter:data1\" content=\"Lucas Rodrigues\" \/>\n\t<meta name=\"twitter:label2\" content=\"Est. tempo de leitura\" \/>\n\t<meta name=\"twitter:data2\" content=\"8 minutos\" \/>\n<script type=\"application\/ld+json\" class=\"yoast-schema-graph\">{\"@context\":\"https:\\\/\\\/schema.org\",\"@graph\":[{\"@type\":\"Article\",\"@id\":\"https:\\\/\\\/salesianossp.org.br\\\/ospinda\\\/2026\\\/09\\\/02\\\/cafe-mamae-margarida-se-consolida-como-espaco-de-encontros-e-eventos-em-pindamonhangaba\\\/#article\",\"isPartOf\":{\"@id\":\"https:\\\/\\\/salesianossp.org.br\\\/ospinda\\\/2026\\\/09\\\/02\\\/cafe-mamae-margarida-se-consolida-como-espaco-de-encontros-e-eventos-em-pindamonhangaba\\\/\"},\"author\":{\"name\":\"Lucas Rodrigues\",\"@id\":\"https:\\\/\\\/salesianossp.org.br\\\/ospinda\\\/#\\\/schema\\\/person\\\/b86a68b474cba608510836b3edec8fb7\"},\"headline\":\"Caf\u00e9 mam\u00e3e Margarida se consolida como espa\u00e7o de encontros e eventos em Pindamonhangaba\",\"datePublished\":\"2026-09-02T12:36:24+00:00\",\"dateModified\":\"2026-09-02T12:36:25+00:00\",\"mainEntityOfPage\":{\"@id\":\"https:\\\/\\\/salesianossp.org.br\\\/ospinda\\\/2026\\\/09\\\/02\\\/cafe-mamae-margarida-se-consolida-como-espaco-de-encontros-e-eventos-em-pindamonhangaba\\\/\"},\"wordCount\":1179,\"commentCount\":0,\"publisher\":{\"@id\":\"https:\\\/\\\/salesianossp.org.br\\\/ospinda\\\/#organization\"},\"image\":{\"@id\":\"https:\\\/\\\/salesianossp.org.br\\\/ospinda\\\/2026\\\/09\\\/02\\\/cafe-mamae-margarida-se-consolida-como-espaco-de-encontros-e-eventos-em-pindamonhangaba\\\/#primaryimage\"},\"thumbnailUrl\":\"https:\\\/\\\/salesianossp.org.br\\\/ospinda\\\/wp-content\\\/uploads\\\/2026\\\/09\\\/2AAEE238-909D-4FAC-BC3E-EEA80790141A_1_105_c.jpeg\",\"articleSection\":[\"Uncategorized\"],\"inLanguage\":\"pt-BR\",\"potentialAction\":[{\"@type\":\"CommentAction\",\"name\":\"Comment\",\"target\":[\"https:\\\/\\\/salesianossp.org.br\\\/ospinda\\\/2026\\\/09\\\/02\\\/cafe-mamae-margarida-se-consolida-como-espaco-de-encontros-e-eventos-em-pindamonhangaba\\\/#respond\"]}]},{\"@type\":\"WebPage\",\"@id\":\"https:\\\/\\\/salesianossp.org.br\\\/ospinda\\\/2026\\\/09\\\/02\\\/cafe-mamae-margarida-se-consolida-como-espaco-de-encontros-e-eventos-em-pindamonhangaba\\\/\",\"url\":\"https:\\\/\\\/salesianossp.org.br\\\/ospinda\\\/2026\\\/09\\\/02\\\/cafe-mamae-margarida-se-consolida-como-espaco-de-encontros-e-eventos-em-pindamonhangaba\\\/\",\"name\":\"Caf\u00e9 mam\u00e3e Margarida se consolida como espa\u00e7o de encontros e eventos em Pindamonhangaba - Centro Social Salesiano\",\"isPartOf\":{\"@id\":\"https:\\\/\\\/salesianossp.org.br\\\/ospinda\\\/#website\"},\"primaryImageOfPage\":{\"@id\":\"https:\\\/\\\/salesianossp.org.br\\\/ospinda\\\/2026\\\/09\\\/02\\\/cafe-mamae-margarida-se-consolida-como-espaco-de-encontros-e-eventos-em-pindamonhangaba\\\/#primaryimage\"},\"image\":{\"@id\":\"https:\\\/\\\/salesianossp.org.br\\\/ospinda\\\/2026\\\/09\\\/02\\\/cafe-mamae-margarida-se-consolida-como-espaco-de-encontros-e-eventos-em-pindamonhangaba\\\/#primaryimage\"},\"thumbnailUrl\":\"https:\\\/\\\/salesianossp.org.br\\\/ospinda\\\/wp-content\\\/uploads\\\/2026\\\/09\\\/2AAEE238-909D-4FAC-BC3E-EEA80790141A_1_105_c.jpeg\",\"datePublished\":\"2026-09-02T12:36:24+00:00\",\"dateModified\":\"2026-09-02T12:36:25+00:00\",\"breadcrumb\":{\"@id\":\"https:\\\/\\\/salesianossp.org.br\\\/ospinda\\\/2026\\\/09\\\/02\\\/cafe-mamae-margarida-se-consolida-como-espaco-de-encontros-e-eventos-em-pindamonhangaba\\\/#breadcrumb\"},\"inLanguage\":\"pt-BR\",\"potentialAction\":[{\"@type\":\"ReadAction\",\"target\":[\"https:\\\/\\\/salesianossp.org.br\\\/ospinda\\\/2026\\\/09\\\/02\\\/cafe-mamae-margarida-se-consolida-como-espaco-de-encontros-e-eventos-em-pindamonhangaba\\\/\"]}]},{\"@type\":\"ImageObject\",\"inLanguage\":\"pt-BR\",\"@id\":\"https:\\\/\\\/salesianossp.org.br\\\/ospinda\\\/2026\\\/09\\\/02\\\/cafe-mamae-margarida-se-consolida-como-espaco-de-encontros-e-eventos-em-pindamonhangaba\\\/#primaryimage\",\"url\":\"https:\\\/\\\/salesianossp.org.br\\\/ospinda\\\/wp-content\\\/uploads\\\/2026\\\/09\\\/2AAEE238-909D-4FAC-BC3E-EEA80790141A_1_105_c.jpeg\",\"contentUrl\":\"https:\\\/\\\/salesianossp.org.br\\\/ospinda\\\/wp-content\\\/uploads\\\/2026\\\/09\\\/2AAEE238-909D-4FAC-BC3E-EEA80790141A_1_105_c.jpeg\",\"width\":1024,\"height\":768},{\"@type\":\"BreadcrumbList\",\"@id\":\"https:\\\/\\\/salesianossp.org.br\\\/ospinda\\\/2026\\\/09\\\/02\\\/cafe-mamae-margarida-se-consolida-como-espaco-de-encontros-e-eventos-em-pindamonhangaba\\\/#breadcrumb\",\"itemListElement\":[{\"@type\":\"ListItem\",\"position\":1,\"name\":\"In\u00edcio\",\"item\":\"https:\\\/\\\/salesianossp.org.br\\\/ospinda\\\/\"},{\"@type\":\"ListItem\",\"position\":2,\"name\":\"Caf\u00e9 mam\u00e3e Margarida se consolida como espa\u00e7o de encontros e eventos em Pindamonhangaba\"}]},{\"@type\":\"WebSite\",\"@id\":\"https:\\\/\\\/salesianossp.org.br\\\/ospinda\\\/#website\",\"url\":\"https:\\\/\\\/salesianossp.org.br\\\/ospinda\\\/\",\"name\":\"Centro Social Salesiano\",\"description\":\"\",\"publisher\":{\"@id\":\"https:\\\/\\\/salesianossp.org.br\\\/ospinda\\\/#organization\"},\"potentialAction\":[{\"@type\":\"SearchAction\",\"target\":{\"@type\":\"EntryPoint\",\"urlTemplate\":\"https:\\\/\\\/salesianossp.org.br\\\/ospinda\\\/?s={search_term_string}\"},\"query-input\":{\"@type\":\"PropertyValueSpecification\",\"valueRequired\":true,\"valueName\":\"search_term_string\"}}],\"inLanguage\":\"pt-BR\"},{\"@type\":\"Organization\",\"@id\":\"https:\\\/\\\/salesianossp.org.br\\\/ospinda\\\/#organization\",\"name\":\"Centro Social Salesiano\",\"url\":\"https:\\\/\\\/salesianossp.org.br\\\/ospinda\\\/\",\"logo\":{\"@type\":\"ImageObject\",\"inLanguage\":\"pt-BR\",\"@id\":\"https:\\\/\\\/salesianossp.org.br\\\/ospinda\\\/#\\\/schema\\\/logo\\\/image\\\/\",\"url\":\"https:\\\/\\\/salesianossp.org.br\\\/ospinda\\\/wp-content\\\/uploads\\\/2025\\\/10\\\/logotipo-centro-social-salesiano-color-56.svg\",\"contentUrl\":\"https:\\\/\\\/salesianossp.org.br\\\/ospinda\\\/wp-content\\\/uploads\\\/2025\\\/10\\\/logotipo-centro-social-salesiano-color-56.svg\",\"width\":232,\"height\":56,\"caption\":\"Centro Social Salesiano\"},\"image\":{\"@id\":\"https:\\\/\\\/salesianossp.org.br\\\/ospinda\\\/#\\\/schema\\\/logo\\\/image\\\/\"},\"sameAs\":[\"https:\\\/\\\/www.facebook.com\\\/SalesianosPindamonhangaba\\\/\",\"https:\\\/\\\/www.youtube.com\\\/channel\\\/UC3MLkAU0c9laaRk8ygugbrA\",\"https:\\\/\\\/www.instagram.com\\\/salesianos.pindaoficial\\\/\"]},{\"@type\":\"Person\",\"@id\":\"https:\\\/\\\/salesianossp.org.br\\\/ospinda\\\/#\\\/schema\\\/person\\\/b86a68b474cba608510836b3edec8fb7\",\"name\":\"Lucas Rodrigues\",\"image\":{\"@type\":\"ImageObject\",\"inLanguage\":\"pt-BR\",\"@id\":\"https:\\\/\\\/secure.gravatar.com\\\/avatar\\\/0ad9c966c6ed3335d7fffe2c3b88880dd298c0817b71e20a6955c38f2a53f746?s=96&d=mm&r=g\",\"url\":\"https:\\\/\\\/secure.gravatar.com\\\/avatar\\\/0ad9c966c6ed3335d7fffe2c3b88880dd298c0817b71e20a6955c38f2a53f746?s=96&d=mm&r=g\",\"contentUrl\":\"https:\\\/\\\/secure.gravatar.com\\\/avatar\\\/0ad9c966c6ed3335d7fffe2c3b88880dd298c0817b71e20a6955c38f2a53f746?s=96&d=mm&r=g\",\"caption\":\"Lucas Rodrigues\"},\"url\":\"https:\\\/\\\/salesianossp.org.br\\\/ospinda\\\/author\\\/lucas-rodrigues\\\/\"}]}<\/script>\n<!-- \/ Yoast SEO plugin. -->","yoast_head_json":{"title":"Caf\u00e9 mam\u00e3e Margarida se consolida como espa\u00e7o de encontros e eventos em Pindamonhangaba - Centro Social Salesiano","robots":{"index":"index","follow":"follow","max-snippet":"max-snippet:-1","max-image-preview":"max-image-preview:large","max-video-preview":"max-video-preview:-1"},"canonical":"https:\/\/salesianossp.org.br\/ospinda\/2026\/09\/02\/cafe-mamae-margarida-se-consolida-como-espaco-de-encontros-e-eventos-em-pindamonhangaba\/","og_locale":"pt_BR","og_type":"article","og_title":"Caf\u00e9 mam\u00e3e Margarida se consolida como espa\u00e7o de encontros e eventos em Pindamonhangaba - Centro Social Salesiano","og_description":"\u00c0s margens do lago e ao lado da R\u00e9plica da Casa de Dom Bosco, espa\u00e7o vem acolhendo fam\u00edlias, grupos, celebra\u00e7\u00f5es, encontros culturais, empresariais e salesianos","og_url":"https:\/\/salesianossp.org.br\/ospinda\/2026\/09\/02\/cafe-mamae-margarida-se-consolida-como-espaco-de-encontros-e-eventos-em-pindamonhangaba\/","og_site_name":"Centro Social Salesiano","article_publisher":"https:\/\/www.facebook.com\/SalesianosPindamonhangaba\/","article_published_time":"2026-09-02T12:36:24+00:00","article_modified_time":"2026-09-02T12:36:25+00:00","og_image":[{"width":1024,"height":768,"url":"https:\/\/salesianossp.org.br\/ospinda\/wp-content\/uploads\/2026\/09\/2AAEE238-909D-4FAC-BC3E-EEA80790141A_1_105_c.jpeg","type":"image\/jpeg"}],"author":"Lucas Rodrigues","twitter_card":"summary_large_image","twitter_misc":{"Escrito por":"Lucas Rodrigues","Est. tempo de leitura":"8 minutos"},"schema":{"@context":"https:\/\/schema.org","@graph":[{"@type":"Article","@id":"https:\/\/salesianossp.org.br\/ospinda\/2026\/09\/02\/cafe-mamae-margarida-se-consolida-como-espaco-de-encontros-e-eventos-em-pindamonhangaba\/#article","isPartOf":{"@id":"https:\/\/salesianossp.org.br\/ospinda\/2026\/09\/02\/cafe-mamae-margarida-se-consolida-como-espaco-de-encontros-e-eventos-em-pindamonhangaba\/"},"author":{"name":"Lucas Rodrigues","@id":"https:\/\/salesianossp.org.br\/ospinda\/#\/schema\/person\/b86a68b474cba608510836b3edec8fb7"},"headline":"Caf\u00e9 mam\u00e3e Margarida se consolida como espa\u00e7o de encontros e eventos em Pindamonhangaba","datePublished":"2026-09-02T12:36:24+00:00","dateModified":"2026-09-02T12:36:25+00:00","mainEntityOfPage":{"@id":"https:\/\/salesianossp.org.br\/ospinda\/2026\/09\/02\/cafe-mamae-margarida-se-consolida-como-espaco-de-encontros-e-eventos-em-pindamonhangaba\/"},"wordCount":1179,"commentCount":0,"publisher":{"@id":"https:\/\/salesianossp.org.br\/ospinda\/#organization"},"image":{"@id":"https:\/\/salesianossp.org.br\/ospinda\/2026\/09\/02\/cafe-mamae-margarida-se-consolida-como-espaco-de-encontros-e-eventos-em-pindamonhangaba\/#primaryimage"},"thumbnailUrl":"https:\/\/salesianossp.org.br\/ospinda\/wp-content\/uploads\/2026\/09\/2AAEE238-909D-4FAC-BC3E-EEA80790141A_1_105_c.jpeg","articleSection":["Uncategorized"],"inLanguage":"pt-BR","potentialAction":[{"@type":"CommentAction","name":"Comment","target":["https:\/\/salesianossp.org.br\/ospinda\/2026\/09\/02\/cafe-mamae-margarida-se-consolida-como-espaco-de-encontros-e-eventos-em-pindamonhangaba\/#respond"]}]},{"@type":"WebPage","@id":"https:\/\/salesianossp.org.br\/ospinda\/2026\/09\/02\/cafe-mamae-margarida-se-consolida-como-espaco-de-encontros-e-eventos-em-pindamonhangaba\/","url":"https:\/\/salesianossp.org.br\/ospinda\/2026\/09\/02\/cafe-mamae-margarida-se-consolida-como-espaco-de-encontros-e-eventos-em-pindamonhangaba\/","name":"Caf\u00e9 mam\u00e3e Margarida se consolida como espa\u00e7o de encontros e eventos em Pindamonhangaba - Centro Social Salesiano","isPartOf":{"@id":"https:\/\/salesianossp.org.br\/ospinda\/#website"},"primaryImageOfPage":{"@id":"https:\/\/salesianossp.org.br\/ospinda\/2026\/09\/02\/cafe-mamae-margarida-se-consolida-como-espaco-de-encontros-e-eventos-em-pindamonhangaba\/#primaryimage"},"image":{"@id":"https:\/\/salesianossp.org.br\/ospinda\/2026\/09\/02\/cafe-mamae-margarida-se-consolida-como-espaco-de-encontros-e-eventos-em-pindamonhangaba\/#primaryimage"},"thumbnailUrl":"https:\/\/salesianossp.org.br\/ospinda\/wp-content\/uploads\/2026\/09\/2AAEE238-909D-4FAC-BC3E-EEA80790141A_1_105_c.jpeg","datePublished":"2026-09-02T12:36:24+00:00","dateModified":"2026-09-02T12:36:25+00:00","breadcrumb":{"@id":"https:\/\/salesianossp.org.br\/ospinda\/2026\/09\/02\/cafe-mamae-margarida-se-consolida-como-espaco-de-encontros-e-eventos-em-pindamonhangaba\/#breadcrumb"},"inLanguage":"pt-BR","potentialAction":[{"@type":"ReadAction","target":["https:\/\/salesianossp.org.br\/ospinda\/2026\/09\/02\/cafe-mamae-margarida-se-consolida-como-espaco-de-encontros-e-eventos-em-pindamonhangaba\/"]}]},{"@type":"ImageObject","inLanguage":"pt-BR","@id":"https:\/\/salesianossp.org.br\/ospinda\/2026\/09\/02\/cafe-mamae-margarida-se-consolida-como-espaco-de-encontros-e-eventos-em-pindamonhangaba\/#primaryimage","url":"https:\/\/salesianossp.org.br\/ospinda\/wp-content\/uploads\/2026\/09\/2AAEE238-909D-4FAC-BC3E-EEA80790141A_1_105_c.jpeg","contentUrl":"https:\/\/salesianossp.org.br\/ospinda\/wp-content\/uploads\/2026\/09\/2AAEE238-909D-4FAC-BC3E-EEA80790141A_1_105_c.jpeg","width":1024,"height":768},{"@type":"BreadcrumbList","@id":"https:\/\/salesianossp.org.br\/ospinda\/2026\/09\/02\/cafe-mamae-margarida-se-consolida-como-espaco-de-encontros-e-eventos-em-pindamonhangaba\/#breadcrumb","itemListElement":[{"@type":"ListItem","position":1,"name":"In\u00edcio","item":"https:\/\/salesianossp.org.br\/ospinda\/"},{"@type":"ListItem","position":2,"name":"Caf\u00e9 mam\u00e3e Margarida se consolida como espa\u00e7o de encontros e eventos em Pindamonhangaba"}]},{"@type":"WebSite","@id":"https:\/\/salesianossp.org.br\/ospinda\/#website","url":"https:\/\/salesianossp.org.br\/ospinda\/","name":"Centro Social Salesiano","description":"","publisher":{"@id":"https:\/\/salesianossp.org.br\/ospinda\/#organization"},"potentialAction":[{"@type":"SearchAction","target":{"@type":"EntryPoint","urlTemplate":"https:\/\/salesianossp.org.br\/ospinda\/?s={search_term_string}"},"query-input":{"@type":"PropertyValueSpecification","valueRequired":true,"valueName":"search_term_string"}}],"inLanguage":"pt-BR"},{"@type":"Organization","@id":"https:\/\/salesianossp.org.br\/ospinda\/#organization","name":"Centro Social Salesiano","url":"https:\/\/salesianossp.org.br\/ospinda\/","logo":{"@type":"ImageObject","inLanguage":"pt-BR","@id":"https:\/\/salesianossp.org.br\/ospinda\/#\/schema\/logo\/image\/","url":"https:\/\/salesianossp.org.br\/ospinda\/wp-content\/uploads\/2025\/10\/logotipo-centro-social-salesiano-color-56.svg","contentUrl":"https:\/\/salesianossp.org.br\/ospinda\/wp-content\/uploads\/2025\/10\/logotipo-centro-social-salesiano-color-56.svg","width":232,"height":56,"caption":"Centro Social Salesiano"},"image":{"@id":"https:\/\/salesianossp.org.br\/ospinda\/#\/schema\/logo\/image\/"},"sameAs":["https:\/\/www.facebook.com\/SalesianosPindamonhangaba\/","https:\/\/www.youtube.com\/channel\/UC3MLkAU0c9laaRk8ygugbrA","https:\/\/www.instagram.com\/salesianos.pindaoficial\/"]},{"@type":"Person","@id":"https:\/\/salesianossp.org.br\/ospinda\/#\/schema\/person\/b86a68b474cba608510836b3edec8fb7","name":"Lucas Rodrigues","image":{"@type":"ImageObject","inLanguage":"pt-BR","@id":"https:\/\/secure.gravatar.com\/avatar\/0ad9c966c6ed3335d7fffe2c3b88880dd298c0817b71e20a6955c38f2a53f746?s=96&d=mm&r=g","url":"https:\/\/secure.gravatar.com\/avatar\/0ad9c966c6ed3335d7fffe2c3b88880dd298c0817b71e20a6955c38f2a53f746?s=96&d=mm&r=g","contentUrl":"https:\/\/secure.gravatar.com\/avatar\/0ad9c966c6ed3335d7fffe2c3b88880dd298c0817b71e20a6955c38f2a53f746?s=96&d=mm&r=g","caption":"Lucas Rodrigues"},"url":"https:\/\/salesianossp.org.br\/ospinda\/author\/lucas-rodrigues\/"}]}},"_links":{"self":[{"href":"https:\/\/salesianossp.org.br\/ospinda\/wp-json\/wp\/v2\/posts\/117816","targetHints":{"allow":["GET"]}}],"collection":[{"href":"https:\/\/salesianossp.org.br\/ospinda\/wp-json\/wp\/v2\/posts"}],"about":[{"href":"https:\/\/salesianossp.org.br\/ospinda\/wp-json\/wp\/v2\/types\/post"}],"author":[{"embeddable":true,"href":"https:\/\/salesianossp.org.br\/ospinda\/wp-json\/wp\/v2\/users\/27"}],"replies":[{"embeddable":true,"href":"https:\/\/salesianossp.org.br\/ospinda\/wp-json\/wp\/v2\/comments?post=117816"}],"version-history":[{"count":1,"href":"https:\/\/salesianossp.org.br\/ospinda\/wp-json\/wp\/v2\/posts\/117816\/revisions"}],"predecessor-version":[{"id":117824,"href":"https:\/\/salesianossp.org.br\/ospinda\/wp-json\/wp\/v2\/posts\/117816\/revisions\/117824"}],"wp:featuredmedia":[{"embeddable":true,"href":"https:\/\/salesianossp.org.br\/ospinda\/wp-json\/wp\/v2\/media\/117817"}],"wp:attachment":[{"href":"https:\/\/salesianossp.org.br\/ospinda\/wp-json\/wp\/v2\/media?parent=117816"}],"wp:term":[{"taxonomy":"category","embeddable":true,"href":"https:\/\/salesianossp.org.br\/ospinda\/wp-json\/wp\/v2\/categories?post=117816"},{"taxonomy":"post_tag","embeddable":true,"href":"https:\/\/salesianossp.org.br\/ospinda\/wp-json\/wp\/v2\/tags?post=117816"}],"curies":[{"name":"wp","href":"https:\/\/api.w.org\/{rel}","templated":true}]}}