{"id":1885,"date":"2025-04-04T13:50:20","date_gmt":"2025-04-04T16:50:20","guid":{"rendered":"https:\/\/salesianossp.org.br\/ossaocarlos\/?p=1885"},"modified":"2025-04-04T13:50:20","modified_gmt":"2025-04-04T16:50:20","slug":"adma-elege-novo-conselho","status":"publish","type":"post","link":"https:\/\/salesianossp.org.br\/ossaocarlos\/2025\/04\/04\/adma-elege-novo-conselho\/","title":{"rendered":"ADMA ELEGE NOVO CONSELHO"},"content":{"rendered":"\n<p>No dia 24 de mar\u00e7o, no Salesianos de Pindamonhangaba, reuniram-se os membros da ADMA (Associa\u00e7\u00e3o De Maria Auxiliadora) e foi realizada a elei\u00e7\u00e3o, para um novo Conselho para o quadri\u00eanio 2025 &#8211; 2029. Em uma reuni\u00e3o presidida pelo Pe.&nbsp;Agnaldo&nbsp;Lima, gestor da Presen\u00e7a Salesiana e Delegado para a ADMA, com a maioria dos membros presentes, o pleito foi feito seguindo as regras dos estatutos da ADMA.<\/p>\n\n\n\n<p>A nova equipe ficou composta por:<\/p>\n\n\n\n<p><strong>Presidente:<\/strong> Sergio Aparecido da Silva<\/p>\n\n\n\n<p><strong>Vice-presidente: <\/strong>Val\u00e9ria Cristina dos Santos Rolim<\/p>\n\n\n\n<p><strong>Secret\u00e1ria:<\/strong> Gisele Ramos Antunes Vieira<\/p>\n\n\n\n<p><strong>Tesoureiro:<\/strong> Larissa Soares de Oliveira<\/p>\n\n\n\n<p>Tamb\u00e9m ser\u00e1 nomeado um membro para a Forma\u00e7\u00e3o, a ser escolhido. Para a Comunica\u00e7\u00e3o, foi escolhida a aspirante Rosana Cesar Leite Gomes da Costa.<\/p>\n\n\n\n<p>Que M\u00e3e Auxiliadora aben\u00e7oe e oriente o novo conselho e que sua devo\u00e7\u00e3o cres\u00e7a sempre mais junto \u00e0 esta nossa comunidade.<\/p>\n\n\n\n<p><\/p>\n","protected":false},"excerpt":{"rendered":"<p>No dia 24 de mar\u00e7o, no Salesianos de Pindamonhangaba, reuniram-se os membros da ADMA (Associa\u00e7\u00e3o De Maria Auxiliadora) e foi realizada a elei\u00e7\u00e3o, para um novo Conselho para o quadri\u00eanio 2025 &#8211; 2029. Em uma reuni\u00e3o presidida pelo Pe.&nbsp;Agnaldo&nbsp;Lima, gestor da Presen\u00e7a Salesiana e Delegado para a ADMA, com a maioria dos membros presentes, o [&hellip;]<\/p>\n","protected":false},"author":27,"featured_media":1886,"comment_status":"open","ping_status":"open","sticky":false,"template":"","format":"standard","meta":{"footnotes":""},"categories":[59],"tags":[],"class_list":["post-1885","post","type-post","status-publish","format-standard","has-post-thumbnail","hentry","category-noticias"],"yoast_head":"<!-- This site is optimized with the Yoast SEO plugin v27.4 - https:\/\/yoast.com\/product\/yoast-seo-wordpress\/ -->\n<title>ADMA ELEGE NOVO CONSELHO - Salesianos S\u00e3o Carlos<\/title>\n<meta name=\"robots\" content=\"index, follow, max-snippet:-1, max-image-preview:large, max-video-preview:-1\" \/>\n<link rel=\"canonical\" href=\"https:\/\/salesianossp.org.br\/ossaocarlos\/2025\/04\/04\/adma-elege-novo-conselho\/\" \/>\n<meta property=\"og:locale\" content=\"pt_BR\" \/>\n<meta property=\"og:type\" content=\"article\" \/>\n<meta property=\"og:title\" content=\"ADMA ELEGE NOVO CONSELHO - Salesianos S\u00e3o Carlos\" \/>\n<meta property=\"og:description\" content=\"No dia 24 de mar\u00e7o, no Salesianos de Pindamonhangaba, reuniram-se os membros da ADMA (Associa\u00e7\u00e3o De Maria Auxiliadora) e foi realizada a elei\u00e7\u00e3o, para um novo Conselho para o quadri\u00eanio 2025 &#8211; 2029. Em uma reuni\u00e3o presidida pelo Pe.&nbsp;Agnaldo&nbsp;Lima, gestor da Presen\u00e7a Salesiana e Delegado para a ADMA, com a maioria dos membros presentes, o [&hellip;]\" \/>\n<meta property=\"og:url\" content=\"https:\/\/salesianossp.org.br\/ossaocarlos\/2025\/04\/04\/adma-elege-novo-conselho\/\" \/>\n<meta property=\"og:site_name\" content=\"Salesianos S\u00e3o Carlos\" \/>\n<meta property=\"article:publisher\" content=\"https:\/\/www.facebook.com\/salesianos.sc\" \/>\n<meta property=\"article:published_time\" content=\"2025-04-04T16:50:20+00:00\" \/>\n<meta property=\"og:image\" content=\"https:\/\/salesianossp.org.br\/ossaocarlos\/wp-content\/uploads\/2025\/04\/ADMA-ELEGE-NOVO-CONSELHO.jpeg\" \/>\n\t<meta property=\"og:image:width\" content=\"1600\" \/>\n\t<meta property=\"og:image:height\" content=\"1200\" \/>\n\t<meta property=\"og:image:type\" content=\"image\/jpeg\" \/>\n<meta name=\"author\" content=\"Lucas Rodrigues\" \/>\n<meta name=\"twitter:card\" content=\"summary_large_image\" \/>\n<meta name=\"twitter:label1\" content=\"Escrito por\" \/>\n\t<meta name=\"twitter:data1\" content=\"Lucas Rodrigues\" \/>\n\t<meta name=\"twitter:label2\" content=\"Est. tempo de leitura\" \/>\n\t<meta name=\"twitter:data2\" content=\"1 minuto\" \/>\n<script type=\"application\/ld+json\" class=\"yoast-schema-graph\">{\"@context\":\"https:\\\/\\\/schema.org\",\"@graph\":[{\"@type\":\"Article\",\"@id\":\"https:\\\/\\\/salesianossp.org.br\\\/ossaocarlos\\\/2025\\\/04\\\/04\\\/adma-elege-novo-conselho\\\/#article\",\"isPartOf\":{\"@id\":\"https:\\\/\\\/salesianossp.org.br\\\/ossaocarlos\\\/2025\\\/04\\\/04\\\/adma-elege-novo-conselho\\\/\"},\"author\":{\"name\":\"Lucas Rodrigues\",\"@id\":\"https:\\\/\\\/salesianossp.org.br\\\/ossaocarlos\\\/#\\\/schema\\\/person\\\/03ecbee756962b2186fe9b5a79ec8d7b\"},\"headline\":\"ADMA ELEGE NOVO CONSELHO\",\"datePublished\":\"2025-04-04T16:50:20+00:00\",\"mainEntityOfPage\":{\"@id\":\"https:\\\/\\\/salesianossp.org.br\\\/ossaocarlos\\\/2025\\\/04\\\/04\\\/adma-elege-novo-conselho\\\/\"},\"wordCount\":156,\"commentCount\":0,\"publisher\":{\"@id\":\"https:\\\/\\\/salesianossp.org.br\\\/ossaocarlos\\\/#organization\"},\"image\":{\"@id\":\"https:\\\/\\\/salesianossp.org.br\\\/ossaocarlos\\\/2025\\\/04\\\/04\\\/adma-elege-novo-conselho\\\/#primaryimage\"},\"thumbnailUrl\":\"https:\\\/\\\/salesianossp.org.br\\\/ossaocarlos\\\/wp-content\\\/uploads\\\/2025\\\/04\\\/ADMA-ELEGE-NOVO-CONSELHO.jpeg\",\"articleSection\":[\"Not\u00edcias\"],\"inLanguage\":\"pt-BR\",\"potentialAction\":[{\"@type\":\"CommentAction\",\"name\":\"Comment\",\"target\":[\"https:\\\/\\\/salesianossp.org.br\\\/ossaocarlos\\\/2025\\\/04\\\/04\\\/adma-elege-novo-conselho\\\/#respond\"]}]},{\"@type\":\"WebPage\",\"@id\":\"https:\\\/\\\/salesianossp.org.br\\\/ossaocarlos\\\/2025\\\/04\\\/04\\\/adma-elege-novo-conselho\\\/\",\"url\":\"https:\\\/\\\/salesianossp.org.br\\\/ossaocarlos\\\/2025\\\/04\\\/04\\\/adma-elege-novo-conselho\\\/\",\"name\":\"ADMA ELEGE NOVO CONSELHO - Salesianos S\u00e3o Carlos\",\"isPartOf\":{\"@id\":\"https:\\\/\\\/salesianossp.org.br\\\/ossaocarlos\\\/#website\"},\"primaryImageOfPage\":{\"@id\":\"https:\\\/\\\/salesianossp.org.br\\\/ossaocarlos\\\/2025\\\/04\\\/04\\\/adma-elege-novo-conselho\\\/#primaryimage\"},\"image\":{\"@id\":\"https:\\\/\\\/salesianossp.org.br\\\/ossaocarlos\\\/2025\\\/04\\\/04\\\/adma-elege-novo-conselho\\\/#primaryimage\"},\"thumbnailUrl\":\"https:\\\/\\\/salesianossp.org.br\\\/ossaocarlos\\\/wp-content\\\/uploads\\\/2025\\\/04\\\/ADMA-ELEGE-NOVO-CONSELHO.jpeg\",\"datePublished\":\"2025-04-04T16:50:20+00:00\",\"breadcrumb\":{\"@id\":\"https:\\\/\\\/salesianossp.org.br\\\/ossaocarlos\\\/2025\\\/04\\\/04\\\/adma-elege-novo-conselho\\\/#breadcrumb\"},\"inLanguage\":\"pt-BR\",\"potentialAction\":[{\"@type\":\"ReadAction\",\"target\":[\"https:\\\/\\\/salesianossp.org.br\\\/ossaocarlos\\\/2025\\\/04\\\/04\\\/adma-elege-novo-conselho\\\/\"]}]},{\"@type\":\"ImageObject\",\"inLanguage\":\"pt-BR\",\"@id\":\"https:\\\/\\\/salesianossp.org.br\\\/ossaocarlos\\\/2025\\\/04\\\/04\\\/adma-elege-novo-conselho\\\/#primaryimage\",\"url\":\"https:\\\/\\\/salesianossp.org.br\\\/ossaocarlos\\\/wp-content\\\/uploads\\\/2025\\\/04\\\/ADMA-ELEGE-NOVO-CONSELHO.jpeg\",\"contentUrl\":\"https:\\\/\\\/salesianossp.org.br\\\/ossaocarlos\\\/wp-content\\\/uploads\\\/2025\\\/04\\\/ADMA-ELEGE-NOVO-CONSELHO.jpeg\",\"width\":1600,\"height\":1200},{\"@type\":\"BreadcrumbList\",\"@id\":\"https:\\\/\\\/salesianossp.org.br\\\/ossaocarlos\\\/2025\\\/04\\\/04\\\/adma-elege-novo-conselho\\\/#breadcrumb\",\"itemListElement\":[{\"@type\":\"ListItem\",\"position\":1,\"name\":\"In\u00edcio\",\"item\":\"https:\\\/\\\/salesianossp.org.br\\\/ossaocarlos\\\/\"},{\"@type\":\"ListItem\",\"position\":2,\"name\":\"ADMA ELEGE NOVO CONSELHO\"}]},{\"@type\":\"WebSite\",\"@id\":\"https:\\\/\\\/salesianossp.org.br\\\/ossaocarlos\\\/#website\",\"url\":\"https:\\\/\\\/salesianossp.org.br\\\/ossaocarlos\\\/\",\"name\":\"Salesianos S\u00e3o Carlos\",\"description\":\"\",\"publisher\":{\"@id\":\"https:\\\/\\\/salesianossp.org.br\\\/ossaocarlos\\\/#organization\"},\"potentialAction\":[{\"@type\":\"SearchAction\",\"target\":{\"@type\":\"EntryPoint\",\"urlTemplate\":\"https:\\\/\\\/salesianossp.org.br\\\/ossaocarlos\\\/?s={search_term_string}\"},\"query-input\":{\"@type\":\"PropertyValueSpecification\",\"valueRequired\":true,\"valueName\":\"search_term_string\"}}],\"inLanguage\":\"pt-BR\"},{\"@type\":\"Organization\",\"@id\":\"https:\\\/\\\/salesianossp.org.br\\\/ossaocarlos\\\/#organization\",\"name\":\"Salesianos S\u00e3o Carlos\",\"url\":\"https:\\\/\\\/salesianossp.org.br\\\/ossaocarlos\\\/\",\"logo\":{\"@type\":\"ImageObject\",\"inLanguage\":\"pt-BR\",\"@id\":\"https:\\\/\\\/salesianossp.org.br\\\/ossaocarlos\\\/#\\\/schema\\\/logo\\\/image\\\/\",\"url\":\"https:\\\/\\\/salesianossp.org.br\\\/ossaocarlos\\\/wp-content\\\/uploads\\\/2025\\\/10\\\/logotipo-salesianos-sao-carlos-color-56.svg\",\"contentUrl\":\"https:\\\/\\\/salesianossp.org.br\\\/ossaocarlos\\\/wp-content\\\/uploads\\\/2025\\\/10\\\/logotipo-salesianos-sao-carlos-color-56.svg\",\"width\":171,\"height\":56,\"caption\":\"Salesianos S\u00e3o Carlos\"},\"image\":{\"@id\":\"https:\\\/\\\/salesianossp.org.br\\\/ossaocarlos\\\/#\\\/schema\\\/logo\\\/image\\\/\"},\"sameAs\":[\"https:\\\/\\\/www.facebook.com\\\/salesianos.sc\",\"https:\\\/\\\/www.instagram.com\\\/salesianossc\\\/\"]},{\"@type\":\"Person\",\"@id\":\"https:\\\/\\\/salesianossp.org.br\\\/ossaocarlos\\\/#\\\/schema\\\/person\\\/03ecbee756962b2186fe9b5a79ec8d7b\",\"name\":\"Lucas Rodrigues\",\"image\":{\"@type\":\"ImageObject\",\"inLanguage\":\"pt-BR\",\"@id\":\"https:\\\/\\\/secure.gravatar.com\\\/avatar\\\/0ad9c966c6ed3335d7fffe2c3b88880dd298c0817b71e20a6955c38f2a53f746?s=96&d=mm&r=g\",\"url\":\"https:\\\/\\\/secure.gravatar.com\\\/avatar\\\/0ad9c966c6ed3335d7fffe2c3b88880dd298c0817b71e20a6955c38f2a53f746?s=96&d=mm&r=g\",\"contentUrl\":\"https:\\\/\\\/secure.gravatar.com\\\/avatar\\\/0ad9c966c6ed3335d7fffe2c3b88880dd298c0817b71e20a6955c38f2a53f746?s=96&d=mm&r=g\",\"caption\":\"Lucas Rodrigues\"},\"url\":\"https:\\\/\\\/salesianossp.org.br\\\/ossaocarlos\\\/author\\\/lucas-rodrigues\\\/\"}]}<\/script>\n<!-- \/ Yoast SEO plugin. -->","yoast_head_json":{"title":"ADMA ELEGE NOVO CONSELHO - Salesianos S\u00e3o Carlos","robots":{"index":"index","follow":"follow","max-snippet":"max-snippet:-1","max-image-preview":"max-image-preview:large","max-video-preview":"max-video-preview:-1"},"canonical":"https:\/\/salesianossp.org.br\/ossaocarlos\/2025\/04\/04\/adma-elege-novo-conselho\/","og_locale":"pt_BR","og_type":"article","og_title":"ADMA ELEGE NOVO CONSELHO - Salesianos S\u00e3o Carlos","og_description":"No dia 24 de mar\u00e7o, no Salesianos de Pindamonhangaba, reuniram-se os membros da ADMA (Associa\u00e7\u00e3o De Maria Auxiliadora) e foi realizada a elei\u00e7\u00e3o, para um novo Conselho para o quadri\u00eanio 2025 &#8211; 2029. Em uma reuni\u00e3o presidida pelo Pe.&nbsp;Agnaldo&nbsp;Lima, gestor da Presen\u00e7a Salesiana e Delegado para a ADMA, com a maioria dos membros presentes, o [&hellip;]","og_url":"https:\/\/salesianossp.org.br\/ossaocarlos\/2025\/04\/04\/adma-elege-novo-conselho\/","og_site_name":"Salesianos S\u00e3o Carlos","article_publisher":"https:\/\/www.facebook.com\/salesianos.sc","article_published_time":"2025-04-04T16:50:20+00:00","og_image":[{"width":1600,"height":1200,"url":"https:\/\/salesianossp.org.br\/ossaocarlos\/wp-content\/uploads\/2025\/04\/ADMA-ELEGE-NOVO-CONSELHO.jpeg","type":"image\/jpeg"}],"author":"Lucas Rodrigues","twitter_card":"summary_large_image","twitter_misc":{"Escrito por":"Lucas Rodrigues","Est. tempo de leitura":"1 minuto"},"schema":{"@context":"https:\/\/schema.org","@graph":[{"@type":"Article","@id":"https:\/\/salesianossp.org.br\/ossaocarlos\/2025\/04\/04\/adma-elege-novo-conselho\/#article","isPartOf":{"@id":"https:\/\/salesianossp.org.br\/ossaocarlos\/2025\/04\/04\/adma-elege-novo-conselho\/"},"author":{"name":"Lucas Rodrigues","@id":"https:\/\/salesianossp.org.br\/ossaocarlos\/#\/schema\/person\/03ecbee756962b2186fe9b5a79ec8d7b"},"headline":"ADMA ELEGE NOVO CONSELHO","datePublished":"2025-04-04T16:50:20+00:00","mainEntityOfPage":{"@id":"https:\/\/salesianossp.org.br\/ossaocarlos\/2025\/04\/04\/adma-elege-novo-conselho\/"},"wordCount":156,"commentCount":0,"publisher":{"@id":"https:\/\/salesianossp.org.br\/ossaocarlos\/#organization"},"image":{"@id":"https:\/\/salesianossp.org.br\/ossaocarlos\/2025\/04\/04\/adma-elege-novo-conselho\/#primaryimage"},"thumbnailUrl":"https:\/\/salesianossp.org.br\/ossaocarlos\/wp-content\/uploads\/2025\/04\/ADMA-ELEGE-NOVO-CONSELHO.jpeg","articleSection":["Not\u00edcias"],"inLanguage":"pt-BR","potentialAction":[{"@type":"CommentAction","name":"Comment","target":["https:\/\/salesianossp.org.br\/ossaocarlos\/2025\/04\/04\/adma-elege-novo-conselho\/#respond"]}]},{"@type":"WebPage","@id":"https:\/\/salesianossp.org.br\/ossaocarlos\/2025\/04\/04\/adma-elege-novo-conselho\/","url":"https:\/\/salesianossp.org.br\/ossaocarlos\/2025\/04\/04\/adma-elege-novo-conselho\/","name":"ADMA ELEGE NOVO CONSELHO - Salesianos S\u00e3o Carlos","isPartOf":{"@id":"https:\/\/salesianossp.org.br\/ossaocarlos\/#website"},"primaryImageOfPage":{"@id":"https:\/\/salesianossp.org.br\/ossaocarlos\/2025\/04\/04\/adma-elege-novo-conselho\/#primaryimage"},"image":{"@id":"https:\/\/salesianossp.org.br\/ossaocarlos\/2025\/04\/04\/adma-elege-novo-conselho\/#primaryimage"},"thumbnailUrl":"https:\/\/salesianossp.org.br\/ossaocarlos\/wp-content\/uploads\/2025\/04\/ADMA-ELEGE-NOVO-CONSELHO.jpeg","datePublished":"2025-04-04T16:50:20+00:00","breadcrumb":{"@id":"https:\/\/salesianossp.org.br\/ossaocarlos\/2025\/04\/04\/adma-elege-novo-conselho\/#breadcrumb"},"inLanguage":"pt-BR","potentialAction":[{"@type":"ReadAction","target":["https:\/\/salesianossp.org.br\/ossaocarlos\/2025\/04\/04\/adma-elege-novo-conselho\/"]}]},{"@type":"ImageObject","inLanguage":"pt-BR","@id":"https:\/\/salesianossp.org.br\/ossaocarlos\/2025\/04\/04\/adma-elege-novo-conselho\/#primaryimage","url":"https:\/\/salesianossp.org.br\/ossaocarlos\/wp-content\/uploads\/2025\/04\/ADMA-ELEGE-NOVO-CONSELHO.jpeg","contentUrl":"https:\/\/salesianossp.org.br\/ossaocarlos\/wp-content\/uploads\/2025\/04\/ADMA-ELEGE-NOVO-CONSELHO.jpeg","width":1600,"height":1200},{"@type":"BreadcrumbList","@id":"https:\/\/salesianossp.org.br\/ossaocarlos\/2025\/04\/04\/adma-elege-novo-conselho\/#breadcrumb","itemListElement":[{"@type":"ListItem","position":1,"name":"In\u00edcio","item":"https:\/\/salesianossp.org.br\/ossaocarlos\/"},{"@type":"ListItem","position":2,"name":"ADMA ELEGE NOVO CONSELHO"}]},{"@type":"WebSite","@id":"https:\/\/salesianossp.org.br\/ossaocarlos\/#website","url":"https:\/\/salesianossp.org.br\/ossaocarlos\/","name":"Salesianos S\u00e3o Carlos","description":"","publisher":{"@id":"https:\/\/salesianossp.org.br\/ossaocarlos\/#organization"},"potentialAction":[{"@type":"SearchAction","target":{"@type":"EntryPoint","urlTemplate":"https:\/\/salesianossp.org.br\/ossaocarlos\/?s={search_term_string}"},"query-input":{"@type":"PropertyValueSpecification","valueRequired":true,"valueName":"search_term_string"}}],"inLanguage":"pt-BR"},{"@type":"Organization","@id":"https:\/\/salesianossp.org.br\/ossaocarlos\/#organization","name":"Salesianos S\u00e3o Carlos","url":"https:\/\/salesianossp.org.br\/ossaocarlos\/","logo":{"@type":"ImageObject","inLanguage":"pt-BR","@id":"https:\/\/salesianossp.org.br\/ossaocarlos\/#\/schema\/logo\/image\/","url":"https:\/\/salesianossp.org.br\/ossaocarlos\/wp-content\/uploads\/2025\/10\/logotipo-salesianos-sao-carlos-color-56.svg","contentUrl":"https:\/\/salesianossp.org.br\/ossaocarlos\/wp-content\/uploads\/2025\/10\/logotipo-salesianos-sao-carlos-color-56.svg","width":171,"height":56,"caption":"Salesianos S\u00e3o Carlos"},"image":{"@id":"https:\/\/salesianossp.org.br\/ossaocarlos\/#\/schema\/logo\/image\/"},"sameAs":["https:\/\/www.facebook.com\/salesianos.sc","https:\/\/www.instagram.com\/salesianossc\/"]},{"@type":"Person","@id":"https:\/\/salesianossp.org.br\/ossaocarlos\/#\/schema\/person\/03ecbee756962b2186fe9b5a79ec8d7b","name":"Lucas Rodrigues","image":{"@type":"ImageObject","inLanguage":"pt-BR","@id":"https:\/\/secure.gravatar.com\/avatar\/0ad9c966c6ed3335d7fffe2c3b88880dd298c0817b71e20a6955c38f2a53f746?s=96&d=mm&r=g","url":"https:\/\/secure.gravatar.com\/avatar\/0ad9c966c6ed3335d7fffe2c3b88880dd298c0817b71e20a6955c38f2a53f746?s=96&d=mm&r=g","contentUrl":"https:\/\/secure.gravatar.com\/avatar\/0ad9c966c6ed3335d7fffe2c3b88880dd298c0817b71e20a6955c38f2a53f746?s=96&d=mm&r=g","caption":"Lucas Rodrigues"},"url":"https:\/\/salesianossp.org.br\/ossaocarlos\/author\/lucas-rodrigues\/"}]}},"_links":{"self":[{"href":"https:\/\/salesianossp.org.br\/ossaocarlos\/wp-json\/wp\/v2\/posts\/1885","targetHints":{"allow":["GET"]}}],"collection":[{"href":"https:\/\/salesianossp.org.br\/ossaocarlos\/wp-json\/wp\/v2\/posts"}],"about":[{"href":"https:\/\/salesianossp.org.br\/ossaocarlos\/wp-json\/wp\/v2\/types\/post"}],"author":[{"embeddable":true,"href":"https:\/\/salesianossp.org.br\/ossaocarlos\/wp-json\/wp\/v2\/users\/27"}],"replies":[{"embeddable":true,"href":"https:\/\/salesianossp.org.br\/ossaocarlos\/wp-json\/wp\/v2\/comments?post=1885"}],"version-history":[{"count":0,"href":"https:\/\/salesianossp.org.br\/ossaocarlos\/wp-json\/wp\/v2\/posts\/1885\/revisions"}],"wp:featuredmedia":[{"embeddable":true,"href":"https:\/\/salesianossp.org.br\/ossaocarlos\/wp-json\/wp\/v2\/media\/1886"}],"wp:attachment":[{"href":"https:\/\/salesianossp.org.br\/ossaocarlos\/wp-json\/wp\/v2\/media?parent=1885"}],"wp:term":[{"taxonomy":"category","embeddable":true,"href":"https:\/\/salesianossp.org.br\/ossaocarlos\/wp-json\/wp\/v2\/categories?post=1885"},{"taxonomy":"post_tag","embeddable":true,"href":"https:\/\/salesianossp.org.br\/ossaocarlos\/wp-json\/wp\/v2\/tags?post=1885"}],"curies":[{"name":"wp","href":"https:\/\/api.w.org\/{rel}","templated":true}]}}