{"id":1809,"date":"2021-03-26T11:59:18","date_gmt":"2021-03-26T14:59:18","guid":{"rendered":"https:\/\/salesianossp.org.br\/ossjb\/?p=1809"},"modified":"2021-03-26T11:59:18","modified_gmt":"2021-03-26T14:59:18","slug":"conheca-o-acervo-escola-uma-parceria-pela-arte-e-cultura","status":"publish","type":"post","link":"https:\/\/salesianossp.org.br\/ossjb\/conheca-o-acervo-escola-uma-parceria-pela-arte-e-cultura\/","title":{"rendered":"Conhe\u00e7a o Acervo-Escola, uma parceria pela arte e cultura"},"content":{"rendered":"\n<h6 class=\"wp-block-heading\"><strong><em>Por Rodrigo Adamo &#8211; educador social no n\u00facleo Dom Bosco\/Vida Nova<\/em><\/strong><\/h6>\n\n\n\n<p>O N\u00facleo Dom Bosco recebe no m\u00eas de mar\u00e7o e abril de 2021 a contrapartida do projeto Acervo-Escola. A proposta, sob a coordena\u00e7\u00e3o de Julyana Troya e realizada pelo Espa\u00e7o Marco do Valle, conta com recursos da Secretaria Municipal da Cultura e visa aproximar o conceito de arte e cultura aos jovens de Campinas.<\/p>\n\n\n\n<p>Comp\u00f5em o projeto jovens atendidos do N\u00facleo participantes do Grupo Juvenil Vida Nova. Ao todo, 10 jovens ser\u00e3o contemplados nesta a\u00e7\u00e3o, que conta com 3 interven\u00e7\u00f5es virtuais nas quais ser\u00e3o abordados t\u00e9cnicas de fotografia, conceitos de Patrim\u00f4nio e Hist\u00f3ria da Arte e as rela\u00e7\u00f5es com a cidade, cria\u00e7\u00f5es art\u00edsticas a partir de processos criativos inacabados, dentre outros.<\/p>\n\n\n\n<p>Giovana da Silva, 13 anos, atendida da Obra Social afirma: \u201cO projeto Acervo Escola despertou meu interesse em conhecer mais a respeito da arte e audiovisual, j\u00e1 que esta \u00e9 uma \u00e1rea que desperta minha curiosidade. Existem v\u00e1rios assuntos para serem estudados e compreendidos atrav\u00e9s da arte. Espero aprender mais e poder ensinar aos outros o que vou aprender no projeto.\u201d Sua m\u00e3e, Silvana da Silva, comentou: &#8220;Acredito que o projeto Acervo Escola vai agregar experi\u00eancias e muito conhecimento para minha filha. Ela gosta muito de artes e vejo que ficou bem empolgada com a proposta de conhecer mais a respeito.\u201d&nbsp; Outra integrante do projeto, Hemilly Marques, 14 anos, tamb\u00e9m compartilhou sua expectativa: \u201cEu achei incr\u00edvel conhecer quem vai me trazer conhecimento e minhas expectativas para o projeto \u00e9 aprender e conhecer mais sobre a arte\u201d.<\/p>\n\n\n\n<p>Foi realizado na ter\u00e7a-feira (23\/03) um encontro virtual de sensibiliza\u00e7\u00e3o para que as fam\u00edlias conhe\u00e7am mais o projeto e encorajem a participa\u00e7\u00e3o de seus filhos e respons\u00e1veis. Ao final do encontro, todos estavam com grandes expectativas do que vir\u00e1. Danielly Rodrigues, 13 anos, nos conta sobre essa primeira experi\u00eancia: \u201cO nosso encontro de ontem foi muito legal, participamos eu e meu pai, na din\u00e2mica lembramos de momentos e pessoas que marcaram a nossa vida. Estou super animada, acho que esse projeto &#8220;Acervo Escola&#8221;&nbsp; vai ser uma experi\u00eancia muito legal!\u201d. Seu pai, Jos\u00e9 Dilson tamb\u00e9m se sentiu bastante motivado: \u201cO encontro de ontem [&#8230;] resgata nossas boas lembran\u00e7as, e ao participar do encontro e ter que mostrar um pouco dos nossos museus que temos em nossas casas foi maravilhoso, parab\u00e9ns \u00e0 parceria e aos educadores da Obra.\u201d.<\/p>\n\n\n\n<p>O primeiro encontro acontecer\u00e1 na segunda-feira (29\/03) e ao final do projeto, cada participante receber\u00e1 um certificado de participa\u00e7\u00e3o.<\/p>\n","protected":false},"excerpt":{"rendered":"<p>Por Rodrigo Adamo &#8211; educador social no n\u00facleo Dom Bosco\/Vida Nova O N\u00facleo Dom Bosco recebe no m\u00eas de mar\u00e7o e abril de 2021 a contrapartida do projeto Acervo-Escola. A proposta, sob a coordena\u00e7\u00e3o de Julyana Troya e realizada pelo Espa\u00e7o Marco do Valle, conta com recursos da Secretaria Municipal da Cultura e visa aproximar [&hellip;]<\/p>\n","protected":false},"author":27,"featured_media":1810,"comment_status":"open","ping_status":"open","sticky":false,"template":"","format":"standard","meta":{"footnotes":""},"categories":[391,59],"tags":[443,444,445,44,446],"class_list":["post-1809","post","type-post","status-publish","format-standard","has-post-thumbnail","hentry","category-informativos-ossjb","category-noticias","tag-acervo-escola","tag-arte","tag-cultura","tag-dom-bosco","tag-parceria"],"yoast_head":"<!-- This site is optimized with the Yoast SEO plugin v27.4 - https:\/\/yoast.com\/product\/yoast-seo-wordpress\/ -->\n<title>Conhe\u00e7a o Acervo-Escola, uma parceria pela arte e cultura - Obra Social S\u00e3o Jo\u00e3o Bosco<\/title>\n<meta name=\"robots\" content=\"index, follow, max-snippet:-1, max-image-preview:large, max-video-preview:-1\" \/>\n<link rel=\"canonical\" href=\"https:\/\/salesianossp.org.br\/ossjb\/conheca-o-acervo-escola-uma-parceria-pela-arte-e-cultura\/\" \/>\n<meta property=\"og:locale\" content=\"pt_BR\" \/>\n<meta property=\"og:type\" content=\"article\" \/>\n<meta property=\"og:title\" content=\"Conhe\u00e7a o Acervo-Escola, uma parceria pela arte e cultura - Obra Social S\u00e3o Jo\u00e3o Bosco\" \/>\n<meta property=\"og:description\" content=\"Por Rodrigo Adamo &#8211; educador social no n\u00facleo Dom Bosco\/Vida Nova O N\u00facleo Dom Bosco recebe no m\u00eas de mar\u00e7o e abril de 2021 a contrapartida do projeto Acervo-Escola. A proposta, sob a coordena\u00e7\u00e3o de Julyana Troya e realizada pelo Espa\u00e7o Marco do Valle, conta com recursos da Secretaria Municipal da Cultura e visa aproximar [&hellip;]\" \/>\n<meta property=\"og:url\" content=\"https:\/\/salesianossp.org.br\/ossjb\/conheca-o-acervo-escola-uma-parceria-pela-arte-e-cultura\/\" \/>\n<meta property=\"og:site_name\" content=\"Obra Social S\u00e3o Jo\u00e3o Bosco\" \/>\n<meta property=\"article:publisher\" content=\"https:\/\/www.facebook.com\/OSSJBCampinas\/\" \/>\n<meta property=\"article:published_time\" content=\"2021-03-26T14:59:18+00:00\" \/>\n<meta property=\"og:image\" content=\"https:\/\/salesianossp.org.br\/ossjb\/wp-content\/uploads\/2021\/03\/Open-Graph-Acervo-Escola.png\" \/>\n\t<meta property=\"og:image:width\" content=\"1920\" \/>\n\t<meta property=\"og:image:height\" content=\"1080\" \/>\n\t<meta property=\"og:image:type\" content=\"image\/png\" \/>\n<meta name=\"author\" content=\"Lucas Rodrigues\" \/>\n<meta name=\"twitter:card\" content=\"summary_large_image\" \/>\n<meta name=\"twitter:label1\" content=\"Escrito por\" \/>\n\t<meta name=\"twitter:data1\" content=\"Lucas Rodrigues\" \/>\n\t<meta name=\"twitter:label2\" content=\"Est. tempo de leitura\" \/>\n\t<meta name=\"twitter:data2\" content=\"2 minutos\" \/>\n<script type=\"application\/ld+json\" class=\"yoast-schema-graph\">{\"@context\":\"https:\\\/\\\/schema.org\",\"@graph\":[{\"@type\":\"Article\",\"@id\":\"https:\\\/\\\/salesianossp.org.br\\\/ossjb\\\/conheca-o-acervo-escola-uma-parceria-pela-arte-e-cultura\\\/#article\",\"isPartOf\":{\"@id\":\"https:\\\/\\\/salesianossp.org.br\\\/ossjb\\\/conheca-o-acervo-escola-uma-parceria-pela-arte-e-cultura\\\/\"},\"author\":{\"name\":\"Lucas Rodrigues\",\"@id\":\"https:\\\/\\\/salesianossp.org.br\\\/ossjb\\\/#\\\/schema\\\/person\\\/4bc2abdbcf1d3120dd16324624dcdb93\"},\"headline\":\"Conhe\u00e7a o Acervo-Escola, uma parceria pela arte e cultura\",\"datePublished\":\"2021-03-26T14:59:18+00:00\",\"mainEntityOfPage\":{\"@id\":\"https:\\\/\\\/salesianossp.org.br\\\/ossjb\\\/conheca-o-acervo-escola-uma-parceria-pela-arte-e-cultura\\\/\"},\"wordCount\":451,\"commentCount\":0,\"publisher\":{\"@id\":\"https:\\\/\\\/salesianossp.org.br\\\/ossjb\\\/#organization\"},\"image\":{\"@id\":\"https:\\\/\\\/salesianossp.org.br\\\/ossjb\\\/conheca-o-acervo-escola-uma-parceria-pela-arte-e-cultura\\\/#primaryimage\"},\"thumbnailUrl\":\"https:\\\/\\\/salesianossp.org.br\\\/ossjb\\\/wp-content\\\/uploads\\\/2021\\\/03\\\/Open-Graph-Acervo-Escola.png\",\"keywords\":[\"acervo escola\",\"arte\",\"cultura\",\"Dom Bosco\",\"parceria\"],\"articleSection\":[\"Informativos OSSJB\",\"Not\u00edcias\"],\"inLanguage\":\"pt-BR\",\"potentialAction\":[{\"@type\":\"CommentAction\",\"name\":\"Comment\",\"target\":[\"https:\\\/\\\/salesianossp.org.br\\\/ossjb\\\/conheca-o-acervo-escola-uma-parceria-pela-arte-e-cultura\\\/#respond\"]}]},{\"@type\":\"WebPage\",\"@id\":\"https:\\\/\\\/salesianossp.org.br\\\/ossjb\\\/conheca-o-acervo-escola-uma-parceria-pela-arte-e-cultura\\\/\",\"url\":\"https:\\\/\\\/salesianossp.org.br\\\/ossjb\\\/conheca-o-acervo-escola-uma-parceria-pela-arte-e-cultura\\\/\",\"name\":\"Conhe\u00e7a o Acervo-Escola, uma parceria pela arte e cultura - Obra Social S\u00e3o Jo\u00e3o Bosco\",\"isPartOf\":{\"@id\":\"https:\\\/\\\/salesianossp.org.br\\\/ossjb\\\/#website\"},\"primaryImageOfPage\":{\"@id\":\"https:\\\/\\\/salesianossp.org.br\\\/ossjb\\\/conheca-o-acervo-escola-uma-parceria-pela-arte-e-cultura\\\/#primaryimage\"},\"image\":{\"@id\":\"https:\\\/\\\/salesianossp.org.br\\\/ossjb\\\/conheca-o-acervo-escola-uma-parceria-pela-arte-e-cultura\\\/#primaryimage\"},\"thumbnailUrl\":\"https:\\\/\\\/salesianossp.org.br\\\/ossjb\\\/wp-content\\\/uploads\\\/2021\\\/03\\\/Open-Graph-Acervo-Escola.png\",\"datePublished\":\"2021-03-26T14:59:18+00:00\",\"breadcrumb\":{\"@id\":\"https:\\\/\\\/salesianossp.org.br\\\/ossjb\\\/conheca-o-acervo-escola-uma-parceria-pela-arte-e-cultura\\\/#breadcrumb\"},\"inLanguage\":\"pt-BR\",\"potentialAction\":[{\"@type\":\"ReadAction\",\"target\":[\"https:\\\/\\\/salesianossp.org.br\\\/ossjb\\\/conheca-o-acervo-escola-uma-parceria-pela-arte-e-cultura\\\/\"]}]},{\"@type\":\"ImageObject\",\"inLanguage\":\"pt-BR\",\"@id\":\"https:\\\/\\\/salesianossp.org.br\\\/ossjb\\\/conheca-o-acervo-escola-uma-parceria-pela-arte-e-cultura\\\/#primaryimage\",\"url\":\"https:\\\/\\\/salesianossp.org.br\\\/ossjb\\\/wp-content\\\/uploads\\\/2021\\\/03\\\/Open-Graph-Acervo-Escola.png\",\"contentUrl\":\"https:\\\/\\\/salesianossp.org.br\\\/ossjb\\\/wp-content\\\/uploads\\\/2021\\\/03\\\/Open-Graph-Acervo-Escola.png\",\"width\":1920,\"height\":1080},{\"@type\":\"BreadcrumbList\",\"@id\":\"https:\\\/\\\/salesianossp.org.br\\\/ossjb\\\/conheca-o-acervo-escola-uma-parceria-pela-arte-e-cultura\\\/#breadcrumb\",\"itemListElement\":[{\"@type\":\"ListItem\",\"position\":1,\"name\":\"In\u00edcio\",\"item\":\"https:\\\/\\\/salesianossp.org.br\\\/ossjb\\\/\"},{\"@type\":\"ListItem\",\"position\":2,\"name\":\"Conhe\u00e7a o Acervo-Escola, uma parceria pela arte e cultura\"}]},{\"@type\":\"WebSite\",\"@id\":\"https:\\\/\\\/salesianossp.org.br\\\/ossjb\\\/#website\",\"url\":\"https:\\\/\\\/salesianossp.org.br\\\/ossjb\\\/\",\"name\":\"Obra Social S\u00e3o Jo\u00e3o Bosco\",\"description\":\"\",\"publisher\":{\"@id\":\"https:\\\/\\\/salesianossp.org.br\\\/ossjb\\\/#organization\"},\"potentialAction\":[{\"@type\":\"SearchAction\",\"target\":{\"@type\":\"EntryPoint\",\"urlTemplate\":\"https:\\\/\\\/salesianossp.org.br\\\/ossjb\\\/?s={search_term_string}\"},\"query-input\":{\"@type\":\"PropertyValueSpecification\",\"valueRequired\":true,\"valueName\":\"search_term_string\"}}],\"inLanguage\":\"pt-BR\"},{\"@type\":\"Organization\",\"@id\":\"https:\\\/\\\/salesianossp.org.br\\\/ossjb\\\/#organization\",\"name\":\"Obra Social S\u00e3o Jo\u00e3o Bosco\",\"url\":\"https:\\\/\\\/salesianossp.org.br\\\/ossjb\\\/\",\"logo\":{\"@type\":\"ImageObject\",\"inLanguage\":\"pt-BR\",\"@id\":\"https:\\\/\\\/salesianossp.org.br\\\/ossjb\\\/#\\\/schema\\\/logo\\\/image\\\/\",\"url\":\"https:\\\/\\\/salesianossp.org.br\\\/ossjb\\\/wp-content\\\/uploads\\\/2025\\\/10\\\/logotipo-obra-social-sao-joao-bosco-color-56.svg\",\"contentUrl\":\"https:\\\/\\\/salesianossp.org.br\\\/ossjb\\\/wp-content\\\/uploads\\\/2025\\\/10\\\/logotipo-obra-social-sao-joao-bosco-color-56.svg\",\"width\":185,\"height\":56,\"caption\":\"Obra Social S\u00e3o Jo\u00e3o Bosco\"},\"image\":{\"@id\":\"https:\\\/\\\/salesianossp.org.br\\\/ossjb\\\/#\\\/schema\\\/logo\\\/image\\\/\"},\"sameAs\":[\"https:\\\/\\\/www.facebook.com\\\/OSSJBCampinas\\\/\",\"https:\\\/\\\/www.instagram.com\\\/ossjbcampinas\\\/\",\"https:\\\/\\\/www.youtube.com\\\/channel\\\/UClNa7qdZCtP9uzs5b0nG2LQ\\\/featured\"]},{\"@type\":\"Person\",\"@id\":\"https:\\\/\\\/salesianossp.org.br\\\/ossjb\\\/#\\\/schema\\\/person\\\/4bc2abdbcf1d3120dd16324624dcdb93\",\"name\":\"Lucas Rodrigues\",\"image\":{\"@type\":\"ImageObject\",\"inLanguage\":\"pt-BR\",\"@id\":\"https:\\\/\\\/secure.gravatar.com\\\/avatar\\\/0ad9c966c6ed3335d7fffe2c3b88880dd298c0817b71e20a6955c38f2a53f746?s=96&d=mm&r=g\",\"url\":\"https:\\\/\\\/secure.gravatar.com\\\/avatar\\\/0ad9c966c6ed3335d7fffe2c3b88880dd298c0817b71e20a6955c38f2a53f746?s=96&d=mm&r=g\",\"contentUrl\":\"https:\\\/\\\/secure.gravatar.com\\\/avatar\\\/0ad9c966c6ed3335d7fffe2c3b88880dd298c0817b71e20a6955c38f2a53f746?s=96&d=mm&r=g\",\"caption\":\"Lucas Rodrigues\"},\"url\":\"https:\\\/\\\/salesianossp.org.br\\\/ossjb\\\/author\\\/lucas-rodrigues\\\/\"}]}<\/script>\n<!-- \/ Yoast SEO plugin. -->","yoast_head_json":{"title":"Conhe\u00e7a o Acervo-Escola, uma parceria pela arte e cultura - Obra Social S\u00e3o Jo\u00e3o Bosco","robots":{"index":"index","follow":"follow","max-snippet":"max-snippet:-1","max-image-preview":"max-image-preview:large","max-video-preview":"max-video-preview:-1"},"canonical":"https:\/\/salesianossp.org.br\/ossjb\/conheca-o-acervo-escola-uma-parceria-pela-arte-e-cultura\/","og_locale":"pt_BR","og_type":"article","og_title":"Conhe\u00e7a o Acervo-Escola, uma parceria pela arte e cultura - Obra Social S\u00e3o Jo\u00e3o Bosco","og_description":"Por Rodrigo Adamo &#8211; educador social no n\u00facleo Dom Bosco\/Vida Nova O N\u00facleo Dom Bosco recebe no m\u00eas de mar\u00e7o e abril de 2021 a contrapartida do projeto Acervo-Escola. A proposta, sob a coordena\u00e7\u00e3o de Julyana Troya e realizada pelo Espa\u00e7o Marco do Valle, conta com recursos da Secretaria Municipal da Cultura e visa aproximar [&hellip;]","og_url":"https:\/\/salesianossp.org.br\/ossjb\/conheca-o-acervo-escola-uma-parceria-pela-arte-e-cultura\/","og_site_name":"Obra Social S\u00e3o Jo\u00e3o Bosco","article_publisher":"https:\/\/www.facebook.com\/OSSJBCampinas\/","article_published_time":"2021-03-26T14:59:18+00:00","og_image":[{"width":1920,"height":1080,"url":"https:\/\/salesianossp.org.br\/ossjb\/wp-content\/uploads\/2021\/03\/Open-Graph-Acervo-Escola.png","type":"image\/png"}],"author":"Lucas Rodrigues","twitter_card":"summary_large_image","twitter_misc":{"Escrito por":"Lucas Rodrigues","Est. tempo de leitura":"2 minutos"},"schema":{"@context":"https:\/\/schema.org","@graph":[{"@type":"Article","@id":"https:\/\/salesianossp.org.br\/ossjb\/conheca-o-acervo-escola-uma-parceria-pela-arte-e-cultura\/#article","isPartOf":{"@id":"https:\/\/salesianossp.org.br\/ossjb\/conheca-o-acervo-escola-uma-parceria-pela-arte-e-cultura\/"},"author":{"name":"Lucas Rodrigues","@id":"https:\/\/salesianossp.org.br\/ossjb\/#\/schema\/person\/4bc2abdbcf1d3120dd16324624dcdb93"},"headline":"Conhe\u00e7a o Acervo-Escola, uma parceria pela arte e cultura","datePublished":"2021-03-26T14:59:18+00:00","mainEntityOfPage":{"@id":"https:\/\/salesianossp.org.br\/ossjb\/conheca-o-acervo-escola-uma-parceria-pela-arte-e-cultura\/"},"wordCount":451,"commentCount":0,"publisher":{"@id":"https:\/\/salesianossp.org.br\/ossjb\/#organization"},"image":{"@id":"https:\/\/salesianossp.org.br\/ossjb\/conheca-o-acervo-escola-uma-parceria-pela-arte-e-cultura\/#primaryimage"},"thumbnailUrl":"https:\/\/salesianossp.org.br\/ossjb\/wp-content\/uploads\/2021\/03\/Open-Graph-Acervo-Escola.png","keywords":["acervo escola","arte","cultura","Dom Bosco","parceria"],"articleSection":["Informativos OSSJB","Not\u00edcias"],"inLanguage":"pt-BR","potentialAction":[{"@type":"CommentAction","name":"Comment","target":["https:\/\/salesianossp.org.br\/ossjb\/conheca-o-acervo-escola-uma-parceria-pela-arte-e-cultura\/#respond"]}]},{"@type":"WebPage","@id":"https:\/\/salesianossp.org.br\/ossjb\/conheca-o-acervo-escola-uma-parceria-pela-arte-e-cultura\/","url":"https:\/\/salesianossp.org.br\/ossjb\/conheca-o-acervo-escola-uma-parceria-pela-arte-e-cultura\/","name":"Conhe\u00e7a o Acervo-Escola, uma parceria pela arte e cultura - Obra Social S\u00e3o Jo\u00e3o Bosco","isPartOf":{"@id":"https:\/\/salesianossp.org.br\/ossjb\/#website"},"primaryImageOfPage":{"@id":"https:\/\/salesianossp.org.br\/ossjb\/conheca-o-acervo-escola-uma-parceria-pela-arte-e-cultura\/#primaryimage"},"image":{"@id":"https:\/\/salesianossp.org.br\/ossjb\/conheca-o-acervo-escola-uma-parceria-pela-arte-e-cultura\/#primaryimage"},"thumbnailUrl":"https:\/\/salesianossp.org.br\/ossjb\/wp-content\/uploads\/2021\/03\/Open-Graph-Acervo-Escola.png","datePublished":"2021-03-26T14:59:18+00:00","breadcrumb":{"@id":"https:\/\/salesianossp.org.br\/ossjb\/conheca-o-acervo-escola-uma-parceria-pela-arte-e-cultura\/#breadcrumb"},"inLanguage":"pt-BR","potentialAction":[{"@type":"ReadAction","target":["https:\/\/salesianossp.org.br\/ossjb\/conheca-o-acervo-escola-uma-parceria-pela-arte-e-cultura\/"]}]},{"@type":"ImageObject","inLanguage":"pt-BR","@id":"https:\/\/salesianossp.org.br\/ossjb\/conheca-o-acervo-escola-uma-parceria-pela-arte-e-cultura\/#primaryimage","url":"https:\/\/salesianossp.org.br\/ossjb\/wp-content\/uploads\/2021\/03\/Open-Graph-Acervo-Escola.png","contentUrl":"https:\/\/salesianossp.org.br\/ossjb\/wp-content\/uploads\/2021\/03\/Open-Graph-Acervo-Escola.png","width":1920,"height":1080},{"@type":"BreadcrumbList","@id":"https:\/\/salesianossp.org.br\/ossjb\/conheca-o-acervo-escola-uma-parceria-pela-arte-e-cultura\/#breadcrumb","itemListElement":[{"@type":"ListItem","position":1,"name":"In\u00edcio","item":"https:\/\/salesianossp.org.br\/ossjb\/"},{"@type":"ListItem","position":2,"name":"Conhe\u00e7a o Acervo-Escola, uma parceria pela arte e cultura"}]},{"@type":"WebSite","@id":"https:\/\/salesianossp.org.br\/ossjb\/#website","url":"https:\/\/salesianossp.org.br\/ossjb\/","name":"Obra Social S\u00e3o Jo\u00e3o Bosco","description":"","publisher":{"@id":"https:\/\/salesianossp.org.br\/ossjb\/#organization"},"potentialAction":[{"@type":"SearchAction","target":{"@type":"EntryPoint","urlTemplate":"https:\/\/salesianossp.org.br\/ossjb\/?s={search_term_string}"},"query-input":{"@type":"PropertyValueSpecification","valueRequired":true,"valueName":"search_term_string"}}],"inLanguage":"pt-BR"},{"@type":"Organization","@id":"https:\/\/salesianossp.org.br\/ossjb\/#organization","name":"Obra Social S\u00e3o Jo\u00e3o Bosco","url":"https:\/\/salesianossp.org.br\/ossjb\/","logo":{"@type":"ImageObject","inLanguage":"pt-BR","@id":"https:\/\/salesianossp.org.br\/ossjb\/#\/schema\/logo\/image\/","url":"https:\/\/salesianossp.org.br\/ossjb\/wp-content\/uploads\/2025\/10\/logotipo-obra-social-sao-joao-bosco-color-56.svg","contentUrl":"https:\/\/salesianossp.org.br\/ossjb\/wp-content\/uploads\/2025\/10\/logotipo-obra-social-sao-joao-bosco-color-56.svg","width":185,"height":56,"caption":"Obra Social S\u00e3o Jo\u00e3o Bosco"},"image":{"@id":"https:\/\/salesianossp.org.br\/ossjb\/#\/schema\/logo\/image\/"},"sameAs":["https:\/\/www.facebook.com\/OSSJBCampinas\/","https:\/\/www.instagram.com\/ossjbcampinas\/","https:\/\/www.youtube.com\/channel\/UClNa7qdZCtP9uzs5b0nG2LQ\/featured"]},{"@type":"Person","@id":"https:\/\/salesianossp.org.br\/ossjb\/#\/schema\/person\/4bc2abdbcf1d3120dd16324624dcdb93","name":"Lucas Rodrigues","image":{"@type":"ImageObject","inLanguage":"pt-BR","@id":"https:\/\/secure.gravatar.com\/avatar\/0ad9c966c6ed3335d7fffe2c3b88880dd298c0817b71e20a6955c38f2a53f746?s=96&d=mm&r=g","url":"https:\/\/secure.gravatar.com\/avatar\/0ad9c966c6ed3335d7fffe2c3b88880dd298c0817b71e20a6955c38f2a53f746?s=96&d=mm&r=g","contentUrl":"https:\/\/secure.gravatar.com\/avatar\/0ad9c966c6ed3335d7fffe2c3b88880dd298c0817b71e20a6955c38f2a53f746?s=96&d=mm&r=g","caption":"Lucas Rodrigues"},"url":"https:\/\/salesianossp.org.br\/ossjb\/author\/lucas-rodrigues\/"}]}},"_links":{"self":[{"href":"https:\/\/salesianossp.org.br\/ossjb\/wp-json\/wp\/v2\/posts\/1809","targetHints":{"allow":["GET"]}}],"collection":[{"href":"https:\/\/salesianossp.org.br\/ossjb\/wp-json\/wp\/v2\/posts"}],"about":[{"href":"https:\/\/salesianossp.org.br\/ossjb\/wp-json\/wp\/v2\/types\/post"}],"author":[{"embeddable":true,"href":"https:\/\/salesianossp.org.br\/ossjb\/wp-json\/wp\/v2\/users\/27"}],"replies":[{"embeddable":true,"href":"https:\/\/salesianossp.org.br\/ossjb\/wp-json\/wp\/v2\/comments?post=1809"}],"version-history":[{"count":0,"href":"https:\/\/salesianossp.org.br\/ossjb\/wp-json\/wp\/v2\/posts\/1809\/revisions"}],"wp:featuredmedia":[{"embeddable":true,"href":"https:\/\/salesianossp.org.br\/ossjb\/wp-json\/wp\/v2\/media\/1810"}],"wp:attachment":[{"href":"https:\/\/salesianossp.org.br\/ossjb\/wp-json\/wp\/v2\/media?parent=1809"}],"wp:term":[{"taxonomy":"category","embeddable":true,"href":"https:\/\/salesianossp.org.br\/ossjb\/wp-json\/wp\/v2\/categories?post=1809"},{"taxonomy":"post_tag","embeddable":true,"href":"https:\/\/salesianossp.org.br\/ossjb\/wp-json\/wp\/v2\/tags?post=1809"}],"curies":[{"name":"wp","href":"https:\/\/api.w.org\/{rel}","templated":true}]}}