{"id":2340,"date":"2021-05-23T09:00:00","date_gmt":"2021-05-23T12:00:00","guid":{"rendered":"https:\/\/salesianossp.org.br\/ossjb\/?p=2340"},"modified":"2021-05-23T09:00:00","modified_gmt":"2021-05-23T12:00:00","slug":"pentecostes-e-os-dons-do-espirito","status":"publish","type":"post","link":"https:\/\/salesianossp.org.br\/ossjb\/pentecostes-e-os-dons-do-espirito\/","title":{"rendered":"Pentecostes e os dons do Esp\u00edrito"},"content":{"rendered":"\n<h6 class=\"wp-block-heading\"><strong><em>Por Pastoral Juvenil Salesiana<\/em><\/strong><\/h6>\n\n\n\n<p>Ao falar sobre o Esp\u00edrito Santo, podemos utilizar uma express\u00e3o do Metropolita In\u00e1cio Hazim, antigo Patriarca Ortodoxo Grego de Antioquia (1920-2012): &#8220;Sem o Esp\u00edrito Santo, Deus est\u00e1 longe, Cristo permanece no passado, o Evangelho \u00e9 um livro morto, a Igreja \u00e9 uma organiza\u00e7\u00e3o, a autoridade \u00e9 apenas domina\u00e7\u00e3o, a miss\u00e3o \u00e9 uma propaganda, o culto \u00e9 um encantamento, e a a\u00e7\u00e3o crist\u00e3 uma moralidade escrava. Mas com o Esp\u00edrito Santo o cosmos se eleva e geme nas dores do Reino, Cristo Ressuscitado est\u00e1 l\u00e1, o Evangelho \u00e9 o poder da vida, a Igreja \u00e9 a comunidade trinit\u00e1ria, a autoridade \u00e9 um minist\u00e9rio libertador, a miss\u00e3o \u00e9 um novo Pentecostes, a liturgia \u00e9 lembran\u00e7a e antecipa\u00e7\u00e3o, a a\u00e7\u00e3o humana \u00e9 glorificada.&#8221;<\/p>\n\n\n\n<p>Quando o Esp\u00edrito Santo vem at\u00e9 n\u00f3s, Ele nos envia seus 7 dons, que animam e capacitam os crist\u00e3os para continuarem a miss\u00e3o da Igreja. S\u00e3o eles:<\/p>\n\n\n\n<h4 class=\"wp-block-heading\"><strong>Fortaleza<\/strong><\/h4>\n\n\n\n<p>Com o dom da fortaleza, Deus nos d\u00e1 a coragem necess\u00e1ria para enfrentarmos os desafios da vida e a firmeza de car\u00e1ter para suportarmos as persegui\u00e7\u00f5es decorrentes do nosso testemunho crist\u00e3o, rejeitado pelo mundo.&nbsp;<\/p>\n\n\n\n<h4 class=\"wp-block-heading\"><strong>Sabedoria<\/strong><\/h4>\n\n\n\n<p>O dom da sabedoria nos leva a distinguir entre o que \u00e9 essencial e o que n\u00e3o \u00e9; entre o que realmente importa e o que \u00e9 secund\u00e1rio. A sabedoria n\u00e3o envolve necessariamente a intelig\u00eancia, cultura e entendimento. \u00c9 outro tipo de conhecimento, ou seja, \u00e9 a capacidade singela de enxergar e intuir o bom, o belo e o verdadeiro&nbsp;das coisas.<\/p>\n\n\n\n<h4 class=\"wp-block-heading\"><strong>Entendimento<\/strong><\/h4>\n\n\n\n<p>Com o dom do entendimento, o crist\u00e3o contempla com mais lucidez e consci\u00eancia o mist\u00e9rio da Sant\u00edssima Trindade, o amor de Cristo pela humanidade, o significado da Sagrada Eucaristia, dos sacramentos, dos ritos lit\u00fargicos, da moral cat\u00f3lica etc.&nbsp;<\/p>\n\n\n\n<h4 class=\"wp-block-heading\"><strong>Ci\u00eancia<\/strong><\/h4>\n\n\n\n<p>\u00c9 o dom divino que aperfei\u00e7oa o nosso intelecto e nos ajuda a compreender a realidade como obra do Criador. Ele envolve o reconhecimento da cria\u00e7\u00e3o como meio para se alcan\u00e7ar a contempla\u00e7\u00e3o de Deus.&nbsp;<\/p>\n\n\n\n<h4 class=\"wp-block-heading\"><strong>Conselho<\/strong><\/h4>\n\n\n\n<p>\u00c9 o dom que permite o reto discernimento sobre como responder \u00e0s circunst\u00e2ncias da exist\u00eancia, seja em rela\u00e7\u00e3o \u00e0s pr\u00f3prias decis\u00f5es ou at\u00e9 mesmo na hora de orientar os outros a trilharem o caminho do bem.<\/p>\n\n\n\n<h4 class=\"wp-block-heading\"><strong>Piedade<\/strong><\/h4>\n\n\n\n<p>\u00c9 a gra\u00e7a de Deus na alma que proporciona o relacionamento filial e profundo com Deus, mediante a ora\u00e7\u00e3o e as pr\u00e1ticas piedosas ensinadas pela Igreja. \u00c9 o dom da devo\u00e7\u00e3o, do fervor, da experi\u00eancia de viver em comunh\u00e3o permanente com Deus.<\/p>\n\n\n\n<h4 class=\"wp-block-heading\"><strong>Temor de Deus<\/strong><\/h4>\n\n\n\n<p>O nome deste dom pode causar estranheza e confus\u00e3o, pois muitos o entendem em sentido negativo, como se dev\u00eassemos ter medo de Deus. Na verdade, trata-se do dom divino que nos leva a \u201ctemer\u201d por Deus no sentido de n\u00e3o querer que Ele seja desprezado e deixado de lado, nem pelos outros, nem por n\u00f3s&nbsp;mesmos.&nbsp;<\/p>\n\n\n\n<p>FONTES:<\/p>\n\n\n\n<p><a href=\"https:\/\/pt.aleteia.org\/2017\/01\/27\/os-7-dons-do-espirito-santo-numa-explicacao-facil-de-entender\/\">https:\/\/pt.aleteia.org\/2017\/01\/27\/os-7-dons-do-espirito-santo-numa-explicacao-facil-de-entender\/<\/a><\/p>\n\n\n\n<p><a href=\"https:\/\/www.youcat.org\/pt\/credopedia\/pentecostes\/\">https:\/\/www.youcat.org\/pt\/credopedia\/pentecostes\/<\/a><\/p>\n","protected":false},"excerpt":{"rendered":"<p>Por Pastoral Juvenil Salesiana Ao falar sobre o Esp\u00edrito Santo, podemos utilizar uma express\u00e3o do Metropolita In\u00e1cio Hazim, antigo Patriarca Ortodoxo Grego de Antioquia (1920-2012): &#8220;Sem o Esp\u00edrito Santo, Deus est\u00e1 longe, Cristo permanece no passado, o Evangelho \u00e9 um livro morto, a Igreja \u00e9 uma organiza\u00e7\u00e3o, a autoridade \u00e9 apenas domina\u00e7\u00e3o, a miss\u00e3o \u00e9 [&hellip;]<\/p>\n","protected":false},"author":27,"featured_media":2341,"comment_status":"open","ping_status":"open","sticky":false,"template":"","format":"standard","meta":{"footnotes":""},"categories":[423,422],"tags":[468,469,470,471,472,394],"class_list":["post-2340","post","type-post","status-publish","format-standard","has-post-thumbnail","hentry","category-artigos","category-espiritualidade-salesiana","tag-catolica","tag-dons","tag-espirito-santo","tag-igreja","tag-pentecostes","tag-salesianos"],"yoast_head":"<!-- This site is optimized with the Yoast SEO plugin v27.4 - https:\/\/yoast.com\/product\/yoast-seo-wordpress\/ -->\n<title>Pentecostes e os dons do Esp\u00edrito - Obra Social S\u00e3o Jo\u00e3o Bosco<\/title>\n<meta name=\"robots\" content=\"index, follow, max-snippet:-1, max-image-preview:large, max-video-preview:-1\" \/>\n<link rel=\"canonical\" href=\"https:\/\/salesianossp.org.br\/ossjb\/pentecostes-e-os-dons-do-espirito\/\" \/>\n<meta property=\"og:locale\" content=\"pt_BR\" \/>\n<meta property=\"og:type\" content=\"article\" \/>\n<meta property=\"og:title\" content=\"Pentecostes e os dons do Esp\u00edrito - Obra Social S\u00e3o Jo\u00e3o Bosco\" \/>\n<meta property=\"og:description\" content=\"Por Pastoral Juvenil Salesiana Ao falar sobre o Esp\u00edrito Santo, podemos utilizar uma express\u00e3o do Metropolita In\u00e1cio Hazim, antigo Patriarca Ortodoxo Grego de Antioquia (1920-2012): &#8220;Sem o Esp\u00edrito Santo, Deus est\u00e1 longe, Cristo permanece no passado, o Evangelho \u00e9 um livro morto, a Igreja \u00e9 uma organiza\u00e7\u00e3o, a autoridade \u00e9 apenas domina\u00e7\u00e3o, a miss\u00e3o \u00e9 [&hellip;]\" \/>\n<meta property=\"og:url\" content=\"https:\/\/salesianossp.org.br\/ossjb\/pentecostes-e-os-dons-do-espirito\/\" \/>\n<meta property=\"og:site_name\" content=\"Obra Social S\u00e3o Jo\u00e3o Bosco\" \/>\n<meta property=\"article:publisher\" content=\"https:\/\/www.facebook.com\/OSSJBCampinas\/\" \/>\n<meta property=\"article:published_time\" content=\"2021-05-23T12:00:00+00:00\" \/>\n<meta property=\"og:image\" content=\"https:\/\/salesianossp.org.br\/ossjb\/wp-content\/uploads\/2021\/05\/Open-Graph-Pentecostes-1024x576.png\" \/>\n\t<meta property=\"og:image:width\" content=\"1024\" \/>\n\t<meta property=\"og:image:height\" content=\"576\" \/>\n\t<meta property=\"og:image:type\" content=\"image\/png\" \/>\n<meta name=\"author\" content=\"Lucas Rodrigues\" \/>\n<meta name=\"twitter:card\" content=\"summary_large_image\" \/>\n<meta name=\"twitter:label1\" content=\"Escrito por\" \/>\n\t<meta name=\"twitter:data1\" content=\"Lucas Rodrigues\" \/>\n\t<meta name=\"twitter:label2\" content=\"Est. tempo de leitura\" \/>\n\t<meta name=\"twitter:data2\" content=\"3 minutos\" \/>\n<script type=\"application\/ld+json\" class=\"yoast-schema-graph\">{\"@context\":\"https:\\\/\\\/schema.org\",\"@graph\":[{\"@type\":\"Article\",\"@id\":\"https:\\\/\\\/salesianossp.org.br\\\/ossjb\\\/pentecostes-e-os-dons-do-espirito\\\/#article\",\"isPartOf\":{\"@id\":\"https:\\\/\\\/salesianossp.org.br\\\/ossjb\\\/pentecostes-e-os-dons-do-espirito\\\/\"},\"author\":{\"name\":\"Lucas Rodrigues\",\"@id\":\"https:\\\/\\\/salesianossp.org.br\\\/ossjb\\\/#\\\/schema\\\/person\\\/4bc2abdbcf1d3120dd16324624dcdb93\"},\"headline\":\"Pentecostes e os dons do Esp\u00edrito\",\"datePublished\":\"2021-05-23T12:00:00+00:00\",\"mainEntityOfPage\":{\"@id\":\"https:\\\/\\\/salesianossp.org.br\\\/ossjb\\\/pentecostes-e-os-dons-do-espirito\\\/\"},\"wordCount\":523,\"commentCount\":0,\"publisher\":{\"@id\":\"https:\\\/\\\/salesianossp.org.br\\\/ossjb\\\/#organization\"},\"image\":{\"@id\":\"https:\\\/\\\/salesianossp.org.br\\\/ossjb\\\/pentecostes-e-os-dons-do-espirito\\\/#primaryimage\"},\"thumbnailUrl\":\"https:\\\/\\\/salesianossp.org.br\\\/ossjb\\\/wp-content\\\/uploads\\\/2021\\\/05\\\/Open-Graph-Pentecostes.png\",\"keywords\":[\"cat\u00f3lica\",\"dons\",\"Esp\u00edrito Santo\",\"Igreja\",\"pentecostes\",\"salesianos\"],\"articleSection\":[\"Artigos\",\"Espiritualidade Salesiana\"],\"inLanguage\":\"pt-BR\",\"potentialAction\":[{\"@type\":\"CommentAction\",\"name\":\"Comment\",\"target\":[\"https:\\\/\\\/salesianossp.org.br\\\/ossjb\\\/pentecostes-e-os-dons-do-espirito\\\/#respond\"]}]},{\"@type\":\"WebPage\",\"@id\":\"https:\\\/\\\/salesianossp.org.br\\\/ossjb\\\/pentecostes-e-os-dons-do-espirito\\\/\",\"url\":\"https:\\\/\\\/salesianossp.org.br\\\/ossjb\\\/pentecostes-e-os-dons-do-espirito\\\/\",\"name\":\"Pentecostes e os dons do Esp\u00edrito - Obra Social S\u00e3o Jo\u00e3o Bosco\",\"isPartOf\":{\"@id\":\"https:\\\/\\\/salesianossp.org.br\\\/ossjb\\\/#website\"},\"primaryImageOfPage\":{\"@id\":\"https:\\\/\\\/salesianossp.org.br\\\/ossjb\\\/pentecostes-e-os-dons-do-espirito\\\/#primaryimage\"},\"image\":{\"@id\":\"https:\\\/\\\/salesianossp.org.br\\\/ossjb\\\/pentecostes-e-os-dons-do-espirito\\\/#primaryimage\"},\"thumbnailUrl\":\"https:\\\/\\\/salesianossp.org.br\\\/ossjb\\\/wp-content\\\/uploads\\\/2021\\\/05\\\/Open-Graph-Pentecostes.png\",\"datePublished\":\"2021-05-23T12:00:00+00:00\",\"breadcrumb\":{\"@id\":\"https:\\\/\\\/salesianossp.org.br\\\/ossjb\\\/pentecostes-e-os-dons-do-espirito\\\/#breadcrumb\"},\"inLanguage\":\"pt-BR\",\"potentialAction\":[{\"@type\":\"ReadAction\",\"target\":[\"https:\\\/\\\/salesianossp.org.br\\\/ossjb\\\/pentecostes-e-os-dons-do-espirito\\\/\"]}]},{\"@type\":\"ImageObject\",\"inLanguage\":\"pt-BR\",\"@id\":\"https:\\\/\\\/salesianossp.org.br\\\/ossjb\\\/pentecostes-e-os-dons-do-espirito\\\/#primaryimage\",\"url\":\"https:\\\/\\\/salesianossp.org.br\\\/ossjb\\\/wp-content\\\/uploads\\\/2021\\\/05\\\/Open-Graph-Pentecostes.png\",\"contentUrl\":\"https:\\\/\\\/salesianossp.org.br\\\/ossjb\\\/wp-content\\\/uploads\\\/2021\\\/05\\\/Open-Graph-Pentecostes.png\",\"width\":1920,\"height\":1080},{\"@type\":\"BreadcrumbList\",\"@id\":\"https:\\\/\\\/salesianossp.org.br\\\/ossjb\\\/pentecostes-e-os-dons-do-espirito\\\/#breadcrumb\",\"itemListElement\":[{\"@type\":\"ListItem\",\"position\":1,\"name\":\"In\u00edcio\",\"item\":\"https:\\\/\\\/salesianossp.org.br\\\/ossjb\\\/\"},{\"@type\":\"ListItem\",\"position\":2,\"name\":\"Pentecostes e os dons do Esp\u00edrito\"}]},{\"@type\":\"WebSite\",\"@id\":\"https:\\\/\\\/salesianossp.org.br\\\/ossjb\\\/#website\",\"url\":\"https:\\\/\\\/salesianossp.org.br\\\/ossjb\\\/\",\"name\":\"Obra Social S\u00e3o Jo\u00e3o Bosco\",\"description\":\"\",\"publisher\":{\"@id\":\"https:\\\/\\\/salesianossp.org.br\\\/ossjb\\\/#organization\"},\"potentialAction\":[{\"@type\":\"SearchAction\",\"target\":{\"@type\":\"EntryPoint\",\"urlTemplate\":\"https:\\\/\\\/salesianossp.org.br\\\/ossjb\\\/?s={search_term_string}\"},\"query-input\":{\"@type\":\"PropertyValueSpecification\",\"valueRequired\":true,\"valueName\":\"search_term_string\"}}],\"inLanguage\":\"pt-BR\"},{\"@type\":\"Organization\",\"@id\":\"https:\\\/\\\/salesianossp.org.br\\\/ossjb\\\/#organization\",\"name\":\"Obra Social S\u00e3o Jo\u00e3o Bosco\",\"url\":\"https:\\\/\\\/salesianossp.org.br\\\/ossjb\\\/\",\"logo\":{\"@type\":\"ImageObject\",\"inLanguage\":\"pt-BR\",\"@id\":\"https:\\\/\\\/salesianossp.org.br\\\/ossjb\\\/#\\\/schema\\\/logo\\\/image\\\/\",\"url\":\"https:\\\/\\\/salesianossp.org.br\\\/ossjb\\\/wp-content\\\/uploads\\\/2025\\\/10\\\/logotipo-obra-social-sao-joao-bosco-color-56.svg\",\"contentUrl\":\"https:\\\/\\\/salesianossp.org.br\\\/ossjb\\\/wp-content\\\/uploads\\\/2025\\\/10\\\/logotipo-obra-social-sao-joao-bosco-color-56.svg\",\"width\":185,\"height\":56,\"caption\":\"Obra Social S\u00e3o Jo\u00e3o Bosco\"},\"image\":{\"@id\":\"https:\\\/\\\/salesianossp.org.br\\\/ossjb\\\/#\\\/schema\\\/logo\\\/image\\\/\"},\"sameAs\":[\"https:\\\/\\\/www.facebook.com\\\/OSSJBCampinas\\\/\",\"https:\\\/\\\/www.instagram.com\\\/ossjbcampinas\\\/\",\"https:\\\/\\\/www.youtube.com\\\/channel\\\/UClNa7qdZCtP9uzs5b0nG2LQ\\\/featured\"]},{\"@type\":\"Person\",\"@id\":\"https:\\\/\\\/salesianossp.org.br\\\/ossjb\\\/#\\\/schema\\\/person\\\/4bc2abdbcf1d3120dd16324624dcdb93\",\"name\":\"Lucas Rodrigues\",\"image\":{\"@type\":\"ImageObject\",\"inLanguage\":\"pt-BR\",\"@id\":\"https:\\\/\\\/secure.gravatar.com\\\/avatar\\\/0ad9c966c6ed3335d7fffe2c3b88880dd298c0817b71e20a6955c38f2a53f746?s=96&d=mm&r=g\",\"url\":\"https:\\\/\\\/secure.gravatar.com\\\/avatar\\\/0ad9c966c6ed3335d7fffe2c3b88880dd298c0817b71e20a6955c38f2a53f746?s=96&d=mm&r=g\",\"contentUrl\":\"https:\\\/\\\/secure.gravatar.com\\\/avatar\\\/0ad9c966c6ed3335d7fffe2c3b88880dd298c0817b71e20a6955c38f2a53f746?s=96&d=mm&r=g\",\"caption\":\"Lucas Rodrigues\"},\"url\":\"https:\\\/\\\/salesianossp.org.br\\\/ossjb\\\/author\\\/lucas-rodrigues\\\/\"}]}<\/script>\n<!-- \/ Yoast SEO plugin. -->","yoast_head_json":{"title":"Pentecostes e os dons do Esp\u00edrito - Obra Social S\u00e3o Jo\u00e3o Bosco","robots":{"index":"index","follow":"follow","max-snippet":"max-snippet:-1","max-image-preview":"max-image-preview:large","max-video-preview":"max-video-preview:-1"},"canonical":"https:\/\/salesianossp.org.br\/ossjb\/pentecostes-e-os-dons-do-espirito\/","og_locale":"pt_BR","og_type":"article","og_title":"Pentecostes e os dons do Esp\u00edrito - Obra Social S\u00e3o Jo\u00e3o Bosco","og_description":"Por Pastoral Juvenil Salesiana Ao falar sobre o Esp\u00edrito Santo, podemos utilizar uma express\u00e3o do Metropolita In\u00e1cio Hazim, antigo Patriarca Ortodoxo Grego de Antioquia (1920-2012): &#8220;Sem o Esp\u00edrito Santo, Deus est\u00e1 longe, Cristo permanece no passado, o Evangelho \u00e9 um livro morto, a Igreja \u00e9 uma organiza\u00e7\u00e3o, a autoridade \u00e9 apenas domina\u00e7\u00e3o, a miss\u00e3o \u00e9 [&hellip;]","og_url":"https:\/\/salesianossp.org.br\/ossjb\/pentecostes-e-os-dons-do-espirito\/","og_site_name":"Obra Social S\u00e3o Jo\u00e3o Bosco","article_publisher":"https:\/\/www.facebook.com\/OSSJBCampinas\/","article_published_time":"2021-05-23T12:00:00+00:00","og_image":[{"width":1024,"height":576,"url":"https:\/\/salesianossp.org.br\/ossjb\/wp-content\/uploads\/2021\/05\/Open-Graph-Pentecostes-1024x576.png","type":"image\/png"}],"author":"Lucas Rodrigues","twitter_card":"summary_large_image","twitter_misc":{"Escrito por":"Lucas Rodrigues","Est. tempo de leitura":"3 minutos"},"schema":{"@context":"https:\/\/schema.org","@graph":[{"@type":"Article","@id":"https:\/\/salesianossp.org.br\/ossjb\/pentecostes-e-os-dons-do-espirito\/#article","isPartOf":{"@id":"https:\/\/salesianossp.org.br\/ossjb\/pentecostes-e-os-dons-do-espirito\/"},"author":{"name":"Lucas Rodrigues","@id":"https:\/\/salesianossp.org.br\/ossjb\/#\/schema\/person\/4bc2abdbcf1d3120dd16324624dcdb93"},"headline":"Pentecostes e os dons do Esp\u00edrito","datePublished":"2021-05-23T12:00:00+00:00","mainEntityOfPage":{"@id":"https:\/\/salesianossp.org.br\/ossjb\/pentecostes-e-os-dons-do-espirito\/"},"wordCount":523,"commentCount":0,"publisher":{"@id":"https:\/\/salesianossp.org.br\/ossjb\/#organization"},"image":{"@id":"https:\/\/salesianossp.org.br\/ossjb\/pentecostes-e-os-dons-do-espirito\/#primaryimage"},"thumbnailUrl":"https:\/\/salesianossp.org.br\/ossjb\/wp-content\/uploads\/2021\/05\/Open-Graph-Pentecostes.png","keywords":["cat\u00f3lica","dons","Esp\u00edrito Santo","Igreja","pentecostes","salesianos"],"articleSection":["Artigos","Espiritualidade Salesiana"],"inLanguage":"pt-BR","potentialAction":[{"@type":"CommentAction","name":"Comment","target":["https:\/\/salesianossp.org.br\/ossjb\/pentecostes-e-os-dons-do-espirito\/#respond"]}]},{"@type":"WebPage","@id":"https:\/\/salesianossp.org.br\/ossjb\/pentecostes-e-os-dons-do-espirito\/","url":"https:\/\/salesianossp.org.br\/ossjb\/pentecostes-e-os-dons-do-espirito\/","name":"Pentecostes e os dons do Esp\u00edrito - Obra Social S\u00e3o Jo\u00e3o Bosco","isPartOf":{"@id":"https:\/\/salesianossp.org.br\/ossjb\/#website"},"primaryImageOfPage":{"@id":"https:\/\/salesianossp.org.br\/ossjb\/pentecostes-e-os-dons-do-espirito\/#primaryimage"},"image":{"@id":"https:\/\/salesianossp.org.br\/ossjb\/pentecostes-e-os-dons-do-espirito\/#primaryimage"},"thumbnailUrl":"https:\/\/salesianossp.org.br\/ossjb\/wp-content\/uploads\/2021\/05\/Open-Graph-Pentecostes.png","datePublished":"2021-05-23T12:00:00+00:00","breadcrumb":{"@id":"https:\/\/salesianossp.org.br\/ossjb\/pentecostes-e-os-dons-do-espirito\/#breadcrumb"},"inLanguage":"pt-BR","potentialAction":[{"@type":"ReadAction","target":["https:\/\/salesianossp.org.br\/ossjb\/pentecostes-e-os-dons-do-espirito\/"]}]},{"@type":"ImageObject","inLanguage":"pt-BR","@id":"https:\/\/salesianossp.org.br\/ossjb\/pentecostes-e-os-dons-do-espirito\/#primaryimage","url":"https:\/\/salesianossp.org.br\/ossjb\/wp-content\/uploads\/2021\/05\/Open-Graph-Pentecostes.png","contentUrl":"https:\/\/salesianossp.org.br\/ossjb\/wp-content\/uploads\/2021\/05\/Open-Graph-Pentecostes.png","width":1920,"height":1080},{"@type":"BreadcrumbList","@id":"https:\/\/salesianossp.org.br\/ossjb\/pentecostes-e-os-dons-do-espirito\/#breadcrumb","itemListElement":[{"@type":"ListItem","position":1,"name":"In\u00edcio","item":"https:\/\/salesianossp.org.br\/ossjb\/"},{"@type":"ListItem","position":2,"name":"Pentecostes e os dons do Esp\u00edrito"}]},{"@type":"WebSite","@id":"https:\/\/salesianossp.org.br\/ossjb\/#website","url":"https:\/\/salesianossp.org.br\/ossjb\/","name":"Obra Social S\u00e3o Jo\u00e3o Bosco","description":"","publisher":{"@id":"https:\/\/salesianossp.org.br\/ossjb\/#organization"},"potentialAction":[{"@type":"SearchAction","target":{"@type":"EntryPoint","urlTemplate":"https:\/\/salesianossp.org.br\/ossjb\/?s={search_term_string}"},"query-input":{"@type":"PropertyValueSpecification","valueRequired":true,"valueName":"search_term_string"}}],"inLanguage":"pt-BR"},{"@type":"Organization","@id":"https:\/\/salesianossp.org.br\/ossjb\/#organization","name":"Obra Social S\u00e3o Jo\u00e3o Bosco","url":"https:\/\/salesianossp.org.br\/ossjb\/","logo":{"@type":"ImageObject","inLanguage":"pt-BR","@id":"https:\/\/salesianossp.org.br\/ossjb\/#\/schema\/logo\/image\/","url":"https:\/\/salesianossp.org.br\/ossjb\/wp-content\/uploads\/2025\/10\/logotipo-obra-social-sao-joao-bosco-color-56.svg","contentUrl":"https:\/\/salesianossp.org.br\/ossjb\/wp-content\/uploads\/2025\/10\/logotipo-obra-social-sao-joao-bosco-color-56.svg","width":185,"height":56,"caption":"Obra Social S\u00e3o Jo\u00e3o Bosco"},"image":{"@id":"https:\/\/salesianossp.org.br\/ossjb\/#\/schema\/logo\/image\/"},"sameAs":["https:\/\/www.facebook.com\/OSSJBCampinas\/","https:\/\/www.instagram.com\/ossjbcampinas\/","https:\/\/www.youtube.com\/channel\/UClNa7qdZCtP9uzs5b0nG2LQ\/featured"]},{"@type":"Person","@id":"https:\/\/salesianossp.org.br\/ossjb\/#\/schema\/person\/4bc2abdbcf1d3120dd16324624dcdb93","name":"Lucas Rodrigues","image":{"@type":"ImageObject","inLanguage":"pt-BR","@id":"https:\/\/secure.gravatar.com\/avatar\/0ad9c966c6ed3335d7fffe2c3b88880dd298c0817b71e20a6955c38f2a53f746?s=96&d=mm&r=g","url":"https:\/\/secure.gravatar.com\/avatar\/0ad9c966c6ed3335d7fffe2c3b88880dd298c0817b71e20a6955c38f2a53f746?s=96&d=mm&r=g","contentUrl":"https:\/\/secure.gravatar.com\/avatar\/0ad9c966c6ed3335d7fffe2c3b88880dd298c0817b71e20a6955c38f2a53f746?s=96&d=mm&r=g","caption":"Lucas Rodrigues"},"url":"https:\/\/salesianossp.org.br\/ossjb\/author\/lucas-rodrigues\/"}]}},"_links":{"self":[{"href":"https:\/\/salesianossp.org.br\/ossjb\/wp-json\/wp\/v2\/posts\/2340","targetHints":{"allow":["GET"]}}],"collection":[{"href":"https:\/\/salesianossp.org.br\/ossjb\/wp-json\/wp\/v2\/posts"}],"about":[{"href":"https:\/\/salesianossp.org.br\/ossjb\/wp-json\/wp\/v2\/types\/post"}],"author":[{"embeddable":true,"href":"https:\/\/salesianossp.org.br\/ossjb\/wp-json\/wp\/v2\/users\/27"}],"replies":[{"embeddable":true,"href":"https:\/\/salesianossp.org.br\/ossjb\/wp-json\/wp\/v2\/comments?post=2340"}],"version-history":[{"count":0,"href":"https:\/\/salesianossp.org.br\/ossjb\/wp-json\/wp\/v2\/posts\/2340\/revisions"}],"wp:featuredmedia":[{"embeddable":true,"href":"https:\/\/salesianossp.org.br\/ossjb\/wp-json\/wp\/v2\/media\/2341"}],"wp:attachment":[{"href":"https:\/\/salesianossp.org.br\/ossjb\/wp-json\/wp\/v2\/media?parent=2340"}],"wp:term":[{"taxonomy":"category","embeddable":true,"href":"https:\/\/salesianossp.org.br\/ossjb\/wp-json\/wp\/v2\/categories?post=2340"},{"taxonomy":"post_tag","embeddable":true,"href":"https:\/\/salesianossp.org.br\/ossjb\/wp-json\/wp\/v2\/tags?post=2340"}],"curies":[{"name":"wp","href":"https:\/\/api.w.org\/{rel}","templated":true}]}}