{"id":454,"date":"2019-02-01T16:07:00","date_gmt":"2019-02-01T19:07:00","guid":{"rendered":"https:\/\/salesianossp.org.br\/ossjb\/oscampinas\/?p=454"},"modified":"2019-02-01T16:07:00","modified_gmt":"2019-02-01T19:07:00","slug":"capsula-do-tempo-de-1954-e-aberta","status":"publish","type":"post","link":"https:\/\/salesianossp.org.br\/ossjb\/capsula-do-tempo-de-1954-e-aberta\/","title":{"rendered":"C\u00e1psula do Tempo de 1954 \u00e9 aberta"},"content":{"rendered":"\n<h4 class=\"wp-block-heading\">Artefato encontrado \u00e9 de alunos do Externato S\u00e3o Jo\u00e3o, que funcionou de 1909 a 1994<\/h4>\n\n\n\n<p>31 de janeiro de 2019 se tornou uma data de descobertas na Obra Social S\u00e3o Jo\u00e3o Bosco de Campinas. Ex-alunos do Externato S\u00e3o Jo\u00e3o, diretores e equipe da institui\u00e7\u00e3o se reuniram para um evento hist\u00f3rico: a abertura da c\u00e1psula do tempo, colocada na estrutura do busto de Dom Bosco pelos ent\u00e3o alunos no ano de 1954.<\/p>\n\n\n\n<p>O artefato hist\u00f3rico era uma lenda no local. O Externato S\u00e3o Jo\u00e3o, fundado em 1909 para ser uma escola salesiana que atendia alunos de diferentes classes sociais, funcionou at\u00e9 1994, quando direcionou seu trabalho para a \u00e1rea socioassistencial e deixou de ter o ensino fundamental. N\u00e3o haviam registros arquivados sobre a c\u00e1psula, por\u00e9m os ex-alunos do Externato sempre comentavam sobre sua exist\u00eancia e localiza\u00e7\u00e3o.<\/p>\n\n\n\n<p><\/p>\n\n\n\n<h4 class=\"wp-block-heading\">Celebra\u00e7\u00e3o do Dia de Dom Bosco<\/h4>\n\n\n\n<p>Na noite do dia 31 de janeiro, dia de S\u00e3o Jo\u00e3o Bosco, fundador da Congrega\u00e7\u00e3o de S\u00e3o Francisco de Sales, os ex-alunos do Externato S\u00e3o Jo\u00e3o e a atual equipe da Obra Social S\u00e3o Jo\u00e3o Bosco se uniram para dar in\u00edcio \u00e0s comemora\u00e7\u00f5es dos 110 anos da institui\u00e7\u00e3o, a ser comemorada em junho deste ano, e se propuseram a descobrir o que tinha dentro desta c\u00e1psula do tempo.<\/p>\n\n\n\n<p>Ap\u00f3s a celebra\u00e7\u00e3o da missa, o atual diretor da Obra Social, padre Orivaldo Voltolini, e o ex-diretor do Externato S\u00e3o Jo\u00e3o, abriram o local onde o artefato estava. Ang\u00e9lica Barbosa, historiador e coordenadora da institui\u00e7\u00e3o, e Lu\u00eds Monteiro, restaurador do patrim\u00f4nio da entidade, foram respons\u00e1veis por esta revela\u00e7\u00e3o, cuidando para que os documentos e objetos fossem bem cuidados. A ideia \u00e9 us\u00e1-los na exposi\u00e7\u00e3o sobre a hist\u00f3ria da institui\u00e7\u00e3o ainda neste ano.<\/p>\n\n\n\n<p><\/p>\n\n\n\n<h4 class=\"wp-block-heading\">Abertura da C\u00e1psula<\/h4>\n\n\n\n<figure class=\"wp-block-image size-large\"><img decoding=\"async\" src=\"https:\/\/salesianossp.org.br\/ossjb\/wp-content\/uploads\/2020\/05\/capsula_do_tempo_externato.png\" alt=\"\" class=\"wp-image-455\"\/><figcaption>Jornal &#8220;Di\u00e1rio do Povo&#8221; de 1954 encontrado na c\u00e1psula do tempo do antigo Externato S\u00e3o Jo\u00e3o<\/figcaption><\/figure>\n\n\n\n<p>Os presentes estavam curiosos sobre o conte\u00fado de tal descoberta e olharam atentos a cada documento que era aberto pela equipe respons\u00e1vel. A c\u00e1psula era composta por uma garrafa de vidro repleta de documentos hist\u00f3ricos da institui\u00e7\u00e3o, um jornal Di\u00e1rio do Povo datado de 17 de mar\u00e7o de 1984 e um filme fotogr\u00e1fico de quatro poses, que a equipe j\u00e1 est\u00e1 se movimentando para recuperar e revelar.<\/p>\n\n\n\n<p>Dentro da garrafa, tamb\u00e9m estavam mensagens de alunos, uma nota de moeda espanhola, um escapul\u00e1rio, alguns elementos do dia a dia escolar \u2013 fichas de orat\u00f3rio e boletins de notas, por exemplo -, al\u00e9m de uma descri\u00e7\u00e3o da ent\u00e3o organiza\u00e7\u00e3o da \u00e9poca: diretor da institui\u00e7\u00e3o, prefeito da cidade e at\u00e9 do Papa que atuava em 1954.<\/p>\n\n\n\n<p><\/p>\n\n\n\n<h4 class=\"wp-block-heading\">Comemora\u00e7\u00f5es dos 110 anos<\/h4>\n\n\n\n<p>Esta foi a primeira a\u00e7\u00e3o de celebra\u00e7\u00e3o da hist\u00f3ria da institui\u00e7\u00e3o. Durante o ano, ainda ser\u00e3o realizados outros momentos, como a exposi\u00e7\u00e3o com estes artefatos e outros encontrados no arquivo, Semin\u00e1rio de A\u00e7\u00e3o Social e um jantar beneficente.<\/p>\n","protected":false},"excerpt":{"rendered":"<p>Artefato encontrado \u00e9 de alunos do Externato S\u00e3o Jo\u00e3o, que funcionou de 1909 a 1994 31 de janeiro de 2019 se tornou uma data de descobertas na Obra Social S\u00e3o Jo\u00e3o Bosco de Campinas. Ex-alunos do Externato S\u00e3o Jo\u00e3o, diretores e equipe da institui\u00e7\u00e3o se reuniram para um evento hist\u00f3rico: a abertura da c\u00e1psula do [&hellip;]<\/p>\n","protected":false},"author":27,"featured_media":117423,"comment_status":"open","ping_status":"open","sticky":false,"template":"","format":"standard","meta":{"footnotes":""},"categories":[59],"tags":[397,398,399,400,401],"class_list":["post-454","post","type-post","status-publish","format-standard","has-post-thumbnail","hentry","category-noticias","tag-artefato","tag-capsula-do-tempo","tag-externato","tag-reliquias","tag-tempo"],"yoast_head":"<!-- This site is optimized with the Yoast SEO plugin v27.4 - https:\/\/yoast.com\/product\/yoast-seo-wordpress\/ -->\n<title>C\u00e1psula do Tempo de 1954 \u00e9 aberta - Obra Social S\u00e3o Jo\u00e3o Bosco<\/title>\n<meta name=\"robots\" content=\"index, follow, max-snippet:-1, max-image-preview:large, max-video-preview:-1\" \/>\n<link rel=\"canonical\" href=\"https:\/\/salesianossp.org.br\/ossjb\/capsula-do-tempo-de-1954-e-aberta\/\" \/>\n<meta property=\"og:locale\" content=\"pt_BR\" \/>\n<meta property=\"og:type\" content=\"article\" \/>\n<meta property=\"og:title\" content=\"C\u00e1psula do Tempo de 1954 \u00e9 aberta - Obra Social S\u00e3o Jo\u00e3o Bosco\" \/>\n<meta property=\"og:description\" content=\"Artefato encontrado \u00e9 de alunos do Externato S\u00e3o Jo\u00e3o, que funcionou de 1909 a 1994 31 de janeiro de 2019 se tornou uma data de descobertas na Obra Social S\u00e3o Jo\u00e3o Bosco de Campinas. Ex-alunos do Externato S\u00e3o Jo\u00e3o, diretores e equipe da institui\u00e7\u00e3o se reuniram para um evento hist\u00f3rico: a abertura da c\u00e1psula do [&hellip;]\" \/>\n<meta property=\"og:url\" content=\"https:\/\/salesianossp.org.br\/ossjb\/capsula-do-tempo-de-1954-e-aberta\/\" \/>\n<meta property=\"og:site_name\" content=\"Obra Social S\u00e3o Jo\u00e3o Bosco\" \/>\n<meta property=\"article:publisher\" content=\"https:\/\/www.facebook.com\/OSSJBCampinas\/\" \/>\n<meta property=\"article:published_time\" content=\"2019-02-01T19:07:00+00:00\" \/>\n<meta property=\"og:image\" content=\"https:\/\/salesianossp.org.br\/ossjb\/wp-content\/uploads\/2020\/05\/2019.2.1-Capsula-do-Tempo-dentro-da-estrutura-do-busto-de-Dom-Bosco.png\" \/>\n\t<meta property=\"og:image:width\" content=\"800\" \/>\n\t<meta property=\"og:image:height\" content=\"533\" \/>\n\t<meta property=\"og:image:type\" content=\"image\/png\" \/>\n<meta name=\"author\" content=\"Lucas Rodrigues\" \/>\n<meta name=\"twitter:card\" content=\"summary_large_image\" \/>\n<meta name=\"twitter:label1\" content=\"Escrito por\" \/>\n\t<meta name=\"twitter:data1\" content=\"Lucas Rodrigues\" \/>\n\t<meta name=\"twitter:label2\" content=\"Est. tempo de leitura\" \/>\n\t<meta name=\"twitter:data2\" content=\"3 minutos\" \/>\n<script type=\"application\/ld+json\" class=\"yoast-schema-graph\">{\"@context\":\"https:\\\/\\\/schema.org\",\"@graph\":[{\"@type\":\"Article\",\"@id\":\"https:\\\/\\\/salesianossp.org.br\\\/ossjb\\\/capsula-do-tempo-de-1954-e-aberta\\\/#article\",\"isPartOf\":{\"@id\":\"https:\\\/\\\/salesianossp.org.br\\\/ossjb\\\/capsula-do-tempo-de-1954-e-aberta\\\/\"},\"author\":{\"name\":\"Lucas Rodrigues\",\"@id\":\"https:\\\/\\\/salesianossp.org.br\\\/ossjb\\\/#\\\/schema\\\/person\\\/4bc2abdbcf1d3120dd16324624dcdb93\"},\"headline\":\"C\u00e1psula do Tempo de 1954 \u00e9 aberta\",\"datePublished\":\"2019-02-01T19:07:00+00:00\",\"mainEntityOfPage\":{\"@id\":\"https:\\\/\\\/salesianossp.org.br\\\/ossjb\\\/capsula-do-tempo-de-1954-e-aberta\\\/\"},\"wordCount\":529,\"commentCount\":0,\"publisher\":{\"@id\":\"https:\\\/\\\/salesianossp.org.br\\\/ossjb\\\/#organization\"},\"image\":{\"@id\":\"https:\\\/\\\/salesianossp.org.br\\\/ossjb\\\/capsula-do-tempo-de-1954-e-aberta\\\/#primaryimage\"},\"thumbnailUrl\":\"https:\\\/\\\/salesianossp.org.br\\\/ossjb\\\/wp-content\\\/uploads\\\/2020\\\/05\\\/2019.2.1-Capsula-do-Tempo-dentro-da-estrutura-do-busto-de-Dom-Bosco.png\",\"keywords\":[\"artefato\",\"c\u00e1psula do tempo\",\"externato\",\"rel\u00edquias\",\"tempo\"],\"articleSection\":[\"Not\u00edcias\"],\"inLanguage\":\"pt-BR\",\"potentialAction\":[{\"@type\":\"CommentAction\",\"name\":\"Comment\",\"target\":[\"https:\\\/\\\/salesianossp.org.br\\\/ossjb\\\/capsula-do-tempo-de-1954-e-aberta\\\/#respond\"]}]},{\"@type\":\"WebPage\",\"@id\":\"https:\\\/\\\/salesianossp.org.br\\\/ossjb\\\/capsula-do-tempo-de-1954-e-aberta\\\/\",\"url\":\"https:\\\/\\\/salesianossp.org.br\\\/ossjb\\\/capsula-do-tempo-de-1954-e-aberta\\\/\",\"name\":\"C\u00e1psula do Tempo de 1954 \u00e9 aberta - Obra Social S\u00e3o Jo\u00e3o Bosco\",\"isPartOf\":{\"@id\":\"https:\\\/\\\/salesianossp.org.br\\\/ossjb\\\/#website\"},\"primaryImageOfPage\":{\"@id\":\"https:\\\/\\\/salesianossp.org.br\\\/ossjb\\\/capsula-do-tempo-de-1954-e-aberta\\\/#primaryimage\"},\"image\":{\"@id\":\"https:\\\/\\\/salesianossp.org.br\\\/ossjb\\\/capsula-do-tempo-de-1954-e-aberta\\\/#primaryimage\"},\"thumbnailUrl\":\"https:\\\/\\\/salesianossp.org.br\\\/ossjb\\\/wp-content\\\/uploads\\\/2020\\\/05\\\/2019.2.1-Capsula-do-Tempo-dentro-da-estrutura-do-busto-de-Dom-Bosco.png\",\"datePublished\":\"2019-02-01T19:07:00+00:00\",\"breadcrumb\":{\"@id\":\"https:\\\/\\\/salesianossp.org.br\\\/ossjb\\\/capsula-do-tempo-de-1954-e-aberta\\\/#breadcrumb\"},\"inLanguage\":\"pt-BR\",\"potentialAction\":[{\"@type\":\"ReadAction\",\"target\":[\"https:\\\/\\\/salesianossp.org.br\\\/ossjb\\\/capsula-do-tempo-de-1954-e-aberta\\\/\"]}]},{\"@type\":\"ImageObject\",\"inLanguage\":\"pt-BR\",\"@id\":\"https:\\\/\\\/salesianossp.org.br\\\/ossjb\\\/capsula-do-tempo-de-1954-e-aberta\\\/#primaryimage\",\"url\":\"https:\\\/\\\/salesianossp.org.br\\\/ossjb\\\/wp-content\\\/uploads\\\/2020\\\/05\\\/2019.2.1-Capsula-do-Tempo-dentro-da-estrutura-do-busto-de-Dom-Bosco.png\",\"contentUrl\":\"https:\\\/\\\/salesianossp.org.br\\\/ossjb\\\/wp-content\\\/uploads\\\/2020\\\/05\\\/2019.2.1-Capsula-do-Tempo-dentro-da-estrutura-do-busto-de-Dom-Bosco.png\",\"width\":800,\"height\":533,\"caption\":\"C\u00e1psula do Tempo: objetos estavam dentro de uma garrafa, enrolados no jornal de 1954\"},{\"@type\":\"BreadcrumbList\",\"@id\":\"https:\\\/\\\/salesianossp.org.br\\\/ossjb\\\/capsula-do-tempo-de-1954-e-aberta\\\/#breadcrumb\",\"itemListElement\":[{\"@type\":\"ListItem\",\"position\":1,\"name\":\"In\u00edcio\",\"item\":\"https:\\\/\\\/salesianossp.org.br\\\/ossjb\\\/\"},{\"@type\":\"ListItem\",\"position\":2,\"name\":\"C\u00e1psula do Tempo de 1954 \u00e9 aberta\"}]},{\"@type\":\"WebSite\",\"@id\":\"https:\\\/\\\/salesianossp.org.br\\\/ossjb\\\/#website\",\"url\":\"https:\\\/\\\/salesianossp.org.br\\\/ossjb\\\/\",\"name\":\"Obra Social S\u00e3o Jo\u00e3o Bosco\",\"description\":\"\",\"publisher\":{\"@id\":\"https:\\\/\\\/salesianossp.org.br\\\/ossjb\\\/#organization\"},\"potentialAction\":[{\"@type\":\"SearchAction\",\"target\":{\"@type\":\"EntryPoint\",\"urlTemplate\":\"https:\\\/\\\/salesianossp.org.br\\\/ossjb\\\/?s={search_term_string}\"},\"query-input\":{\"@type\":\"PropertyValueSpecification\",\"valueRequired\":true,\"valueName\":\"search_term_string\"}}],\"inLanguage\":\"pt-BR\"},{\"@type\":\"Organization\",\"@id\":\"https:\\\/\\\/salesianossp.org.br\\\/ossjb\\\/#organization\",\"name\":\"Obra Social S\u00e3o Jo\u00e3o Bosco\",\"url\":\"https:\\\/\\\/salesianossp.org.br\\\/ossjb\\\/\",\"logo\":{\"@type\":\"ImageObject\",\"inLanguage\":\"pt-BR\",\"@id\":\"https:\\\/\\\/salesianossp.org.br\\\/ossjb\\\/#\\\/schema\\\/logo\\\/image\\\/\",\"url\":\"https:\\\/\\\/salesianossp.org.br\\\/ossjb\\\/wp-content\\\/uploads\\\/2025\\\/10\\\/logotipo-obra-social-sao-joao-bosco-color-56.svg\",\"contentUrl\":\"https:\\\/\\\/salesianossp.org.br\\\/ossjb\\\/wp-content\\\/uploads\\\/2025\\\/10\\\/logotipo-obra-social-sao-joao-bosco-color-56.svg\",\"width\":185,\"height\":56,\"caption\":\"Obra Social S\u00e3o Jo\u00e3o Bosco\"},\"image\":{\"@id\":\"https:\\\/\\\/salesianossp.org.br\\\/ossjb\\\/#\\\/schema\\\/logo\\\/image\\\/\"},\"sameAs\":[\"https:\\\/\\\/www.facebook.com\\\/OSSJBCampinas\\\/\",\"https:\\\/\\\/www.instagram.com\\\/ossjbcampinas\\\/\",\"https:\\\/\\\/www.youtube.com\\\/channel\\\/UClNa7qdZCtP9uzs5b0nG2LQ\\\/featured\"]},{\"@type\":\"Person\",\"@id\":\"https:\\\/\\\/salesianossp.org.br\\\/ossjb\\\/#\\\/schema\\\/person\\\/4bc2abdbcf1d3120dd16324624dcdb93\",\"name\":\"Lucas Rodrigues\",\"image\":{\"@type\":\"ImageObject\",\"inLanguage\":\"pt-BR\",\"@id\":\"https:\\\/\\\/secure.gravatar.com\\\/avatar\\\/0ad9c966c6ed3335d7fffe2c3b88880dd298c0817b71e20a6955c38f2a53f746?s=96&d=mm&r=g\",\"url\":\"https:\\\/\\\/secure.gravatar.com\\\/avatar\\\/0ad9c966c6ed3335d7fffe2c3b88880dd298c0817b71e20a6955c38f2a53f746?s=96&d=mm&r=g\",\"contentUrl\":\"https:\\\/\\\/secure.gravatar.com\\\/avatar\\\/0ad9c966c6ed3335d7fffe2c3b88880dd298c0817b71e20a6955c38f2a53f746?s=96&d=mm&r=g\",\"caption\":\"Lucas Rodrigues\"},\"url\":\"https:\\\/\\\/salesianossp.org.br\\\/ossjb\\\/author\\\/lucas-rodrigues\\\/\"}]}<\/script>\n<!-- \/ Yoast SEO plugin. -->","yoast_head_json":{"title":"C\u00e1psula do Tempo de 1954 \u00e9 aberta - Obra Social S\u00e3o Jo\u00e3o Bosco","robots":{"index":"index","follow":"follow","max-snippet":"max-snippet:-1","max-image-preview":"max-image-preview:large","max-video-preview":"max-video-preview:-1"},"canonical":"https:\/\/salesianossp.org.br\/ossjb\/capsula-do-tempo-de-1954-e-aberta\/","og_locale":"pt_BR","og_type":"article","og_title":"C\u00e1psula do Tempo de 1954 \u00e9 aberta - Obra Social S\u00e3o Jo\u00e3o Bosco","og_description":"Artefato encontrado \u00e9 de alunos do Externato S\u00e3o Jo\u00e3o, que funcionou de 1909 a 1994 31 de janeiro de 2019 se tornou uma data de descobertas na Obra Social S\u00e3o Jo\u00e3o Bosco de Campinas. Ex-alunos do Externato S\u00e3o Jo\u00e3o, diretores e equipe da institui\u00e7\u00e3o se reuniram para um evento hist\u00f3rico: a abertura da c\u00e1psula do [&hellip;]","og_url":"https:\/\/salesianossp.org.br\/ossjb\/capsula-do-tempo-de-1954-e-aberta\/","og_site_name":"Obra Social S\u00e3o Jo\u00e3o Bosco","article_publisher":"https:\/\/www.facebook.com\/OSSJBCampinas\/","article_published_time":"2019-02-01T19:07:00+00:00","og_image":[{"width":800,"height":533,"url":"https:\/\/salesianossp.org.br\/ossjb\/wp-content\/uploads\/2020\/05\/2019.2.1-Capsula-do-Tempo-dentro-da-estrutura-do-busto-de-Dom-Bosco.png","type":"image\/png"}],"author":"Lucas Rodrigues","twitter_card":"summary_large_image","twitter_misc":{"Escrito por":"Lucas Rodrigues","Est. tempo de leitura":"3 minutos"},"schema":{"@context":"https:\/\/schema.org","@graph":[{"@type":"Article","@id":"https:\/\/salesianossp.org.br\/ossjb\/capsula-do-tempo-de-1954-e-aberta\/#article","isPartOf":{"@id":"https:\/\/salesianossp.org.br\/ossjb\/capsula-do-tempo-de-1954-e-aberta\/"},"author":{"name":"Lucas Rodrigues","@id":"https:\/\/salesianossp.org.br\/ossjb\/#\/schema\/person\/4bc2abdbcf1d3120dd16324624dcdb93"},"headline":"C\u00e1psula do Tempo de 1954 \u00e9 aberta","datePublished":"2019-02-01T19:07:00+00:00","mainEntityOfPage":{"@id":"https:\/\/salesianossp.org.br\/ossjb\/capsula-do-tempo-de-1954-e-aberta\/"},"wordCount":529,"commentCount":0,"publisher":{"@id":"https:\/\/salesianossp.org.br\/ossjb\/#organization"},"image":{"@id":"https:\/\/salesianossp.org.br\/ossjb\/capsula-do-tempo-de-1954-e-aberta\/#primaryimage"},"thumbnailUrl":"https:\/\/salesianossp.org.br\/ossjb\/wp-content\/uploads\/2020\/05\/2019.2.1-Capsula-do-Tempo-dentro-da-estrutura-do-busto-de-Dom-Bosco.png","keywords":["artefato","c\u00e1psula do tempo","externato","rel\u00edquias","tempo"],"articleSection":["Not\u00edcias"],"inLanguage":"pt-BR","potentialAction":[{"@type":"CommentAction","name":"Comment","target":["https:\/\/salesianossp.org.br\/ossjb\/capsula-do-tempo-de-1954-e-aberta\/#respond"]}]},{"@type":"WebPage","@id":"https:\/\/salesianossp.org.br\/ossjb\/capsula-do-tempo-de-1954-e-aberta\/","url":"https:\/\/salesianossp.org.br\/ossjb\/capsula-do-tempo-de-1954-e-aberta\/","name":"C\u00e1psula do Tempo de 1954 \u00e9 aberta - Obra Social S\u00e3o Jo\u00e3o Bosco","isPartOf":{"@id":"https:\/\/salesianossp.org.br\/ossjb\/#website"},"primaryImageOfPage":{"@id":"https:\/\/salesianossp.org.br\/ossjb\/capsula-do-tempo-de-1954-e-aberta\/#primaryimage"},"image":{"@id":"https:\/\/salesianossp.org.br\/ossjb\/capsula-do-tempo-de-1954-e-aberta\/#primaryimage"},"thumbnailUrl":"https:\/\/salesianossp.org.br\/ossjb\/wp-content\/uploads\/2020\/05\/2019.2.1-Capsula-do-Tempo-dentro-da-estrutura-do-busto-de-Dom-Bosco.png","datePublished":"2019-02-01T19:07:00+00:00","breadcrumb":{"@id":"https:\/\/salesianossp.org.br\/ossjb\/capsula-do-tempo-de-1954-e-aberta\/#breadcrumb"},"inLanguage":"pt-BR","potentialAction":[{"@type":"ReadAction","target":["https:\/\/salesianossp.org.br\/ossjb\/capsula-do-tempo-de-1954-e-aberta\/"]}]},{"@type":"ImageObject","inLanguage":"pt-BR","@id":"https:\/\/salesianossp.org.br\/ossjb\/capsula-do-tempo-de-1954-e-aberta\/#primaryimage","url":"https:\/\/salesianossp.org.br\/ossjb\/wp-content\/uploads\/2020\/05\/2019.2.1-Capsula-do-Tempo-dentro-da-estrutura-do-busto-de-Dom-Bosco.png","contentUrl":"https:\/\/salesianossp.org.br\/ossjb\/wp-content\/uploads\/2020\/05\/2019.2.1-Capsula-do-Tempo-dentro-da-estrutura-do-busto-de-Dom-Bosco.png","width":800,"height":533,"caption":"C\u00e1psula do Tempo: objetos estavam dentro de uma garrafa, enrolados no jornal de 1954"},{"@type":"BreadcrumbList","@id":"https:\/\/salesianossp.org.br\/ossjb\/capsula-do-tempo-de-1954-e-aberta\/#breadcrumb","itemListElement":[{"@type":"ListItem","position":1,"name":"In\u00edcio","item":"https:\/\/salesianossp.org.br\/ossjb\/"},{"@type":"ListItem","position":2,"name":"C\u00e1psula do Tempo de 1954 \u00e9 aberta"}]},{"@type":"WebSite","@id":"https:\/\/salesianossp.org.br\/ossjb\/#website","url":"https:\/\/salesianossp.org.br\/ossjb\/","name":"Obra Social S\u00e3o Jo\u00e3o Bosco","description":"","publisher":{"@id":"https:\/\/salesianossp.org.br\/ossjb\/#organization"},"potentialAction":[{"@type":"SearchAction","target":{"@type":"EntryPoint","urlTemplate":"https:\/\/salesianossp.org.br\/ossjb\/?s={search_term_string}"},"query-input":{"@type":"PropertyValueSpecification","valueRequired":true,"valueName":"search_term_string"}}],"inLanguage":"pt-BR"},{"@type":"Organization","@id":"https:\/\/salesianossp.org.br\/ossjb\/#organization","name":"Obra Social S\u00e3o Jo\u00e3o Bosco","url":"https:\/\/salesianossp.org.br\/ossjb\/","logo":{"@type":"ImageObject","inLanguage":"pt-BR","@id":"https:\/\/salesianossp.org.br\/ossjb\/#\/schema\/logo\/image\/","url":"https:\/\/salesianossp.org.br\/ossjb\/wp-content\/uploads\/2025\/10\/logotipo-obra-social-sao-joao-bosco-color-56.svg","contentUrl":"https:\/\/salesianossp.org.br\/ossjb\/wp-content\/uploads\/2025\/10\/logotipo-obra-social-sao-joao-bosco-color-56.svg","width":185,"height":56,"caption":"Obra Social S\u00e3o Jo\u00e3o Bosco"},"image":{"@id":"https:\/\/salesianossp.org.br\/ossjb\/#\/schema\/logo\/image\/"},"sameAs":["https:\/\/www.facebook.com\/OSSJBCampinas\/","https:\/\/www.instagram.com\/ossjbcampinas\/","https:\/\/www.youtube.com\/channel\/UClNa7qdZCtP9uzs5b0nG2LQ\/featured"]},{"@type":"Person","@id":"https:\/\/salesianossp.org.br\/ossjb\/#\/schema\/person\/4bc2abdbcf1d3120dd16324624dcdb93","name":"Lucas Rodrigues","image":{"@type":"ImageObject","inLanguage":"pt-BR","@id":"https:\/\/secure.gravatar.com\/avatar\/0ad9c966c6ed3335d7fffe2c3b88880dd298c0817b71e20a6955c38f2a53f746?s=96&d=mm&r=g","url":"https:\/\/secure.gravatar.com\/avatar\/0ad9c966c6ed3335d7fffe2c3b88880dd298c0817b71e20a6955c38f2a53f746?s=96&d=mm&r=g","contentUrl":"https:\/\/secure.gravatar.com\/avatar\/0ad9c966c6ed3335d7fffe2c3b88880dd298c0817b71e20a6955c38f2a53f746?s=96&d=mm&r=g","caption":"Lucas Rodrigues"},"url":"https:\/\/salesianossp.org.br\/ossjb\/author\/lucas-rodrigues\/"}]}},"_links":{"self":[{"href":"https:\/\/salesianossp.org.br\/ossjb\/wp-json\/wp\/v2\/posts\/454","targetHints":{"allow":["GET"]}}],"collection":[{"href":"https:\/\/salesianossp.org.br\/ossjb\/wp-json\/wp\/v2\/posts"}],"about":[{"href":"https:\/\/salesianossp.org.br\/ossjb\/wp-json\/wp\/v2\/types\/post"}],"author":[{"embeddable":true,"href":"https:\/\/salesianossp.org.br\/ossjb\/wp-json\/wp\/v2\/users\/27"}],"replies":[{"embeddable":true,"href":"https:\/\/salesianossp.org.br\/ossjb\/wp-json\/wp\/v2\/comments?post=454"}],"version-history":[{"count":0,"href":"https:\/\/salesianossp.org.br\/ossjb\/wp-json\/wp\/v2\/posts\/454\/revisions"}],"wp:featuredmedia":[{"embeddable":true,"href":"https:\/\/salesianossp.org.br\/ossjb\/wp-json\/wp\/v2\/media\/117423"}],"wp:attachment":[{"href":"https:\/\/salesianossp.org.br\/ossjb\/wp-json\/wp\/v2\/media?parent=454"}],"wp:term":[{"taxonomy":"category","embeddable":true,"href":"https:\/\/salesianossp.org.br\/ossjb\/wp-json\/wp\/v2\/categories?post=454"},{"taxonomy":"post_tag","embeddable":true,"href":"https:\/\/salesianossp.org.br\/ossjb\/wp-json\/wp\/v2\/tags?post=454"}],"curies":[{"name":"wp","href":"https:\/\/api.w.org\/{rel}","templated":true}]}}