{"id":5114,"date":"2022-11-23T16:18:42","date_gmt":"2022-11-23T19:18:42","guid":{"rendered":"https:\/\/salesianossp.org.br\/ossjb\/?p=5114"},"modified":"2022-11-23T16:18:42","modified_gmt":"2022-11-23T19:18:42","slug":"criancas-da-educacao-infantil-participam-do-fest-kids-2022","status":"publish","type":"post","link":"https:\/\/salesianossp.org.br\/ossjb\/criancas-da-educacao-infantil-participam-do-fest-kids-2022\/","title":{"rendered":"Crian\u00e7as da Educa\u00e7\u00e3o Infantil participam do Fest Kids 2022"},"content":{"rendered":"\n<h4 class=\"wp-block-heading\">Evento foi realizado na \u00faltima quinta-feira, 17 de novembro, como um momento festivo para as crian\u00e7as<\/h4>\n\n\n\n<p>O Festival da Juventude Salesiana j\u00e1 \u00e9 uma tradi\u00e7\u00e3o entre os jovens e adolescentes que participam das atividades nas casas salesianas. E a Obra Social S\u00e3o Jo\u00e3o Bosco, em Campinas, promove um momento festivo tamb\u00e9m aos pequenos atendidos pela educa\u00e7\u00e3o infantil.<\/p>\n\n\n\n<p>Ap\u00f3s dois anos sem poder realizar a festa, as unidades de educa\u00e7\u00e3o infantil festejaram com as crian\u00e7as de 5 anos, que se preparam para partirem para o Ensino Fundamental em 2023. Neste ano,o evento foi realizado no dia 17 de novembro e contou com uma programa\u00e7\u00e3o animada para os pequenos.<\/p>\n\n\n\n<figure class=\"wp-block-image size-large is-style-rounded\"><img fetchpriority=\"high\" decoding=\"async\" width=\"1024\" height=\"576\" src=\"https:\/\/salesianossp.org.br\/ossjb\/wp-content\/uploads\/2022\/11\/WhatsApp-Image-2022-11-17-at-11.21.30-3-1024x576.jpeg\" alt=\"\" class=\"wp-image-5115\" srcset=\"https:\/\/salesianossp.org.br\/ossjb\/wp-content\/uploads\/2022\/11\/WhatsApp-Image-2022-11-17-at-11.21.30-3-1024x576.jpeg 1024w, https:\/\/salesianossp.org.br\/ossjb\/wp-content\/uploads\/2022\/11\/WhatsApp-Image-2022-11-17-at-11.21.30-3-300x169.jpeg 300w, https:\/\/salesianossp.org.br\/ossjb\/wp-content\/uploads\/2022\/11\/WhatsApp-Image-2022-11-17-at-11.21.30-3-768x432.jpeg 768w, https:\/\/salesianossp.org.br\/ossjb\/wp-content\/uploads\/2022\/11\/WhatsApp-Image-2022-11-17-at-11.21.30-3-1536x864.jpeg 1536w, https:\/\/salesianossp.org.br\/ossjb\/wp-content\/uploads\/2022\/11\/WhatsApp-Image-2022-11-17-at-11.21.30-3.jpeg 1599w\" sizes=\"(max-width: 1024px) 100vw, 1024px\" \/><figcaption class=\"wp-element-caption\">Momento de Oficinas no Fest Kids 2022<\/figcaption><\/figure>\n\n\n\n<p>O dia come\u00e7ou com um Bom Dia especial contando a hist\u00f3ria do Caso do Rabanete, cuja moral \u00e9 mostrar aos ouvintes que a alegria da vida \u00e9 realizar algo em conjunto. Logo ap\u00f3s o Bom Dia, as crian\u00e7as puderam vivenciar um momento de dan\u00e7a e anima\u00e7\u00e3o, com m\u00fasicas infantis coreografadas.<\/p>\n\n\n\n<p>As crian\u00e7as foram divididas em equipes que mesclavam alunos de nossas tr\u00eas unidades de educa\u00e7\u00e3o infantil &#8211; CEI Pref. Francisco Amaral (Vila Taubat\u00e9), CEI Prof. Darcy Ribeiro (Vida Nova) e CEI Dom Bosquinho (Centro) -, a fim de ampliar as rela\u00e7\u00f5es e a intera\u00e7\u00e3o entre os pequenos.<\/p>\n\n\n\n<p>E as equipes participaram de diferentes oficinas, como corrida do saco, cabo de guerra, pi\u00e3o, dan\u00e7a da cadeira, circuito, entre outras atividades.<\/p>\n\n\n\n<p>O Fest Kids foi finalizado com um delicioso almo\u00e7o preparado pela equipe especialmente para este dia.<\/p>\n\n\n\n<figure class=\"wp-block-gallery has-nested-images columns-default is-cropped wp-block-gallery-1 is-layout-flex wp-block-gallery-is-layout-flex\">\n<figure class=\"wp-block-image size-large\"><img decoding=\"async\" width=\"1024\" height=\"576\" data-id=\"5117\" src=\"https:\/\/salesianossp.org.br\/ossjb\/wp-content\/uploads\/2022\/11\/WhatsApp-Image-2022-11-17-at-11.21.26-1-1024x576.jpeg\" alt=\"\" class=\"wp-image-5117\" srcset=\"https:\/\/salesianossp.org.br\/ossjb\/wp-content\/uploads\/2022\/11\/WhatsApp-Image-2022-11-17-at-11.21.26-1-1024x576.jpeg 1024w, https:\/\/salesianossp.org.br\/ossjb\/wp-content\/uploads\/2022\/11\/WhatsApp-Image-2022-11-17-at-11.21.26-1-300x169.jpeg 300w, https:\/\/salesianossp.org.br\/ossjb\/wp-content\/uploads\/2022\/11\/WhatsApp-Image-2022-11-17-at-11.21.26-1-768x432.jpeg 768w, https:\/\/salesianossp.org.br\/ossjb\/wp-content\/uploads\/2022\/11\/WhatsApp-Image-2022-11-17-at-11.21.26-1-1536x864.jpeg 1536w, https:\/\/salesianossp.org.br\/ossjb\/wp-content\/uploads\/2022\/11\/WhatsApp-Image-2022-11-17-at-11.21.26-1.jpeg 1599w\" sizes=\"(max-width: 1024px) 100vw, 1024px\" \/><\/figure>\n\n\n\n<figure class=\"wp-block-image size-large\"><img decoding=\"async\" width=\"1024\" height=\"576\" data-id=\"5118\" src=\"https:\/\/salesianossp.org.br\/ossjb\/wp-content\/uploads\/2022\/11\/WhatsApp-Image-2022-11-17-at-11.21.27-1-1024x576.jpeg\" alt=\"\" class=\"wp-image-5118\" srcset=\"https:\/\/salesianossp.org.br\/ossjb\/wp-content\/uploads\/2022\/11\/WhatsApp-Image-2022-11-17-at-11.21.27-1-1024x576.jpeg 1024w, https:\/\/salesianossp.org.br\/ossjb\/wp-content\/uploads\/2022\/11\/WhatsApp-Image-2022-11-17-at-11.21.27-1-300x169.jpeg 300w, https:\/\/salesianossp.org.br\/ossjb\/wp-content\/uploads\/2022\/11\/WhatsApp-Image-2022-11-17-at-11.21.27-1-768x432.jpeg 768w, https:\/\/salesianossp.org.br\/ossjb\/wp-content\/uploads\/2022\/11\/WhatsApp-Image-2022-11-17-at-11.21.27-1-1536x864.jpeg 1536w, https:\/\/salesianossp.org.br\/ossjb\/wp-content\/uploads\/2022\/11\/WhatsApp-Image-2022-11-17-at-11.21.27-1.jpeg 1599w\" sizes=\"(max-width: 1024px) 100vw, 1024px\" \/><\/figure>\n\n\n\n<figure class=\"wp-block-image size-large\"><img loading=\"lazy\" decoding=\"async\" width=\"1024\" height=\"576\" data-id=\"5120\" src=\"https:\/\/salesianossp.org.br\/ossjb\/wp-content\/uploads\/2022\/11\/WhatsApp-Image-2022-11-17-at-11.21.27-1024x576.jpeg\" alt=\"\" class=\"wp-image-5120\" srcset=\"https:\/\/salesianossp.org.br\/ossjb\/wp-content\/uploads\/2022\/11\/WhatsApp-Image-2022-11-17-at-11.21.27-1024x576.jpeg 1024w, https:\/\/salesianossp.org.br\/ossjb\/wp-content\/uploads\/2022\/11\/WhatsApp-Image-2022-11-17-at-11.21.27-300x169.jpeg 300w, https:\/\/salesianossp.org.br\/ossjb\/wp-content\/uploads\/2022\/11\/WhatsApp-Image-2022-11-17-at-11.21.27-768x432.jpeg 768w, https:\/\/salesianossp.org.br\/ossjb\/wp-content\/uploads\/2022\/11\/WhatsApp-Image-2022-11-17-at-11.21.27-1536x864.jpeg 1536w, https:\/\/salesianossp.org.br\/ossjb\/wp-content\/uploads\/2022\/11\/WhatsApp-Image-2022-11-17-at-11.21.27.jpeg 1599w\" sizes=\"(max-width: 1024px) 100vw, 1024px\" \/><\/figure>\n\n\n\n<figure class=\"wp-block-image size-large\"><img loading=\"lazy\" decoding=\"async\" width=\"1024\" height=\"576\" data-id=\"5121\" src=\"https:\/\/salesianossp.org.br\/ossjb\/wp-content\/uploads\/2022\/11\/WhatsApp-Image-2022-11-17-at-11.21.28-1024x576.jpeg\" alt=\"\" class=\"wp-image-5121\" srcset=\"https:\/\/salesianossp.org.br\/ossjb\/wp-content\/uploads\/2022\/11\/WhatsApp-Image-2022-11-17-at-11.21.28-1024x576.jpeg 1024w, https:\/\/salesianossp.org.br\/ossjb\/wp-content\/uploads\/2022\/11\/WhatsApp-Image-2022-11-17-at-11.21.28-300x169.jpeg 300w, https:\/\/salesianossp.org.br\/ossjb\/wp-content\/uploads\/2022\/11\/WhatsApp-Image-2022-11-17-at-11.21.28-768x432.jpeg 768w, https:\/\/salesianossp.org.br\/ossjb\/wp-content\/uploads\/2022\/11\/WhatsApp-Image-2022-11-17-at-11.21.28-1536x864.jpeg 1536w, https:\/\/salesianossp.org.br\/ossjb\/wp-content\/uploads\/2022\/11\/WhatsApp-Image-2022-11-17-at-11.21.28.jpeg 1599w\" sizes=\"(max-width: 1024px) 100vw, 1024px\" \/><\/figure>\n\n\n\n<figure class=\"wp-block-image size-large\"><img loading=\"lazy\" decoding=\"async\" width=\"1024\" height=\"576\" data-id=\"5123\" src=\"https:\/\/salesianossp.org.br\/ossjb\/wp-content\/uploads\/2022\/11\/WhatsApp-Image-2022-11-17-at-11.21.29-1-1024x576.jpeg\" alt=\"\" class=\"wp-image-5123\" srcset=\"https:\/\/salesianossp.org.br\/ossjb\/wp-content\/uploads\/2022\/11\/WhatsApp-Image-2022-11-17-at-11.21.29-1-1024x576.jpeg 1024w, https:\/\/salesianossp.org.br\/ossjb\/wp-content\/uploads\/2022\/11\/WhatsApp-Image-2022-11-17-at-11.21.29-1-300x169.jpeg 300w, https:\/\/salesianossp.org.br\/ossjb\/wp-content\/uploads\/2022\/11\/WhatsApp-Image-2022-11-17-at-11.21.29-1-768x432.jpeg 768w, https:\/\/salesianossp.org.br\/ossjb\/wp-content\/uploads\/2022\/11\/WhatsApp-Image-2022-11-17-at-11.21.29-1-1536x864.jpeg 1536w, https:\/\/salesianossp.org.br\/ossjb\/wp-content\/uploads\/2022\/11\/WhatsApp-Image-2022-11-17-at-11.21.29-1.jpeg 1599w\" sizes=\"(max-width: 1024px) 100vw, 1024px\" \/><\/figure>\n\n\n\n<figure class=\"wp-block-image size-large\"><img loading=\"lazy\" decoding=\"async\" width=\"1024\" height=\"576\" data-id=\"5131\" src=\"https:\/\/salesianossp.org.br\/ossjb\/wp-content\/uploads\/2022\/11\/WhatsApp-Image-2022-11-17-at-11.21.29-2-1024x576.jpeg\" alt=\"\" class=\"wp-image-5131\" srcset=\"https:\/\/salesianossp.org.br\/ossjb\/wp-content\/uploads\/2022\/11\/WhatsApp-Image-2022-11-17-at-11.21.29-2-1024x576.jpeg 1024w, https:\/\/salesianossp.org.br\/ossjb\/wp-content\/uploads\/2022\/11\/WhatsApp-Image-2022-11-17-at-11.21.29-2-300x169.jpeg 300w, https:\/\/salesianossp.org.br\/ossjb\/wp-content\/uploads\/2022\/11\/WhatsApp-Image-2022-11-17-at-11.21.29-2-768x432.jpeg 768w, https:\/\/salesianossp.org.br\/ossjb\/wp-content\/uploads\/2022\/11\/WhatsApp-Image-2022-11-17-at-11.21.29-2-1536x864.jpeg 1536w, https:\/\/salesianossp.org.br\/ossjb\/wp-content\/uploads\/2022\/11\/WhatsApp-Image-2022-11-17-at-11.21.29-2.jpeg 1599w\" sizes=\"(max-width: 1024px) 100vw, 1024px\" \/><\/figure>\n\n\n\n<figure class=\"wp-block-image size-large\"><img loading=\"lazy\" decoding=\"async\" width=\"1024\" height=\"576\" data-id=\"5127\" src=\"https:\/\/salesianossp.org.br\/ossjb\/wp-content\/uploads\/2022\/11\/WhatsApp-Image-2022-11-17-at-11.21.29-3-1024x576.jpeg\" alt=\"\" class=\"wp-image-5127\" srcset=\"https:\/\/salesianossp.org.br\/ossjb\/wp-content\/uploads\/2022\/11\/WhatsApp-Image-2022-11-17-at-11.21.29-3-1024x576.jpeg 1024w, https:\/\/salesianossp.org.br\/ossjb\/wp-content\/uploads\/2022\/11\/WhatsApp-Image-2022-11-17-at-11.21.29-3-300x169.jpeg 300w, https:\/\/salesianossp.org.br\/ossjb\/wp-content\/uploads\/2022\/11\/WhatsApp-Image-2022-11-17-at-11.21.29-3-768x432.jpeg 768w, https:\/\/salesianossp.org.br\/ossjb\/wp-content\/uploads\/2022\/11\/WhatsApp-Image-2022-11-17-at-11.21.29-3-1536x864.jpeg 1536w, https:\/\/salesianossp.org.br\/ossjb\/wp-content\/uploads\/2022\/11\/WhatsApp-Image-2022-11-17-at-11.21.29-3.jpeg 1599w\" sizes=\"(max-width: 1024px) 100vw, 1024px\" \/><\/figure>\n\n\n\n<figure class=\"wp-block-image size-large\"><img loading=\"lazy\" decoding=\"async\" width=\"1024\" height=\"576\" data-id=\"5122\" src=\"https:\/\/salesianossp.org.br\/ossjb\/wp-content\/uploads\/2022\/11\/WhatsApp-Image-2022-11-17-at-11.21.29-1024x576.jpeg\" alt=\"\" class=\"wp-image-5122\" srcset=\"https:\/\/salesianossp.org.br\/ossjb\/wp-content\/uploads\/2022\/11\/WhatsApp-Image-2022-11-17-at-11.21.29-1024x576.jpeg 1024w, https:\/\/salesianossp.org.br\/ossjb\/wp-content\/uploads\/2022\/11\/WhatsApp-Image-2022-11-17-at-11.21.29-300x169.jpeg 300w, https:\/\/salesianossp.org.br\/ossjb\/wp-content\/uploads\/2022\/11\/WhatsApp-Image-2022-11-17-at-11.21.29-768x432.jpeg 768w, https:\/\/salesianossp.org.br\/ossjb\/wp-content\/uploads\/2022\/11\/WhatsApp-Image-2022-11-17-at-11.21.29-1536x864.jpeg 1536w, https:\/\/salesianossp.org.br\/ossjb\/wp-content\/uploads\/2022\/11\/WhatsApp-Image-2022-11-17-at-11.21.29.jpeg 1599w\" sizes=\"(max-width: 1024px) 100vw, 1024px\" \/><\/figure>\n\n\n\n<figure class=\"wp-block-image size-large\"><img loading=\"lazy\" decoding=\"async\" width=\"1024\" height=\"576\" data-id=\"5134\" src=\"https:\/\/salesianossp.org.br\/ossjb\/wp-content\/uploads\/2022\/11\/WhatsApp-Image-2022-11-17-at-11.21.30-1-1024x576.jpeg\" alt=\"\" class=\"wp-image-5134\" srcset=\"https:\/\/salesianossp.org.br\/ossjb\/wp-content\/uploads\/2022\/11\/WhatsApp-Image-2022-11-17-at-11.21.30-1-1024x576.jpeg 1024w, https:\/\/salesianossp.org.br\/ossjb\/wp-content\/uploads\/2022\/11\/WhatsApp-Image-2022-11-17-at-11.21.30-1-300x169.jpeg 300w, https:\/\/salesianossp.org.br\/ossjb\/wp-content\/uploads\/2022\/11\/WhatsApp-Image-2022-11-17-at-11.21.30-1-768x432.jpeg 768w, https:\/\/salesianossp.org.br\/ossjb\/wp-content\/uploads\/2022\/11\/WhatsApp-Image-2022-11-17-at-11.21.30-1-1536x864.jpeg 1536w, https:\/\/salesianossp.org.br\/ossjb\/wp-content\/uploads\/2022\/11\/WhatsApp-Image-2022-11-17-at-11.21.30-1.jpeg 1599w\" sizes=\"(max-width: 1024px) 100vw, 1024px\" \/><\/figure>\n\n\n\n<figure class=\"wp-block-image size-large\"><img loading=\"lazy\" decoding=\"async\" width=\"1024\" height=\"576\" data-id=\"5130\" src=\"https:\/\/salesianossp.org.br\/ossjb\/wp-content\/uploads\/2022\/11\/WhatsApp-Image-2022-11-17-at-11.21.30-2-1024x576.jpeg\" alt=\"\" class=\"wp-image-5130\" srcset=\"https:\/\/salesianossp.org.br\/ossjb\/wp-content\/uploads\/2022\/11\/WhatsApp-Image-2022-11-17-at-11.21.30-2-1024x576.jpeg 1024w, https:\/\/salesianossp.org.br\/ossjb\/wp-content\/uploads\/2022\/11\/WhatsApp-Image-2022-11-17-at-11.21.30-2-300x169.jpeg 300w, https:\/\/salesianossp.org.br\/ossjb\/wp-content\/uploads\/2022\/11\/WhatsApp-Image-2022-11-17-at-11.21.30-2-768x432.jpeg 768w, https:\/\/salesianossp.org.br\/ossjb\/wp-content\/uploads\/2022\/11\/WhatsApp-Image-2022-11-17-at-11.21.30-2-1536x864.jpeg 1536w, https:\/\/salesianossp.org.br\/ossjb\/wp-content\/uploads\/2022\/11\/WhatsApp-Image-2022-11-17-at-11.21.30-2.jpeg 1599w\" sizes=\"(max-width: 1024px) 100vw, 1024px\" \/><\/figure>\n\n\n\n<figure class=\"wp-block-image size-large\"><img loading=\"lazy\" decoding=\"async\" width=\"1024\" height=\"576\" data-id=\"5136\" src=\"https:\/\/salesianossp.org.br\/ossjb\/wp-content\/uploads\/2022\/11\/WhatsApp-Image-2022-11-17-at-11.21.30-3-1-1024x576.jpeg\" alt=\"\" class=\"wp-image-5136\" srcset=\"https:\/\/salesianossp.org.br\/ossjb\/wp-content\/uploads\/2022\/11\/WhatsApp-Image-2022-11-17-at-11.21.30-3-1-1024x576.jpeg 1024w, https:\/\/salesianossp.org.br\/ossjb\/wp-content\/uploads\/2022\/11\/WhatsApp-Image-2022-11-17-at-11.21.30-3-1-300x169.jpeg 300w, https:\/\/salesianossp.org.br\/ossjb\/wp-content\/uploads\/2022\/11\/WhatsApp-Image-2022-11-17-at-11.21.30-3-1-768x432.jpeg 768w, https:\/\/salesianossp.org.br\/ossjb\/wp-content\/uploads\/2022\/11\/WhatsApp-Image-2022-11-17-at-11.21.30-3-1-1536x864.jpeg 1536w, https:\/\/salesianossp.org.br\/ossjb\/wp-content\/uploads\/2022\/11\/WhatsApp-Image-2022-11-17-at-11.21.30-3-1.jpeg 1599w\" sizes=\"(max-width: 1024px) 100vw, 1024px\" \/><\/figure>\n\n\n\n<figure class=\"wp-block-image size-large\"><img loading=\"lazy\" decoding=\"async\" width=\"1024\" height=\"576\" data-id=\"5135\" src=\"https:\/\/salesianossp.org.br\/ossjb\/wp-content\/uploads\/2022\/11\/WhatsApp-Image-2022-11-17-at-11.21.30-1024x576.jpeg\" alt=\"\" class=\"wp-image-5135\" srcset=\"https:\/\/salesianossp.org.br\/ossjb\/wp-content\/uploads\/2022\/11\/WhatsApp-Image-2022-11-17-at-11.21.30-1024x576.jpeg 1024w, https:\/\/salesianossp.org.br\/ossjb\/wp-content\/uploads\/2022\/11\/WhatsApp-Image-2022-11-17-at-11.21.30-300x169.jpeg 300w, https:\/\/salesianossp.org.br\/ossjb\/wp-content\/uploads\/2022\/11\/WhatsApp-Image-2022-11-17-at-11.21.30-768x432.jpeg 768w, https:\/\/salesianossp.org.br\/ossjb\/wp-content\/uploads\/2022\/11\/WhatsApp-Image-2022-11-17-at-11.21.30-1536x864.jpeg 1536w, https:\/\/salesianossp.org.br\/ossjb\/wp-content\/uploads\/2022\/11\/WhatsApp-Image-2022-11-17-at-11.21.30.jpeg 1599w\" sizes=\"(max-width: 1024px) 100vw, 1024px\" \/><\/figure>\n\n\n\n<figure class=\"wp-block-image size-large\"><img loading=\"lazy\" decoding=\"async\" width=\"1024\" height=\"576\" data-id=\"5140\" src=\"https:\/\/salesianossp.org.br\/ossjb\/wp-content\/uploads\/2022\/11\/WhatsApp-Image-2022-11-17-at-11.21.31-1-1024x576.jpeg\" alt=\"\" class=\"wp-image-5140\" srcset=\"https:\/\/salesianossp.org.br\/ossjb\/wp-content\/uploads\/2022\/11\/WhatsApp-Image-2022-11-17-at-11.21.31-1-1024x576.jpeg 1024w, https:\/\/salesianossp.org.br\/ossjb\/wp-content\/uploads\/2022\/11\/WhatsApp-Image-2022-11-17-at-11.21.31-1-300x169.jpeg 300w, https:\/\/salesianossp.org.br\/ossjb\/wp-content\/uploads\/2022\/11\/WhatsApp-Image-2022-11-17-at-11.21.31-1-768x432.jpeg 768w, https:\/\/salesianossp.org.br\/ossjb\/wp-content\/uploads\/2022\/11\/WhatsApp-Image-2022-11-17-at-11.21.31-1-1536x864.jpeg 1536w, https:\/\/salesianossp.org.br\/ossjb\/wp-content\/uploads\/2022\/11\/WhatsApp-Image-2022-11-17-at-11.21.31-1.jpeg 1599w\" sizes=\"(max-width: 1024px) 100vw, 1024px\" \/><\/figure>\n\n\n\n<figure class=\"wp-block-image size-large\"><img loading=\"lazy\" decoding=\"async\" width=\"576\" height=\"1024\" data-id=\"5129\" src=\"https:\/\/salesianossp.org.br\/ossjb\/wp-content\/uploads\/2022\/11\/WhatsApp-Image-2022-11-17-at-11.21.31-2-576x1024.jpeg\" alt=\"\" class=\"wp-image-5129\" srcset=\"https:\/\/salesianossp.org.br\/ossjb\/wp-content\/uploads\/2022\/11\/WhatsApp-Image-2022-11-17-at-11.21.31-2-576x1024.jpeg 576w, https:\/\/salesianossp.org.br\/ossjb\/wp-content\/uploads\/2022\/11\/WhatsApp-Image-2022-11-17-at-11.21.31-2-169x300.jpeg 169w, https:\/\/salesianossp.org.br\/ossjb\/wp-content\/uploads\/2022\/11\/WhatsApp-Image-2022-11-17-at-11.21.31-2-768x1366.jpeg 768w, https:\/\/salesianossp.org.br\/ossjb\/wp-content\/uploads\/2022\/11\/WhatsApp-Image-2022-11-17-at-11.21.31-2-864x1536.jpeg 864w, https:\/\/salesianossp.org.br\/ossjb\/wp-content\/uploads\/2022\/11\/WhatsApp-Image-2022-11-17-at-11.21.31-2.jpeg 899w\" sizes=\"(max-width: 576px) 100vw, 576px\" \/><\/figure>\n\n\n\n<figure class=\"wp-block-image size-large\"><img loading=\"lazy\" decoding=\"async\" width=\"1024\" height=\"576\" data-id=\"5119\" src=\"https:\/\/salesianossp.org.br\/ossjb\/wp-content\/uploads\/2022\/11\/WhatsApp-Image-2022-11-17-at-11.21.31-3-1024x576.jpeg\" alt=\"\" class=\"wp-image-5119\" srcset=\"https:\/\/salesianossp.org.br\/ossjb\/wp-content\/uploads\/2022\/11\/WhatsApp-Image-2022-11-17-at-11.21.31-3-1024x576.jpeg 1024w, https:\/\/salesianossp.org.br\/ossjb\/wp-content\/uploads\/2022\/11\/WhatsApp-Image-2022-11-17-at-11.21.31-3-300x169.jpeg 300w, https:\/\/salesianossp.org.br\/ossjb\/wp-content\/uploads\/2022\/11\/WhatsApp-Image-2022-11-17-at-11.21.31-3-768x432.jpeg 768w, https:\/\/salesianossp.org.br\/ossjb\/wp-content\/uploads\/2022\/11\/WhatsApp-Image-2022-11-17-at-11.21.31-3-1536x864.jpeg 1536w, https:\/\/salesianossp.org.br\/ossjb\/wp-content\/uploads\/2022\/11\/WhatsApp-Image-2022-11-17-at-11.21.31-3.jpeg 1599w\" sizes=\"(max-width: 1024px) 100vw, 1024px\" \/><\/figure>\n\n\n\n<figure class=\"wp-block-image size-large\"><img loading=\"lazy\" decoding=\"async\" width=\"1024\" height=\"576\" data-id=\"5128\" src=\"https:\/\/salesianossp.org.br\/ossjb\/wp-content\/uploads\/2022\/11\/WhatsApp-Image-2022-11-17-at-11.21.31-1024x576.jpeg\" alt=\"\" class=\"wp-image-5128\" srcset=\"https:\/\/salesianossp.org.br\/ossjb\/wp-content\/uploads\/2022\/11\/WhatsApp-Image-2022-11-17-at-11.21.31-1024x576.jpeg 1024w, https:\/\/salesianossp.org.br\/ossjb\/wp-content\/uploads\/2022\/11\/WhatsApp-Image-2022-11-17-at-11.21.31-300x169.jpeg 300w, https:\/\/salesianossp.org.br\/ossjb\/wp-content\/uploads\/2022\/11\/WhatsApp-Image-2022-11-17-at-11.21.31-768x432.jpeg 768w, https:\/\/salesianossp.org.br\/ossjb\/wp-content\/uploads\/2022\/11\/WhatsApp-Image-2022-11-17-at-11.21.31-1536x864.jpeg 1536w, https:\/\/salesianossp.org.br\/ossjb\/wp-content\/uploads\/2022\/11\/WhatsApp-Image-2022-11-17-at-11.21.31.jpeg 1599w\" sizes=\"(max-width: 1024px) 100vw, 1024px\" \/><\/figure>\n\n\n\n<figure class=\"wp-block-image size-large\"><img loading=\"lazy\" decoding=\"async\" width=\"1024\" height=\"576\" data-id=\"5132\" src=\"https:\/\/salesianossp.org.br\/ossjb\/wp-content\/uploads\/2022\/11\/WhatsApp-Image-2022-11-17-at-11.21.32-1024x576.jpeg\" alt=\"\" class=\"wp-image-5132\" srcset=\"https:\/\/salesianossp.org.br\/ossjb\/wp-content\/uploads\/2022\/11\/WhatsApp-Image-2022-11-17-at-11.21.32-1024x576.jpeg 1024w, https:\/\/salesianossp.org.br\/ossjb\/wp-content\/uploads\/2022\/11\/WhatsApp-Image-2022-11-17-at-11.21.32-300x169.jpeg 300w, https:\/\/salesianossp.org.br\/ossjb\/wp-content\/uploads\/2022\/11\/WhatsApp-Image-2022-11-17-at-11.21.32-768x432.jpeg 768w, https:\/\/salesianossp.org.br\/ossjb\/wp-content\/uploads\/2022\/11\/WhatsApp-Image-2022-11-17-at-11.21.32-1536x864.jpeg 1536w, https:\/\/salesianossp.org.br\/ossjb\/wp-content\/uploads\/2022\/11\/WhatsApp-Image-2022-11-17-at-11.21.32.jpeg 1599w\" sizes=\"(max-width: 1024px) 100vw, 1024px\" \/><\/figure>\n\n\n\n<figure class=\"wp-block-image size-large\"><img loading=\"lazy\" decoding=\"async\" width=\"1024\" height=\"576\" data-id=\"5133\" src=\"https:\/\/salesianossp.org.br\/ossjb\/wp-content\/uploads\/2022\/11\/WhatsApp-Image-2022-11-17-at-11.22.36-1024x576.jpeg\" alt=\"\" class=\"wp-image-5133\" srcset=\"https:\/\/salesianossp.org.br\/ossjb\/wp-content\/uploads\/2022\/11\/WhatsApp-Image-2022-11-17-at-11.22.36-1024x576.jpeg 1024w, https:\/\/salesianossp.org.br\/ossjb\/wp-content\/uploads\/2022\/11\/WhatsApp-Image-2022-11-17-at-11.22.36-300x169.jpeg 300w, https:\/\/salesianossp.org.br\/ossjb\/wp-content\/uploads\/2022\/11\/WhatsApp-Image-2022-11-17-at-11.22.36-768x432.jpeg 768w, https:\/\/salesianossp.org.br\/ossjb\/wp-content\/uploads\/2022\/11\/WhatsApp-Image-2022-11-17-at-11.22.36.jpeg 1280w\" sizes=\"(max-width: 1024px) 100vw, 1024px\" \/><\/figure>\n\n\n\n<figure class=\"wp-block-image size-large\"><img loading=\"lazy\" decoding=\"async\" width=\"768\" height=\"1024\" data-id=\"5141\" src=\"https:\/\/salesianossp.org.br\/ossjb\/wp-content\/uploads\/2022\/11\/WhatsApp-Image-2022-11-17-at-11.23.00-768x1024.jpeg\" alt=\"\" class=\"wp-image-5141\" srcset=\"https:\/\/salesianossp.org.br\/ossjb\/wp-content\/uploads\/2022\/11\/WhatsApp-Image-2022-11-17-at-11.23.00-768x1024.jpeg 768w, https:\/\/salesianossp.org.br\/ossjb\/wp-content\/uploads\/2022\/11\/WhatsApp-Image-2022-11-17-at-11.23.00-225x300.jpeg 225w, https:\/\/salesianossp.org.br\/ossjb\/wp-content\/uploads\/2022\/11\/WhatsApp-Image-2022-11-17-at-11.23.00-1152x1536.jpeg 1152w, https:\/\/salesianossp.org.br\/ossjb\/wp-content\/uploads\/2022\/11\/WhatsApp-Image-2022-11-17-at-11.23.00.jpeg 1200w\" sizes=\"(max-width: 768px) 100vw, 768px\" \/><\/figure>\n\n\n\n<figure class=\"wp-block-image size-large\"><img loading=\"lazy\" decoding=\"async\" width=\"1024\" height=\"576\" data-id=\"5124\" src=\"https:\/\/salesianossp.org.br\/ossjb\/wp-content\/uploads\/2022\/11\/WhatsApp-Image-2022-11-17-at-11.23.17-1024x576.jpeg\" alt=\"\" class=\"wp-image-5124\" srcset=\"https:\/\/salesianossp.org.br\/ossjb\/wp-content\/uploads\/2022\/11\/WhatsApp-Image-2022-11-17-at-11.23.17-1024x576.jpeg 1024w, https:\/\/salesianossp.org.br\/ossjb\/wp-content\/uploads\/2022\/11\/WhatsApp-Image-2022-11-17-at-11.23.17-300x169.jpeg 300w, https:\/\/salesianossp.org.br\/ossjb\/wp-content\/uploads\/2022\/11\/WhatsApp-Image-2022-11-17-at-11.23.17-768x432.jpeg 768w, https:\/\/salesianossp.org.br\/ossjb\/wp-content\/uploads\/2022\/11\/WhatsApp-Image-2022-11-17-at-11.23.17.jpeg 1280w\" sizes=\"(max-width: 1024px) 100vw, 1024px\" \/><\/figure>\n\n\n\n<figure class=\"wp-block-image size-large\"><img loading=\"lazy\" decoding=\"async\" width=\"1024\" height=\"768\" data-id=\"5125\" src=\"https:\/\/salesianossp.org.br\/ossjb\/wp-content\/uploads\/2022\/11\/WhatsApp-Image-2022-11-17-at-11.45.12-1-1024x768.jpeg\" alt=\"\" class=\"wp-image-5125\" srcset=\"https:\/\/salesianossp.org.br\/ossjb\/wp-content\/uploads\/2022\/11\/WhatsApp-Image-2022-11-17-at-11.45.12-1-1024x768.jpeg 1024w, https:\/\/salesianossp.org.br\/ossjb\/wp-content\/uploads\/2022\/11\/WhatsApp-Image-2022-11-17-at-11.45.12-1-300x225.jpeg 300w, https:\/\/salesianossp.org.br\/ossjb\/wp-content\/uploads\/2022\/11\/WhatsApp-Image-2022-11-17-at-11.45.12-1-768x576.jpeg 768w, https:\/\/salesianossp.org.br\/ossjb\/wp-content\/uploads\/2022\/11\/WhatsApp-Image-2022-11-17-at-11.45.12-1-1536x1152.jpeg 1536w, https:\/\/salesianossp.org.br\/ossjb\/wp-content\/uploads\/2022\/11\/WhatsApp-Image-2022-11-17-at-11.45.12-1.jpeg 1600w\" sizes=\"(max-width: 1024px) 100vw, 1024px\" \/><\/figure>\n\n\n\n<figure class=\"wp-block-image size-large\"><img loading=\"lazy\" decoding=\"async\" width=\"768\" height=\"1024\" data-id=\"5126\" src=\"https:\/\/salesianossp.org.br\/ossjb\/wp-content\/uploads\/2022\/11\/WhatsApp-Image-2022-11-17-at-11.45.12-768x1024.jpeg\" alt=\"\" class=\"wp-image-5126\" srcset=\"https:\/\/salesianossp.org.br\/ossjb\/wp-content\/uploads\/2022\/11\/WhatsApp-Image-2022-11-17-at-11.45.12-768x1024.jpeg 768w, https:\/\/salesianossp.org.br\/ossjb\/wp-content\/uploads\/2022\/11\/WhatsApp-Image-2022-11-17-at-11.45.12-225x300.jpeg 225w, https:\/\/salesianossp.org.br\/ossjb\/wp-content\/uploads\/2022\/11\/WhatsApp-Image-2022-11-17-at-11.45.12-1152x1536.jpeg 1152w, https:\/\/salesianossp.org.br\/ossjb\/wp-content\/uploads\/2022\/11\/WhatsApp-Image-2022-11-17-at-11.45.12.jpeg 1200w\" sizes=\"(max-width: 768px) 100vw, 768px\" \/><\/figure>\n\n\n\n<figure class=\"wp-block-image size-large\"><img loading=\"lazy\" decoding=\"async\" width=\"1024\" height=\"768\" data-id=\"5137\" src=\"https:\/\/salesianossp.org.br\/ossjb\/wp-content\/uploads\/2022\/11\/WhatsApp-Image-2022-11-17-at-11.45.13-1-1024x768.jpeg\" alt=\"\" class=\"wp-image-5137\" srcset=\"https:\/\/salesianossp.org.br\/ossjb\/wp-content\/uploads\/2022\/11\/WhatsApp-Image-2022-11-17-at-11.45.13-1-1024x768.jpeg 1024w, https:\/\/salesianossp.org.br\/ossjb\/wp-content\/uploads\/2022\/11\/WhatsApp-Image-2022-11-17-at-11.45.13-1-300x225.jpeg 300w, https:\/\/salesianossp.org.br\/ossjb\/wp-content\/uploads\/2022\/11\/WhatsApp-Image-2022-11-17-at-11.45.13-1-768x576.jpeg 768w, https:\/\/salesianossp.org.br\/ossjb\/wp-content\/uploads\/2022\/11\/WhatsApp-Image-2022-11-17-at-11.45.13-1-1536x1152.jpeg 1536w, https:\/\/salesianossp.org.br\/ossjb\/wp-content\/uploads\/2022\/11\/WhatsApp-Image-2022-11-17-at-11.45.13-1.jpeg 1600w\" sizes=\"(max-width: 1024px) 100vw, 1024px\" \/><\/figure>\n\n\n\n<figure class=\"wp-block-image size-large\"><img loading=\"lazy\" decoding=\"async\" width=\"1024\" height=\"768\" data-id=\"5138\" src=\"https:\/\/salesianossp.org.br\/ossjb\/wp-content\/uploads\/2022\/11\/WhatsApp-Image-2022-11-17-at-11.45.13-2-1024x768.jpeg\" alt=\"\" class=\"wp-image-5138\" srcset=\"https:\/\/salesianossp.org.br\/ossjb\/wp-content\/uploads\/2022\/11\/WhatsApp-Image-2022-11-17-at-11.45.13-2-1024x768.jpeg 1024w, https:\/\/salesianossp.org.br\/ossjb\/wp-content\/uploads\/2022\/11\/WhatsApp-Image-2022-11-17-at-11.45.13-2-300x225.jpeg 300w, https:\/\/salesianossp.org.br\/ossjb\/wp-content\/uploads\/2022\/11\/WhatsApp-Image-2022-11-17-at-11.45.13-2-768x576.jpeg 768w, https:\/\/salesianossp.org.br\/ossjb\/wp-content\/uploads\/2022\/11\/WhatsApp-Image-2022-11-17-at-11.45.13-2-1536x1152.jpeg 1536w, https:\/\/salesianossp.org.br\/ossjb\/wp-content\/uploads\/2022\/11\/WhatsApp-Image-2022-11-17-at-11.45.13-2.jpeg 1600w\" sizes=\"(max-width: 1024px) 100vw, 1024px\" \/><\/figure>\n\n\n\n<figure class=\"wp-block-image size-large\"><img loading=\"lazy\" decoding=\"async\" width=\"1024\" height=\"768\" data-id=\"5139\" src=\"https:\/\/salesianossp.org.br\/ossjb\/wp-content\/uploads\/2022\/11\/WhatsApp-Image-2022-11-17-at-11.45.13-1024x768.jpeg\" alt=\"\" class=\"wp-image-5139\" srcset=\"https:\/\/salesianossp.org.br\/ossjb\/wp-content\/uploads\/2022\/11\/WhatsApp-Image-2022-11-17-at-11.45.13-1024x768.jpeg 1024w, https:\/\/salesianossp.org.br\/ossjb\/wp-content\/uploads\/2022\/11\/WhatsApp-Image-2022-11-17-at-11.45.13-300x225.jpeg 300w, https:\/\/salesianossp.org.br\/ossjb\/wp-content\/uploads\/2022\/11\/WhatsApp-Image-2022-11-17-at-11.45.13-768x576.jpeg 768w, https:\/\/salesianossp.org.br\/ossjb\/wp-content\/uploads\/2022\/11\/WhatsApp-Image-2022-11-17-at-11.45.13-1536x1152.jpeg 1536w, https:\/\/salesianossp.org.br\/ossjb\/wp-content\/uploads\/2022\/11\/WhatsApp-Image-2022-11-17-at-11.45.13.jpeg 1600w\" sizes=\"(max-width: 1024px) 100vw, 1024px\" \/><\/figure>\n<\/figure>\n","protected":false},"excerpt":{"rendered":"<p>Evento foi realizado na \u00faltima quinta-feira, 17 de novembro, como um momento festivo para as crian\u00e7as O Festival da Juventude Salesiana j\u00e1 \u00e9 uma tradi\u00e7\u00e3o entre os jovens e adolescentes que participam das atividades nas casas salesianas. E a Obra Social S\u00e3o Jo\u00e3o Bosco, em Campinas, promove um momento festivo tamb\u00e9m aos pequenos atendidos pela [&hellip;]<\/p>\n","protected":false},"author":27,"featured_media":5116,"comment_status":"open","ping_status":"open","sticky":false,"template":"","format":"standard","meta":{"footnotes":""},"categories":[59],"tags":[44,88,251,491,407,192,394],"class_list":["post-5114","post","type-post","status-publish","format-standard","has-post-thumbnail","hentry","category-noticias","tag-dom-bosco","tag-educacao","tag-educacao-infantil","tag-fest-kids","tag-ossjb","tag-pastoral","tag-salesianos"],"yoast_head":"<!-- This site is optimized with the Yoast SEO plugin v27.4 - https:\/\/yoast.com\/product\/yoast-seo-wordpress\/ -->\n<title>Crian\u00e7as da Educa\u00e7\u00e3o Infantil participam do Fest Kids 2022 - Obra Social S\u00e3o Jo\u00e3o Bosco<\/title>\n<meta name=\"robots\" content=\"index, follow, max-snippet:-1, max-image-preview:large, max-video-preview:-1\" \/>\n<link rel=\"canonical\" href=\"https:\/\/salesianossp.org.br\/ossjb\/criancas-da-educacao-infantil-participam-do-fest-kids-2022\/\" \/>\n<meta property=\"og:locale\" content=\"pt_BR\" \/>\n<meta property=\"og:type\" content=\"article\" \/>\n<meta property=\"og:title\" content=\"Crian\u00e7as da Educa\u00e7\u00e3o Infantil participam do Fest Kids 2022 - Obra Social S\u00e3o Jo\u00e3o Bosco\" \/>\n<meta property=\"og:description\" content=\"Evento foi realizado na \u00faltima quinta-feira, 17 de novembro, como um momento festivo para as crian\u00e7as O Festival da Juventude Salesiana j\u00e1 \u00e9 uma tradi\u00e7\u00e3o entre os jovens e adolescentes que participam das atividades nas casas salesianas. E a Obra Social S\u00e3o Jo\u00e3o Bosco, em Campinas, promove um momento festivo tamb\u00e9m aos pequenos atendidos pela [&hellip;]\" \/>\n<meta property=\"og:url\" content=\"https:\/\/salesianossp.org.br\/ossjb\/criancas-da-educacao-infantil-participam-do-fest-kids-2022\/\" \/>\n<meta property=\"og:site_name\" content=\"Obra Social S\u00e3o Jo\u00e3o Bosco\" \/>\n<meta property=\"article:publisher\" content=\"https:\/\/www.facebook.com\/OSSJBCampinas\/\" \/>\n<meta property=\"article:published_time\" content=\"2022-11-23T19:18:42+00:00\" \/>\n<meta property=\"og:image\" content=\"https:\/\/salesianossp.org.br\/ossjb\/wp-content\/uploads\/2022\/11\/WhatsApp-Image-2022-11-17-at-11.21.26.jpeg\" \/>\n\t<meta property=\"og:image:width\" content=\"1599\" \/>\n\t<meta property=\"og:image:height\" content=\"899\" \/>\n\t<meta property=\"og:image:type\" content=\"image\/jpeg\" \/>\n<meta name=\"author\" content=\"Lucas Rodrigues\" \/>\n<meta name=\"twitter:card\" content=\"summary_large_image\" \/>\n<meta name=\"twitter:label1\" content=\"Escrito por\" \/>\n\t<meta name=\"twitter:data1\" content=\"Lucas Rodrigues\" \/>\n\t<meta name=\"twitter:label2\" content=\"Est. tempo de leitura\" \/>\n\t<meta name=\"twitter:data2\" content=\"1 minuto\" \/>\n<script type=\"application\/ld+json\" class=\"yoast-schema-graph\">{\"@context\":\"https:\\\/\\\/schema.org\",\"@graph\":[{\"@type\":\"Article\",\"@id\":\"https:\\\/\\\/salesianossp.org.br\\\/ossjb\\\/criancas-da-educacao-infantil-participam-do-fest-kids-2022\\\/#article\",\"isPartOf\":{\"@id\":\"https:\\\/\\\/salesianossp.org.br\\\/ossjb\\\/criancas-da-educacao-infantil-participam-do-fest-kids-2022\\\/\"},\"author\":{\"name\":\"Lucas Rodrigues\",\"@id\":\"https:\\\/\\\/salesianossp.org.br\\\/ossjb\\\/#\\\/schema\\\/person\\\/4bc2abdbcf1d3120dd16324624dcdb93\"},\"headline\":\"Crian\u00e7as da Educa\u00e7\u00e3o Infantil participam do Fest Kids 2022\",\"datePublished\":\"2022-11-23T19:18:42+00:00\",\"mainEntityOfPage\":{\"@id\":\"https:\\\/\\\/salesianossp.org.br\\\/ossjb\\\/criancas-da-educacao-infantil-participam-do-fest-kids-2022\\\/\"},\"wordCount\":277,\"commentCount\":0,\"publisher\":{\"@id\":\"https:\\\/\\\/salesianossp.org.br\\\/ossjb\\\/#organization\"},\"image\":{\"@id\":\"https:\\\/\\\/salesianossp.org.br\\\/ossjb\\\/criancas-da-educacao-infantil-participam-do-fest-kids-2022\\\/#primaryimage\"},\"thumbnailUrl\":\"https:\\\/\\\/salesianossp.org.br\\\/ossjb\\\/wp-content\\\/uploads\\\/2022\\\/11\\\/WhatsApp-Image-2022-11-17-at-11.21.26.jpeg\",\"keywords\":[\"Dom Bosco\",\"Educa\u00e7\u00e3o\",\"Educa\u00e7\u00e3o Infantil\",\"fest kids\",\"OSSJB\",\"Pastoral\",\"salesianos\"],\"articleSection\":[\"Not\u00edcias\"],\"inLanguage\":\"pt-BR\",\"potentialAction\":[{\"@type\":\"CommentAction\",\"name\":\"Comment\",\"target\":[\"https:\\\/\\\/salesianossp.org.br\\\/ossjb\\\/criancas-da-educacao-infantil-participam-do-fest-kids-2022\\\/#respond\"]}]},{\"@type\":\"WebPage\",\"@id\":\"https:\\\/\\\/salesianossp.org.br\\\/ossjb\\\/criancas-da-educacao-infantil-participam-do-fest-kids-2022\\\/\",\"url\":\"https:\\\/\\\/salesianossp.org.br\\\/ossjb\\\/criancas-da-educacao-infantil-participam-do-fest-kids-2022\\\/\",\"name\":\"Crian\u00e7as da Educa\u00e7\u00e3o Infantil participam do Fest Kids 2022 - Obra Social S\u00e3o Jo\u00e3o Bosco\",\"isPartOf\":{\"@id\":\"https:\\\/\\\/salesianossp.org.br\\\/ossjb\\\/#website\"},\"primaryImageOfPage\":{\"@id\":\"https:\\\/\\\/salesianossp.org.br\\\/ossjb\\\/criancas-da-educacao-infantil-participam-do-fest-kids-2022\\\/#primaryimage\"},\"image\":{\"@id\":\"https:\\\/\\\/salesianossp.org.br\\\/ossjb\\\/criancas-da-educacao-infantil-participam-do-fest-kids-2022\\\/#primaryimage\"},\"thumbnailUrl\":\"https:\\\/\\\/salesianossp.org.br\\\/ossjb\\\/wp-content\\\/uploads\\\/2022\\\/11\\\/WhatsApp-Image-2022-11-17-at-11.21.26.jpeg\",\"datePublished\":\"2022-11-23T19:18:42+00:00\",\"breadcrumb\":{\"@id\":\"https:\\\/\\\/salesianossp.org.br\\\/ossjb\\\/criancas-da-educacao-infantil-participam-do-fest-kids-2022\\\/#breadcrumb\"},\"inLanguage\":\"pt-BR\",\"potentialAction\":[{\"@type\":\"ReadAction\",\"target\":[\"https:\\\/\\\/salesianossp.org.br\\\/ossjb\\\/criancas-da-educacao-infantil-participam-do-fest-kids-2022\\\/\"]}]},{\"@type\":\"ImageObject\",\"inLanguage\":\"pt-BR\",\"@id\":\"https:\\\/\\\/salesianossp.org.br\\\/ossjb\\\/criancas-da-educacao-infantil-participam-do-fest-kids-2022\\\/#primaryimage\",\"url\":\"https:\\\/\\\/salesianossp.org.br\\\/ossjb\\\/wp-content\\\/uploads\\\/2022\\\/11\\\/WhatsApp-Image-2022-11-17-at-11.21.26.jpeg\",\"contentUrl\":\"https:\\\/\\\/salesianossp.org.br\\\/ossjb\\\/wp-content\\\/uploads\\\/2022\\\/11\\\/WhatsApp-Image-2022-11-17-at-11.21.26.jpeg\",\"width\":1599,\"height\":899},{\"@type\":\"BreadcrumbList\",\"@id\":\"https:\\\/\\\/salesianossp.org.br\\\/ossjb\\\/criancas-da-educacao-infantil-participam-do-fest-kids-2022\\\/#breadcrumb\",\"itemListElement\":[{\"@type\":\"ListItem\",\"position\":1,\"name\":\"In\u00edcio\",\"item\":\"https:\\\/\\\/salesianossp.org.br\\\/ossjb\\\/\"},{\"@type\":\"ListItem\",\"position\":2,\"name\":\"Crian\u00e7as da Educa\u00e7\u00e3o Infantil participam do Fest Kids 2022\"}]},{\"@type\":\"WebSite\",\"@id\":\"https:\\\/\\\/salesianossp.org.br\\\/ossjb\\\/#website\",\"url\":\"https:\\\/\\\/salesianossp.org.br\\\/ossjb\\\/\",\"name\":\"Obra Social S\u00e3o Jo\u00e3o Bosco\",\"description\":\"\",\"publisher\":{\"@id\":\"https:\\\/\\\/salesianossp.org.br\\\/ossjb\\\/#organization\"},\"potentialAction\":[{\"@type\":\"SearchAction\",\"target\":{\"@type\":\"EntryPoint\",\"urlTemplate\":\"https:\\\/\\\/salesianossp.org.br\\\/ossjb\\\/?s={search_term_string}\"},\"query-input\":{\"@type\":\"PropertyValueSpecification\",\"valueRequired\":true,\"valueName\":\"search_term_string\"}}],\"inLanguage\":\"pt-BR\"},{\"@type\":\"Organization\",\"@id\":\"https:\\\/\\\/salesianossp.org.br\\\/ossjb\\\/#organization\",\"name\":\"Obra Social S\u00e3o Jo\u00e3o Bosco\",\"url\":\"https:\\\/\\\/salesianossp.org.br\\\/ossjb\\\/\",\"logo\":{\"@type\":\"ImageObject\",\"inLanguage\":\"pt-BR\",\"@id\":\"https:\\\/\\\/salesianossp.org.br\\\/ossjb\\\/#\\\/schema\\\/logo\\\/image\\\/\",\"url\":\"https:\\\/\\\/salesianossp.org.br\\\/ossjb\\\/wp-content\\\/uploads\\\/2025\\\/10\\\/logotipo-obra-social-sao-joao-bosco-color-56.svg\",\"contentUrl\":\"https:\\\/\\\/salesianossp.org.br\\\/ossjb\\\/wp-content\\\/uploads\\\/2025\\\/10\\\/logotipo-obra-social-sao-joao-bosco-color-56.svg\",\"width\":185,\"height\":56,\"caption\":\"Obra Social S\u00e3o Jo\u00e3o Bosco\"},\"image\":{\"@id\":\"https:\\\/\\\/salesianossp.org.br\\\/ossjb\\\/#\\\/schema\\\/logo\\\/image\\\/\"},\"sameAs\":[\"https:\\\/\\\/www.facebook.com\\\/OSSJBCampinas\\\/\",\"https:\\\/\\\/www.instagram.com\\\/ossjbcampinas\\\/\",\"https:\\\/\\\/www.youtube.com\\\/channel\\\/UClNa7qdZCtP9uzs5b0nG2LQ\\\/featured\"]},{\"@type\":\"Person\",\"@id\":\"https:\\\/\\\/salesianossp.org.br\\\/ossjb\\\/#\\\/schema\\\/person\\\/4bc2abdbcf1d3120dd16324624dcdb93\",\"name\":\"Lucas Rodrigues\",\"image\":{\"@type\":\"ImageObject\",\"inLanguage\":\"pt-BR\",\"@id\":\"https:\\\/\\\/secure.gravatar.com\\\/avatar\\\/0ad9c966c6ed3335d7fffe2c3b88880dd298c0817b71e20a6955c38f2a53f746?s=96&d=mm&r=g\",\"url\":\"https:\\\/\\\/secure.gravatar.com\\\/avatar\\\/0ad9c966c6ed3335d7fffe2c3b88880dd298c0817b71e20a6955c38f2a53f746?s=96&d=mm&r=g\",\"contentUrl\":\"https:\\\/\\\/secure.gravatar.com\\\/avatar\\\/0ad9c966c6ed3335d7fffe2c3b88880dd298c0817b71e20a6955c38f2a53f746?s=96&d=mm&r=g\",\"caption\":\"Lucas Rodrigues\"},\"url\":\"https:\\\/\\\/salesianossp.org.br\\\/ossjb\\\/author\\\/lucas-rodrigues\\\/\"}]}<\/script>\n<!-- \/ Yoast SEO plugin. -->","yoast_head_json":{"title":"Crian\u00e7as da Educa\u00e7\u00e3o Infantil participam do Fest Kids 2022 - Obra Social S\u00e3o Jo\u00e3o Bosco","robots":{"index":"index","follow":"follow","max-snippet":"max-snippet:-1","max-image-preview":"max-image-preview:large","max-video-preview":"max-video-preview:-1"},"canonical":"https:\/\/salesianossp.org.br\/ossjb\/criancas-da-educacao-infantil-participam-do-fest-kids-2022\/","og_locale":"pt_BR","og_type":"article","og_title":"Crian\u00e7as da Educa\u00e7\u00e3o Infantil participam do Fest Kids 2022 - Obra Social S\u00e3o Jo\u00e3o Bosco","og_description":"Evento foi realizado na \u00faltima quinta-feira, 17 de novembro, como um momento festivo para as crian\u00e7as O Festival da Juventude Salesiana j\u00e1 \u00e9 uma tradi\u00e7\u00e3o entre os jovens e adolescentes que participam das atividades nas casas salesianas. E a Obra Social S\u00e3o Jo\u00e3o Bosco, em Campinas, promove um momento festivo tamb\u00e9m aos pequenos atendidos pela [&hellip;]","og_url":"https:\/\/salesianossp.org.br\/ossjb\/criancas-da-educacao-infantil-participam-do-fest-kids-2022\/","og_site_name":"Obra Social S\u00e3o Jo\u00e3o Bosco","article_publisher":"https:\/\/www.facebook.com\/OSSJBCampinas\/","article_published_time":"2022-11-23T19:18:42+00:00","og_image":[{"width":1599,"height":899,"url":"https:\/\/salesianossp.org.br\/ossjb\/wp-content\/uploads\/2022\/11\/WhatsApp-Image-2022-11-17-at-11.21.26.jpeg","type":"image\/jpeg"}],"author":"Lucas Rodrigues","twitter_card":"summary_large_image","twitter_misc":{"Escrito por":"Lucas Rodrigues","Est. tempo de leitura":"1 minuto"},"schema":{"@context":"https:\/\/schema.org","@graph":[{"@type":"Article","@id":"https:\/\/salesianossp.org.br\/ossjb\/criancas-da-educacao-infantil-participam-do-fest-kids-2022\/#article","isPartOf":{"@id":"https:\/\/salesianossp.org.br\/ossjb\/criancas-da-educacao-infantil-participam-do-fest-kids-2022\/"},"author":{"name":"Lucas Rodrigues","@id":"https:\/\/salesianossp.org.br\/ossjb\/#\/schema\/person\/4bc2abdbcf1d3120dd16324624dcdb93"},"headline":"Crian\u00e7as da Educa\u00e7\u00e3o Infantil participam do Fest Kids 2022","datePublished":"2022-11-23T19:18:42+00:00","mainEntityOfPage":{"@id":"https:\/\/salesianossp.org.br\/ossjb\/criancas-da-educacao-infantil-participam-do-fest-kids-2022\/"},"wordCount":277,"commentCount":0,"publisher":{"@id":"https:\/\/salesianossp.org.br\/ossjb\/#organization"},"image":{"@id":"https:\/\/salesianossp.org.br\/ossjb\/criancas-da-educacao-infantil-participam-do-fest-kids-2022\/#primaryimage"},"thumbnailUrl":"https:\/\/salesianossp.org.br\/ossjb\/wp-content\/uploads\/2022\/11\/WhatsApp-Image-2022-11-17-at-11.21.26.jpeg","keywords":["Dom Bosco","Educa\u00e7\u00e3o","Educa\u00e7\u00e3o Infantil","fest kids","OSSJB","Pastoral","salesianos"],"articleSection":["Not\u00edcias"],"inLanguage":"pt-BR","potentialAction":[{"@type":"CommentAction","name":"Comment","target":["https:\/\/salesianossp.org.br\/ossjb\/criancas-da-educacao-infantil-participam-do-fest-kids-2022\/#respond"]}]},{"@type":"WebPage","@id":"https:\/\/salesianossp.org.br\/ossjb\/criancas-da-educacao-infantil-participam-do-fest-kids-2022\/","url":"https:\/\/salesianossp.org.br\/ossjb\/criancas-da-educacao-infantil-participam-do-fest-kids-2022\/","name":"Crian\u00e7as da Educa\u00e7\u00e3o Infantil participam do Fest Kids 2022 - Obra Social S\u00e3o Jo\u00e3o Bosco","isPartOf":{"@id":"https:\/\/salesianossp.org.br\/ossjb\/#website"},"primaryImageOfPage":{"@id":"https:\/\/salesianossp.org.br\/ossjb\/criancas-da-educacao-infantil-participam-do-fest-kids-2022\/#primaryimage"},"image":{"@id":"https:\/\/salesianossp.org.br\/ossjb\/criancas-da-educacao-infantil-participam-do-fest-kids-2022\/#primaryimage"},"thumbnailUrl":"https:\/\/salesianossp.org.br\/ossjb\/wp-content\/uploads\/2022\/11\/WhatsApp-Image-2022-11-17-at-11.21.26.jpeg","datePublished":"2022-11-23T19:18:42+00:00","breadcrumb":{"@id":"https:\/\/salesianossp.org.br\/ossjb\/criancas-da-educacao-infantil-participam-do-fest-kids-2022\/#breadcrumb"},"inLanguage":"pt-BR","potentialAction":[{"@type":"ReadAction","target":["https:\/\/salesianossp.org.br\/ossjb\/criancas-da-educacao-infantil-participam-do-fest-kids-2022\/"]}]},{"@type":"ImageObject","inLanguage":"pt-BR","@id":"https:\/\/salesianossp.org.br\/ossjb\/criancas-da-educacao-infantil-participam-do-fest-kids-2022\/#primaryimage","url":"https:\/\/salesianossp.org.br\/ossjb\/wp-content\/uploads\/2022\/11\/WhatsApp-Image-2022-11-17-at-11.21.26.jpeg","contentUrl":"https:\/\/salesianossp.org.br\/ossjb\/wp-content\/uploads\/2022\/11\/WhatsApp-Image-2022-11-17-at-11.21.26.jpeg","width":1599,"height":899},{"@type":"BreadcrumbList","@id":"https:\/\/salesianossp.org.br\/ossjb\/criancas-da-educacao-infantil-participam-do-fest-kids-2022\/#breadcrumb","itemListElement":[{"@type":"ListItem","position":1,"name":"In\u00edcio","item":"https:\/\/salesianossp.org.br\/ossjb\/"},{"@type":"ListItem","position":2,"name":"Crian\u00e7as da Educa\u00e7\u00e3o Infantil participam do Fest Kids 2022"}]},{"@type":"WebSite","@id":"https:\/\/salesianossp.org.br\/ossjb\/#website","url":"https:\/\/salesianossp.org.br\/ossjb\/","name":"Obra Social S\u00e3o Jo\u00e3o Bosco","description":"","publisher":{"@id":"https:\/\/salesianossp.org.br\/ossjb\/#organization"},"potentialAction":[{"@type":"SearchAction","target":{"@type":"EntryPoint","urlTemplate":"https:\/\/salesianossp.org.br\/ossjb\/?s={search_term_string}"},"query-input":{"@type":"PropertyValueSpecification","valueRequired":true,"valueName":"search_term_string"}}],"inLanguage":"pt-BR"},{"@type":"Organization","@id":"https:\/\/salesianossp.org.br\/ossjb\/#organization","name":"Obra Social S\u00e3o Jo\u00e3o Bosco","url":"https:\/\/salesianossp.org.br\/ossjb\/","logo":{"@type":"ImageObject","inLanguage":"pt-BR","@id":"https:\/\/salesianossp.org.br\/ossjb\/#\/schema\/logo\/image\/","url":"https:\/\/salesianossp.org.br\/ossjb\/wp-content\/uploads\/2025\/10\/logotipo-obra-social-sao-joao-bosco-color-56.svg","contentUrl":"https:\/\/salesianossp.org.br\/ossjb\/wp-content\/uploads\/2025\/10\/logotipo-obra-social-sao-joao-bosco-color-56.svg","width":185,"height":56,"caption":"Obra Social S\u00e3o Jo\u00e3o Bosco"},"image":{"@id":"https:\/\/salesianossp.org.br\/ossjb\/#\/schema\/logo\/image\/"},"sameAs":["https:\/\/www.facebook.com\/OSSJBCampinas\/","https:\/\/www.instagram.com\/ossjbcampinas\/","https:\/\/www.youtube.com\/channel\/UClNa7qdZCtP9uzs5b0nG2LQ\/featured"]},{"@type":"Person","@id":"https:\/\/salesianossp.org.br\/ossjb\/#\/schema\/person\/4bc2abdbcf1d3120dd16324624dcdb93","name":"Lucas Rodrigues","image":{"@type":"ImageObject","inLanguage":"pt-BR","@id":"https:\/\/secure.gravatar.com\/avatar\/0ad9c966c6ed3335d7fffe2c3b88880dd298c0817b71e20a6955c38f2a53f746?s=96&d=mm&r=g","url":"https:\/\/secure.gravatar.com\/avatar\/0ad9c966c6ed3335d7fffe2c3b88880dd298c0817b71e20a6955c38f2a53f746?s=96&d=mm&r=g","contentUrl":"https:\/\/secure.gravatar.com\/avatar\/0ad9c966c6ed3335d7fffe2c3b88880dd298c0817b71e20a6955c38f2a53f746?s=96&d=mm&r=g","caption":"Lucas Rodrigues"},"url":"https:\/\/salesianossp.org.br\/ossjb\/author\/lucas-rodrigues\/"}]}},"_links":{"self":[{"href":"https:\/\/salesianossp.org.br\/ossjb\/wp-json\/wp\/v2\/posts\/5114","targetHints":{"allow":["GET"]}}],"collection":[{"href":"https:\/\/salesianossp.org.br\/ossjb\/wp-json\/wp\/v2\/posts"}],"about":[{"href":"https:\/\/salesianossp.org.br\/ossjb\/wp-json\/wp\/v2\/types\/post"}],"author":[{"embeddable":true,"href":"https:\/\/salesianossp.org.br\/ossjb\/wp-json\/wp\/v2\/users\/27"}],"replies":[{"embeddable":true,"href":"https:\/\/salesianossp.org.br\/ossjb\/wp-json\/wp\/v2\/comments?post=5114"}],"version-history":[{"count":0,"href":"https:\/\/salesianossp.org.br\/ossjb\/wp-json\/wp\/v2\/posts\/5114\/revisions"}],"wp:featuredmedia":[{"embeddable":true,"href":"https:\/\/salesianossp.org.br\/ossjb\/wp-json\/wp\/v2\/media\/5116"}],"wp:attachment":[{"href":"https:\/\/salesianossp.org.br\/ossjb\/wp-json\/wp\/v2\/media?parent=5114"}],"wp:term":[{"taxonomy":"category","embeddable":true,"href":"https:\/\/salesianossp.org.br\/ossjb\/wp-json\/wp\/v2\/categories?post=5114"},{"taxonomy":"post_tag","embeddable":true,"href":"https:\/\/salesianossp.org.br\/ossjb\/wp-json\/wp\/v2\/tags?post=5114"}],"curies":[{"name":"wp","href":"https:\/\/api.w.org\/{rel}","templated":true}]}}