{"id":5156,"date":"2022-12-23T18:16:19","date_gmt":"2022-12-23T21:16:19","guid":{"rendered":"https:\/\/salesianossp.org.br\/ossjb\/?p=5156"},"modified":"2022-12-23T18:16:19","modified_gmt":"2022-12-23T21:16:19","slug":"comunicado-urgente-acao-entre-amigos-2022-obra-social-sao-joao-bosco-campinas-sp","status":"publish","type":"post","link":"https:\/\/salesianossp.org.br\/ossjb\/comunicado-urgente-acao-entre-amigos-2022-obra-social-sao-joao-bosco-campinas-sp\/","title":{"rendered":"COMUNICADO URGENTE-A\u00c7\u00c3O ENTRE AMIGOS \u2013 2022 &#8211; OBRA SOCIAL S\u00c3O JO\u00c3O BOSCO &#8211; CAMPINAS\/SP"},"content":{"rendered":"\n<p><\/p>\n\n\n\n<p>A Obra Social S\u00e3o Jo\u00e3o Bosco vem por meio desta comunicar que:<\/p>\n\n\n\n<p>POR MOTIVO DE EXTRAVIO\/FURTO\/PERDA declarados no Boletim de Ocorr\u00eancia de n\u00ba &nbsp;KZ2288-1\/2022 e no Boletim de Ocorr\u00eancia de n\u00ba LB9946-1\/2022<\/p>\n\n\n\n<p>EST\u00c3O CANCELADOS E N\u00c3O PODER\u00c3O PARTICIPAR E CONCORRER AO SORTEIO&nbsp;os tal\u00f5es e numera\u00e7\u00f5es seguintes da A\u00c7\u00c3O ENTRE AMIGOS 2022 a ser realizada e sorteada neste s\u00e1bado 24\/12\/2022 pela Extra\u00e7\u00e3o da L.F. Especial de Natal a saber:<\/p>\n\n\n\n<p>TAL\u00c3O: n\u00ba&nbsp;<strong>636&nbsp;<\/strong>com os bilhetes numerados de&nbsp;<strong>06621<\/strong>&nbsp;a&nbsp;<strong>06630<\/strong>&nbsp;incluso;&nbsp;<strong>29121<\/strong>&nbsp;a&nbsp;<strong>29130&nbsp;<\/strong>incluso e&nbsp;<strong>51621<\/strong>&nbsp;a&nbsp;<strong>51630&nbsp;<\/strong>incluso e&nbsp;<strong>74121<\/strong>&nbsp;a&nbsp;<strong>74130&nbsp;<\/strong>incluso.<\/p>\n\n\n\n<p>TAL\u00d5ES: n\u00ba&nbsp;<strong>789<\/strong>&nbsp;a&nbsp;<strong>794<\/strong>&nbsp;incluso com os bilhetes numerados de&nbsp;<strong>07881<\/strong>&nbsp;a&nbsp;<strong>7940<\/strong>&nbsp;incluso;&nbsp;<strong>30381<\/strong>&nbsp;a&nbsp;<strong>30440<\/strong>&nbsp;incluso e&nbsp;<strong>52881<\/strong>&nbsp;a&nbsp;<strong>52940<\/strong>&nbsp;incluso e&nbsp;<strong>75381<\/strong>&nbsp;a&nbsp;<strong>75440<\/strong>&nbsp;incluso. (BO 11973\/2018).<\/p>\n\n\n\n<p>TAL\u00c3O: n\u00ba&nbsp;<strong>2019&nbsp;<\/strong>com os bilhetes numerados de&nbsp;<strong>20181&nbsp;<\/strong>a&nbsp;<strong>20190<\/strong>&nbsp;incluso;&nbsp;<strong>42681<\/strong>&nbsp;a&nbsp;<strong>42690&nbsp;<\/strong>incluso e&nbsp;<strong>65181<\/strong>&nbsp;a&nbsp;<strong>65190&nbsp;<\/strong>incluso e&nbsp;<strong>87681<\/strong>&nbsp;a&nbsp;<strong>87690&nbsp;<\/strong>incluso.<\/p>\n\n\n\n<p>Eventuais portadores de tais bilhetes porventura premiados consideram-se por meio deste comunicado plenamente cientes e concordes desde j\u00e1 (23\/12\/2022) que n\u00e3o usufruir\u00e3o da poss\u00edvel premia\u00e7\u00e3o e responder\u00e3o, na forma da lei, por recepta\u00e7\u00e3o de produto roubado\/furtado\/extraviado de acordo com o artigo 180 do C\u00f3digo Penal.&nbsp;<\/p>\n","protected":false},"excerpt":{"rendered":"<p>A Obra Social S\u00e3o Jo\u00e3o Bosco vem por meio desta comunicar que: POR MOTIVO DE EXTRAVIO\/FURTO\/PERDA declarados no Boletim de Ocorr\u00eancia de n\u00ba &nbsp;KZ2288-1\/2022 e no Boletim de Ocorr\u00eancia de n\u00ba LB9946-1\/2022 EST\u00c3O CANCELADOS E N\u00c3O PODER\u00c3O PARTICIPAR E CONCORRER AO SORTEIO&nbsp;os tal\u00f5es e numera\u00e7\u00f5es seguintes da A\u00c7\u00c3O ENTRE AMIGOS 2022 a ser realizada e [&hellip;]<\/p>\n","protected":false},"author":27,"featured_media":5157,"comment_status":"open","ping_status":"open","sticky":false,"template":"","format":"standard","meta":{"footnotes":""},"categories":[59],"tags":[],"class_list":["post-5156","post","type-post","status-publish","format-standard","has-post-thumbnail","hentry","category-noticias"],"yoast_head":"<!-- This site is optimized with the Yoast SEO plugin v27.4 - https:\/\/yoast.com\/product\/yoast-seo-wordpress\/ -->\n<title>COMUNICADO URGENTE-A\u00c7\u00c3O ENTRE AMIGOS \u2013 2022 - OBRA SOCIAL S\u00c3O JO\u00c3O BOSCO - CAMPINAS\/SP - Obra Social S\u00e3o Jo\u00e3o Bosco<\/title>\n<meta name=\"robots\" content=\"index, follow, max-snippet:-1, max-image-preview:large, max-video-preview:-1\" \/>\n<link rel=\"canonical\" href=\"https:\/\/salesianossp.org.br\/ossjb\/comunicado-urgente-acao-entre-amigos-2022-obra-social-sao-joao-bosco-campinas-sp\/\" \/>\n<meta property=\"og:locale\" content=\"pt_BR\" \/>\n<meta property=\"og:type\" content=\"article\" \/>\n<meta property=\"og:title\" content=\"COMUNICADO URGENTE-A\u00c7\u00c3O ENTRE AMIGOS \u2013 2022 - OBRA SOCIAL S\u00c3O JO\u00c3O BOSCO - CAMPINAS\/SP - Obra Social S\u00e3o Jo\u00e3o Bosco\" \/>\n<meta property=\"og:description\" content=\"A Obra Social S\u00e3o Jo\u00e3o Bosco vem por meio desta comunicar que: POR MOTIVO DE EXTRAVIO\/FURTO\/PERDA declarados no Boletim de Ocorr\u00eancia de n\u00ba &nbsp;KZ2288-1\/2022 e no Boletim de Ocorr\u00eancia de n\u00ba LB9946-1\/2022 EST\u00c3O CANCELADOS E N\u00c3O PODER\u00c3O PARTICIPAR E CONCORRER AO SORTEIO&nbsp;os tal\u00f5es e numera\u00e7\u00f5es seguintes da A\u00c7\u00c3O ENTRE AMIGOS 2022 a ser realizada e [&hellip;]\" \/>\n<meta property=\"og:url\" content=\"https:\/\/salesianossp.org.br\/ossjb\/comunicado-urgente-acao-entre-amigos-2022-obra-social-sao-joao-bosco-campinas-sp\/\" \/>\n<meta property=\"og:site_name\" content=\"Obra Social S\u00e3o Jo\u00e3o Bosco\" \/>\n<meta property=\"article:publisher\" content=\"https:\/\/www.facebook.com\/OSSJBCampinas\/\" \/>\n<meta property=\"article:published_time\" content=\"2022-12-23T21:16:19+00:00\" \/>\n<meta property=\"og:image\" content=\"https:\/\/salesianossp.org.br\/ossjb\/wp-content\/uploads\/2022\/12\/Acao-entre-Amigos-2022.png\" \/>\n\t<meta property=\"og:image:width\" content=\"1080\" \/>\n\t<meta property=\"og:image:height\" content=\"1080\" \/>\n\t<meta property=\"og:image:type\" content=\"image\/png\" \/>\n<meta name=\"author\" content=\"Lucas Rodrigues\" \/>\n<meta name=\"twitter:card\" content=\"summary_large_image\" \/>\n<meta name=\"twitter:label1\" content=\"Escrito por\" \/>\n\t<meta name=\"twitter:data1\" content=\"Lucas Rodrigues\" \/>\n\t<meta name=\"twitter:label2\" content=\"Est. tempo de leitura\" \/>\n\t<meta name=\"twitter:data2\" content=\"1 minuto\" \/>\n<script type=\"application\/ld+json\" class=\"yoast-schema-graph\">{\"@context\":\"https:\\\/\\\/schema.org\",\"@graph\":[{\"@type\":\"Article\",\"@id\":\"https:\\\/\\\/salesianossp.org.br\\\/ossjb\\\/comunicado-urgente-acao-entre-amigos-2022-obra-social-sao-joao-bosco-campinas-sp\\\/#article\",\"isPartOf\":{\"@id\":\"https:\\\/\\\/salesianossp.org.br\\\/ossjb\\\/comunicado-urgente-acao-entre-amigos-2022-obra-social-sao-joao-bosco-campinas-sp\\\/\"},\"author\":{\"name\":\"Lucas Rodrigues\",\"@id\":\"https:\\\/\\\/salesianossp.org.br\\\/ossjb\\\/#\\\/schema\\\/person\\\/4bc2abdbcf1d3120dd16324624dcdb93\"},\"headline\":\"COMUNICADO URGENTE-A\u00c7\u00c3O ENTRE AMIGOS \u2013 2022 &#8211; OBRA SOCIAL S\u00c3O JO\u00c3O BOSCO &#8211; CAMPINAS\\\/SP\",\"datePublished\":\"2022-12-23T21:16:19+00:00\",\"mainEntityOfPage\":{\"@id\":\"https:\\\/\\\/salesianossp.org.br\\\/ossjb\\\/comunicado-urgente-acao-entre-amigos-2022-obra-social-sao-joao-bosco-campinas-sp\\\/\"},\"wordCount\":268,\"commentCount\":0,\"publisher\":{\"@id\":\"https:\\\/\\\/salesianossp.org.br\\\/ossjb\\\/#organization\"},\"image\":{\"@id\":\"https:\\\/\\\/salesianossp.org.br\\\/ossjb\\\/comunicado-urgente-acao-entre-amigos-2022-obra-social-sao-joao-bosco-campinas-sp\\\/#primaryimage\"},\"thumbnailUrl\":\"https:\\\/\\\/salesianossp.org.br\\\/ossjb\\\/wp-content\\\/uploads\\\/2022\\\/12\\\/Acao-entre-Amigos-2022.png\",\"articleSection\":[\"Not\u00edcias\"],\"inLanguage\":\"pt-BR\",\"potentialAction\":[{\"@type\":\"CommentAction\",\"name\":\"Comment\",\"target\":[\"https:\\\/\\\/salesianossp.org.br\\\/ossjb\\\/comunicado-urgente-acao-entre-amigos-2022-obra-social-sao-joao-bosco-campinas-sp\\\/#respond\"]}]},{\"@type\":\"WebPage\",\"@id\":\"https:\\\/\\\/salesianossp.org.br\\\/ossjb\\\/comunicado-urgente-acao-entre-amigos-2022-obra-social-sao-joao-bosco-campinas-sp\\\/\",\"url\":\"https:\\\/\\\/salesianossp.org.br\\\/ossjb\\\/comunicado-urgente-acao-entre-amigos-2022-obra-social-sao-joao-bosco-campinas-sp\\\/\",\"name\":\"COMUNICADO URGENTE-A\u00c7\u00c3O ENTRE AMIGOS \u2013 2022 - OBRA SOCIAL S\u00c3O JO\u00c3O BOSCO - CAMPINAS\\\/SP - Obra Social S\u00e3o Jo\u00e3o Bosco\",\"isPartOf\":{\"@id\":\"https:\\\/\\\/salesianossp.org.br\\\/ossjb\\\/#website\"},\"primaryImageOfPage\":{\"@id\":\"https:\\\/\\\/salesianossp.org.br\\\/ossjb\\\/comunicado-urgente-acao-entre-amigos-2022-obra-social-sao-joao-bosco-campinas-sp\\\/#primaryimage\"},\"image\":{\"@id\":\"https:\\\/\\\/salesianossp.org.br\\\/ossjb\\\/comunicado-urgente-acao-entre-amigos-2022-obra-social-sao-joao-bosco-campinas-sp\\\/#primaryimage\"},\"thumbnailUrl\":\"https:\\\/\\\/salesianossp.org.br\\\/ossjb\\\/wp-content\\\/uploads\\\/2022\\\/12\\\/Acao-entre-Amigos-2022.png\",\"datePublished\":\"2022-12-23T21:16:19+00:00\",\"breadcrumb\":{\"@id\":\"https:\\\/\\\/salesianossp.org.br\\\/ossjb\\\/comunicado-urgente-acao-entre-amigos-2022-obra-social-sao-joao-bosco-campinas-sp\\\/#breadcrumb\"},\"inLanguage\":\"pt-BR\",\"potentialAction\":[{\"@type\":\"ReadAction\",\"target\":[\"https:\\\/\\\/salesianossp.org.br\\\/ossjb\\\/comunicado-urgente-acao-entre-amigos-2022-obra-social-sao-joao-bosco-campinas-sp\\\/\"]}]},{\"@type\":\"ImageObject\",\"inLanguage\":\"pt-BR\",\"@id\":\"https:\\\/\\\/salesianossp.org.br\\\/ossjb\\\/comunicado-urgente-acao-entre-amigos-2022-obra-social-sao-joao-bosco-campinas-sp\\\/#primaryimage\",\"url\":\"https:\\\/\\\/salesianossp.org.br\\\/ossjb\\\/wp-content\\\/uploads\\\/2022\\\/12\\\/Acao-entre-Amigos-2022.png\",\"contentUrl\":\"https:\\\/\\\/salesianossp.org.br\\\/ossjb\\\/wp-content\\\/uploads\\\/2022\\\/12\\\/Acao-entre-Amigos-2022.png\",\"width\":1080,\"height\":1080},{\"@type\":\"BreadcrumbList\",\"@id\":\"https:\\\/\\\/salesianossp.org.br\\\/ossjb\\\/comunicado-urgente-acao-entre-amigos-2022-obra-social-sao-joao-bosco-campinas-sp\\\/#breadcrumb\",\"itemListElement\":[{\"@type\":\"ListItem\",\"position\":1,\"name\":\"In\u00edcio\",\"item\":\"https:\\\/\\\/salesianossp.org.br\\\/ossjb\\\/\"},{\"@type\":\"ListItem\",\"position\":2,\"name\":\"COMUNICADO URGENTE-A\u00c7\u00c3O ENTRE AMIGOS \u2013 2022 &#8211; OBRA SOCIAL S\u00c3O JO\u00c3O BOSCO &#8211; CAMPINAS\\\/SP\"}]},{\"@type\":\"WebSite\",\"@id\":\"https:\\\/\\\/salesianossp.org.br\\\/ossjb\\\/#website\",\"url\":\"https:\\\/\\\/salesianossp.org.br\\\/ossjb\\\/\",\"name\":\"Obra Social S\u00e3o Jo\u00e3o Bosco\",\"description\":\"\",\"publisher\":{\"@id\":\"https:\\\/\\\/salesianossp.org.br\\\/ossjb\\\/#organization\"},\"potentialAction\":[{\"@type\":\"SearchAction\",\"target\":{\"@type\":\"EntryPoint\",\"urlTemplate\":\"https:\\\/\\\/salesianossp.org.br\\\/ossjb\\\/?s={search_term_string}\"},\"query-input\":{\"@type\":\"PropertyValueSpecification\",\"valueRequired\":true,\"valueName\":\"search_term_string\"}}],\"inLanguage\":\"pt-BR\"},{\"@type\":\"Organization\",\"@id\":\"https:\\\/\\\/salesianossp.org.br\\\/ossjb\\\/#organization\",\"name\":\"Obra Social S\u00e3o Jo\u00e3o Bosco\",\"url\":\"https:\\\/\\\/salesianossp.org.br\\\/ossjb\\\/\",\"logo\":{\"@type\":\"ImageObject\",\"inLanguage\":\"pt-BR\",\"@id\":\"https:\\\/\\\/salesianossp.org.br\\\/ossjb\\\/#\\\/schema\\\/logo\\\/image\\\/\",\"url\":\"https:\\\/\\\/salesianossp.org.br\\\/ossjb\\\/wp-content\\\/uploads\\\/2025\\\/10\\\/logotipo-obra-social-sao-joao-bosco-color-56.svg\",\"contentUrl\":\"https:\\\/\\\/salesianossp.org.br\\\/ossjb\\\/wp-content\\\/uploads\\\/2025\\\/10\\\/logotipo-obra-social-sao-joao-bosco-color-56.svg\",\"width\":185,\"height\":56,\"caption\":\"Obra Social S\u00e3o Jo\u00e3o Bosco\"},\"image\":{\"@id\":\"https:\\\/\\\/salesianossp.org.br\\\/ossjb\\\/#\\\/schema\\\/logo\\\/image\\\/\"},\"sameAs\":[\"https:\\\/\\\/www.facebook.com\\\/OSSJBCampinas\\\/\",\"https:\\\/\\\/www.instagram.com\\\/ossjbcampinas\\\/\",\"https:\\\/\\\/www.youtube.com\\\/channel\\\/UClNa7qdZCtP9uzs5b0nG2LQ\\\/featured\"]},{\"@type\":\"Person\",\"@id\":\"https:\\\/\\\/salesianossp.org.br\\\/ossjb\\\/#\\\/schema\\\/person\\\/4bc2abdbcf1d3120dd16324624dcdb93\",\"name\":\"Lucas Rodrigues\",\"image\":{\"@type\":\"ImageObject\",\"inLanguage\":\"pt-BR\",\"@id\":\"https:\\\/\\\/secure.gravatar.com\\\/avatar\\\/0ad9c966c6ed3335d7fffe2c3b88880dd298c0817b71e20a6955c38f2a53f746?s=96&d=mm&r=g\",\"url\":\"https:\\\/\\\/secure.gravatar.com\\\/avatar\\\/0ad9c966c6ed3335d7fffe2c3b88880dd298c0817b71e20a6955c38f2a53f746?s=96&d=mm&r=g\",\"contentUrl\":\"https:\\\/\\\/secure.gravatar.com\\\/avatar\\\/0ad9c966c6ed3335d7fffe2c3b88880dd298c0817b71e20a6955c38f2a53f746?s=96&d=mm&r=g\",\"caption\":\"Lucas Rodrigues\"},\"url\":\"https:\\\/\\\/salesianossp.org.br\\\/ossjb\\\/author\\\/lucas-rodrigues\\\/\"}]}<\/script>\n<!-- \/ Yoast SEO plugin. -->","yoast_head_json":{"title":"COMUNICADO URGENTE-A\u00c7\u00c3O ENTRE AMIGOS \u2013 2022 - OBRA SOCIAL S\u00c3O JO\u00c3O BOSCO - CAMPINAS\/SP - Obra Social S\u00e3o Jo\u00e3o Bosco","robots":{"index":"index","follow":"follow","max-snippet":"max-snippet:-1","max-image-preview":"max-image-preview:large","max-video-preview":"max-video-preview:-1"},"canonical":"https:\/\/salesianossp.org.br\/ossjb\/comunicado-urgente-acao-entre-amigos-2022-obra-social-sao-joao-bosco-campinas-sp\/","og_locale":"pt_BR","og_type":"article","og_title":"COMUNICADO URGENTE-A\u00c7\u00c3O ENTRE AMIGOS \u2013 2022 - OBRA SOCIAL S\u00c3O JO\u00c3O BOSCO - CAMPINAS\/SP - Obra Social S\u00e3o Jo\u00e3o Bosco","og_description":"A Obra Social S\u00e3o Jo\u00e3o Bosco vem por meio desta comunicar que: POR MOTIVO DE EXTRAVIO\/FURTO\/PERDA declarados no Boletim de Ocorr\u00eancia de n\u00ba &nbsp;KZ2288-1\/2022 e no Boletim de Ocorr\u00eancia de n\u00ba LB9946-1\/2022 EST\u00c3O CANCELADOS E N\u00c3O PODER\u00c3O PARTICIPAR E CONCORRER AO SORTEIO&nbsp;os tal\u00f5es e numera\u00e7\u00f5es seguintes da A\u00c7\u00c3O ENTRE AMIGOS 2022 a ser realizada e [&hellip;]","og_url":"https:\/\/salesianossp.org.br\/ossjb\/comunicado-urgente-acao-entre-amigos-2022-obra-social-sao-joao-bosco-campinas-sp\/","og_site_name":"Obra Social S\u00e3o Jo\u00e3o Bosco","article_publisher":"https:\/\/www.facebook.com\/OSSJBCampinas\/","article_published_time":"2022-12-23T21:16:19+00:00","og_image":[{"width":1080,"height":1080,"url":"https:\/\/salesianossp.org.br\/ossjb\/wp-content\/uploads\/2022\/12\/Acao-entre-Amigos-2022.png","type":"image\/png"}],"author":"Lucas Rodrigues","twitter_card":"summary_large_image","twitter_misc":{"Escrito por":"Lucas Rodrigues","Est. tempo de leitura":"1 minuto"},"schema":{"@context":"https:\/\/schema.org","@graph":[{"@type":"Article","@id":"https:\/\/salesianossp.org.br\/ossjb\/comunicado-urgente-acao-entre-amigos-2022-obra-social-sao-joao-bosco-campinas-sp\/#article","isPartOf":{"@id":"https:\/\/salesianossp.org.br\/ossjb\/comunicado-urgente-acao-entre-amigos-2022-obra-social-sao-joao-bosco-campinas-sp\/"},"author":{"name":"Lucas Rodrigues","@id":"https:\/\/salesianossp.org.br\/ossjb\/#\/schema\/person\/4bc2abdbcf1d3120dd16324624dcdb93"},"headline":"COMUNICADO URGENTE-A\u00c7\u00c3O ENTRE AMIGOS \u2013 2022 &#8211; OBRA SOCIAL S\u00c3O JO\u00c3O BOSCO &#8211; CAMPINAS\/SP","datePublished":"2022-12-23T21:16:19+00:00","mainEntityOfPage":{"@id":"https:\/\/salesianossp.org.br\/ossjb\/comunicado-urgente-acao-entre-amigos-2022-obra-social-sao-joao-bosco-campinas-sp\/"},"wordCount":268,"commentCount":0,"publisher":{"@id":"https:\/\/salesianossp.org.br\/ossjb\/#organization"},"image":{"@id":"https:\/\/salesianossp.org.br\/ossjb\/comunicado-urgente-acao-entre-amigos-2022-obra-social-sao-joao-bosco-campinas-sp\/#primaryimage"},"thumbnailUrl":"https:\/\/salesianossp.org.br\/ossjb\/wp-content\/uploads\/2022\/12\/Acao-entre-Amigos-2022.png","articleSection":["Not\u00edcias"],"inLanguage":"pt-BR","potentialAction":[{"@type":"CommentAction","name":"Comment","target":["https:\/\/salesianossp.org.br\/ossjb\/comunicado-urgente-acao-entre-amigos-2022-obra-social-sao-joao-bosco-campinas-sp\/#respond"]}]},{"@type":"WebPage","@id":"https:\/\/salesianossp.org.br\/ossjb\/comunicado-urgente-acao-entre-amigos-2022-obra-social-sao-joao-bosco-campinas-sp\/","url":"https:\/\/salesianossp.org.br\/ossjb\/comunicado-urgente-acao-entre-amigos-2022-obra-social-sao-joao-bosco-campinas-sp\/","name":"COMUNICADO URGENTE-A\u00c7\u00c3O ENTRE AMIGOS \u2013 2022 - OBRA SOCIAL S\u00c3O JO\u00c3O BOSCO - CAMPINAS\/SP - Obra Social S\u00e3o Jo\u00e3o Bosco","isPartOf":{"@id":"https:\/\/salesianossp.org.br\/ossjb\/#website"},"primaryImageOfPage":{"@id":"https:\/\/salesianossp.org.br\/ossjb\/comunicado-urgente-acao-entre-amigos-2022-obra-social-sao-joao-bosco-campinas-sp\/#primaryimage"},"image":{"@id":"https:\/\/salesianossp.org.br\/ossjb\/comunicado-urgente-acao-entre-amigos-2022-obra-social-sao-joao-bosco-campinas-sp\/#primaryimage"},"thumbnailUrl":"https:\/\/salesianossp.org.br\/ossjb\/wp-content\/uploads\/2022\/12\/Acao-entre-Amigos-2022.png","datePublished":"2022-12-23T21:16:19+00:00","breadcrumb":{"@id":"https:\/\/salesianossp.org.br\/ossjb\/comunicado-urgente-acao-entre-amigos-2022-obra-social-sao-joao-bosco-campinas-sp\/#breadcrumb"},"inLanguage":"pt-BR","potentialAction":[{"@type":"ReadAction","target":["https:\/\/salesianossp.org.br\/ossjb\/comunicado-urgente-acao-entre-amigos-2022-obra-social-sao-joao-bosco-campinas-sp\/"]}]},{"@type":"ImageObject","inLanguage":"pt-BR","@id":"https:\/\/salesianossp.org.br\/ossjb\/comunicado-urgente-acao-entre-amigos-2022-obra-social-sao-joao-bosco-campinas-sp\/#primaryimage","url":"https:\/\/salesianossp.org.br\/ossjb\/wp-content\/uploads\/2022\/12\/Acao-entre-Amigos-2022.png","contentUrl":"https:\/\/salesianossp.org.br\/ossjb\/wp-content\/uploads\/2022\/12\/Acao-entre-Amigos-2022.png","width":1080,"height":1080},{"@type":"BreadcrumbList","@id":"https:\/\/salesianossp.org.br\/ossjb\/comunicado-urgente-acao-entre-amigos-2022-obra-social-sao-joao-bosco-campinas-sp\/#breadcrumb","itemListElement":[{"@type":"ListItem","position":1,"name":"In\u00edcio","item":"https:\/\/salesianossp.org.br\/ossjb\/"},{"@type":"ListItem","position":2,"name":"COMUNICADO URGENTE-A\u00c7\u00c3O ENTRE AMIGOS \u2013 2022 &#8211; OBRA SOCIAL S\u00c3O JO\u00c3O BOSCO &#8211; CAMPINAS\/SP"}]},{"@type":"WebSite","@id":"https:\/\/salesianossp.org.br\/ossjb\/#website","url":"https:\/\/salesianossp.org.br\/ossjb\/","name":"Obra Social S\u00e3o Jo\u00e3o Bosco","description":"","publisher":{"@id":"https:\/\/salesianossp.org.br\/ossjb\/#organization"},"potentialAction":[{"@type":"SearchAction","target":{"@type":"EntryPoint","urlTemplate":"https:\/\/salesianossp.org.br\/ossjb\/?s={search_term_string}"},"query-input":{"@type":"PropertyValueSpecification","valueRequired":true,"valueName":"search_term_string"}}],"inLanguage":"pt-BR"},{"@type":"Organization","@id":"https:\/\/salesianossp.org.br\/ossjb\/#organization","name":"Obra Social S\u00e3o Jo\u00e3o Bosco","url":"https:\/\/salesianossp.org.br\/ossjb\/","logo":{"@type":"ImageObject","inLanguage":"pt-BR","@id":"https:\/\/salesianossp.org.br\/ossjb\/#\/schema\/logo\/image\/","url":"https:\/\/salesianossp.org.br\/ossjb\/wp-content\/uploads\/2025\/10\/logotipo-obra-social-sao-joao-bosco-color-56.svg","contentUrl":"https:\/\/salesianossp.org.br\/ossjb\/wp-content\/uploads\/2025\/10\/logotipo-obra-social-sao-joao-bosco-color-56.svg","width":185,"height":56,"caption":"Obra Social S\u00e3o Jo\u00e3o Bosco"},"image":{"@id":"https:\/\/salesianossp.org.br\/ossjb\/#\/schema\/logo\/image\/"},"sameAs":["https:\/\/www.facebook.com\/OSSJBCampinas\/","https:\/\/www.instagram.com\/ossjbcampinas\/","https:\/\/www.youtube.com\/channel\/UClNa7qdZCtP9uzs5b0nG2LQ\/featured"]},{"@type":"Person","@id":"https:\/\/salesianossp.org.br\/ossjb\/#\/schema\/person\/4bc2abdbcf1d3120dd16324624dcdb93","name":"Lucas Rodrigues","image":{"@type":"ImageObject","inLanguage":"pt-BR","@id":"https:\/\/secure.gravatar.com\/avatar\/0ad9c966c6ed3335d7fffe2c3b88880dd298c0817b71e20a6955c38f2a53f746?s=96&d=mm&r=g","url":"https:\/\/secure.gravatar.com\/avatar\/0ad9c966c6ed3335d7fffe2c3b88880dd298c0817b71e20a6955c38f2a53f746?s=96&d=mm&r=g","contentUrl":"https:\/\/secure.gravatar.com\/avatar\/0ad9c966c6ed3335d7fffe2c3b88880dd298c0817b71e20a6955c38f2a53f746?s=96&d=mm&r=g","caption":"Lucas Rodrigues"},"url":"https:\/\/salesianossp.org.br\/ossjb\/author\/lucas-rodrigues\/"}]}},"_links":{"self":[{"href":"https:\/\/salesianossp.org.br\/ossjb\/wp-json\/wp\/v2\/posts\/5156","targetHints":{"allow":["GET"]}}],"collection":[{"href":"https:\/\/salesianossp.org.br\/ossjb\/wp-json\/wp\/v2\/posts"}],"about":[{"href":"https:\/\/salesianossp.org.br\/ossjb\/wp-json\/wp\/v2\/types\/post"}],"author":[{"embeddable":true,"href":"https:\/\/salesianossp.org.br\/ossjb\/wp-json\/wp\/v2\/users\/27"}],"replies":[{"embeddable":true,"href":"https:\/\/salesianossp.org.br\/ossjb\/wp-json\/wp\/v2\/comments?post=5156"}],"version-history":[{"count":0,"href":"https:\/\/salesianossp.org.br\/ossjb\/wp-json\/wp\/v2\/posts\/5156\/revisions"}],"wp:featuredmedia":[{"embeddable":true,"href":"https:\/\/salesianossp.org.br\/ossjb\/wp-json\/wp\/v2\/media\/5157"}],"wp:attachment":[{"href":"https:\/\/salesianossp.org.br\/ossjb\/wp-json\/wp\/v2\/media?parent=5156"}],"wp:term":[{"taxonomy":"category","embeddable":true,"href":"https:\/\/salesianossp.org.br\/ossjb\/wp-json\/wp\/v2\/categories?post=5156"},{"taxonomy":"post_tag","embeddable":true,"href":"https:\/\/salesianossp.org.br\/ossjb\/wp-json\/wp\/v2\/tags?post=5156"}],"curies":[{"name":"wp","href":"https:\/\/api.w.org\/{rel}","templated":true}]}}