{"id":5660,"date":"2023-06-29T12:00:00","date_gmt":"2023-06-29T15:00:00","guid":{"rendered":"https:\/\/salesianossp.org.br\/ossjb\/?p=5660"},"modified":"2023-06-29T12:00:00","modified_gmt":"2023-06-29T15:00:00","slug":"o-papel-do-educador-na-formacao-infantil-atraves-de-atelies","status":"publish","type":"post","link":"https:\/\/salesianossp.org.br\/ossjb\/o-papel-do-educador-na-formacao-infantil-atraves-de-atelies\/","title":{"rendered":"O papel do educador na forma\u00e7\u00e3o infantil atrav\u00e9s de ateli\u00eas"},"content":{"rendered":"\n<h6 class=\"wp-block-heading\"><em>Educadores da Obra Social receberam forma\u00e7\u00e3o sobre o tema com o professor Murilo Braga<\/em><\/h6>\n\n\n\n<p>As forma\u00e7\u00f5es mensais da Obra Social S\u00e3o Jo\u00e3o Bosco s\u00e3o sempre muito ricas e neste m\u00eas de junho, os educadores puderam aprender mais sobre o papel dos ateli\u00eas na forma\u00e7\u00e3o das crian\u00e7as da educa\u00e7\u00e3o infantil e como o profissional educacional pode agir para melhorar o desenvolvimento dos pequenos.<\/p>\n\n\n\n<p>Murilo Braga, professor e mestre em educa\u00e7\u00e3o, trouxe ideias, reflex\u00f5es e a\u00e7\u00f5es que podem ser realizadas pelo educador para que os ateli\u00eas art\u00edsticos criados para as crian\u00e7as. O direcionamento do professor \u00e9 que os educadores levem em conta a desconstru\u00e7\u00e3o do imag\u00e9tico generalizado e possam propor ir al\u00e9m, considerando a arte infantil mais do que um desenho simples.<\/p>\n\n\n\n<figure class=\"wp-block-image size-large is-style-rounded\"><img decoding=\"async\" src=\"https:\/\/salesianossp.org.br\/ossjb\/wp-content\/uploads\/2023\/06\/IMG_5869-1024x768.jpg\" alt=\"\" class=\"wp-image-5662\"\/><\/figure>\n\n\n\n<p><em>O exerc\u00edcio promovido pelo professor Murilo Braga buscou trazer mem\u00f3rias de arte na inf\u00e2ncia<\/em><\/p>\n\n\n\n<p>Os educadores foram orientados a propor a\u00e7\u00f5es que ajudem as crian\u00e7as a usar o mundo f\u00edsico, juntamente \u00e0s suas vontades, gostos, criatividade e imagina\u00e7\u00e3o. Al\u00e9m disso, o professor tamb\u00e9m ajudou os educadores a pensarem em materiais necess\u00e1rios e poss\u00edveis para o desenvolvimento de ateli\u00eas art\u00edsticos.<\/p>\n\n\n\n<p>Os educadores presentes na forma\u00e7\u00e3o fizeram um exerc\u00edcio pr\u00e1tico proposto pelo professor para que pudessem usar a imagina\u00e7\u00e3o e pensarem em outras formas de agir e ensinar.<\/p>\n","protected":false},"excerpt":{"rendered":"<p>Educadores da Obra Social receberam forma\u00e7\u00e3o sobre o tema com o professor Murilo Braga As forma\u00e7\u00f5es mensais da Obra Social S\u00e3o Jo\u00e3o Bosco s\u00e3o sempre muito ricas e neste m\u00eas de junho, os educadores puderam aprender mais sobre o papel dos ateli\u00eas na forma\u00e7\u00e3o das crian\u00e7as da educa\u00e7\u00e3o infantil e como o profissional educacional pode [&hellip;]<\/p>\n","protected":false},"author":27,"featured_media":5661,"comment_status":"open","ping_status":"open","sticky":false,"template":"","format":"standard","meta":{"footnotes":""},"categories":[78,59],"tags":[444,44,88,252,407,394],"class_list":["post-5660","post","type-post","status-publish","format-standard","has-post-thumbnail","hentry","category-institucional","category-noticias","tag-arte","tag-dom-bosco","tag-educacao","tag-formacao","tag-ossjb","tag-salesianos"],"yoast_head":"<!-- This site is optimized with the Yoast SEO plugin v27.4 - https:\/\/yoast.com\/product\/yoast-seo-wordpress\/ -->\n<title>O papel do educador na forma\u00e7\u00e3o infantil atrav\u00e9s de ateli\u00eas - Obra Social S\u00e3o Jo\u00e3o Bosco<\/title>\n<meta name=\"robots\" content=\"index, follow, max-snippet:-1, max-image-preview:large, max-video-preview:-1\" \/>\n<link rel=\"canonical\" href=\"https:\/\/salesianossp.org.br\/ossjb\/o-papel-do-educador-na-formacao-infantil-atraves-de-atelies\/\" \/>\n<meta property=\"og:locale\" content=\"pt_BR\" \/>\n<meta property=\"og:type\" content=\"article\" \/>\n<meta property=\"og:title\" content=\"O papel do educador na forma\u00e7\u00e3o infantil atrav\u00e9s de ateli\u00eas - Obra Social S\u00e3o Jo\u00e3o Bosco\" \/>\n<meta property=\"og:description\" content=\"Educadores da Obra Social receberam forma\u00e7\u00e3o sobre o tema com o professor Murilo Braga As forma\u00e7\u00f5es mensais da Obra Social S\u00e3o Jo\u00e3o Bosco s\u00e3o sempre muito ricas e neste m\u00eas de junho, os educadores puderam aprender mais sobre o papel dos ateli\u00eas na forma\u00e7\u00e3o das crian\u00e7as da educa\u00e7\u00e3o infantil e como o profissional educacional pode [&hellip;]\" \/>\n<meta property=\"og:url\" content=\"https:\/\/salesianossp.org.br\/ossjb\/o-papel-do-educador-na-formacao-infantil-atraves-de-atelies\/\" \/>\n<meta property=\"og:site_name\" content=\"Obra Social S\u00e3o Jo\u00e3o Bosco\" \/>\n<meta property=\"article:publisher\" content=\"https:\/\/www.facebook.com\/OSSJBCampinas\/\" \/>\n<meta property=\"article:published_time\" content=\"2023-06-29T15:00:00+00:00\" \/>\n<meta property=\"og:image\" content=\"https:\/\/salesianossp.org.br\/ossjb\/wp-content\/uploads\/2023\/06\/Atelie-scaled-1.jpg\" \/>\n\t<meta property=\"og:image:width\" content=\"2560\" \/>\n\t<meta property=\"og:image:height\" content=\"1920\" \/>\n\t<meta property=\"og:image:type\" content=\"image\/jpeg\" \/>\n<meta name=\"author\" content=\"Lucas Rodrigues\" \/>\n<meta name=\"twitter:card\" content=\"summary_large_image\" \/>\n<meta name=\"twitter:label1\" content=\"Escrito por\" \/>\n\t<meta name=\"twitter:data1\" content=\"Lucas Rodrigues\" \/>\n\t<meta name=\"twitter:label2\" content=\"Est. tempo de leitura\" \/>\n\t<meta name=\"twitter:data2\" content=\"1 minuto\" \/>\n<script type=\"application\/ld+json\" class=\"yoast-schema-graph\">{\"@context\":\"https:\\\/\\\/schema.org\",\"@graph\":[{\"@type\":\"Article\",\"@id\":\"https:\\\/\\\/salesianossp.org.br\\\/ossjb\\\/o-papel-do-educador-na-formacao-infantil-atraves-de-atelies\\\/#article\",\"isPartOf\":{\"@id\":\"https:\\\/\\\/salesianossp.org.br\\\/ossjb\\\/o-papel-do-educador-na-formacao-infantil-atraves-de-atelies\\\/\"},\"author\":{\"name\":\"Lucas Rodrigues\",\"@id\":\"https:\\\/\\\/salesianossp.org.br\\\/ossjb\\\/#\\\/schema\\\/person\\\/4bc2abdbcf1d3120dd16324624dcdb93\"},\"headline\":\"O papel do educador na forma\u00e7\u00e3o infantil atrav\u00e9s de ateli\u00eas\",\"datePublished\":\"2023-06-29T15:00:00+00:00\",\"mainEntityOfPage\":{\"@id\":\"https:\\\/\\\/salesianossp.org.br\\\/ossjb\\\/o-papel-do-educador-na-formacao-infantil-atraves-de-atelies\\\/\"},\"wordCount\":254,\"commentCount\":0,\"publisher\":{\"@id\":\"https:\\\/\\\/salesianossp.org.br\\\/ossjb\\\/#organization\"},\"image\":{\"@id\":\"https:\\\/\\\/salesianossp.org.br\\\/ossjb\\\/o-papel-do-educador-na-formacao-infantil-atraves-de-atelies\\\/#primaryimage\"},\"thumbnailUrl\":\"https:\\\/\\\/salesianossp.org.br\\\/ossjb\\\/wp-content\\\/uploads\\\/2023\\\/06\\\/Atelie-scaled-1.jpg\",\"keywords\":[\"arte\",\"Dom Bosco\",\"Educa\u00e7\u00e3o\",\"forma\u00e7\u00e3o\",\"OSSJB\",\"salesianos\"],\"articleSection\":[\"Institucional\",\"Not\u00edcias\"],\"inLanguage\":\"pt-BR\",\"potentialAction\":[{\"@type\":\"CommentAction\",\"name\":\"Comment\",\"target\":[\"https:\\\/\\\/salesianossp.org.br\\\/ossjb\\\/o-papel-do-educador-na-formacao-infantil-atraves-de-atelies\\\/#respond\"]}]},{\"@type\":\"WebPage\",\"@id\":\"https:\\\/\\\/salesianossp.org.br\\\/ossjb\\\/o-papel-do-educador-na-formacao-infantil-atraves-de-atelies\\\/\",\"url\":\"https:\\\/\\\/salesianossp.org.br\\\/ossjb\\\/o-papel-do-educador-na-formacao-infantil-atraves-de-atelies\\\/\",\"name\":\"O papel do educador na forma\u00e7\u00e3o infantil atrav\u00e9s de ateli\u00eas - Obra Social S\u00e3o Jo\u00e3o Bosco\",\"isPartOf\":{\"@id\":\"https:\\\/\\\/salesianossp.org.br\\\/ossjb\\\/#website\"},\"primaryImageOfPage\":{\"@id\":\"https:\\\/\\\/salesianossp.org.br\\\/ossjb\\\/o-papel-do-educador-na-formacao-infantil-atraves-de-atelies\\\/#primaryimage\"},\"image\":{\"@id\":\"https:\\\/\\\/salesianossp.org.br\\\/ossjb\\\/o-papel-do-educador-na-formacao-infantil-atraves-de-atelies\\\/#primaryimage\"},\"thumbnailUrl\":\"https:\\\/\\\/salesianossp.org.br\\\/ossjb\\\/wp-content\\\/uploads\\\/2023\\\/06\\\/Atelie-scaled-1.jpg\",\"datePublished\":\"2023-06-29T15:00:00+00:00\",\"breadcrumb\":{\"@id\":\"https:\\\/\\\/salesianossp.org.br\\\/ossjb\\\/o-papel-do-educador-na-formacao-infantil-atraves-de-atelies\\\/#breadcrumb\"},\"inLanguage\":\"pt-BR\",\"potentialAction\":[{\"@type\":\"ReadAction\",\"target\":[\"https:\\\/\\\/salesianossp.org.br\\\/ossjb\\\/o-papel-do-educador-na-formacao-infantil-atraves-de-atelies\\\/\"]}]},{\"@type\":\"ImageObject\",\"inLanguage\":\"pt-BR\",\"@id\":\"https:\\\/\\\/salesianossp.org.br\\\/ossjb\\\/o-papel-do-educador-na-formacao-infantil-atraves-de-atelies\\\/#primaryimage\",\"url\":\"https:\\\/\\\/salesianossp.org.br\\\/ossjb\\\/wp-content\\\/uploads\\\/2023\\\/06\\\/Atelie-scaled-1.jpg\",\"contentUrl\":\"https:\\\/\\\/salesianossp.org.br\\\/ossjb\\\/wp-content\\\/uploads\\\/2023\\\/06\\\/Atelie-scaled-1.jpg\",\"width\":2560,\"height\":1920},{\"@type\":\"BreadcrumbList\",\"@id\":\"https:\\\/\\\/salesianossp.org.br\\\/ossjb\\\/o-papel-do-educador-na-formacao-infantil-atraves-de-atelies\\\/#breadcrumb\",\"itemListElement\":[{\"@type\":\"ListItem\",\"position\":1,\"name\":\"In\u00edcio\",\"item\":\"https:\\\/\\\/salesianossp.org.br\\\/ossjb\\\/\"},{\"@type\":\"ListItem\",\"position\":2,\"name\":\"O papel do educador na forma\u00e7\u00e3o infantil atrav\u00e9s de ateli\u00eas\"}]},{\"@type\":\"WebSite\",\"@id\":\"https:\\\/\\\/salesianossp.org.br\\\/ossjb\\\/#website\",\"url\":\"https:\\\/\\\/salesianossp.org.br\\\/ossjb\\\/\",\"name\":\"Obra Social S\u00e3o Jo\u00e3o Bosco\",\"description\":\"\",\"publisher\":{\"@id\":\"https:\\\/\\\/salesianossp.org.br\\\/ossjb\\\/#organization\"},\"potentialAction\":[{\"@type\":\"SearchAction\",\"target\":{\"@type\":\"EntryPoint\",\"urlTemplate\":\"https:\\\/\\\/salesianossp.org.br\\\/ossjb\\\/?s={search_term_string}\"},\"query-input\":{\"@type\":\"PropertyValueSpecification\",\"valueRequired\":true,\"valueName\":\"search_term_string\"}}],\"inLanguage\":\"pt-BR\"},{\"@type\":\"Organization\",\"@id\":\"https:\\\/\\\/salesianossp.org.br\\\/ossjb\\\/#organization\",\"name\":\"Obra Social S\u00e3o Jo\u00e3o Bosco\",\"url\":\"https:\\\/\\\/salesianossp.org.br\\\/ossjb\\\/\",\"logo\":{\"@type\":\"ImageObject\",\"inLanguage\":\"pt-BR\",\"@id\":\"https:\\\/\\\/salesianossp.org.br\\\/ossjb\\\/#\\\/schema\\\/logo\\\/image\\\/\",\"url\":\"https:\\\/\\\/salesianossp.org.br\\\/ossjb\\\/wp-content\\\/uploads\\\/2025\\\/10\\\/logotipo-obra-social-sao-joao-bosco-color-56.svg\",\"contentUrl\":\"https:\\\/\\\/salesianossp.org.br\\\/ossjb\\\/wp-content\\\/uploads\\\/2025\\\/10\\\/logotipo-obra-social-sao-joao-bosco-color-56.svg\",\"width\":185,\"height\":56,\"caption\":\"Obra Social S\u00e3o Jo\u00e3o Bosco\"},\"image\":{\"@id\":\"https:\\\/\\\/salesianossp.org.br\\\/ossjb\\\/#\\\/schema\\\/logo\\\/image\\\/\"},\"sameAs\":[\"https:\\\/\\\/www.facebook.com\\\/OSSJBCampinas\\\/\",\"https:\\\/\\\/www.instagram.com\\\/ossjbcampinas\\\/\",\"https:\\\/\\\/www.youtube.com\\\/channel\\\/UClNa7qdZCtP9uzs5b0nG2LQ\\\/featured\"]},{\"@type\":\"Person\",\"@id\":\"https:\\\/\\\/salesianossp.org.br\\\/ossjb\\\/#\\\/schema\\\/person\\\/4bc2abdbcf1d3120dd16324624dcdb93\",\"name\":\"Lucas Rodrigues\",\"image\":{\"@type\":\"ImageObject\",\"inLanguage\":\"pt-BR\",\"@id\":\"https:\\\/\\\/secure.gravatar.com\\\/avatar\\\/0ad9c966c6ed3335d7fffe2c3b88880dd298c0817b71e20a6955c38f2a53f746?s=96&d=mm&r=g\",\"url\":\"https:\\\/\\\/secure.gravatar.com\\\/avatar\\\/0ad9c966c6ed3335d7fffe2c3b88880dd298c0817b71e20a6955c38f2a53f746?s=96&d=mm&r=g\",\"contentUrl\":\"https:\\\/\\\/secure.gravatar.com\\\/avatar\\\/0ad9c966c6ed3335d7fffe2c3b88880dd298c0817b71e20a6955c38f2a53f746?s=96&d=mm&r=g\",\"caption\":\"Lucas Rodrigues\"},\"url\":\"https:\\\/\\\/salesianossp.org.br\\\/ossjb\\\/author\\\/lucas-rodrigues\\\/\"}]}<\/script>\n<!-- \/ Yoast SEO plugin. -->","yoast_head_json":{"title":"O papel do educador na forma\u00e7\u00e3o infantil atrav\u00e9s de ateli\u00eas - Obra Social S\u00e3o Jo\u00e3o Bosco","robots":{"index":"index","follow":"follow","max-snippet":"max-snippet:-1","max-image-preview":"max-image-preview:large","max-video-preview":"max-video-preview:-1"},"canonical":"https:\/\/salesianossp.org.br\/ossjb\/o-papel-do-educador-na-formacao-infantil-atraves-de-atelies\/","og_locale":"pt_BR","og_type":"article","og_title":"O papel do educador na forma\u00e7\u00e3o infantil atrav\u00e9s de ateli\u00eas - Obra Social S\u00e3o Jo\u00e3o Bosco","og_description":"Educadores da Obra Social receberam forma\u00e7\u00e3o sobre o tema com o professor Murilo Braga As forma\u00e7\u00f5es mensais da Obra Social S\u00e3o Jo\u00e3o Bosco s\u00e3o sempre muito ricas e neste m\u00eas de junho, os educadores puderam aprender mais sobre o papel dos ateli\u00eas na forma\u00e7\u00e3o das crian\u00e7as da educa\u00e7\u00e3o infantil e como o profissional educacional pode [&hellip;]","og_url":"https:\/\/salesianossp.org.br\/ossjb\/o-papel-do-educador-na-formacao-infantil-atraves-de-atelies\/","og_site_name":"Obra Social S\u00e3o Jo\u00e3o Bosco","article_publisher":"https:\/\/www.facebook.com\/OSSJBCampinas\/","article_published_time":"2023-06-29T15:00:00+00:00","og_image":[{"width":2560,"height":1920,"url":"https:\/\/salesianossp.org.br\/ossjb\/wp-content\/uploads\/2023\/06\/Atelie-scaled-1.jpg","type":"image\/jpeg"}],"author":"Lucas Rodrigues","twitter_card":"summary_large_image","twitter_misc":{"Escrito por":"Lucas Rodrigues","Est. tempo de leitura":"1 minuto"},"schema":{"@context":"https:\/\/schema.org","@graph":[{"@type":"Article","@id":"https:\/\/salesianossp.org.br\/ossjb\/o-papel-do-educador-na-formacao-infantil-atraves-de-atelies\/#article","isPartOf":{"@id":"https:\/\/salesianossp.org.br\/ossjb\/o-papel-do-educador-na-formacao-infantil-atraves-de-atelies\/"},"author":{"name":"Lucas Rodrigues","@id":"https:\/\/salesianossp.org.br\/ossjb\/#\/schema\/person\/4bc2abdbcf1d3120dd16324624dcdb93"},"headline":"O papel do educador na forma\u00e7\u00e3o infantil atrav\u00e9s de ateli\u00eas","datePublished":"2023-06-29T15:00:00+00:00","mainEntityOfPage":{"@id":"https:\/\/salesianossp.org.br\/ossjb\/o-papel-do-educador-na-formacao-infantil-atraves-de-atelies\/"},"wordCount":254,"commentCount":0,"publisher":{"@id":"https:\/\/salesianossp.org.br\/ossjb\/#organization"},"image":{"@id":"https:\/\/salesianossp.org.br\/ossjb\/o-papel-do-educador-na-formacao-infantil-atraves-de-atelies\/#primaryimage"},"thumbnailUrl":"https:\/\/salesianossp.org.br\/ossjb\/wp-content\/uploads\/2023\/06\/Atelie-scaled-1.jpg","keywords":["arte","Dom Bosco","Educa\u00e7\u00e3o","forma\u00e7\u00e3o","OSSJB","salesianos"],"articleSection":["Institucional","Not\u00edcias"],"inLanguage":"pt-BR","potentialAction":[{"@type":"CommentAction","name":"Comment","target":["https:\/\/salesianossp.org.br\/ossjb\/o-papel-do-educador-na-formacao-infantil-atraves-de-atelies\/#respond"]}]},{"@type":"WebPage","@id":"https:\/\/salesianossp.org.br\/ossjb\/o-papel-do-educador-na-formacao-infantil-atraves-de-atelies\/","url":"https:\/\/salesianossp.org.br\/ossjb\/o-papel-do-educador-na-formacao-infantil-atraves-de-atelies\/","name":"O papel do educador na forma\u00e7\u00e3o infantil atrav\u00e9s de ateli\u00eas - Obra Social S\u00e3o Jo\u00e3o Bosco","isPartOf":{"@id":"https:\/\/salesianossp.org.br\/ossjb\/#website"},"primaryImageOfPage":{"@id":"https:\/\/salesianossp.org.br\/ossjb\/o-papel-do-educador-na-formacao-infantil-atraves-de-atelies\/#primaryimage"},"image":{"@id":"https:\/\/salesianossp.org.br\/ossjb\/o-papel-do-educador-na-formacao-infantil-atraves-de-atelies\/#primaryimage"},"thumbnailUrl":"https:\/\/salesianossp.org.br\/ossjb\/wp-content\/uploads\/2023\/06\/Atelie-scaled-1.jpg","datePublished":"2023-06-29T15:00:00+00:00","breadcrumb":{"@id":"https:\/\/salesianossp.org.br\/ossjb\/o-papel-do-educador-na-formacao-infantil-atraves-de-atelies\/#breadcrumb"},"inLanguage":"pt-BR","potentialAction":[{"@type":"ReadAction","target":["https:\/\/salesianossp.org.br\/ossjb\/o-papel-do-educador-na-formacao-infantil-atraves-de-atelies\/"]}]},{"@type":"ImageObject","inLanguage":"pt-BR","@id":"https:\/\/salesianossp.org.br\/ossjb\/o-papel-do-educador-na-formacao-infantil-atraves-de-atelies\/#primaryimage","url":"https:\/\/salesianossp.org.br\/ossjb\/wp-content\/uploads\/2023\/06\/Atelie-scaled-1.jpg","contentUrl":"https:\/\/salesianossp.org.br\/ossjb\/wp-content\/uploads\/2023\/06\/Atelie-scaled-1.jpg","width":2560,"height":1920},{"@type":"BreadcrumbList","@id":"https:\/\/salesianossp.org.br\/ossjb\/o-papel-do-educador-na-formacao-infantil-atraves-de-atelies\/#breadcrumb","itemListElement":[{"@type":"ListItem","position":1,"name":"In\u00edcio","item":"https:\/\/salesianossp.org.br\/ossjb\/"},{"@type":"ListItem","position":2,"name":"O papel do educador na forma\u00e7\u00e3o infantil atrav\u00e9s de ateli\u00eas"}]},{"@type":"WebSite","@id":"https:\/\/salesianossp.org.br\/ossjb\/#website","url":"https:\/\/salesianossp.org.br\/ossjb\/","name":"Obra Social S\u00e3o Jo\u00e3o Bosco","description":"","publisher":{"@id":"https:\/\/salesianossp.org.br\/ossjb\/#organization"},"potentialAction":[{"@type":"SearchAction","target":{"@type":"EntryPoint","urlTemplate":"https:\/\/salesianossp.org.br\/ossjb\/?s={search_term_string}"},"query-input":{"@type":"PropertyValueSpecification","valueRequired":true,"valueName":"search_term_string"}}],"inLanguage":"pt-BR"},{"@type":"Organization","@id":"https:\/\/salesianossp.org.br\/ossjb\/#organization","name":"Obra Social S\u00e3o Jo\u00e3o Bosco","url":"https:\/\/salesianossp.org.br\/ossjb\/","logo":{"@type":"ImageObject","inLanguage":"pt-BR","@id":"https:\/\/salesianossp.org.br\/ossjb\/#\/schema\/logo\/image\/","url":"https:\/\/salesianossp.org.br\/ossjb\/wp-content\/uploads\/2025\/10\/logotipo-obra-social-sao-joao-bosco-color-56.svg","contentUrl":"https:\/\/salesianossp.org.br\/ossjb\/wp-content\/uploads\/2025\/10\/logotipo-obra-social-sao-joao-bosco-color-56.svg","width":185,"height":56,"caption":"Obra Social S\u00e3o Jo\u00e3o Bosco"},"image":{"@id":"https:\/\/salesianossp.org.br\/ossjb\/#\/schema\/logo\/image\/"},"sameAs":["https:\/\/www.facebook.com\/OSSJBCampinas\/","https:\/\/www.instagram.com\/ossjbcampinas\/","https:\/\/www.youtube.com\/channel\/UClNa7qdZCtP9uzs5b0nG2LQ\/featured"]},{"@type":"Person","@id":"https:\/\/salesianossp.org.br\/ossjb\/#\/schema\/person\/4bc2abdbcf1d3120dd16324624dcdb93","name":"Lucas Rodrigues","image":{"@type":"ImageObject","inLanguage":"pt-BR","@id":"https:\/\/secure.gravatar.com\/avatar\/0ad9c966c6ed3335d7fffe2c3b88880dd298c0817b71e20a6955c38f2a53f746?s=96&d=mm&r=g","url":"https:\/\/secure.gravatar.com\/avatar\/0ad9c966c6ed3335d7fffe2c3b88880dd298c0817b71e20a6955c38f2a53f746?s=96&d=mm&r=g","contentUrl":"https:\/\/secure.gravatar.com\/avatar\/0ad9c966c6ed3335d7fffe2c3b88880dd298c0817b71e20a6955c38f2a53f746?s=96&d=mm&r=g","caption":"Lucas Rodrigues"},"url":"https:\/\/salesianossp.org.br\/ossjb\/author\/lucas-rodrigues\/"}]}},"_links":{"self":[{"href":"https:\/\/salesianossp.org.br\/ossjb\/wp-json\/wp\/v2\/posts\/5660","targetHints":{"allow":["GET"]}}],"collection":[{"href":"https:\/\/salesianossp.org.br\/ossjb\/wp-json\/wp\/v2\/posts"}],"about":[{"href":"https:\/\/salesianossp.org.br\/ossjb\/wp-json\/wp\/v2\/types\/post"}],"author":[{"embeddable":true,"href":"https:\/\/salesianossp.org.br\/ossjb\/wp-json\/wp\/v2\/users\/27"}],"replies":[{"embeddable":true,"href":"https:\/\/salesianossp.org.br\/ossjb\/wp-json\/wp\/v2\/comments?post=5660"}],"version-history":[{"count":0,"href":"https:\/\/salesianossp.org.br\/ossjb\/wp-json\/wp\/v2\/posts\/5660\/revisions"}],"wp:featuredmedia":[{"embeddable":true,"href":"https:\/\/salesianossp.org.br\/ossjb\/wp-json\/wp\/v2\/media\/5661"}],"wp:attachment":[{"href":"https:\/\/salesianossp.org.br\/ossjb\/wp-json\/wp\/v2\/media?parent=5660"}],"wp:term":[{"taxonomy":"category","embeddable":true,"href":"https:\/\/salesianossp.org.br\/ossjb\/wp-json\/wp\/v2\/categories?post=5660"},{"taxonomy":"post_tag","embeddable":true,"href":"https:\/\/salesianossp.org.br\/ossjb\/wp-json\/wp\/v2\/tags?post=5660"}],"curies":[{"name":"wp","href":"https:\/\/api.w.org\/{rel}","templated":true}]}}