{"id":5914,"date":"2024-06-28T15:15:00","date_gmt":"2024-06-28T18:15:00","guid":{"rendered":"https:\/\/salesianossp.org.br\/ossjb\/?p=5914"},"modified":"2024-06-28T15:15:00","modified_gmt":"2024-06-28T18:15:00","slug":"obra-social-sao-joao-bosco-promove-concurso-com-o-tema-qual-o-seu-sonho-para-a-ecologia","status":"publish","type":"post","link":"https:\/\/salesianossp.org.br\/ossjb\/obra-social-sao-joao-bosco-promove-concurso-com-o-tema-qual-o-seu-sonho-para-a-ecologia\/","title":{"rendered":"Obra Social S\u00e3o Jo\u00e3o Bosco promove concurso com o tema \u201cQual o seu sonho para a ecologia?\u201d"},"content":{"rendered":"\n<p><em>Por Mariana Ignacio<\/em><\/p>\n\n\n\n<h6 class=\"wp-block-heading\"><em>Educandos e educadores foram convidados a refletir sobre o tema e produzir desenhos e fotografias que concorreram em 5 categorias<\/em><\/h6>\n\n\n\n<p>&nbsp;&nbsp;&nbsp;&nbsp;&nbsp;&nbsp;&nbsp;&nbsp;&nbsp;&nbsp;&nbsp; Junho est\u00e1 chegando ao fim e na Obra Social S\u00e3o Jo\u00e3o Bosco, localizada em Campinas (SP), os educandos aprenderam e ensinaram sobre o tema durante este m\u00eas do meio ambiente.<\/p>\n\n\n\n<p>\u00a0\u00a0\u00a0\u00a0\u00a0\u00a0\u00a0\u00a0\u00a0\u00a0\u00a0 A organiza\u00e7\u00e3o promoveu o II Concurso de Fotografia e Desenho, uma disputa cultural que teve como tema \u201cQual o seu sonho para a ecologia?\u201d. Educandos e educadores se empenharam em pensar sobre o assunto e produzir desenhos e fotografias que expressassem seus sonhos para uma ecologia melhor para todos!<\/p>\n\n\n\n<p><\/p>\n\n\n\n<figure class=\"wp-block-gallery has-nested-images columns-default is-cropped wp-block-gallery-1 is-layout-flex wp-block-gallery-is-layout-flex\">\n<figure class=\"wp-block-image size-large\"><img fetchpriority=\"high\" decoding=\"async\" width=\"1024\" height=\"740\" data-id=\"5918\" src=\"https:\/\/salesianossp.org.br\/ossjb\/wp-content\/uploads\/2024\/06\/1o-Vitoria-Reis_page-0001-1-1024x740.jpg\" alt=\"\" class=\"wp-image-5918\" srcset=\"https:\/\/salesianossp.org.br\/ossjb\/wp-content\/uploads\/2024\/06\/1o-Vitoria-Reis_page-0001-1-1024x740.jpg 1024w, https:\/\/salesianossp.org.br\/ossjb\/wp-content\/uploads\/2024\/06\/1o-Vitoria-Reis_page-0001-1-300x217.jpg 300w, https:\/\/salesianossp.org.br\/ossjb\/wp-content\/uploads\/2024\/06\/1o-Vitoria-Reis_page-0001-1-768x555.jpg 768w, https:\/\/salesianossp.org.br\/ossjb\/wp-content\/uploads\/2024\/06\/1o-Vitoria-Reis_page-0001-1.jpg 1500w\" sizes=\"(max-width: 1024px) 100vw, 1024px\" \/><\/figure>\n\n\n\n<figure class=\"wp-block-image size-large\"><img decoding=\"async\" data-id=\"5919\" src=\"https:\/\/salesianossp.org.br\/ossjb\/wp-content\/uploads\/2024\/06\/2o-Heloa-Vitoria-1-1024x744.jpg\" alt=\"\" class=\"wp-image-5919\"\/><\/figure>\n\n\n\n<figure class=\"wp-block-image size-large\"><img decoding=\"async\" data-id=\"5920\" src=\"https:\/\/salesianossp.org.br\/ossjb\/wp-content\/uploads\/2024\/06\/3o-Jose-Alerrandro-1-1024x744.jpg\" alt=\"\" class=\"wp-image-5920\"\/><\/figure>\n<\/figure>\n\n\n\n<p><\/p>\n\n\n\n<h6 class=\"wp-block-heading\">Categorias<\/h6>\n\n\n\n<p>&#8211; Sementes do Amanh\u00e3, em que crian\u00e7as da educa\u00e7\u00e3o infantil produziram desenhos<\/p>\n\n\n\n<p>&#8211; Defensores da Natureza, para a produ\u00e7\u00e3o de desenhos de nossos educandos de 6 a 11 anos<\/p>\n\n\n\n<p>&#8211; Agentes da Transforma\u00e7\u00e3o, que estimulou a produ\u00e7\u00e3o fotogr\u00e1fica a nossos educandos de 12 a 18 anos<\/p>\n\n\n\n<p>&#8211; Comprometidos com o Futuro, que agregou fotografias produzidas pelos nossos educandos maiores de 19 anos<\/p>\n\n\n\n<p>&#8211; Sonhadores como Dom Bosco, uma categoria que recebeu os sonhos de nossos colaboradores<\/p>\n\n\n\n<figure class=\"wp-block-gallery has-nested-images columns-default is-cropped wp-block-gallery-2 is-layout-flex wp-block-gallery-is-layout-flex\">\n<figure class=\"wp-block-image size-large\"><img decoding=\"async\" data-id=\"5922\" src=\"https:\/\/salesianossp.org.br\/ossjb\/wp-content\/uploads\/2024\/06\/1o-Laura-Micareli-1024x744.jpg\" alt=\"\" class=\"wp-image-5922\"\/><\/figure>\n\n\n\n<figure class=\"wp-block-image size-large\"><img decoding=\"async\" data-id=\"5923\" src=\"https:\/\/salesianossp.org.br\/ossjb\/wp-content\/uploads\/2024\/06\/2o-Jhenifer-Nova-744x1024.jpg\" alt=\"\" class=\"wp-image-5923\"\/><\/figure>\n\n\n\n<figure class=\"wp-block-image size-large\"><img decoding=\"async\" data-id=\"5921\" src=\"https:\/\/salesianossp.org.br\/ossjb\/wp-content\/uploads\/2024\/06\/3o-Agata-1024x744.jpg\" alt=\"\" class=\"wp-image-5921\"\/><\/figure>\n<\/figure>\n\n\n\n<p><\/p>\n\n\n\n<p>E o momento foi um sucesso! Recebemos mais de 100 arquivos com a participa\u00e7\u00e3o de nossos educandos e colaboradores que fizeram quest\u00e3o de mostrar que sonham com um mundo melhor atrav\u00e9s do meio ambiente.<\/p>\n\n\n\n<p>Parab\u00e9ns a todos os que participaram do concurso. Ainda que n\u00e3o tenham sido premiados, mostraram que sonhar com a ecologia \u00e9 necess\u00e1rio para construirmos um futuro melhor juntos!<\/p>\n\n\n\n<p><\/p>\n\n\n\n<figure class=\"wp-block-gallery has-nested-images columns-default is-cropped wp-block-gallery-3 is-layout-flex wp-block-gallery-is-layout-flex\">\n<figure class=\"wp-block-image size-large\"><img decoding=\"async\" data-id=\"5926\" src=\"https:\/\/salesianossp.org.br\/ossjb\/wp-content\/uploads\/2024\/06\/1%C2%B0-Francisca-768x1024.jpg\" alt=\"\" class=\"wp-image-5926\"\/><\/figure>\n\n\n\n<figure class=\"wp-block-image size-large\"><img decoding=\"async\" data-id=\"5925\" src=\"https:\/\/salesianossp.org.br\/ossjb\/wp-content\/uploads\/2024\/06\/2%C2%B0-Neusa-768x1024.jpg\" alt=\"\" class=\"wp-image-5925\"\/><\/figure>\n\n\n\n<figure class=\"wp-block-image size-large\"><img decoding=\"async\" data-id=\"5927\" src=\"https:\/\/salesianossp.org.br\/ossjb\/wp-content\/uploads\/2024\/06\/3%C2%B0-Soninha-878x1024.jpg\" alt=\"\" class=\"wp-image-5927\"\/><\/figure>\n<\/figure>\n\n\n\n<div class=\"wp-block-group is-layout-constrained wp-block-group-is-layout-constrained\">\n<p><\/p>\n\n\n\n<h6 class=\"wp-block-heading\"><strong>Vencedores<\/strong><\/h6>\n<\/div>\n\n\n\n<p>Foram tr\u00eas premiados em cada categoria. Confira:<\/p>\n\n\n\n<p><strong>Categoria \u201cSementes do Amanh\u00e3\u201d \u2013 3 a 6 anos<\/strong><\/p>\n\n\n\n<p>1\u00b0 &#8211; Vit\u00f3ria (do CEI Darcy Ribeiro)<\/p>\n\n\n\n<p>2\u00b0 &#8211; Helo\u00e1 (do CEI Dom Bosquinho)<\/p>\n\n\n\n<p>3\u00b0 &#8211; Jos\u00e9 Alerrandro (do CEI Francisco Amaral)<\/p>\n\n\n\n<p><\/p>\n\n\n\n<figure class=\"wp-block-gallery has-nested-images columns-default is-cropped wp-block-gallery-4 is-layout-flex wp-block-gallery-is-layout-flex\">\n<figure class=\"wp-block-image size-large\"><img decoding=\"async\" width=\"768\" height=\"1024\" data-id=\"5929\" src=\"https:\/\/salesianossp.org.br\/ossjb\/wp-content\/uploads\/2024\/06\/Heloa-DBQ-2-lugar-Sementes-do-Amanha-2-768x1024.jpeg\" alt=\"\" class=\"wp-image-5929\" srcset=\"https:\/\/salesianossp.org.br\/ossjb\/wp-content\/uploads\/2024\/06\/Heloa-DBQ-2-lugar-Sementes-do-Amanha-2-768x1024.jpeg 768w, https:\/\/salesianossp.org.br\/ossjb\/wp-content\/uploads\/2024\/06\/Heloa-DBQ-2-lugar-Sementes-do-Amanha-2-225x300.jpeg 225w, https:\/\/salesianossp.org.br\/ossjb\/wp-content\/uploads\/2024\/06\/Heloa-DBQ-2-lugar-Sementes-do-Amanha-2-1152x1536.jpeg 1152w, https:\/\/salesianossp.org.br\/ossjb\/wp-content\/uploads\/2024\/06\/Heloa-DBQ-2-lugar-Sementes-do-Amanha-2.jpeg 1200w\" sizes=\"(max-width: 768px) 100vw, 768px\" \/><\/figure>\n\n\n\n<figure class=\"wp-block-image size-large\"><img decoding=\"async\" width=\"768\" height=\"1024\" data-id=\"5930\" src=\"https:\/\/salesianossp.org.br\/ossjb\/wp-content\/uploads\/2024\/06\/Jose-Alerrandro-FA-3-lugar-Semente-do-Amanha-768x1024.jpeg\" alt=\"\" class=\"wp-image-5930\" srcset=\"https:\/\/salesianossp.org.br\/ossjb\/wp-content\/uploads\/2024\/06\/Jose-Alerrandro-FA-3-lugar-Semente-do-Amanha-768x1024.jpeg 768w, https:\/\/salesianossp.org.br\/ossjb\/wp-content\/uploads\/2024\/06\/Jose-Alerrandro-FA-3-lugar-Semente-do-Amanha-225x300.jpeg 225w, https:\/\/salesianossp.org.br\/ossjb\/wp-content\/uploads\/2024\/06\/Jose-Alerrandro-FA-3-lugar-Semente-do-Amanha-1152x1536.jpeg 1152w, https:\/\/salesianossp.org.br\/ossjb\/wp-content\/uploads\/2024\/06\/Jose-Alerrandro-FA-3-lugar-Semente-do-Amanha.jpeg 1200w\" sizes=\"(max-width: 768px) 100vw, 768px\" \/><\/figure>\n\n\n\n<figure class=\"wp-block-image size-large\"><img loading=\"lazy\" decoding=\"async\" width=\"771\" height=\"1024\" data-id=\"5928\" src=\"https:\/\/salesianossp.org.br\/ossjb\/wp-content\/uploads\/2024\/06\/Vitoria-DR-1-lugar-Sementes-771x1024.jpeg\" alt=\"\" class=\"wp-image-5928\" srcset=\"https:\/\/salesianossp.org.br\/ossjb\/wp-content\/uploads\/2024\/06\/Vitoria-DR-1-lugar-Sementes-771x1024.jpeg 771w, https:\/\/salesianossp.org.br\/ossjb\/wp-content\/uploads\/2024\/06\/Vitoria-DR-1-lugar-Sementes-226x300.jpeg 226w, https:\/\/salesianossp.org.br\/ossjb\/wp-content\/uploads\/2024\/06\/Vitoria-DR-1-lugar-Sementes-768x1021.jpeg 768w, https:\/\/salesianossp.org.br\/ossjb\/wp-content\/uploads\/2024\/06\/Vitoria-DR-1-lugar-Sementes-1156x1536.jpeg 1156w, https:\/\/salesianossp.org.br\/ossjb\/wp-content\/uploads\/2024\/06\/Vitoria-DR-1-lugar-Sementes.jpeg 1204w\" sizes=\"(max-width: 771px) 100vw, 771px\" \/><\/figure>\n<\/figure>\n\n\n\n<p><\/p>\n\n\n\n<p><strong>Categoria \u201cDefensores da Natureza\u201d \u2013 6 a 11 anos<\/strong><\/p>\n\n\n\n<p>1\u00b0 &#8211; Laura (do N\u00facleo S\u00e3o Jo\u00e3o Batista)<\/p>\n\n\n\n<p>2\u00b0 &#8211; Jhenifer (do N\u00facleo Nossa Senhora Auxiliadora)<\/p>\n\n\n\n<p>3\u00b0 &#8211; Agata (do N\u00facleo Nossa Senhora Auxiliadora)<\/p>\n\n\n\n<figure class=\"wp-block-image size-large is-style-rounded\"><img decoding=\"async\" src=\"https:\/\/salesianossp.org.br\/ossjb\/wp-content\/uploads\/2024\/06\/Laura-SJB-1-Lugar-Defensores-768x1024.jpg\" alt=\"\" class=\"wp-image-5931\"\/><\/figure>\n\n\n\n<p><\/p>\n\n\n\n<p><strong>Categoria \u201cAgentes da Transforma\u00e7\u00e3o\u201d \u2013 12 a 18 anos<\/strong><\/p>\n\n\n\n<p>1\u00b0 &#8211; Livia (do N\u00facleo Nossa Senhora Auxiliadora)<\/p>\n\n\n\n<p>2\u00b0 &#8211; Nicolas (do N\u00facleo Nossa Senhora Auxiliadora)<\/p>\n\n\n\n<p>3\u00b0 &#8211; Isabelly (do N\u00facleo Nossa Senhora Auxiliadora)<\/p>\n\n\n\n<p><\/p>\n\n\n\n<figure class=\"wp-block-gallery has-nested-images columns-default is-cropped wp-block-gallery-5 is-layout-flex wp-block-gallery-is-layout-flex\">\n<figure class=\"wp-block-image size-large\"><img decoding=\"async\" data-id=\"5932\" src=\"https:\/\/salesianossp.org.br\/ossjb\/wp-content\/uploads\/2024\/06\/1%C2%B0-Livia-post-768x1024.jpg\" alt=\"\" class=\"wp-image-5932\"\/><\/figure>\n\n\n\n<figure class=\"wp-block-image size-large\"><img decoding=\"async\" data-id=\"5933\" src=\"https:\/\/salesianossp.org.br\/ossjb\/wp-content\/uploads\/2024\/06\/2%C2%B0-Nicolas-Natan-post-768x1024.jpg\" alt=\"\" class=\"wp-image-5933\"\/><\/figure>\n\n\n\n<figure class=\"wp-block-image size-large\"><img decoding=\"async\" data-id=\"5934\" src=\"https:\/\/salesianossp.org.br\/ossjb\/wp-content\/uploads\/2024\/06\/3%C2%B0-Isabelly-Daphyn-post-768x1024.jpg\" alt=\"\" class=\"wp-image-5934\"\/><\/figure>\n<\/figure>\n\n\n\n<p><\/p>\n\n\n\n<p><strong>Categoria \u201cComprometidos com o futuro\u201d \u2013 19 anos ou mais<\/strong><\/p>\n\n\n\n<p>1\u00b0 &#8211; Francisca (do N\u00facleo S\u00e3o Jo\u00e3o Batista)<\/p>\n\n\n\n<p>2\u00b0 &#8211; Neusa (do N\u00facleo S\u00e3o Jo\u00e3o Batista)<\/p>\n\n\n\n<p>3\u00b0 &#8211; Sonia (do N\u00facleo S\u00e3o Jo\u00e3o Batista)<\/p>\n\n\n\n<p><\/p>\n\n\n\n<figure class=\"wp-block-gallery has-nested-images columns-default is-cropped wp-block-gallery-6 is-layout-flex wp-block-gallery-is-layout-flex\">\n<figure class=\"wp-block-image size-large\"><img decoding=\"async\" data-id=\"5936\" src=\"https:\/\/salesianossp.org.br\/ossjb\/wp-content\/uploads\/2024\/06\/Francisca-SJB-1-lugar-Comprometidos-768x1024.jpg\" alt=\"\" class=\"wp-image-5936\"\/><\/figure>\n\n\n\n<figure class=\"wp-block-image size-large\"><img decoding=\"async\" data-id=\"5935\" src=\"https:\/\/salesianossp.org.br\/ossjb\/wp-content\/uploads\/2024\/06\/Neusa-SJB-2-Lugar-Comprometidos-768x1024.jpg\" alt=\"\" class=\"wp-image-5935\"\/><\/figure>\n\n\n\n<figure class=\"wp-block-image size-large\"><img decoding=\"async\" data-id=\"5937\" src=\"https:\/\/salesianossp.org.br\/ossjb\/wp-content\/uploads\/2024\/06\/Sonia-SJB-3-Lugar-Comprometidos-768x1024.jpg\" alt=\"\" class=\"wp-image-5937\"\/><\/figure>\n<\/figure>\n\n\n\n<p><\/p>\n\n\n\n<p><strong>Categoria \u201cSonhadores como Dom Bosco\u201d &#8211; Colaboradores<\/strong><\/p>\n\n\n\n<p>1\u00b0 &#8211; Regis (do N\u00facleo S\u00e3o Jo\u00e3o Batista)<\/p>\n\n\n\n<p>2\u00b0 &#8211; Nathalia (do N\u00facleo S\u00e3o Jo\u00e3o Batista)<\/p>\n\n\n\n<p>3\u00b0 &#8211; Illana (do N\u00facleo Nossa Senhora Auxiliadora)<\/p>\n\n\n\n<p><\/p>\n\n\n\n<figure class=\"wp-block-gallery has-nested-images columns-default is-cropped wp-block-gallery-7 is-layout-flex wp-block-gallery-is-layout-flex\">\n<figure class=\"wp-block-image size-large\"><img decoding=\"async\" data-id=\"5938\" src=\"https:\/\/salesianossp.org.br\/ossjb\/wp-content\/uploads\/2024\/06\/Illana-NSA-3-Lugar-Sonhadores-768x1024.jpg\" alt=\"\" class=\"wp-image-5938\"\/><\/figure>\n\n\n\n<figure class=\"wp-block-image size-large\"><img decoding=\"async\" data-id=\"5939\" src=\"https:\/\/salesianossp.org.br\/ossjb\/wp-content\/uploads\/2024\/06\/Regis-SJB-1-Lugar-Sonhadores-768x1024.jpg\" alt=\"\" class=\"wp-image-5939\"\/><\/figure>\n\n\n\n<figure class=\"wp-block-image size-large\"><img decoding=\"async\" data-id=\"5943\" src=\"https:\/\/salesianossp.org.br\/ossjb\/wp-content\/uploads\/2024\/06\/1%C2%B0-Regis-1-576x1024.jpg\" alt=\"\" class=\"wp-image-5943\"\/><\/figure>\n\n\n\n<figure class=\"wp-block-image size-large\"><img decoding=\"async\" data-id=\"5944\" src=\"https:\/\/salesianossp.org.br\/ossjb\/wp-content\/uploads\/2024\/06\/2%C2%B0-Nathalia-1-586x1024.jpg\" alt=\"\" class=\"wp-image-5944\"\/><\/figure>\n\n\n\n<figure class=\"wp-block-image size-large\"><img decoding=\"async\" data-id=\"5945\" src=\"https:\/\/salesianossp.org.br\/ossjb\/wp-content\/uploads\/2024\/06\/3%C2%B0-Illana-post-1-1024x768.jpg\" alt=\"\" class=\"wp-image-5945\"\/><\/figure>\n<\/figure>\n","protected":false},"excerpt":{"rendered":"<p>Por Mariana Ignacio Educandos e educadores foram convidados a refletir sobre o tema e produzir desenhos e fotografias que concorreram em 5 categorias &nbsp;&nbsp;&nbsp;&nbsp;&nbsp;&nbsp;&nbsp;&nbsp;&nbsp;&nbsp;&nbsp; Junho est\u00e1 chegando ao fim e na Obra Social S\u00e3o Jo\u00e3o Bosco, localizada em Campinas (SP), os educandos aprenderam e ensinaram sobre o tema durante este m\u00eas do meio ambiente. \u00a0\u00a0\u00a0\u00a0\u00a0\u00a0\u00a0\u00a0\u00a0\u00a0\u00a0 [&hellip;]<\/p>\n","protected":false},"author":27,"featured_media":5947,"comment_status":"open","ping_status":"open","sticky":false,"template":"","format":"standard","meta":{"footnotes":""},"categories":[78,59],"tags":[253,44,88,371,407,394],"class_list":["post-5914","post","type-post","status-publish","format-standard","has-post-thumbnail","hentry","category-institucional","category-noticias","tag-campinas","tag-dom-bosco","tag-educacao","tag-meio-ambiente","tag-ossjb","tag-salesianos"],"yoast_head":"<!-- This site is optimized with the Yoast SEO plugin v27.4 - https:\/\/yoast.com\/product\/yoast-seo-wordpress\/ -->\n<title>Obra Social S\u00e3o Jo\u00e3o Bosco promove concurso com o tema \u201cQual o seu sonho para a ecologia?\u201d - Obra Social S\u00e3o Jo\u00e3o Bosco<\/title>\n<meta name=\"robots\" content=\"index, follow, max-snippet:-1, max-image-preview:large, max-video-preview:-1\" \/>\n<link rel=\"canonical\" href=\"https:\/\/salesianossp.org.br\/ossjb\/obra-social-sao-joao-bosco-promove-concurso-com-o-tema-qual-o-seu-sonho-para-a-ecologia\/\" \/>\n<meta property=\"og:locale\" content=\"pt_BR\" \/>\n<meta property=\"og:type\" content=\"article\" \/>\n<meta property=\"og:title\" content=\"Obra Social S\u00e3o Jo\u00e3o Bosco promove concurso com o tema \u201cQual o seu sonho para a ecologia?\u201d - Obra Social S\u00e3o Jo\u00e3o Bosco\" \/>\n<meta property=\"og:description\" content=\"Por Mariana Ignacio Educandos e educadores foram convidados a refletir sobre o tema e produzir desenhos e fotografias que concorreram em 5 categorias &nbsp;&nbsp;&nbsp;&nbsp;&nbsp;&nbsp;&nbsp;&nbsp;&nbsp;&nbsp;&nbsp; Junho est\u00e1 chegando ao fim e na Obra Social S\u00e3o Jo\u00e3o Bosco, localizada em Campinas (SP), os educandos aprenderam e ensinaram sobre o tema durante este m\u00eas do meio ambiente. \u00a0\u00a0\u00a0\u00a0\u00a0\u00a0\u00a0\u00a0\u00a0\u00a0\u00a0 [&hellip;]\" \/>\n<meta property=\"og:url\" content=\"https:\/\/salesianossp.org.br\/ossjb\/obra-social-sao-joao-bosco-promove-concurso-com-o-tema-qual-o-seu-sonho-para-a-ecologia\/\" \/>\n<meta property=\"og:site_name\" content=\"Obra Social S\u00e3o Jo\u00e3o Bosco\" \/>\n<meta property=\"article:publisher\" content=\"https:\/\/www.facebook.com\/OSSJBCampinas\/\" \/>\n<meta property=\"article:published_time\" content=\"2024-06-28T18:15:00+00:00\" \/>\n<meta property=\"og:image\" content=\"https:\/\/salesianossp.org.br\/ossjb\/wp-content\/uploads\/2024\/06\/Qual-e-seu-1024x576.png\" \/>\n\t<meta property=\"og:image:width\" content=\"1024\" \/>\n\t<meta property=\"og:image:height\" content=\"576\" \/>\n\t<meta property=\"og:image:type\" content=\"image\/png\" \/>\n<meta name=\"author\" content=\"Lucas Rodrigues\" \/>\n<meta name=\"twitter:card\" content=\"summary_large_image\" \/>\n<meta name=\"twitter:label1\" content=\"Escrito por\" \/>\n\t<meta name=\"twitter:data1\" content=\"Lucas Rodrigues\" \/>\n\t<meta name=\"twitter:label2\" content=\"Est. tempo de leitura\" \/>\n\t<meta name=\"twitter:data2\" content=\"2 minutos\" \/>\n<script type=\"application\/ld+json\" class=\"yoast-schema-graph\">{\"@context\":\"https:\\\/\\\/schema.org\",\"@graph\":[{\"@type\":\"Article\",\"@id\":\"https:\\\/\\\/salesianossp.org.br\\\/ossjb\\\/obra-social-sao-joao-bosco-promove-concurso-com-o-tema-qual-o-seu-sonho-para-a-ecologia\\\/#article\",\"isPartOf\":{\"@id\":\"https:\\\/\\\/salesianossp.org.br\\\/ossjb\\\/obra-social-sao-joao-bosco-promove-concurso-com-o-tema-qual-o-seu-sonho-para-a-ecologia\\\/\"},\"author\":{\"name\":\"Lucas Rodrigues\",\"@id\":\"https:\\\/\\\/salesianossp.org.br\\\/ossjb\\\/#\\\/schema\\\/person\\\/4bc2abdbcf1d3120dd16324624dcdb93\"},\"headline\":\"Obra Social S\u00e3o Jo\u00e3o Bosco promove concurso com o tema \u201cQual o seu sonho para a ecologia?\u201d\",\"datePublished\":\"2024-06-28T18:15:00+00:00\",\"mainEntityOfPage\":{\"@id\":\"https:\\\/\\\/salesianossp.org.br\\\/ossjb\\\/obra-social-sao-joao-bosco-promove-concurso-com-o-tema-qual-o-seu-sonho-para-a-ecologia\\\/\"},\"wordCount\":450,\"commentCount\":0,\"publisher\":{\"@id\":\"https:\\\/\\\/salesianossp.org.br\\\/ossjb\\\/#organization\"},\"image\":{\"@id\":\"https:\\\/\\\/salesianossp.org.br\\\/ossjb\\\/obra-social-sao-joao-bosco-promove-concurso-com-o-tema-qual-o-seu-sonho-para-a-ecologia\\\/#primaryimage\"},\"thumbnailUrl\":\"https:\\\/\\\/salesianossp.org.br\\\/ossjb\\\/wp-content\\\/uploads\\\/2024\\\/06\\\/Qual-e-seu.png\",\"keywords\":[\"Campinas\",\"Dom Bosco\",\"Educa\u00e7\u00e3o\",\"meio ambiente\",\"OSSJB\",\"salesianos\"],\"articleSection\":[\"Institucional\",\"Not\u00edcias\"],\"inLanguage\":\"pt-BR\",\"potentialAction\":[{\"@type\":\"CommentAction\",\"name\":\"Comment\",\"target\":[\"https:\\\/\\\/salesianossp.org.br\\\/ossjb\\\/obra-social-sao-joao-bosco-promove-concurso-com-o-tema-qual-o-seu-sonho-para-a-ecologia\\\/#respond\"]}]},{\"@type\":\"WebPage\",\"@id\":\"https:\\\/\\\/salesianossp.org.br\\\/ossjb\\\/obra-social-sao-joao-bosco-promove-concurso-com-o-tema-qual-o-seu-sonho-para-a-ecologia\\\/\",\"url\":\"https:\\\/\\\/salesianossp.org.br\\\/ossjb\\\/obra-social-sao-joao-bosco-promove-concurso-com-o-tema-qual-o-seu-sonho-para-a-ecologia\\\/\",\"name\":\"Obra Social S\u00e3o Jo\u00e3o Bosco promove concurso com o tema \u201cQual o seu sonho para a ecologia?\u201d - Obra Social S\u00e3o Jo\u00e3o Bosco\",\"isPartOf\":{\"@id\":\"https:\\\/\\\/salesianossp.org.br\\\/ossjb\\\/#website\"},\"primaryImageOfPage\":{\"@id\":\"https:\\\/\\\/salesianossp.org.br\\\/ossjb\\\/obra-social-sao-joao-bosco-promove-concurso-com-o-tema-qual-o-seu-sonho-para-a-ecologia\\\/#primaryimage\"},\"image\":{\"@id\":\"https:\\\/\\\/salesianossp.org.br\\\/ossjb\\\/obra-social-sao-joao-bosco-promove-concurso-com-o-tema-qual-o-seu-sonho-para-a-ecologia\\\/#primaryimage\"},\"thumbnailUrl\":\"https:\\\/\\\/salesianossp.org.br\\\/ossjb\\\/wp-content\\\/uploads\\\/2024\\\/06\\\/Qual-e-seu.png\",\"datePublished\":\"2024-06-28T18:15:00+00:00\",\"breadcrumb\":{\"@id\":\"https:\\\/\\\/salesianossp.org.br\\\/ossjb\\\/obra-social-sao-joao-bosco-promove-concurso-com-o-tema-qual-o-seu-sonho-para-a-ecologia\\\/#breadcrumb\"},\"inLanguage\":\"pt-BR\",\"potentialAction\":[{\"@type\":\"ReadAction\",\"target\":[\"https:\\\/\\\/salesianossp.org.br\\\/ossjb\\\/obra-social-sao-joao-bosco-promove-concurso-com-o-tema-qual-o-seu-sonho-para-a-ecologia\\\/\"]}]},{\"@type\":\"ImageObject\",\"inLanguage\":\"pt-BR\",\"@id\":\"https:\\\/\\\/salesianossp.org.br\\\/ossjb\\\/obra-social-sao-joao-bosco-promove-concurso-com-o-tema-qual-o-seu-sonho-para-a-ecologia\\\/#primaryimage\",\"url\":\"https:\\\/\\\/salesianossp.org.br\\\/ossjb\\\/wp-content\\\/uploads\\\/2024\\\/06\\\/Qual-e-seu.png\",\"contentUrl\":\"https:\\\/\\\/salesianossp.org.br\\\/ossjb\\\/wp-content\\\/uploads\\\/2024\\\/06\\\/Qual-e-seu.png\",\"width\":1920,\"height\":1080},{\"@type\":\"BreadcrumbList\",\"@id\":\"https:\\\/\\\/salesianossp.org.br\\\/ossjb\\\/obra-social-sao-joao-bosco-promove-concurso-com-o-tema-qual-o-seu-sonho-para-a-ecologia\\\/#breadcrumb\",\"itemListElement\":[{\"@type\":\"ListItem\",\"position\":1,\"name\":\"In\u00edcio\",\"item\":\"https:\\\/\\\/salesianossp.org.br\\\/ossjb\\\/\"},{\"@type\":\"ListItem\",\"position\":2,\"name\":\"Obra Social S\u00e3o Jo\u00e3o Bosco promove concurso com o tema \u201cQual o seu sonho para a ecologia?\u201d\"}]},{\"@type\":\"WebSite\",\"@id\":\"https:\\\/\\\/salesianossp.org.br\\\/ossjb\\\/#website\",\"url\":\"https:\\\/\\\/salesianossp.org.br\\\/ossjb\\\/\",\"name\":\"Obra Social S\u00e3o Jo\u00e3o Bosco\",\"description\":\"\",\"publisher\":{\"@id\":\"https:\\\/\\\/salesianossp.org.br\\\/ossjb\\\/#organization\"},\"potentialAction\":[{\"@type\":\"SearchAction\",\"target\":{\"@type\":\"EntryPoint\",\"urlTemplate\":\"https:\\\/\\\/salesianossp.org.br\\\/ossjb\\\/?s={search_term_string}\"},\"query-input\":{\"@type\":\"PropertyValueSpecification\",\"valueRequired\":true,\"valueName\":\"search_term_string\"}}],\"inLanguage\":\"pt-BR\"},{\"@type\":\"Organization\",\"@id\":\"https:\\\/\\\/salesianossp.org.br\\\/ossjb\\\/#organization\",\"name\":\"Obra Social S\u00e3o Jo\u00e3o Bosco\",\"url\":\"https:\\\/\\\/salesianossp.org.br\\\/ossjb\\\/\",\"logo\":{\"@type\":\"ImageObject\",\"inLanguage\":\"pt-BR\",\"@id\":\"https:\\\/\\\/salesianossp.org.br\\\/ossjb\\\/#\\\/schema\\\/logo\\\/image\\\/\",\"url\":\"https:\\\/\\\/salesianossp.org.br\\\/ossjb\\\/wp-content\\\/uploads\\\/2025\\\/10\\\/logotipo-obra-social-sao-joao-bosco-color-56.svg\",\"contentUrl\":\"https:\\\/\\\/salesianossp.org.br\\\/ossjb\\\/wp-content\\\/uploads\\\/2025\\\/10\\\/logotipo-obra-social-sao-joao-bosco-color-56.svg\",\"width\":185,\"height\":56,\"caption\":\"Obra Social S\u00e3o Jo\u00e3o Bosco\"},\"image\":{\"@id\":\"https:\\\/\\\/salesianossp.org.br\\\/ossjb\\\/#\\\/schema\\\/logo\\\/image\\\/\"},\"sameAs\":[\"https:\\\/\\\/www.facebook.com\\\/OSSJBCampinas\\\/\",\"https:\\\/\\\/www.instagram.com\\\/ossjbcampinas\\\/\",\"https:\\\/\\\/www.youtube.com\\\/channel\\\/UClNa7qdZCtP9uzs5b0nG2LQ\\\/featured\"]},{\"@type\":\"Person\",\"@id\":\"https:\\\/\\\/salesianossp.org.br\\\/ossjb\\\/#\\\/schema\\\/person\\\/4bc2abdbcf1d3120dd16324624dcdb93\",\"name\":\"Lucas Rodrigues\",\"image\":{\"@type\":\"ImageObject\",\"inLanguage\":\"pt-BR\",\"@id\":\"https:\\\/\\\/secure.gravatar.com\\\/avatar\\\/0ad9c966c6ed3335d7fffe2c3b88880dd298c0817b71e20a6955c38f2a53f746?s=96&d=mm&r=g\",\"url\":\"https:\\\/\\\/secure.gravatar.com\\\/avatar\\\/0ad9c966c6ed3335d7fffe2c3b88880dd298c0817b71e20a6955c38f2a53f746?s=96&d=mm&r=g\",\"contentUrl\":\"https:\\\/\\\/secure.gravatar.com\\\/avatar\\\/0ad9c966c6ed3335d7fffe2c3b88880dd298c0817b71e20a6955c38f2a53f746?s=96&d=mm&r=g\",\"caption\":\"Lucas Rodrigues\"},\"url\":\"https:\\\/\\\/salesianossp.org.br\\\/ossjb\\\/author\\\/lucas-rodrigues\\\/\"}]}<\/script>\n<!-- \/ Yoast SEO plugin. -->","yoast_head_json":{"title":"Obra Social S\u00e3o Jo\u00e3o Bosco promove concurso com o tema \u201cQual o seu sonho para a ecologia?\u201d - Obra Social S\u00e3o Jo\u00e3o Bosco","robots":{"index":"index","follow":"follow","max-snippet":"max-snippet:-1","max-image-preview":"max-image-preview:large","max-video-preview":"max-video-preview:-1"},"canonical":"https:\/\/salesianossp.org.br\/ossjb\/obra-social-sao-joao-bosco-promove-concurso-com-o-tema-qual-o-seu-sonho-para-a-ecologia\/","og_locale":"pt_BR","og_type":"article","og_title":"Obra Social S\u00e3o Jo\u00e3o Bosco promove concurso com o tema \u201cQual o seu sonho para a ecologia?\u201d - Obra Social S\u00e3o Jo\u00e3o Bosco","og_description":"Por Mariana Ignacio Educandos e educadores foram convidados a refletir sobre o tema e produzir desenhos e fotografias que concorreram em 5 categorias &nbsp;&nbsp;&nbsp;&nbsp;&nbsp;&nbsp;&nbsp;&nbsp;&nbsp;&nbsp;&nbsp; Junho est\u00e1 chegando ao fim e na Obra Social S\u00e3o Jo\u00e3o Bosco, localizada em Campinas (SP), os educandos aprenderam e ensinaram sobre o tema durante este m\u00eas do meio ambiente. \u00a0\u00a0\u00a0\u00a0\u00a0\u00a0\u00a0\u00a0\u00a0\u00a0\u00a0 [&hellip;]","og_url":"https:\/\/salesianossp.org.br\/ossjb\/obra-social-sao-joao-bosco-promove-concurso-com-o-tema-qual-o-seu-sonho-para-a-ecologia\/","og_site_name":"Obra Social S\u00e3o Jo\u00e3o Bosco","article_publisher":"https:\/\/www.facebook.com\/OSSJBCampinas\/","article_published_time":"2024-06-28T18:15:00+00:00","og_image":[{"width":1024,"height":576,"url":"https:\/\/salesianossp.org.br\/ossjb\/wp-content\/uploads\/2024\/06\/Qual-e-seu-1024x576.png","type":"image\/png"}],"author":"Lucas Rodrigues","twitter_card":"summary_large_image","twitter_misc":{"Escrito por":"Lucas Rodrigues","Est. tempo de leitura":"2 minutos"},"schema":{"@context":"https:\/\/schema.org","@graph":[{"@type":"Article","@id":"https:\/\/salesianossp.org.br\/ossjb\/obra-social-sao-joao-bosco-promove-concurso-com-o-tema-qual-o-seu-sonho-para-a-ecologia\/#article","isPartOf":{"@id":"https:\/\/salesianossp.org.br\/ossjb\/obra-social-sao-joao-bosco-promove-concurso-com-o-tema-qual-o-seu-sonho-para-a-ecologia\/"},"author":{"name":"Lucas Rodrigues","@id":"https:\/\/salesianossp.org.br\/ossjb\/#\/schema\/person\/4bc2abdbcf1d3120dd16324624dcdb93"},"headline":"Obra Social S\u00e3o Jo\u00e3o Bosco promove concurso com o tema \u201cQual o seu sonho para a ecologia?\u201d","datePublished":"2024-06-28T18:15:00+00:00","mainEntityOfPage":{"@id":"https:\/\/salesianossp.org.br\/ossjb\/obra-social-sao-joao-bosco-promove-concurso-com-o-tema-qual-o-seu-sonho-para-a-ecologia\/"},"wordCount":450,"commentCount":0,"publisher":{"@id":"https:\/\/salesianossp.org.br\/ossjb\/#organization"},"image":{"@id":"https:\/\/salesianossp.org.br\/ossjb\/obra-social-sao-joao-bosco-promove-concurso-com-o-tema-qual-o-seu-sonho-para-a-ecologia\/#primaryimage"},"thumbnailUrl":"https:\/\/salesianossp.org.br\/ossjb\/wp-content\/uploads\/2024\/06\/Qual-e-seu.png","keywords":["Campinas","Dom Bosco","Educa\u00e7\u00e3o","meio ambiente","OSSJB","salesianos"],"articleSection":["Institucional","Not\u00edcias"],"inLanguage":"pt-BR","potentialAction":[{"@type":"CommentAction","name":"Comment","target":["https:\/\/salesianossp.org.br\/ossjb\/obra-social-sao-joao-bosco-promove-concurso-com-o-tema-qual-o-seu-sonho-para-a-ecologia\/#respond"]}]},{"@type":"WebPage","@id":"https:\/\/salesianossp.org.br\/ossjb\/obra-social-sao-joao-bosco-promove-concurso-com-o-tema-qual-o-seu-sonho-para-a-ecologia\/","url":"https:\/\/salesianossp.org.br\/ossjb\/obra-social-sao-joao-bosco-promove-concurso-com-o-tema-qual-o-seu-sonho-para-a-ecologia\/","name":"Obra Social S\u00e3o Jo\u00e3o Bosco promove concurso com o tema \u201cQual o seu sonho para a ecologia?\u201d - Obra Social S\u00e3o Jo\u00e3o Bosco","isPartOf":{"@id":"https:\/\/salesianossp.org.br\/ossjb\/#website"},"primaryImageOfPage":{"@id":"https:\/\/salesianossp.org.br\/ossjb\/obra-social-sao-joao-bosco-promove-concurso-com-o-tema-qual-o-seu-sonho-para-a-ecologia\/#primaryimage"},"image":{"@id":"https:\/\/salesianossp.org.br\/ossjb\/obra-social-sao-joao-bosco-promove-concurso-com-o-tema-qual-o-seu-sonho-para-a-ecologia\/#primaryimage"},"thumbnailUrl":"https:\/\/salesianossp.org.br\/ossjb\/wp-content\/uploads\/2024\/06\/Qual-e-seu.png","datePublished":"2024-06-28T18:15:00+00:00","breadcrumb":{"@id":"https:\/\/salesianossp.org.br\/ossjb\/obra-social-sao-joao-bosco-promove-concurso-com-o-tema-qual-o-seu-sonho-para-a-ecologia\/#breadcrumb"},"inLanguage":"pt-BR","potentialAction":[{"@type":"ReadAction","target":["https:\/\/salesianossp.org.br\/ossjb\/obra-social-sao-joao-bosco-promove-concurso-com-o-tema-qual-o-seu-sonho-para-a-ecologia\/"]}]},{"@type":"ImageObject","inLanguage":"pt-BR","@id":"https:\/\/salesianossp.org.br\/ossjb\/obra-social-sao-joao-bosco-promove-concurso-com-o-tema-qual-o-seu-sonho-para-a-ecologia\/#primaryimage","url":"https:\/\/salesianossp.org.br\/ossjb\/wp-content\/uploads\/2024\/06\/Qual-e-seu.png","contentUrl":"https:\/\/salesianossp.org.br\/ossjb\/wp-content\/uploads\/2024\/06\/Qual-e-seu.png","width":1920,"height":1080},{"@type":"BreadcrumbList","@id":"https:\/\/salesianossp.org.br\/ossjb\/obra-social-sao-joao-bosco-promove-concurso-com-o-tema-qual-o-seu-sonho-para-a-ecologia\/#breadcrumb","itemListElement":[{"@type":"ListItem","position":1,"name":"In\u00edcio","item":"https:\/\/salesianossp.org.br\/ossjb\/"},{"@type":"ListItem","position":2,"name":"Obra Social S\u00e3o Jo\u00e3o Bosco promove concurso com o tema \u201cQual o seu sonho para a ecologia?\u201d"}]},{"@type":"WebSite","@id":"https:\/\/salesianossp.org.br\/ossjb\/#website","url":"https:\/\/salesianossp.org.br\/ossjb\/","name":"Obra Social S\u00e3o Jo\u00e3o Bosco","description":"","publisher":{"@id":"https:\/\/salesianossp.org.br\/ossjb\/#organization"},"potentialAction":[{"@type":"SearchAction","target":{"@type":"EntryPoint","urlTemplate":"https:\/\/salesianossp.org.br\/ossjb\/?s={search_term_string}"},"query-input":{"@type":"PropertyValueSpecification","valueRequired":true,"valueName":"search_term_string"}}],"inLanguage":"pt-BR"},{"@type":"Organization","@id":"https:\/\/salesianossp.org.br\/ossjb\/#organization","name":"Obra Social S\u00e3o Jo\u00e3o Bosco","url":"https:\/\/salesianossp.org.br\/ossjb\/","logo":{"@type":"ImageObject","inLanguage":"pt-BR","@id":"https:\/\/salesianossp.org.br\/ossjb\/#\/schema\/logo\/image\/","url":"https:\/\/salesianossp.org.br\/ossjb\/wp-content\/uploads\/2025\/10\/logotipo-obra-social-sao-joao-bosco-color-56.svg","contentUrl":"https:\/\/salesianossp.org.br\/ossjb\/wp-content\/uploads\/2025\/10\/logotipo-obra-social-sao-joao-bosco-color-56.svg","width":185,"height":56,"caption":"Obra Social S\u00e3o Jo\u00e3o Bosco"},"image":{"@id":"https:\/\/salesianossp.org.br\/ossjb\/#\/schema\/logo\/image\/"},"sameAs":["https:\/\/www.facebook.com\/OSSJBCampinas\/","https:\/\/www.instagram.com\/ossjbcampinas\/","https:\/\/www.youtube.com\/channel\/UClNa7qdZCtP9uzs5b0nG2LQ\/featured"]},{"@type":"Person","@id":"https:\/\/salesianossp.org.br\/ossjb\/#\/schema\/person\/4bc2abdbcf1d3120dd16324624dcdb93","name":"Lucas Rodrigues","image":{"@type":"ImageObject","inLanguage":"pt-BR","@id":"https:\/\/secure.gravatar.com\/avatar\/0ad9c966c6ed3335d7fffe2c3b88880dd298c0817b71e20a6955c38f2a53f746?s=96&d=mm&r=g","url":"https:\/\/secure.gravatar.com\/avatar\/0ad9c966c6ed3335d7fffe2c3b88880dd298c0817b71e20a6955c38f2a53f746?s=96&d=mm&r=g","contentUrl":"https:\/\/secure.gravatar.com\/avatar\/0ad9c966c6ed3335d7fffe2c3b88880dd298c0817b71e20a6955c38f2a53f746?s=96&d=mm&r=g","caption":"Lucas Rodrigues"},"url":"https:\/\/salesianossp.org.br\/ossjb\/author\/lucas-rodrigues\/"}]}},"_links":{"self":[{"href":"https:\/\/salesianossp.org.br\/ossjb\/wp-json\/wp\/v2\/posts\/5914","targetHints":{"allow":["GET"]}}],"collection":[{"href":"https:\/\/salesianossp.org.br\/ossjb\/wp-json\/wp\/v2\/posts"}],"about":[{"href":"https:\/\/salesianossp.org.br\/ossjb\/wp-json\/wp\/v2\/types\/post"}],"author":[{"embeddable":true,"href":"https:\/\/salesianossp.org.br\/ossjb\/wp-json\/wp\/v2\/users\/27"}],"replies":[{"embeddable":true,"href":"https:\/\/salesianossp.org.br\/ossjb\/wp-json\/wp\/v2\/comments?post=5914"}],"version-history":[{"count":0,"href":"https:\/\/salesianossp.org.br\/ossjb\/wp-json\/wp\/v2\/posts\/5914\/revisions"}],"wp:featuredmedia":[{"embeddable":true,"href":"https:\/\/salesianossp.org.br\/ossjb\/wp-json\/wp\/v2\/media\/5947"}],"wp:attachment":[{"href":"https:\/\/salesianossp.org.br\/ossjb\/wp-json\/wp\/v2\/media?parent=5914"}],"wp:term":[{"taxonomy":"category","embeddable":true,"href":"https:\/\/salesianossp.org.br\/ossjb\/wp-json\/wp\/v2\/categories?post=5914"},{"taxonomy":"post_tag","embeddable":true,"href":"https:\/\/salesianossp.org.br\/ossjb\/wp-json\/wp\/v2\/tags?post=5914"}],"curies":[{"name":"wp","href":"https:\/\/api.w.org\/{rel}","templated":true}]}}