{"id":1793,"date":"2023-01-23T08:17:14","date_gmt":"2023-01-23T11:17:14","guid":{"rendered":"https:\/\/salesianossp.org.br\/parnsfesguaruja\/?p=1793"},"modified":"2023-01-23T08:17:14","modified_gmt":"2023-01-23T11:17:14","slug":"padre-helio-espinula-sdb-toma-posse-como-novo-paroco-em-guaruja","status":"publish","type":"post","link":"https:\/\/salesianossp.org.br\/parnsfesguaruja\/padre-helio-espinula-sdb-toma-posse-como-novo-paroco-em-guaruja\/","title":{"rendered":"<strong>Padre H\u00e9lio Esp\u00ednula, sdb toma posse como novo p\u00e1roco em Guaruj\u00e1.<\/strong>"},"content":{"rendered":"\n<p>Na \u00faltima quinta-feira, 19 de janeiro, a Par\u00f3quia Nossa Senhora de F\u00e1tima e Santo Amaro e a Comunidade Salesiana de Guaruj\u00e1-SP, celebraram com alegria a Santa Missa presidida pelo bispo diocesano de Santos-SP, Dom Tarc\u00edsio Scaramussa, sdb e concelebrada pelo inspetor da Inspetoria Salesiana de S\u00e3o Paulo, o Padre Justo Ernesto Piccinini, sdb, o ex-p\u00e1roco Padre M\u00e1rcio Fernando de Castro, sdb e demais padres da cidade e de nossa par\u00f3quia, a posse do Padre H\u00e9lio Esp\u00ednula Soares Pinto, sdb como novo p\u00e1roco.<\/p>\n\n\n\n<p>A Santa Missa foi celebrada na Igreja Matriz de Nossa Senhora de F\u00e1tima e Santo Amaro no centro da cidade e contou com a presen\u00e7a e participa\u00e7\u00e3o dos representantes de todas as capelas da par\u00f3quia, a comunidade paroquial que sempre \u00e9 presente e participativa e a presen\u00e7a da juventude da par\u00f3quia, grupos, pastorais e movimentos atuantes, e dos Cooperadores Salesianos.<\/p>\n\n\n\n<p>Ao final da missa, o di\u00e1cono Dc. William Gomes de Paula (Par\u00f3quia S\u00e3o Jos\u00e9 &#8211; Vicente de Carvalho) leu a ata de posse do novo p\u00e1roco. Houve um breve momento em que o p\u00e1roco e inspetor se revezaram em uma breve mensagem e apresentaram os vig\u00e1rios que compor\u00e3o os trabalhos pastorais em nossa par\u00f3quia: Pe. Wagner de Medeiros, sdb, e Pe. Evaristo Higa, sdb padres j\u00e1 residentes da Casa Salesiana, ainda contaremos com o aux\u00edlio nos finais de semana de um estudante salesiano e do Padre Jo\u00e3o Gabriel, sdb.<\/p>\n\n\n\n<p>Ap\u00f3s a Eucaristia celebrada, foi oferecido um coquetel em comemora\u00e7\u00e3o \u00e0 posse do novo p\u00e1roco, preparado e organizado por coordenadores e outras lideran\u00e7as da par\u00f3quia. No dia 10 de fevereiro, Pe. M\u00e1rcio Fernando, sdb tomar\u00e1 posse como diretor no Centro Social Santa Luzia na Par\u00f3quia Santa Luzia no Jardim Nordeste, S\u00e3o Paulo-SP.<\/p>\n\n\n\n<p><strong>HOMENAGEM<\/strong>&nbsp;<\/p>\n\n\n\n<p>Em Guaruj\u00e1, Padre M\u00e1rcio veio pela primeira vez como estudante para compor seu trabalho pastoral no ano de 2016, trabalhando com os jovens na par\u00f3quia e em especial com os jovens mission\u00e1rios e os jovens das comunidades de Nossa Senhora Rosa M\u00edstica e Cristo Rei ajudando com forma\u00e7\u00f5es e com as atividades de orat\u00f3rio, no ano seguinte \u00e9 ordenado di\u00e1cono e volta para Guaruj\u00e1 para mais um ano de trabalho pastoral, em 20 de janeiro de 2018 \u00e9 ordenado padre no Santu\u00e1rio Dom Bosco na cidade de Lorena, sua cidade natal, ap\u00f3s uma semana de miss\u00f5es com os jovens de Guaruj\u00e1, terminando com a Santa Missa em que foi ordenado, para 2018 recebeu a obedi\u00eancia para a casa salesiana em S\u00e3o Carlos, sendo Obra Social e Pr\u00e9-Noviciado.&nbsp;<\/p>\n\n\n\n<p>Terminado o ano de 2018, Padre M\u00e1rcio, volta ao Guaruj\u00e1 em 2019, aqui como o pr\u00f3prio j\u00e1 disse e algumas ocasi\u00f5es, \u201cFoi aqui que aprendi a ser p\u00e1roco\u201d, celebrou seu primeiro anivers\u00e1rio de ordena\u00e7\u00e3o e em 02 de fevereiro de 2019, tomou posse como p\u00e1roco da Par\u00f3quia Nossa Senhora de F\u00e1tima e Santo Amaro. <\/p>\n\n\n\n<p>Deu continuidade aos trabalhos pastorais deixado por seu antecessor, incentivou pastorais e jovens em grupos e movimentos, os anos de 2020 e 2021 marcados pela pandemia, foram anos de dificuldades e supera\u00e7\u00e3o, mas tamb\u00e9m de muita coopera\u00e7\u00e3o entre as pastorais da par\u00f3quia. Na certeza de tamanha amizade e carinho semeado e colhido nesses anos em Guaruj\u00e1, fica o carinho, a amizade e a gratid\u00e3o por tudo feito, e a torcida de todos os paroquianos para que Padre M\u00e1rcio seja t\u00e3o feliz e bem acolhido na nova miss\u00e3o no Jardim Nordeste.<\/p>\n\n\n\n<p>Por: Ewertom Bomfim &#8211; Pascom Par\u00f3quia Nossa Senhora de F\u00e1tima e Santo Amaro.<\/p>\n\n\n\n<p><\/p>\n\n\n\n<figure class=\"wp-block-gallery has-nested-images columns-default is-cropped wp-block-gallery-1 is-layout-flex wp-block-gallery-is-layout-flex\">\n<figure class=\"wp-block-image size-large\"><img decoding=\"async\" data-id=\"1908\" src=\"https:\/\/salesianossp.org.br\/parnsfesguaruja\/wp-content\/uploads\/2023\/01\/image00010-1-1024x768.jpeg\" alt=\"\" class=\"wp-image-1908\"\/><\/figure>\n\n\n\n<figure class=\"wp-block-image size-large\"><img decoding=\"async\" data-id=\"1905\" src=\"https:\/\/salesianossp.org.br\/parnsfesguaruja\/wp-content\/uploads\/2023\/01\/image00007-1-1024x768.jpeg\" alt=\"\" class=\"wp-image-1905\"\/><\/figure>\n\n\n\n<figure class=\"wp-block-image size-large\"><img decoding=\"async\" data-id=\"1904\" src=\"https:\/\/salesianossp.org.br\/parnsfesguaruja\/wp-content\/uploads\/2023\/01\/image00006-1024x768.jpeg\" alt=\"\" class=\"wp-image-1904\"\/><\/figure>\n\n\n\n<figure class=\"wp-block-image size-large\"><img decoding=\"async\" data-id=\"1901\" src=\"https:\/\/salesianossp.org.br\/parnsfesguaruja\/wp-content\/uploads\/2023\/01\/image00003-1-1024x768.jpeg\" alt=\"\" class=\"wp-image-1901\"\/><\/figure>\n\n\n\n<figure class=\"wp-block-image size-large\"><img decoding=\"async\" data-id=\"1900\" src=\"https:\/\/salesianossp.org.br\/parnsfesguaruja\/wp-content\/uploads\/2023\/01\/image00002-1-1024x768.jpeg\" alt=\"\" class=\"wp-image-1900\"\/><\/figure>\n\n\n\n<figure class=\"wp-block-image size-large\"><img decoding=\"async\" data-id=\"1902\" src=\"https:\/\/salesianossp.org.br\/parnsfesguaruja\/wp-content\/uploads\/2023\/01\/image00004-1-1024x768.jpeg\" alt=\"\" class=\"wp-image-1902\"\/><\/figure>\n\n\n\n<figure class=\"wp-block-image size-large\"><img decoding=\"async\" data-id=\"1903\" src=\"https:\/\/salesianossp.org.br\/parnsfesguaruja\/wp-content\/uploads\/2023\/01\/image00005-1-1024x768.jpeg\" alt=\"\" class=\"wp-image-1903\"\/><\/figure>\n\n\n\n<figure class=\"wp-block-image size-large\"><img decoding=\"async\" data-id=\"1906\" src=\"https:\/\/salesianossp.org.br\/parnsfesguaruja\/wp-content\/uploads\/2023\/01\/image00008-1-1024x768.jpeg\" alt=\"\" class=\"wp-image-1906\"\/><\/figure>\n<\/figure>\n\n\n\n<p><\/p>\n","protected":false},"excerpt":{"rendered":"<p>Na \u00faltima quinta-feira, 19 de janeiro, a Par\u00f3quia Nossa Senhora de F\u00e1tima e Santo Amaro e a Comunidade Salesiana de Guaruj\u00e1-SP, celebraram com alegria a Santa Missa presidida pelo bispo diocesano de Santos-SP, Dom Tarc\u00edsio Scaramussa, sdb e concelebrada pelo inspetor da Inspetoria Salesiana de S\u00e3o Paulo, o Padre Justo Ernesto Piccinini, sdb, o ex-p\u00e1roco [&hellip;]<\/p>\n","protected":false},"author":4,"featured_media":1907,"comment_status":"open","ping_status":"open","sticky":false,"template":"","format":"standard","meta":{"footnotes":""},"categories":[17,20,30],"tags":[29,31,23],"class_list":["post-1793","post","type-post","status-publish","format-standard","has-post-thumbnail","hentry","category-noticias","category-paroquia-santo-amaro","category-posse-do-paroco","tag-paroquia-guaruja","tag-posse-padre-helio","tag-salesianos-guaruja"],"yoast_head":"<!-- This site is optimized with the Yoast SEO plugin v27.4 - https:\/\/yoast.com\/product\/yoast-seo-wordpress\/ -->\n<title>Padre H\u00e9lio Esp\u00ednula, sdb toma posse como novo p\u00e1roco em Guaruj\u00e1. - Par\u00f3quia Nossa Senhora de F\u00e1tima e Santo Amaro<\/title>\n<meta name=\"robots\" content=\"index, follow, max-snippet:-1, max-image-preview:large, max-video-preview:-1\" \/>\n<link rel=\"canonical\" href=\"https:\/\/salesianossp.org.br\/parnsfesguaruja\/padre-helio-espinula-sdb-toma-posse-como-novo-paroco-em-guaruja\/\" \/>\n<meta property=\"og:locale\" content=\"pt_BR\" \/>\n<meta property=\"og:type\" content=\"article\" \/>\n<meta property=\"og:title\" content=\"Padre H\u00e9lio Esp\u00ednula, sdb toma posse como novo p\u00e1roco em Guaruj\u00e1. - Par\u00f3quia Nossa Senhora de F\u00e1tima e Santo Amaro\" \/>\n<meta property=\"og:description\" content=\"Na \u00faltima quinta-feira, 19 de janeiro, a Par\u00f3quia Nossa Senhora de F\u00e1tima e Santo Amaro e a Comunidade Salesiana de Guaruj\u00e1-SP, celebraram com alegria a Santa Missa presidida pelo bispo diocesano de Santos-SP, Dom Tarc\u00edsio Scaramussa, sdb e concelebrada pelo inspetor da Inspetoria Salesiana de S\u00e3o Paulo, o Padre Justo Ernesto Piccinini, sdb, o ex-p\u00e1roco [&hellip;]\" \/>\n<meta property=\"og:url\" content=\"https:\/\/salesianossp.org.br\/parnsfesguaruja\/padre-helio-espinula-sdb-toma-posse-como-novo-paroco-em-guaruja\/\" \/>\n<meta property=\"og:site_name\" content=\"Par\u00f3quia Nossa Senhora de F\u00e1tima e Santo Amaro\" \/>\n<meta property=\"article:publisher\" content=\"https:\/\/www.facebook.com\/matrizguaruja?mibextid=LQQJ4d\" \/>\n<meta property=\"article:published_time\" content=\"2023-01-23T11:17:14+00:00\" \/>\n<meta property=\"og:image\" content=\"https:\/\/salesianossp.org.br\/parnsfesguaruja\/wp-content\/uploads\/2023\/01\/image00009-1-scaled-1.jpeg\" \/>\n\t<meta property=\"og:image:width\" content=\"2560\" \/>\n\t<meta property=\"og:image:height\" content=\"1920\" \/>\n\t<meta property=\"og:image:type\" content=\"image\/jpeg\" \/>\n<meta name=\"author\" content=\"Rog\u00e9rio Bruno B. Saviolli\" \/>\n<meta name=\"twitter:card\" content=\"summary_large_image\" \/>\n<meta name=\"twitter:label1\" content=\"Escrito por\" \/>\n\t<meta name=\"twitter:data1\" content=\"Rog\u00e9rio Bruno B. Saviolli\" \/>\n\t<meta name=\"twitter:label2\" content=\"Est. tempo de leitura\" \/>\n\t<meta name=\"twitter:data2\" content=\"3 minutos\" \/>\n<script type=\"application\/ld+json\" class=\"yoast-schema-graph\">{\"@context\":\"https:\\\/\\\/schema.org\",\"@graph\":[{\"@type\":\"Article\",\"@id\":\"https:\\\/\\\/salesianossp.org.br\\\/parnsfesguaruja\\\/padre-helio-espinula-sdb-toma-posse-como-novo-paroco-em-guaruja\\\/#article\",\"isPartOf\":{\"@id\":\"https:\\\/\\\/salesianossp.org.br\\\/parnsfesguaruja\\\/padre-helio-espinula-sdb-toma-posse-como-novo-paroco-em-guaruja\\\/\"},\"author\":{\"name\":\"Rog\u00e9rio Bruno B. Saviolli\",\"@id\":\"https:\\\/\\\/salesianossp.org.br\\\/parnsfesguaruja\\\/#\\\/schema\\\/person\\\/2c28fec5adcdfd0ab2cc8acd388c545d\"},\"headline\":\"Padre H\u00e9lio Esp\u00ednula, sdb toma posse como novo p\u00e1roco em Guaruj\u00e1.\",\"datePublished\":\"2023-01-23T11:17:14+00:00\",\"mainEntityOfPage\":{\"@id\":\"https:\\\/\\\/salesianossp.org.br\\\/parnsfesguaruja\\\/padre-helio-espinula-sdb-toma-posse-como-novo-paroco-em-guaruja\\\/\"},\"wordCount\":635,\"commentCount\":0,\"publisher\":{\"@id\":\"https:\\\/\\\/salesianossp.org.br\\\/parnsfesguaruja\\\/#organization\"},\"image\":{\"@id\":\"https:\\\/\\\/salesianossp.org.br\\\/parnsfesguaruja\\\/padre-helio-espinula-sdb-toma-posse-como-novo-paroco-em-guaruja\\\/#primaryimage\"},\"thumbnailUrl\":\"https:\\\/\\\/salesianossp.org.br\\\/parnsfesguaruja\\\/wp-content\\\/uploads\\\/2023\\\/01\\\/image00009-1-scaled-1.jpeg\",\"keywords\":[\"Par\u00f3quia guaruj\u00e1\",\"Posse Padre H\u00e9lio\",\"Salesianos Guaruj\u00e1\"],\"articleSection\":[\"Not\u00edcias\",\"Par\u00f3quia Santo Amaro\",\"Posse do P\u00e1roco\"],\"inLanguage\":\"pt-BR\",\"potentialAction\":[{\"@type\":\"CommentAction\",\"name\":\"Comment\",\"target\":[\"https:\\\/\\\/salesianossp.org.br\\\/parnsfesguaruja\\\/padre-helio-espinula-sdb-toma-posse-como-novo-paroco-em-guaruja\\\/#respond\"]}]},{\"@type\":\"WebPage\",\"@id\":\"https:\\\/\\\/salesianossp.org.br\\\/parnsfesguaruja\\\/padre-helio-espinula-sdb-toma-posse-como-novo-paroco-em-guaruja\\\/\",\"url\":\"https:\\\/\\\/salesianossp.org.br\\\/parnsfesguaruja\\\/padre-helio-espinula-sdb-toma-posse-como-novo-paroco-em-guaruja\\\/\",\"name\":\"Padre H\u00e9lio Esp\u00ednula, sdb toma posse como novo p\u00e1roco em Guaruj\u00e1. - Par\u00f3quia Nossa Senhora de F\u00e1tima e Santo Amaro\",\"isPartOf\":{\"@id\":\"https:\\\/\\\/salesianossp.org.br\\\/parnsfesguaruja\\\/#website\"},\"primaryImageOfPage\":{\"@id\":\"https:\\\/\\\/salesianossp.org.br\\\/parnsfesguaruja\\\/padre-helio-espinula-sdb-toma-posse-como-novo-paroco-em-guaruja\\\/#primaryimage\"},\"image\":{\"@id\":\"https:\\\/\\\/salesianossp.org.br\\\/parnsfesguaruja\\\/padre-helio-espinula-sdb-toma-posse-como-novo-paroco-em-guaruja\\\/#primaryimage\"},\"thumbnailUrl\":\"https:\\\/\\\/salesianossp.org.br\\\/parnsfesguaruja\\\/wp-content\\\/uploads\\\/2023\\\/01\\\/image00009-1-scaled-1.jpeg\",\"datePublished\":\"2023-01-23T11:17:14+00:00\",\"breadcrumb\":{\"@id\":\"https:\\\/\\\/salesianossp.org.br\\\/parnsfesguaruja\\\/padre-helio-espinula-sdb-toma-posse-como-novo-paroco-em-guaruja\\\/#breadcrumb\"},\"inLanguage\":\"pt-BR\",\"potentialAction\":[{\"@type\":\"ReadAction\",\"target\":[\"https:\\\/\\\/salesianossp.org.br\\\/parnsfesguaruja\\\/padre-helio-espinula-sdb-toma-posse-como-novo-paroco-em-guaruja\\\/\"]}]},{\"@type\":\"ImageObject\",\"inLanguage\":\"pt-BR\",\"@id\":\"https:\\\/\\\/salesianossp.org.br\\\/parnsfesguaruja\\\/padre-helio-espinula-sdb-toma-posse-como-novo-paroco-em-guaruja\\\/#primaryimage\",\"url\":\"https:\\\/\\\/salesianossp.org.br\\\/parnsfesguaruja\\\/wp-content\\\/uploads\\\/2023\\\/01\\\/image00009-1-scaled-1.jpeg\",\"contentUrl\":\"https:\\\/\\\/salesianossp.org.br\\\/parnsfesguaruja\\\/wp-content\\\/uploads\\\/2023\\\/01\\\/image00009-1-scaled-1.jpeg\",\"width\":2560,\"height\":1920},{\"@type\":\"BreadcrumbList\",\"@id\":\"https:\\\/\\\/salesianossp.org.br\\\/parnsfesguaruja\\\/padre-helio-espinula-sdb-toma-posse-como-novo-paroco-em-guaruja\\\/#breadcrumb\",\"itemListElement\":[{\"@type\":\"ListItem\",\"position\":1,\"name\":\"In\u00edcio\",\"item\":\"https:\\\/\\\/salesianossp.org.br\\\/parnsfesguaruja\\\/\"},{\"@type\":\"ListItem\",\"position\":2,\"name\":\"Padre H\u00e9lio Esp\u00ednula, sdb toma posse como novo p\u00e1roco em Guaruj\u00e1.\"}]},{\"@type\":\"WebSite\",\"@id\":\"https:\\\/\\\/salesianossp.org.br\\\/parnsfesguaruja\\\/#website\",\"url\":\"https:\\\/\\\/salesianossp.org.br\\\/parnsfesguaruja\\\/\",\"name\":\"Par\u00f3quia Nossa Senhora de F\u00e1tima e Santo Amaro\",\"description\":\"\",\"publisher\":{\"@id\":\"https:\\\/\\\/salesianossp.org.br\\\/parnsfesguaruja\\\/#organization\"},\"potentialAction\":[{\"@type\":\"SearchAction\",\"target\":{\"@type\":\"EntryPoint\",\"urlTemplate\":\"https:\\\/\\\/salesianossp.org.br\\\/parnsfesguaruja\\\/?s={search_term_string}\"},\"query-input\":{\"@type\":\"PropertyValueSpecification\",\"valueRequired\":true,\"valueName\":\"search_term_string\"}}],\"inLanguage\":\"pt-BR\"},{\"@type\":\"Organization\",\"@id\":\"https:\\\/\\\/salesianossp.org.br\\\/parnsfesguaruja\\\/#organization\",\"name\":\"Par\u00f3quia Nossa Senhora de F\u00e1tima e Santo Amaro\",\"url\":\"https:\\\/\\\/salesianossp.org.br\\\/parnsfesguaruja\\\/\",\"logo\":{\"@type\":\"ImageObject\",\"inLanguage\":\"pt-BR\",\"@id\":\"https:\\\/\\\/salesianossp.org.br\\\/parnsfesguaruja\\\/#\\\/schema\\\/logo\\\/image\\\/\",\"url\":\"https:\\\/\\\/salesianossp.org.br\\\/parnsfesguaruja\\\/wp-content\\\/uploads\\\/2026\\\/02\\\/logo-paroquia-n-sra-fes-guaruja.svg\",\"contentUrl\":\"https:\\\/\\\/salesianossp.org.br\\\/parnsfesguaruja\\\/wp-content\\\/uploads\\\/2026\\\/02\\\/logo-paroquia-n-sra-fes-guaruja.svg\",\"width\":184,\"height\":56,\"caption\":\"Par\u00f3quia Nossa Senhora de F\u00e1tima e Santo Amaro\"},\"image\":{\"@id\":\"https:\\\/\\\/salesianossp.org.br\\\/parnsfesguaruja\\\/#\\\/schema\\\/logo\\\/image\\\/\"},\"sameAs\":[\"https:\\\/\\\/www.facebook.com\\\/matrizguaruja?mibextid=LQQJ4d\",\"https:\\\/\\\/www.instagram.com\\\/pnsfatima_guaruja\"]},{\"@type\":\"Person\",\"@id\":\"https:\\\/\\\/salesianossp.org.br\\\/parnsfesguaruja\\\/#\\\/schema\\\/person\\\/2c28fec5adcdfd0ab2cc8acd388c545d\",\"name\":\"Rog\u00e9rio Bruno B. Saviolli\",\"image\":{\"@type\":\"ImageObject\",\"inLanguage\":\"pt-BR\",\"@id\":\"https:\\\/\\\/secure.gravatar.com\\\/avatar\\\/76dd37bc9ed13ac2f3487809fb0c73b7c7ee6cedff8a1b446507d78fd1042cd5?s=96&d=mm&r=g\",\"url\":\"https:\\\/\\\/secure.gravatar.com\\\/avatar\\\/76dd37bc9ed13ac2f3487809fb0c73b7c7ee6cedff8a1b446507d78fd1042cd5?s=96&d=mm&r=g\",\"contentUrl\":\"https:\\\/\\\/secure.gravatar.com\\\/avatar\\\/76dd37bc9ed13ac2f3487809fb0c73b7c7ee6cedff8a1b446507d78fd1042cd5?s=96&d=mm&r=g\",\"caption\":\"Rog\u00e9rio Bruno B. Saviolli\"},\"url\":\"https:\\\/\\\/salesianossp.org.br\\\/parnsfesguaruja\\\/author\\\/rogeriobruno\\\/\"}]}<\/script>\n<!-- \/ Yoast SEO plugin. -->","yoast_head_json":{"title":"Padre H\u00e9lio Esp\u00ednula, sdb toma posse como novo p\u00e1roco em Guaruj\u00e1. - Par\u00f3quia Nossa Senhora de F\u00e1tima e Santo Amaro","robots":{"index":"index","follow":"follow","max-snippet":"max-snippet:-1","max-image-preview":"max-image-preview:large","max-video-preview":"max-video-preview:-1"},"canonical":"https:\/\/salesianossp.org.br\/parnsfesguaruja\/padre-helio-espinula-sdb-toma-posse-como-novo-paroco-em-guaruja\/","og_locale":"pt_BR","og_type":"article","og_title":"Padre H\u00e9lio Esp\u00ednula, sdb toma posse como novo p\u00e1roco em Guaruj\u00e1. - Par\u00f3quia Nossa Senhora de F\u00e1tima e Santo Amaro","og_description":"Na \u00faltima quinta-feira, 19 de janeiro, a Par\u00f3quia Nossa Senhora de F\u00e1tima e Santo Amaro e a Comunidade Salesiana de Guaruj\u00e1-SP, celebraram com alegria a Santa Missa presidida pelo bispo diocesano de Santos-SP, Dom Tarc\u00edsio Scaramussa, sdb e concelebrada pelo inspetor da Inspetoria Salesiana de S\u00e3o Paulo, o Padre Justo Ernesto Piccinini, sdb, o ex-p\u00e1roco [&hellip;]","og_url":"https:\/\/salesianossp.org.br\/parnsfesguaruja\/padre-helio-espinula-sdb-toma-posse-como-novo-paroco-em-guaruja\/","og_site_name":"Par\u00f3quia Nossa Senhora de F\u00e1tima e Santo Amaro","article_publisher":"https:\/\/www.facebook.com\/matrizguaruja?mibextid=LQQJ4d","article_published_time":"2023-01-23T11:17:14+00:00","og_image":[{"width":2560,"height":1920,"url":"https:\/\/salesianossp.org.br\/parnsfesguaruja\/wp-content\/uploads\/2023\/01\/image00009-1-scaled-1.jpeg","type":"image\/jpeg"}],"author":"Rog\u00e9rio Bruno B. Saviolli","twitter_card":"summary_large_image","twitter_misc":{"Escrito por":"Rog\u00e9rio Bruno B. Saviolli","Est. tempo de leitura":"3 minutos"},"schema":{"@context":"https:\/\/schema.org","@graph":[{"@type":"Article","@id":"https:\/\/salesianossp.org.br\/parnsfesguaruja\/padre-helio-espinula-sdb-toma-posse-como-novo-paroco-em-guaruja\/#article","isPartOf":{"@id":"https:\/\/salesianossp.org.br\/parnsfesguaruja\/padre-helio-espinula-sdb-toma-posse-como-novo-paroco-em-guaruja\/"},"author":{"name":"Rog\u00e9rio Bruno B. Saviolli","@id":"https:\/\/salesianossp.org.br\/parnsfesguaruja\/#\/schema\/person\/2c28fec5adcdfd0ab2cc8acd388c545d"},"headline":"Padre H\u00e9lio Esp\u00ednula, sdb toma posse como novo p\u00e1roco em Guaruj\u00e1.","datePublished":"2023-01-23T11:17:14+00:00","mainEntityOfPage":{"@id":"https:\/\/salesianossp.org.br\/parnsfesguaruja\/padre-helio-espinula-sdb-toma-posse-como-novo-paroco-em-guaruja\/"},"wordCount":635,"commentCount":0,"publisher":{"@id":"https:\/\/salesianossp.org.br\/parnsfesguaruja\/#organization"},"image":{"@id":"https:\/\/salesianossp.org.br\/parnsfesguaruja\/padre-helio-espinula-sdb-toma-posse-como-novo-paroco-em-guaruja\/#primaryimage"},"thumbnailUrl":"https:\/\/salesianossp.org.br\/parnsfesguaruja\/wp-content\/uploads\/2023\/01\/image00009-1-scaled-1.jpeg","keywords":["Par\u00f3quia guaruj\u00e1","Posse Padre H\u00e9lio","Salesianos Guaruj\u00e1"],"articleSection":["Not\u00edcias","Par\u00f3quia Santo Amaro","Posse do P\u00e1roco"],"inLanguage":"pt-BR","potentialAction":[{"@type":"CommentAction","name":"Comment","target":["https:\/\/salesianossp.org.br\/parnsfesguaruja\/padre-helio-espinula-sdb-toma-posse-como-novo-paroco-em-guaruja\/#respond"]}]},{"@type":"WebPage","@id":"https:\/\/salesianossp.org.br\/parnsfesguaruja\/padre-helio-espinula-sdb-toma-posse-como-novo-paroco-em-guaruja\/","url":"https:\/\/salesianossp.org.br\/parnsfesguaruja\/padre-helio-espinula-sdb-toma-posse-como-novo-paroco-em-guaruja\/","name":"Padre H\u00e9lio Esp\u00ednula, sdb toma posse como novo p\u00e1roco em Guaruj\u00e1. - Par\u00f3quia Nossa Senhora de F\u00e1tima e Santo Amaro","isPartOf":{"@id":"https:\/\/salesianossp.org.br\/parnsfesguaruja\/#website"},"primaryImageOfPage":{"@id":"https:\/\/salesianossp.org.br\/parnsfesguaruja\/padre-helio-espinula-sdb-toma-posse-como-novo-paroco-em-guaruja\/#primaryimage"},"image":{"@id":"https:\/\/salesianossp.org.br\/parnsfesguaruja\/padre-helio-espinula-sdb-toma-posse-como-novo-paroco-em-guaruja\/#primaryimage"},"thumbnailUrl":"https:\/\/salesianossp.org.br\/parnsfesguaruja\/wp-content\/uploads\/2023\/01\/image00009-1-scaled-1.jpeg","datePublished":"2023-01-23T11:17:14+00:00","breadcrumb":{"@id":"https:\/\/salesianossp.org.br\/parnsfesguaruja\/padre-helio-espinula-sdb-toma-posse-como-novo-paroco-em-guaruja\/#breadcrumb"},"inLanguage":"pt-BR","potentialAction":[{"@type":"ReadAction","target":["https:\/\/salesianossp.org.br\/parnsfesguaruja\/padre-helio-espinula-sdb-toma-posse-como-novo-paroco-em-guaruja\/"]}]},{"@type":"ImageObject","inLanguage":"pt-BR","@id":"https:\/\/salesianossp.org.br\/parnsfesguaruja\/padre-helio-espinula-sdb-toma-posse-como-novo-paroco-em-guaruja\/#primaryimage","url":"https:\/\/salesianossp.org.br\/parnsfesguaruja\/wp-content\/uploads\/2023\/01\/image00009-1-scaled-1.jpeg","contentUrl":"https:\/\/salesianossp.org.br\/parnsfesguaruja\/wp-content\/uploads\/2023\/01\/image00009-1-scaled-1.jpeg","width":2560,"height":1920},{"@type":"BreadcrumbList","@id":"https:\/\/salesianossp.org.br\/parnsfesguaruja\/padre-helio-espinula-sdb-toma-posse-como-novo-paroco-em-guaruja\/#breadcrumb","itemListElement":[{"@type":"ListItem","position":1,"name":"In\u00edcio","item":"https:\/\/salesianossp.org.br\/parnsfesguaruja\/"},{"@type":"ListItem","position":2,"name":"Padre H\u00e9lio Esp\u00ednula, sdb toma posse como novo p\u00e1roco em Guaruj\u00e1."}]},{"@type":"WebSite","@id":"https:\/\/salesianossp.org.br\/parnsfesguaruja\/#website","url":"https:\/\/salesianossp.org.br\/parnsfesguaruja\/","name":"Par\u00f3quia Nossa Senhora de F\u00e1tima e Santo Amaro","description":"","publisher":{"@id":"https:\/\/salesianossp.org.br\/parnsfesguaruja\/#organization"},"potentialAction":[{"@type":"SearchAction","target":{"@type":"EntryPoint","urlTemplate":"https:\/\/salesianossp.org.br\/parnsfesguaruja\/?s={search_term_string}"},"query-input":{"@type":"PropertyValueSpecification","valueRequired":true,"valueName":"search_term_string"}}],"inLanguage":"pt-BR"},{"@type":"Organization","@id":"https:\/\/salesianossp.org.br\/parnsfesguaruja\/#organization","name":"Par\u00f3quia Nossa Senhora de F\u00e1tima e Santo Amaro","url":"https:\/\/salesianossp.org.br\/parnsfesguaruja\/","logo":{"@type":"ImageObject","inLanguage":"pt-BR","@id":"https:\/\/salesianossp.org.br\/parnsfesguaruja\/#\/schema\/logo\/image\/","url":"https:\/\/salesianossp.org.br\/parnsfesguaruja\/wp-content\/uploads\/2026\/02\/logo-paroquia-n-sra-fes-guaruja.svg","contentUrl":"https:\/\/salesianossp.org.br\/parnsfesguaruja\/wp-content\/uploads\/2026\/02\/logo-paroquia-n-sra-fes-guaruja.svg","width":184,"height":56,"caption":"Par\u00f3quia Nossa Senhora de F\u00e1tima e Santo Amaro"},"image":{"@id":"https:\/\/salesianossp.org.br\/parnsfesguaruja\/#\/schema\/logo\/image\/"},"sameAs":["https:\/\/www.facebook.com\/matrizguaruja?mibextid=LQQJ4d","https:\/\/www.instagram.com\/pnsfatima_guaruja"]},{"@type":"Person","@id":"https:\/\/salesianossp.org.br\/parnsfesguaruja\/#\/schema\/person\/2c28fec5adcdfd0ab2cc8acd388c545d","name":"Rog\u00e9rio Bruno B. Saviolli","image":{"@type":"ImageObject","inLanguage":"pt-BR","@id":"https:\/\/secure.gravatar.com\/avatar\/76dd37bc9ed13ac2f3487809fb0c73b7c7ee6cedff8a1b446507d78fd1042cd5?s=96&d=mm&r=g","url":"https:\/\/secure.gravatar.com\/avatar\/76dd37bc9ed13ac2f3487809fb0c73b7c7ee6cedff8a1b446507d78fd1042cd5?s=96&d=mm&r=g","contentUrl":"https:\/\/secure.gravatar.com\/avatar\/76dd37bc9ed13ac2f3487809fb0c73b7c7ee6cedff8a1b446507d78fd1042cd5?s=96&d=mm&r=g","caption":"Rog\u00e9rio Bruno B. Saviolli"},"url":"https:\/\/salesianossp.org.br\/parnsfesguaruja\/author\/rogeriobruno\/"}]}},"_links":{"self":[{"href":"https:\/\/salesianossp.org.br\/parnsfesguaruja\/wp-json\/wp\/v2\/posts\/1793","targetHints":{"allow":["GET"]}}],"collection":[{"href":"https:\/\/salesianossp.org.br\/parnsfesguaruja\/wp-json\/wp\/v2\/posts"}],"about":[{"href":"https:\/\/salesianossp.org.br\/parnsfesguaruja\/wp-json\/wp\/v2\/types\/post"}],"author":[{"embeddable":true,"href":"https:\/\/salesianossp.org.br\/parnsfesguaruja\/wp-json\/wp\/v2\/users\/4"}],"replies":[{"embeddable":true,"href":"https:\/\/salesianossp.org.br\/parnsfesguaruja\/wp-json\/wp\/v2\/comments?post=1793"}],"version-history":[{"count":0,"href":"https:\/\/salesianossp.org.br\/parnsfesguaruja\/wp-json\/wp\/v2\/posts\/1793\/revisions"}],"wp:featuredmedia":[{"embeddable":true,"href":"https:\/\/salesianossp.org.br\/parnsfesguaruja\/wp-json\/wp\/v2\/media\/1907"}],"wp:attachment":[{"href":"https:\/\/salesianossp.org.br\/parnsfesguaruja\/wp-json\/wp\/v2\/media?parent=1793"}],"wp:term":[{"taxonomy":"category","embeddable":true,"href":"https:\/\/salesianossp.org.br\/parnsfesguaruja\/wp-json\/wp\/v2\/categories?post=1793"},{"taxonomy":"post_tag","embeddable":true,"href":"https:\/\/salesianossp.org.br\/parnsfesguaruja\/wp-json\/wp\/v2\/tags?post=1793"}],"curies":[{"name":"wp","href":"https:\/\/api.w.org\/{rel}","templated":true}]}}