{"id":2038,"date":"2024-04-02T09:39:10","date_gmt":"2024-04-02T12:39:10","guid":{"rendered":"https:\/\/salesianossp.org.br\/parnsfesguaruja\/?p=2038"},"modified":"2024-04-02T09:39:10","modified_gmt":"2024-04-02T12:39:10","slug":"presenca-salesiana-de-guaruja-promove-a-pascoa-juvenil-2024","status":"publish","type":"post","link":"https:\/\/salesianossp.org.br\/parnsfesguaruja\/presenca-salesiana-de-guaruja-promove-a-pascoa-juvenil-2024\/","title":{"rendered":"Presen\u00e7a salesiana de Guaruj\u00e1 promove a P\u00e1scoa Juvenil 2024"},"content":{"rendered":"\n<p>Ao longo da Semana Santa entre os dias 28\/03 a 30\/03, foi realizado em nossa par\u00f3quia a P\u00e1scoa Juvenil que s\u00e3o encontros de crescimento espiritual para que os jovens possam vivenciar a Semana Santa de maneira mais profunda e refletir sobre a mem\u00f3ria do mist\u00e9rio de Cristo e de sua morte e ressurei\u00e7\u00e3o.<\/p>\n\n\n\n<p>A P\u00e1scoa Juvenil ocorreu antes das celebra\u00e7\u00f5es do Tr\u00edduo Pascal, sendo organizados pelos catequistas de nossa par\u00f3quia e o di\u00e1cono salesiano Leandro Proc\u00f3pio Donizete, sdb. Os encontros foram voltados aos crismandos da par\u00f3quia e tamb\u00e9m houve a presen\u00e7a do grupo de jovens Maranata.<\/p>\n\n\n\n<p>As tem\u00e1ticas abordadas nos encontros foram voltadas aos ritos do Tr\u00edduo Pascal, o 1\u00ba dia \u2013 Lava P\u00e9s, 2\u00ba dia \u2013 Paix\u00e3o de Cristo e o 3\u00ba dia \u2013 Vig\u00edlia Pascal, atrav\u00e9s de partilhas e din\u00e2micas foram apresentados aos jovens os principais s\u00edmbolos dessas celebra\u00e7\u00f5es e o significado de cada um, a fim de que eles pudessem compreender a import\u00e2ncia do mist\u00e9rio pascal.<\/p>\n\n\n\n<p>O crismando Guilherme de Aquino contou sua experi\u00eancia ao participar pela primeira vez da Pascoa Juvenil, \u201cA P\u00e1scoa Juvenil foi \u00f3tima, (\u2026), ali conseguir perceber que a maior prova de amor j\u00e1 foi feita naquela cruz, tantas coisas que antes pra mim n\u00e3o tinham tanto significado e agora percebo que cada momento era um grande gesto de humildade e amor\u201d. A jovem Bianca Costa integrante do grupo Maranata tamb\u00e9m relatou sobre como foi participar desses encontros, \u201cUma das melhores sensa\u00e7\u00f5es que eu senti, foi as simples palavras de pessoas incr\u00edveis que fizeram parte da P\u00e1scoa Juvenil, (\u2026), fiquei muito feliz de ter feito parte disso, (\u2026)\u201d.<\/p>\n\n\n\n<p>Para os catequistas que acompanharam de perto os jovens nesses tr\u00eas dias tamb\u00e9m contam o quanto foi gratificante a viv\u00eancia da P\u00e1scoa Juvenil, como conta o catequista Neilson Duarte, \u201c(\u2026), foi muito emocionante ver como ficaram tocados principalmente na sexta-feira da Paix\u00e3o quando foram convidados a olhar para cruz e ver ali toda entrega de Jesus por amor a n\u00f3s, bem como no s\u00e1bado quando com o c\u00edrio pascal nas m\u00e3os apreciaram a luz de Cristo (\u2026)\u201d.<\/p>\n\n\n\n<p>Por: Isabella Freire \u2013 Pastoral da Comunica\u00e7\u00e3o (Pascom)<\/p>\n\n\n\n<figure class=\"wp-block-gallery has-nested-images columns-default is-cropped wp-block-gallery-1 is-layout-flex wp-block-gallery-is-layout-flex\">\n<figure class=\"wp-block-image size-large\"><a href=\"https:\/\/salesianossp.org.br\/parnsfesguaruja\/wp-content\/uploads\/2024\/04\/WhatsApp-Image-2024-04-01-at-16.49.34-3.jpeg\"><img fetchpriority=\"high\" decoding=\"async\" width=\"1024\" height=\"576\" data-id=\"2050\" src=\"https:\/\/salesianossp.org.br\/parnsfesguaruja\/wp-content\/uploads\/2024\/04\/WhatsApp-Image-2024-04-01-at-16.49.34-3-1024x576.jpeg\" alt=\"\" class=\"wp-image-2050\" srcset=\"https:\/\/salesianossp.org.br\/parnsfesguaruja\/wp-content\/uploads\/2024\/04\/WhatsApp-Image-2024-04-01-at-16.49.34-3-1024x576.jpeg 1024w, https:\/\/salesianossp.org.br\/parnsfesguaruja\/wp-content\/uploads\/2024\/04\/WhatsApp-Image-2024-04-01-at-16.49.34-3-300x169.jpeg 300w, https:\/\/salesianossp.org.br\/parnsfesguaruja\/wp-content\/uploads\/2024\/04\/WhatsApp-Image-2024-04-01-at-16.49.34-3-768x432.jpeg 768w, https:\/\/salesianossp.org.br\/parnsfesguaruja\/wp-content\/uploads\/2024\/04\/WhatsApp-Image-2024-04-01-at-16.49.34-3-1536x864.jpeg 1536w, https:\/\/salesianossp.org.br\/parnsfesguaruja\/wp-content\/uploads\/2024\/04\/WhatsApp-Image-2024-04-01-at-16.49.34-3.jpeg 1600w\" sizes=\"(max-width: 1024px) 100vw, 1024px\" \/><\/a><\/figure>\n<\/figure>\n\n\n\n<div style=\"height:18px\" aria-hidden=\"true\" class=\"wp-block-spacer\"><\/div>\n\n\n\n<figure class=\"wp-block-gallery has-nested-images columns-default is-cropped wp-block-gallery-2 is-layout-flex wp-block-gallery-is-layout-flex\">\n<figure class=\"wp-block-image size-large\"><a href=\"https:\/\/salesianossp.org.br\/parnsfesguaruja\/wp-content\/uploads\/2024\/04\/WhatsApp-Image-2024-04-01-at-16.49.36-1-2.jpeg\"><img decoding=\"async\" width=\"1024\" height=\"768\" data-id=\"2052\" src=\"https:\/\/salesianossp.org.br\/parnsfesguaruja\/wp-content\/uploads\/2024\/04\/WhatsApp-Image-2024-04-01-at-16.49.36-1-2-1024x768.jpeg\" alt=\"\" class=\"wp-image-2052\" srcset=\"https:\/\/salesianossp.org.br\/parnsfesguaruja\/wp-content\/uploads\/2024\/04\/WhatsApp-Image-2024-04-01-at-16.49.36-1-2-1024x768.jpeg 1024w, https:\/\/salesianossp.org.br\/parnsfesguaruja\/wp-content\/uploads\/2024\/04\/WhatsApp-Image-2024-04-01-at-16.49.36-1-2-300x225.jpeg 300w, https:\/\/salesianossp.org.br\/parnsfesguaruja\/wp-content\/uploads\/2024\/04\/WhatsApp-Image-2024-04-01-at-16.49.36-1-2-768x576.jpeg 768w, https:\/\/salesianossp.org.br\/parnsfesguaruja\/wp-content\/uploads\/2024\/04\/WhatsApp-Image-2024-04-01-at-16.49.36-1-2-1536x1152.jpeg 1536w, https:\/\/salesianossp.org.br\/parnsfesguaruja\/wp-content\/uploads\/2024\/04\/WhatsApp-Image-2024-04-01-at-16.49.36-1-2.jpeg 1600w\" sizes=\"(max-width: 1024px) 100vw, 1024px\" \/><\/a><\/figure>\n\n\n\n<figure class=\"wp-block-image size-large\"><a href=\"https:\/\/salesianossp.org.br\/parnsfesguaruja\/wp-content\/uploads\/2024\/04\/WhatsApp-Image-2024-04-01-at-16.49.36-2-2.jpeg\"><img decoding=\"async\" width=\"1024\" height=\"768\" data-id=\"2053\" src=\"https:\/\/salesianossp.org.br\/parnsfesguaruja\/wp-content\/uploads\/2024\/04\/WhatsApp-Image-2024-04-01-at-16.49.36-2-2-1024x768.jpeg\" alt=\"\" class=\"wp-image-2053\" srcset=\"https:\/\/salesianossp.org.br\/parnsfesguaruja\/wp-content\/uploads\/2024\/04\/WhatsApp-Image-2024-04-01-at-16.49.36-2-2-1024x768.jpeg 1024w, https:\/\/salesianossp.org.br\/parnsfesguaruja\/wp-content\/uploads\/2024\/04\/WhatsApp-Image-2024-04-01-at-16.49.36-2-2-300x225.jpeg 300w, https:\/\/salesianossp.org.br\/parnsfesguaruja\/wp-content\/uploads\/2024\/04\/WhatsApp-Image-2024-04-01-at-16.49.36-2-2-768x576.jpeg 768w, https:\/\/salesianossp.org.br\/parnsfesguaruja\/wp-content\/uploads\/2024\/04\/WhatsApp-Image-2024-04-01-at-16.49.36-2-2-1536x1152.jpeg 1536w, https:\/\/salesianossp.org.br\/parnsfesguaruja\/wp-content\/uploads\/2024\/04\/WhatsApp-Image-2024-04-01-at-16.49.36-2-2.jpeg 1600w\" sizes=\"(max-width: 1024px) 100vw, 1024px\" \/><\/a><\/figure>\n<\/figure>\n\n\n\n<div style=\"height:18px\" aria-hidden=\"true\" class=\"wp-block-spacer\"><\/div>\n\n\n\n<figure class=\"wp-block-gallery has-nested-images columns-default is-cropped wp-block-gallery-3 is-layout-flex wp-block-gallery-is-layout-flex\">\n<figure class=\"wp-block-image size-large\"><a href=\"https:\/\/salesianossp.org.br\/parnsfesguaruja\/wp-content\/uploads\/2024\/04\/WhatsApp-Image-2024-04-01-at-16.49.34-1-1.jpeg\"><img loading=\"lazy\" decoding=\"async\" width=\"576\" height=\"1024\" data-id=\"2054\" src=\"https:\/\/salesianossp.org.br\/parnsfesguaruja\/wp-content\/uploads\/2024\/04\/WhatsApp-Image-2024-04-01-at-16.49.34-1-1-576x1024.jpeg\" alt=\"\" class=\"wp-image-2054\" srcset=\"https:\/\/salesianossp.org.br\/parnsfesguaruja\/wp-content\/uploads\/2024\/04\/WhatsApp-Image-2024-04-01-at-16.49.34-1-1-576x1024.jpeg 576w, https:\/\/salesianossp.org.br\/parnsfesguaruja\/wp-content\/uploads\/2024\/04\/WhatsApp-Image-2024-04-01-at-16.49.34-1-1-169x300.jpeg 169w, https:\/\/salesianossp.org.br\/parnsfesguaruja\/wp-content\/uploads\/2024\/04\/WhatsApp-Image-2024-04-01-at-16.49.34-1-1-768x1365.jpeg 768w, https:\/\/salesianossp.org.br\/parnsfesguaruja\/wp-content\/uploads\/2024\/04\/WhatsApp-Image-2024-04-01-at-16.49.34-1-1.jpeg 828w\" sizes=\"(max-width: 576px) 100vw, 576px\" \/><\/a><\/figure>\n\n\n\n<figure class=\"wp-block-image size-large\"><a href=\"https:\/\/salesianossp.org.br\/parnsfesguaruja\/wp-content\/uploads\/2024\/04\/WhatsApp-Image-2024-04-01-at-16.49.34-2-1.jpeg\"><img loading=\"lazy\" decoding=\"async\" width=\"768\" height=\"1024\" data-id=\"2055\" src=\"https:\/\/salesianossp.org.br\/parnsfesguaruja\/wp-content\/uploads\/2024\/04\/WhatsApp-Image-2024-04-01-at-16.49.34-2-1-768x1024.jpeg\" alt=\"\" class=\"wp-image-2055\" srcset=\"https:\/\/salesianossp.org.br\/parnsfesguaruja\/wp-content\/uploads\/2024\/04\/WhatsApp-Image-2024-04-01-at-16.49.34-2-1-768x1024.jpeg 768w, https:\/\/salesianossp.org.br\/parnsfesguaruja\/wp-content\/uploads\/2024\/04\/WhatsApp-Image-2024-04-01-at-16.49.34-2-1-225x300.jpeg 225w, https:\/\/salesianossp.org.br\/parnsfesguaruja\/wp-content\/uploads\/2024\/04\/WhatsApp-Image-2024-04-01-at-16.49.34-2-1.jpeg 960w\" sizes=\"(max-width: 768px) 100vw, 768px\" \/><\/a><\/figure>\n<\/figure>\n\n\n\n<div style=\"height:18px\" aria-hidden=\"true\" class=\"wp-block-spacer\"><\/div>\n\n\n\n<figure class=\"wp-block-gallery has-nested-images columns-default is-cropped wp-block-gallery-4 is-layout-flex wp-block-gallery-is-layout-flex\">\n<figure class=\"wp-block-image size-large\"><a href=\"https:\/\/salesianossp.org.br\/parnsfesguaruja\/wp-content\/uploads\/2024\/04\/WhatsApp-Image-2024-04-01-at-16.49.35-2.jpeg\"><img loading=\"lazy\" decoding=\"async\" width=\"768\" height=\"1024\" data-id=\"2057\" src=\"https:\/\/salesianossp.org.br\/parnsfesguaruja\/wp-content\/uploads\/2024\/04\/WhatsApp-Image-2024-04-01-at-16.49.35-2-768x1024.jpeg\" alt=\"\" class=\"wp-image-2057\" srcset=\"https:\/\/salesianossp.org.br\/parnsfesguaruja\/wp-content\/uploads\/2024\/04\/WhatsApp-Image-2024-04-01-at-16.49.35-2-768x1024.jpeg 768w, https:\/\/salesianossp.org.br\/parnsfesguaruja\/wp-content\/uploads\/2024\/04\/WhatsApp-Image-2024-04-01-at-16.49.35-2-225x300.jpeg 225w, https:\/\/salesianossp.org.br\/parnsfesguaruja\/wp-content\/uploads\/2024\/04\/WhatsApp-Image-2024-04-01-at-16.49.35-2-1152x1536.jpeg 1152w, https:\/\/salesianossp.org.br\/parnsfesguaruja\/wp-content\/uploads\/2024\/04\/WhatsApp-Image-2024-04-01-at-16.49.35-2.jpeg 1200w\" sizes=\"(max-width: 768px) 100vw, 768px\" \/><\/a><\/figure>\n\n\n\n<figure class=\"wp-block-image size-large\"><a href=\"https:\/\/salesianossp.org.br\/parnsfesguaruja\/wp-content\/uploads\/2024\/04\/WhatsApp-Image-2024-04-01-at-16.49.36-4.jpeg\"><img loading=\"lazy\" decoding=\"async\" width=\"768\" height=\"1024\" data-id=\"2056\" src=\"https:\/\/salesianossp.org.br\/parnsfesguaruja\/wp-content\/uploads\/2024\/04\/WhatsApp-Image-2024-04-01-at-16.49.36-4-768x1024.jpeg\" alt=\"\" class=\"wp-image-2056\" srcset=\"https:\/\/salesianossp.org.br\/parnsfesguaruja\/wp-content\/uploads\/2024\/04\/WhatsApp-Image-2024-04-01-at-16.49.36-4-768x1024.jpeg 768w, https:\/\/salesianossp.org.br\/parnsfesguaruja\/wp-content\/uploads\/2024\/04\/WhatsApp-Image-2024-04-01-at-16.49.36-4-225x300.jpeg 225w, https:\/\/salesianossp.org.br\/parnsfesguaruja\/wp-content\/uploads\/2024\/04\/WhatsApp-Image-2024-04-01-at-16.49.36-4.jpeg 960w\" sizes=\"(max-width: 768px) 100vw, 768px\" \/><\/a><\/figure>\n<\/figure>\n","protected":false},"excerpt":{"rendered":"<p>Ao longo da Semana Santa entre os dias 28\/03 a 30\/03, foi realizado em nossa par\u00f3quia a P\u00e1scoa Juvenil que s\u00e3o encontros de crescimento espiritual para que os jovens possam vivenciar a Semana Santa de maneira mais profunda e refletir sobre a mem\u00f3ria do mist\u00e9rio de Cristo e de sua morte e ressurei\u00e7\u00e3o. A P\u00e1scoa [&hellip;]<\/p>\n","protected":false},"author":4,"featured_media":2046,"comment_status":"open","ping_status":"open","sticky":false,"template":"","format":"standard","meta":{"footnotes":""},"categories":[17],"tags":[],"class_list":["post-2038","post","type-post","status-publish","format-standard","has-post-thumbnail","hentry","category-noticias"],"yoast_head":"<!-- This site is optimized with the Yoast SEO plugin v27.4 - https:\/\/yoast.com\/product\/yoast-seo-wordpress\/ -->\n<title>Presen\u00e7a salesiana de Guaruj\u00e1 promove a P\u00e1scoa Juvenil 2024 - Par\u00f3quia Nossa Senhora de F\u00e1tima e Santo Amaro<\/title>\n<meta name=\"robots\" content=\"index, follow, max-snippet:-1, max-image-preview:large, max-video-preview:-1\" \/>\n<link rel=\"canonical\" href=\"https:\/\/salesianossp.org.br\/parnsfesguaruja\/presenca-salesiana-de-guaruja-promove-a-pascoa-juvenil-2024\/\" \/>\n<meta property=\"og:locale\" content=\"pt_BR\" \/>\n<meta property=\"og:type\" content=\"article\" \/>\n<meta property=\"og:title\" content=\"Presen\u00e7a salesiana de Guaruj\u00e1 promove a P\u00e1scoa Juvenil 2024 - Par\u00f3quia Nossa Senhora de F\u00e1tima e Santo Amaro\" \/>\n<meta property=\"og:description\" content=\"Ao longo da Semana Santa entre os dias 28\/03 a 30\/03, foi realizado em nossa par\u00f3quia a P\u00e1scoa Juvenil que s\u00e3o encontros de crescimento espiritual para que os jovens possam vivenciar a Semana Santa de maneira mais profunda e refletir sobre a mem\u00f3ria do mist\u00e9rio de Cristo e de sua morte e ressurei\u00e7\u00e3o. A P\u00e1scoa [&hellip;]\" \/>\n<meta property=\"og:url\" content=\"https:\/\/salesianossp.org.br\/parnsfesguaruja\/presenca-salesiana-de-guaruja-promove-a-pascoa-juvenil-2024\/\" \/>\n<meta property=\"og:site_name\" content=\"Par\u00f3quia Nossa Senhora de F\u00e1tima e Santo Amaro\" \/>\n<meta property=\"article:publisher\" content=\"https:\/\/www.facebook.com\/matrizguaruja?mibextid=LQQJ4d\" \/>\n<meta property=\"article:published_time\" content=\"2024-04-02T12:39:10+00:00\" \/>\n<meta property=\"og:image\" content=\"https:\/\/salesianossp.org.br\/parnsfesguaruja\/wp-content\/uploads\/2024\/04\/WhatsApp-Image-2024-04-01-at-16.49.33.jpeg\" \/>\n\t<meta property=\"og:image:width\" content=\"1600\" \/>\n\t<meta property=\"og:image:height\" content=\"900\" \/>\n\t<meta property=\"og:image:type\" content=\"image\/jpeg\" \/>\n<meta name=\"author\" content=\"Rog\u00e9rio Bruno B. Saviolli\" \/>\n<meta name=\"twitter:card\" content=\"summary_large_image\" \/>\n<meta name=\"twitter:label1\" content=\"Escrito por\" \/>\n\t<meta name=\"twitter:data1\" content=\"Rog\u00e9rio Bruno B. Saviolli\" \/>\n\t<meta name=\"twitter:label2\" content=\"Est. tempo de leitura\" \/>\n\t<meta name=\"twitter:data2\" content=\"2 minutos\" \/>\n<script type=\"application\/ld+json\" class=\"yoast-schema-graph\">{\"@context\":\"https:\\\/\\\/schema.org\",\"@graph\":[{\"@type\":\"Article\",\"@id\":\"https:\\\/\\\/salesianossp.org.br\\\/parnsfesguaruja\\\/presenca-salesiana-de-guaruja-promove-a-pascoa-juvenil-2024\\\/#article\",\"isPartOf\":{\"@id\":\"https:\\\/\\\/salesianossp.org.br\\\/parnsfesguaruja\\\/presenca-salesiana-de-guaruja-promove-a-pascoa-juvenil-2024\\\/\"},\"author\":{\"name\":\"Rog\u00e9rio Bruno B. Saviolli\",\"@id\":\"https:\\\/\\\/salesianossp.org.br\\\/parnsfesguaruja\\\/#\\\/schema\\\/person\\\/2c28fec5adcdfd0ab2cc8acd388c545d\"},\"headline\":\"Presen\u00e7a salesiana de Guaruj\u00e1 promove a P\u00e1scoa Juvenil 2024\",\"datePublished\":\"2024-04-02T12:39:10+00:00\",\"mainEntityOfPage\":{\"@id\":\"https:\\\/\\\/salesianossp.org.br\\\/parnsfesguaruja\\\/presenca-salesiana-de-guaruja-promove-a-pascoa-juvenil-2024\\\/\"},\"wordCount\":389,\"commentCount\":0,\"publisher\":{\"@id\":\"https:\\\/\\\/salesianossp.org.br\\\/parnsfesguaruja\\\/#organization\"},\"image\":{\"@id\":\"https:\\\/\\\/salesianossp.org.br\\\/parnsfesguaruja\\\/presenca-salesiana-de-guaruja-promove-a-pascoa-juvenil-2024\\\/#primaryimage\"},\"thumbnailUrl\":\"https:\\\/\\\/salesianossp.org.br\\\/parnsfesguaruja\\\/wp-content\\\/uploads\\\/2024\\\/04\\\/WhatsApp-Image-2024-04-01-at-16.49.33.jpeg\",\"articleSection\":[\"Not\u00edcias\"],\"inLanguage\":\"pt-BR\",\"potentialAction\":[{\"@type\":\"CommentAction\",\"name\":\"Comment\",\"target\":[\"https:\\\/\\\/salesianossp.org.br\\\/parnsfesguaruja\\\/presenca-salesiana-de-guaruja-promove-a-pascoa-juvenil-2024\\\/#respond\"]}]},{\"@type\":\"WebPage\",\"@id\":\"https:\\\/\\\/salesianossp.org.br\\\/parnsfesguaruja\\\/presenca-salesiana-de-guaruja-promove-a-pascoa-juvenil-2024\\\/\",\"url\":\"https:\\\/\\\/salesianossp.org.br\\\/parnsfesguaruja\\\/presenca-salesiana-de-guaruja-promove-a-pascoa-juvenil-2024\\\/\",\"name\":\"Presen\u00e7a salesiana de Guaruj\u00e1 promove a P\u00e1scoa Juvenil 2024 - Par\u00f3quia Nossa Senhora de F\u00e1tima e Santo Amaro\",\"isPartOf\":{\"@id\":\"https:\\\/\\\/salesianossp.org.br\\\/parnsfesguaruja\\\/#website\"},\"primaryImageOfPage\":{\"@id\":\"https:\\\/\\\/salesianossp.org.br\\\/parnsfesguaruja\\\/presenca-salesiana-de-guaruja-promove-a-pascoa-juvenil-2024\\\/#primaryimage\"},\"image\":{\"@id\":\"https:\\\/\\\/salesianossp.org.br\\\/parnsfesguaruja\\\/presenca-salesiana-de-guaruja-promove-a-pascoa-juvenil-2024\\\/#primaryimage\"},\"thumbnailUrl\":\"https:\\\/\\\/salesianossp.org.br\\\/parnsfesguaruja\\\/wp-content\\\/uploads\\\/2024\\\/04\\\/WhatsApp-Image-2024-04-01-at-16.49.33.jpeg\",\"datePublished\":\"2024-04-02T12:39:10+00:00\",\"breadcrumb\":{\"@id\":\"https:\\\/\\\/salesianossp.org.br\\\/parnsfesguaruja\\\/presenca-salesiana-de-guaruja-promove-a-pascoa-juvenil-2024\\\/#breadcrumb\"},\"inLanguage\":\"pt-BR\",\"potentialAction\":[{\"@type\":\"ReadAction\",\"target\":[\"https:\\\/\\\/salesianossp.org.br\\\/parnsfesguaruja\\\/presenca-salesiana-de-guaruja-promove-a-pascoa-juvenil-2024\\\/\"]}]},{\"@type\":\"ImageObject\",\"inLanguage\":\"pt-BR\",\"@id\":\"https:\\\/\\\/salesianossp.org.br\\\/parnsfesguaruja\\\/presenca-salesiana-de-guaruja-promove-a-pascoa-juvenil-2024\\\/#primaryimage\",\"url\":\"https:\\\/\\\/salesianossp.org.br\\\/parnsfesguaruja\\\/wp-content\\\/uploads\\\/2024\\\/04\\\/WhatsApp-Image-2024-04-01-at-16.49.33.jpeg\",\"contentUrl\":\"https:\\\/\\\/salesianossp.org.br\\\/parnsfesguaruja\\\/wp-content\\\/uploads\\\/2024\\\/04\\\/WhatsApp-Image-2024-04-01-at-16.49.33.jpeg\",\"width\":1600,\"height\":900},{\"@type\":\"BreadcrumbList\",\"@id\":\"https:\\\/\\\/salesianossp.org.br\\\/parnsfesguaruja\\\/presenca-salesiana-de-guaruja-promove-a-pascoa-juvenil-2024\\\/#breadcrumb\",\"itemListElement\":[{\"@type\":\"ListItem\",\"position\":1,\"name\":\"In\u00edcio\",\"item\":\"https:\\\/\\\/salesianossp.org.br\\\/parnsfesguaruja\\\/\"},{\"@type\":\"ListItem\",\"position\":2,\"name\":\"Presen\u00e7a salesiana de Guaruj\u00e1 promove a P\u00e1scoa Juvenil 2024\"}]},{\"@type\":\"WebSite\",\"@id\":\"https:\\\/\\\/salesianossp.org.br\\\/parnsfesguaruja\\\/#website\",\"url\":\"https:\\\/\\\/salesianossp.org.br\\\/parnsfesguaruja\\\/\",\"name\":\"Par\u00f3quia Nossa Senhora de F\u00e1tima e Santo Amaro\",\"description\":\"\",\"publisher\":{\"@id\":\"https:\\\/\\\/salesianossp.org.br\\\/parnsfesguaruja\\\/#organization\"},\"potentialAction\":[{\"@type\":\"SearchAction\",\"target\":{\"@type\":\"EntryPoint\",\"urlTemplate\":\"https:\\\/\\\/salesianossp.org.br\\\/parnsfesguaruja\\\/?s={search_term_string}\"},\"query-input\":{\"@type\":\"PropertyValueSpecification\",\"valueRequired\":true,\"valueName\":\"search_term_string\"}}],\"inLanguage\":\"pt-BR\"},{\"@type\":\"Organization\",\"@id\":\"https:\\\/\\\/salesianossp.org.br\\\/parnsfesguaruja\\\/#organization\",\"name\":\"Par\u00f3quia Nossa Senhora de F\u00e1tima e Santo Amaro\",\"url\":\"https:\\\/\\\/salesianossp.org.br\\\/parnsfesguaruja\\\/\",\"logo\":{\"@type\":\"ImageObject\",\"inLanguage\":\"pt-BR\",\"@id\":\"https:\\\/\\\/salesianossp.org.br\\\/parnsfesguaruja\\\/#\\\/schema\\\/logo\\\/image\\\/\",\"url\":\"https:\\\/\\\/salesianossp.org.br\\\/parnsfesguaruja\\\/wp-content\\\/uploads\\\/2026\\\/02\\\/logo-paroquia-n-sra-fes-guaruja.svg\",\"contentUrl\":\"https:\\\/\\\/salesianossp.org.br\\\/parnsfesguaruja\\\/wp-content\\\/uploads\\\/2026\\\/02\\\/logo-paroquia-n-sra-fes-guaruja.svg\",\"width\":184,\"height\":56,\"caption\":\"Par\u00f3quia Nossa Senhora de F\u00e1tima e Santo Amaro\"},\"image\":{\"@id\":\"https:\\\/\\\/salesianossp.org.br\\\/parnsfesguaruja\\\/#\\\/schema\\\/logo\\\/image\\\/\"},\"sameAs\":[\"https:\\\/\\\/www.facebook.com\\\/matrizguaruja?mibextid=LQQJ4d\",\"https:\\\/\\\/www.instagram.com\\\/pnsfatima_guaruja\"]},{\"@type\":\"Person\",\"@id\":\"https:\\\/\\\/salesianossp.org.br\\\/parnsfesguaruja\\\/#\\\/schema\\\/person\\\/2c28fec5adcdfd0ab2cc8acd388c545d\",\"name\":\"Rog\u00e9rio Bruno B. Saviolli\",\"image\":{\"@type\":\"ImageObject\",\"inLanguage\":\"pt-BR\",\"@id\":\"https:\\\/\\\/secure.gravatar.com\\\/avatar\\\/76dd37bc9ed13ac2f3487809fb0c73b7c7ee6cedff8a1b446507d78fd1042cd5?s=96&d=mm&r=g\",\"url\":\"https:\\\/\\\/secure.gravatar.com\\\/avatar\\\/76dd37bc9ed13ac2f3487809fb0c73b7c7ee6cedff8a1b446507d78fd1042cd5?s=96&d=mm&r=g\",\"contentUrl\":\"https:\\\/\\\/secure.gravatar.com\\\/avatar\\\/76dd37bc9ed13ac2f3487809fb0c73b7c7ee6cedff8a1b446507d78fd1042cd5?s=96&d=mm&r=g\",\"caption\":\"Rog\u00e9rio Bruno B. Saviolli\"},\"url\":\"https:\\\/\\\/salesianossp.org.br\\\/parnsfesguaruja\\\/author\\\/rogeriobruno\\\/\"}]}<\/script>\n<!-- \/ Yoast SEO plugin. -->","yoast_head_json":{"title":"Presen\u00e7a salesiana de Guaruj\u00e1 promove a P\u00e1scoa Juvenil 2024 - Par\u00f3quia Nossa Senhora de F\u00e1tima e Santo Amaro","robots":{"index":"index","follow":"follow","max-snippet":"max-snippet:-1","max-image-preview":"max-image-preview:large","max-video-preview":"max-video-preview:-1"},"canonical":"https:\/\/salesianossp.org.br\/parnsfesguaruja\/presenca-salesiana-de-guaruja-promove-a-pascoa-juvenil-2024\/","og_locale":"pt_BR","og_type":"article","og_title":"Presen\u00e7a salesiana de Guaruj\u00e1 promove a P\u00e1scoa Juvenil 2024 - Par\u00f3quia Nossa Senhora de F\u00e1tima e Santo Amaro","og_description":"Ao longo da Semana Santa entre os dias 28\/03 a 30\/03, foi realizado em nossa par\u00f3quia a P\u00e1scoa Juvenil que s\u00e3o encontros de crescimento espiritual para que os jovens possam vivenciar a Semana Santa de maneira mais profunda e refletir sobre a mem\u00f3ria do mist\u00e9rio de Cristo e de sua morte e ressurei\u00e7\u00e3o. A P\u00e1scoa [&hellip;]","og_url":"https:\/\/salesianossp.org.br\/parnsfesguaruja\/presenca-salesiana-de-guaruja-promove-a-pascoa-juvenil-2024\/","og_site_name":"Par\u00f3quia Nossa Senhora de F\u00e1tima e Santo Amaro","article_publisher":"https:\/\/www.facebook.com\/matrizguaruja?mibextid=LQQJ4d","article_published_time":"2024-04-02T12:39:10+00:00","og_image":[{"width":1600,"height":900,"url":"https:\/\/salesianossp.org.br\/parnsfesguaruja\/wp-content\/uploads\/2024\/04\/WhatsApp-Image-2024-04-01-at-16.49.33.jpeg","type":"image\/jpeg"}],"author":"Rog\u00e9rio Bruno B. Saviolli","twitter_card":"summary_large_image","twitter_misc":{"Escrito por":"Rog\u00e9rio Bruno B. Saviolli","Est. tempo de leitura":"2 minutos"},"schema":{"@context":"https:\/\/schema.org","@graph":[{"@type":"Article","@id":"https:\/\/salesianossp.org.br\/parnsfesguaruja\/presenca-salesiana-de-guaruja-promove-a-pascoa-juvenil-2024\/#article","isPartOf":{"@id":"https:\/\/salesianossp.org.br\/parnsfesguaruja\/presenca-salesiana-de-guaruja-promove-a-pascoa-juvenil-2024\/"},"author":{"name":"Rog\u00e9rio Bruno B. Saviolli","@id":"https:\/\/salesianossp.org.br\/parnsfesguaruja\/#\/schema\/person\/2c28fec5adcdfd0ab2cc8acd388c545d"},"headline":"Presen\u00e7a salesiana de Guaruj\u00e1 promove a P\u00e1scoa Juvenil 2024","datePublished":"2024-04-02T12:39:10+00:00","mainEntityOfPage":{"@id":"https:\/\/salesianossp.org.br\/parnsfesguaruja\/presenca-salesiana-de-guaruja-promove-a-pascoa-juvenil-2024\/"},"wordCount":389,"commentCount":0,"publisher":{"@id":"https:\/\/salesianossp.org.br\/parnsfesguaruja\/#organization"},"image":{"@id":"https:\/\/salesianossp.org.br\/parnsfesguaruja\/presenca-salesiana-de-guaruja-promove-a-pascoa-juvenil-2024\/#primaryimage"},"thumbnailUrl":"https:\/\/salesianossp.org.br\/parnsfesguaruja\/wp-content\/uploads\/2024\/04\/WhatsApp-Image-2024-04-01-at-16.49.33.jpeg","articleSection":["Not\u00edcias"],"inLanguage":"pt-BR","potentialAction":[{"@type":"CommentAction","name":"Comment","target":["https:\/\/salesianossp.org.br\/parnsfesguaruja\/presenca-salesiana-de-guaruja-promove-a-pascoa-juvenil-2024\/#respond"]}]},{"@type":"WebPage","@id":"https:\/\/salesianossp.org.br\/parnsfesguaruja\/presenca-salesiana-de-guaruja-promove-a-pascoa-juvenil-2024\/","url":"https:\/\/salesianossp.org.br\/parnsfesguaruja\/presenca-salesiana-de-guaruja-promove-a-pascoa-juvenil-2024\/","name":"Presen\u00e7a salesiana de Guaruj\u00e1 promove a P\u00e1scoa Juvenil 2024 - Par\u00f3quia Nossa Senhora de F\u00e1tima e Santo Amaro","isPartOf":{"@id":"https:\/\/salesianossp.org.br\/parnsfesguaruja\/#website"},"primaryImageOfPage":{"@id":"https:\/\/salesianossp.org.br\/parnsfesguaruja\/presenca-salesiana-de-guaruja-promove-a-pascoa-juvenil-2024\/#primaryimage"},"image":{"@id":"https:\/\/salesianossp.org.br\/parnsfesguaruja\/presenca-salesiana-de-guaruja-promove-a-pascoa-juvenil-2024\/#primaryimage"},"thumbnailUrl":"https:\/\/salesianossp.org.br\/parnsfesguaruja\/wp-content\/uploads\/2024\/04\/WhatsApp-Image-2024-04-01-at-16.49.33.jpeg","datePublished":"2024-04-02T12:39:10+00:00","breadcrumb":{"@id":"https:\/\/salesianossp.org.br\/parnsfesguaruja\/presenca-salesiana-de-guaruja-promove-a-pascoa-juvenil-2024\/#breadcrumb"},"inLanguage":"pt-BR","potentialAction":[{"@type":"ReadAction","target":["https:\/\/salesianossp.org.br\/parnsfesguaruja\/presenca-salesiana-de-guaruja-promove-a-pascoa-juvenil-2024\/"]}]},{"@type":"ImageObject","inLanguage":"pt-BR","@id":"https:\/\/salesianossp.org.br\/parnsfesguaruja\/presenca-salesiana-de-guaruja-promove-a-pascoa-juvenil-2024\/#primaryimage","url":"https:\/\/salesianossp.org.br\/parnsfesguaruja\/wp-content\/uploads\/2024\/04\/WhatsApp-Image-2024-04-01-at-16.49.33.jpeg","contentUrl":"https:\/\/salesianossp.org.br\/parnsfesguaruja\/wp-content\/uploads\/2024\/04\/WhatsApp-Image-2024-04-01-at-16.49.33.jpeg","width":1600,"height":900},{"@type":"BreadcrumbList","@id":"https:\/\/salesianossp.org.br\/parnsfesguaruja\/presenca-salesiana-de-guaruja-promove-a-pascoa-juvenil-2024\/#breadcrumb","itemListElement":[{"@type":"ListItem","position":1,"name":"In\u00edcio","item":"https:\/\/salesianossp.org.br\/parnsfesguaruja\/"},{"@type":"ListItem","position":2,"name":"Presen\u00e7a salesiana de Guaruj\u00e1 promove a P\u00e1scoa Juvenil 2024"}]},{"@type":"WebSite","@id":"https:\/\/salesianossp.org.br\/parnsfesguaruja\/#website","url":"https:\/\/salesianossp.org.br\/parnsfesguaruja\/","name":"Par\u00f3quia Nossa Senhora de F\u00e1tima e Santo Amaro","description":"","publisher":{"@id":"https:\/\/salesianossp.org.br\/parnsfesguaruja\/#organization"},"potentialAction":[{"@type":"SearchAction","target":{"@type":"EntryPoint","urlTemplate":"https:\/\/salesianossp.org.br\/parnsfesguaruja\/?s={search_term_string}"},"query-input":{"@type":"PropertyValueSpecification","valueRequired":true,"valueName":"search_term_string"}}],"inLanguage":"pt-BR"},{"@type":"Organization","@id":"https:\/\/salesianossp.org.br\/parnsfesguaruja\/#organization","name":"Par\u00f3quia Nossa Senhora de F\u00e1tima e Santo Amaro","url":"https:\/\/salesianossp.org.br\/parnsfesguaruja\/","logo":{"@type":"ImageObject","inLanguage":"pt-BR","@id":"https:\/\/salesianossp.org.br\/parnsfesguaruja\/#\/schema\/logo\/image\/","url":"https:\/\/salesianossp.org.br\/parnsfesguaruja\/wp-content\/uploads\/2026\/02\/logo-paroquia-n-sra-fes-guaruja.svg","contentUrl":"https:\/\/salesianossp.org.br\/parnsfesguaruja\/wp-content\/uploads\/2026\/02\/logo-paroquia-n-sra-fes-guaruja.svg","width":184,"height":56,"caption":"Par\u00f3quia Nossa Senhora de F\u00e1tima e Santo Amaro"},"image":{"@id":"https:\/\/salesianossp.org.br\/parnsfesguaruja\/#\/schema\/logo\/image\/"},"sameAs":["https:\/\/www.facebook.com\/matrizguaruja?mibextid=LQQJ4d","https:\/\/www.instagram.com\/pnsfatima_guaruja"]},{"@type":"Person","@id":"https:\/\/salesianossp.org.br\/parnsfesguaruja\/#\/schema\/person\/2c28fec5adcdfd0ab2cc8acd388c545d","name":"Rog\u00e9rio Bruno B. Saviolli","image":{"@type":"ImageObject","inLanguage":"pt-BR","@id":"https:\/\/secure.gravatar.com\/avatar\/76dd37bc9ed13ac2f3487809fb0c73b7c7ee6cedff8a1b446507d78fd1042cd5?s=96&d=mm&r=g","url":"https:\/\/secure.gravatar.com\/avatar\/76dd37bc9ed13ac2f3487809fb0c73b7c7ee6cedff8a1b446507d78fd1042cd5?s=96&d=mm&r=g","contentUrl":"https:\/\/secure.gravatar.com\/avatar\/76dd37bc9ed13ac2f3487809fb0c73b7c7ee6cedff8a1b446507d78fd1042cd5?s=96&d=mm&r=g","caption":"Rog\u00e9rio Bruno B. Saviolli"},"url":"https:\/\/salesianossp.org.br\/parnsfesguaruja\/author\/rogeriobruno\/"}]}},"_links":{"self":[{"href":"https:\/\/salesianossp.org.br\/parnsfesguaruja\/wp-json\/wp\/v2\/posts\/2038","targetHints":{"allow":["GET"]}}],"collection":[{"href":"https:\/\/salesianossp.org.br\/parnsfesguaruja\/wp-json\/wp\/v2\/posts"}],"about":[{"href":"https:\/\/salesianossp.org.br\/parnsfesguaruja\/wp-json\/wp\/v2\/types\/post"}],"author":[{"embeddable":true,"href":"https:\/\/salesianossp.org.br\/parnsfesguaruja\/wp-json\/wp\/v2\/users\/4"}],"replies":[{"embeddable":true,"href":"https:\/\/salesianossp.org.br\/parnsfesguaruja\/wp-json\/wp\/v2\/comments?post=2038"}],"version-history":[{"count":0,"href":"https:\/\/salesianossp.org.br\/parnsfesguaruja\/wp-json\/wp\/v2\/posts\/2038\/revisions"}],"wp:featuredmedia":[{"embeddable":true,"href":"https:\/\/salesianossp.org.br\/parnsfesguaruja\/wp-json\/wp\/v2\/media\/2046"}],"wp:attachment":[{"href":"https:\/\/salesianossp.org.br\/parnsfesguaruja\/wp-json\/wp\/v2\/media?parent=2038"}],"wp:term":[{"taxonomy":"category","embeddable":true,"href":"https:\/\/salesianossp.org.br\/parnsfesguaruja\/wp-json\/wp\/v2\/categories?post=2038"},{"taxonomy":"post_tag","embeddable":true,"href":"https:\/\/salesianossp.org.br\/parnsfesguaruja\/wp-json\/wp\/v2\/tags?post=2038"}],"curies":[{"name":"wp","href":"https:\/\/api.w.org\/{rel}","templated":true}]}}