{"id":1718,"date":"2022-11-22T18:39:01","date_gmt":"2022-11-22T21:39:01","guid":{"rendered":"https:\/\/salesianossp.org.br\/parscjsp\/?p=1718"},"modified":"2022-11-22T18:39:01","modified_gmt":"2022-11-22T21:39:01","slug":"bencao-das-vestes-liturgicas","status":"publish","type":"post","link":"https:\/\/salesianossp.org.br\/parscjsp\/bencao-das-vestes-liturgicas\/","title":{"rendered":"Ben\u00e7\u00e3o das Vestes Lit\u00fargicas"},"content":{"rendered":"\n<p>No domingo 06-11 na missa das 08h30, o p\u00e1roco Pe. Bruno aben\u00e7oou as vestes e objetos lit\u00fargicos que ser\u00e3o utilizados no dia 17 de dezembro, na ordena\u00e7\u00e3o do ent\u00e3o di\u00e1cono Luis.<\/p>\n\n\n\n<p>Fotos e Texto: Maristela Souza<\/p>\n\n\n\n<p><\/p>\n\n\n\n<figure class=\"wp-block-gallery has-nested-images columns-default is-cropped wp-block-gallery-1 is-layout-flex wp-block-gallery-is-layout-flex\">\n<figure class=\"wp-block-image size-large\"><img fetchpriority=\"high\" decoding=\"async\" width=\"576\" height=\"1024\" data-id=\"1730\" src=\"https:\/\/salesianossp.org.br\/parscjsp\/wp-content\/uploads\/2022\/11\/BENCAO-DAS-VESTES-9-576x1024.jpg\" alt=\"\" class=\"wp-image-1730\" srcset=\"https:\/\/salesianossp.org.br\/parscjsp\/wp-content\/uploads\/2022\/11\/BENCAO-DAS-VESTES-9-576x1024.jpg 576w, https:\/\/salesianossp.org.br\/parscjsp\/wp-content\/uploads\/2022\/11\/BENCAO-DAS-VESTES-9-169x300.jpg 169w, https:\/\/salesianossp.org.br\/parscjsp\/wp-content\/uploads\/2022\/11\/BENCAO-DAS-VESTES-9-768x1365.jpg 768w, https:\/\/salesianossp.org.br\/parscjsp\/wp-content\/uploads\/2022\/11\/BENCAO-DAS-VESTES-9-864x1536.jpg 864w, https:\/\/salesianossp.org.br\/parscjsp\/wp-content\/uploads\/2022\/11\/BENCAO-DAS-VESTES-9.jpg 1152w\" sizes=\"(max-width: 576px) 100vw, 576px\" \/><\/figure>\n\n\n\n<figure class=\"wp-block-image size-large\"><img decoding=\"async\" width=\"576\" height=\"1024\" data-id=\"1723\" src=\"https:\/\/salesianossp.org.br\/parscjsp\/wp-content\/uploads\/2022\/11\/BENCAO-DAS-VESTES-8-1-576x1024.jpg\" alt=\"\" class=\"wp-image-1723\" srcset=\"https:\/\/salesianossp.org.br\/parscjsp\/wp-content\/uploads\/2022\/11\/BENCAO-DAS-VESTES-8-1-576x1024.jpg 576w, https:\/\/salesianossp.org.br\/parscjsp\/wp-content\/uploads\/2022\/11\/BENCAO-DAS-VESTES-8-1-169x300.jpg 169w, https:\/\/salesianossp.org.br\/parscjsp\/wp-content\/uploads\/2022\/11\/BENCAO-DAS-VESTES-8-1-768x1365.jpg 768w, https:\/\/salesianossp.org.br\/parscjsp\/wp-content\/uploads\/2022\/11\/BENCAO-DAS-VESTES-8-1-864x1536.jpg 864w, https:\/\/salesianossp.org.br\/parscjsp\/wp-content\/uploads\/2022\/11\/BENCAO-DAS-VESTES-8-1.jpg 1152w\" sizes=\"(max-width: 576px) 100vw, 576px\" \/><\/figure>\n\n\n\n<figure class=\"wp-block-image size-large\"><img decoding=\"async\" width=\"577\" height=\"1024\" data-id=\"1727\" src=\"https:\/\/salesianossp.org.br\/parscjsp\/wp-content\/uploads\/2022\/11\/BENCAO-DAS-VESTES-5-1-577x1024.jpg\" alt=\"\" class=\"wp-image-1727\" srcset=\"https:\/\/salesianossp.org.br\/parscjsp\/wp-content\/uploads\/2022\/11\/BENCAO-DAS-VESTES-5-1-577x1024.jpg 577w, https:\/\/salesianossp.org.br\/parscjsp\/wp-content\/uploads\/2022\/11\/BENCAO-DAS-VESTES-5-1-169x300.jpg 169w, https:\/\/salesianossp.org.br\/parscjsp\/wp-content\/uploads\/2022\/11\/BENCAO-DAS-VESTES-5-1-768x1364.jpg 768w, https:\/\/salesianossp.org.br\/parscjsp\/wp-content\/uploads\/2022\/11\/BENCAO-DAS-VESTES-5-1-865x1536.jpg 865w, https:\/\/salesianossp.org.br\/parscjsp\/wp-content\/uploads\/2022\/11\/BENCAO-DAS-VESTES-5-1.jpg 1153w\" sizes=\"(max-width: 577px) 100vw, 577px\" \/><\/figure>\n\n\n\n<figure class=\"wp-block-image size-large\"><img loading=\"lazy\" decoding=\"async\" width=\"577\" height=\"1024\" data-id=\"1724\" src=\"https:\/\/salesianossp.org.br\/parscjsp\/wp-content\/uploads\/2022\/11\/BENCAO-DAS-VESTES-1-577x1024.jpg\" alt=\"\" class=\"wp-image-1724\" srcset=\"https:\/\/salesianossp.org.br\/parscjsp\/wp-content\/uploads\/2022\/11\/BENCAO-DAS-VESTES-1-577x1024.jpg 577w, https:\/\/salesianossp.org.br\/parscjsp\/wp-content\/uploads\/2022\/11\/BENCAO-DAS-VESTES-1-169x300.jpg 169w, https:\/\/salesianossp.org.br\/parscjsp\/wp-content\/uploads\/2022\/11\/BENCAO-DAS-VESTES-1-768x1364.jpg 768w, https:\/\/salesianossp.org.br\/parscjsp\/wp-content\/uploads\/2022\/11\/BENCAO-DAS-VESTES-1-865x1536.jpg 865w, https:\/\/salesianossp.org.br\/parscjsp\/wp-content\/uploads\/2022\/11\/BENCAO-DAS-VESTES-1.jpg 1153w\" sizes=\"(max-width: 577px) 100vw, 577px\" \/><\/figure>\n\n\n\n<figure class=\"wp-block-image size-large\"><img loading=\"lazy\" decoding=\"async\" width=\"577\" height=\"1024\" data-id=\"1729\" src=\"https:\/\/salesianossp.org.br\/parscjsp\/wp-content\/uploads\/2022\/11\/BENCAO-DAS-VESTES-2-577x1024.jpg\" alt=\"\" class=\"wp-image-1729\" srcset=\"https:\/\/salesianossp.org.br\/parscjsp\/wp-content\/uploads\/2022\/11\/BENCAO-DAS-VESTES-2-577x1024.jpg 577w, https:\/\/salesianossp.org.br\/parscjsp\/wp-content\/uploads\/2022\/11\/BENCAO-DAS-VESTES-2-169x300.jpg 169w, https:\/\/salesianossp.org.br\/parscjsp\/wp-content\/uploads\/2022\/11\/BENCAO-DAS-VESTES-2-768x1364.jpg 768w, https:\/\/salesianossp.org.br\/parscjsp\/wp-content\/uploads\/2022\/11\/BENCAO-DAS-VESTES-2-865x1536.jpg 865w, https:\/\/salesianossp.org.br\/parscjsp\/wp-content\/uploads\/2022\/11\/BENCAO-DAS-VESTES-2.jpg 1153w\" sizes=\"(max-width: 577px) 100vw, 577px\" \/><\/figure>\n\n\n\n<figure class=\"wp-block-image size-large\"><img loading=\"lazy\" decoding=\"async\" width=\"576\" height=\"1024\" data-id=\"1725\" src=\"https:\/\/salesianossp.org.br\/parscjsp\/wp-content\/uploads\/2022\/11\/BENCAO-DAS-VESTES-3-576x1024.jpg\" alt=\"\" class=\"wp-image-1725\" srcset=\"https:\/\/salesianossp.org.br\/parscjsp\/wp-content\/uploads\/2022\/11\/BENCAO-DAS-VESTES-3-576x1024.jpg 576w, https:\/\/salesianossp.org.br\/parscjsp\/wp-content\/uploads\/2022\/11\/BENCAO-DAS-VESTES-3-169x300.jpg 169w, https:\/\/salesianossp.org.br\/parscjsp\/wp-content\/uploads\/2022\/11\/BENCAO-DAS-VESTES-3-768x1365.jpg 768w, https:\/\/salesianossp.org.br\/parscjsp\/wp-content\/uploads\/2022\/11\/BENCAO-DAS-VESTES-3-864x1536.jpg 864w, https:\/\/salesianossp.org.br\/parscjsp\/wp-content\/uploads\/2022\/11\/BENCAO-DAS-VESTES-3.jpg 1152w\" sizes=\"(max-width: 576px) 100vw, 576px\" \/><\/figure>\n\n\n\n<figure class=\"wp-block-image size-large\"><img loading=\"lazy\" decoding=\"async\" width=\"1024\" height=\"576\" data-id=\"1728\" src=\"https:\/\/salesianossp.org.br\/parscjsp\/wp-content\/uploads\/2022\/11\/BENCAO-DAS-VESTES-7-1024x576.jpg\" alt=\"\" class=\"wp-image-1728\" srcset=\"https:\/\/salesianossp.org.br\/parscjsp\/wp-content\/uploads\/2022\/11\/BENCAO-DAS-VESTES-7-1024x576.jpg 1024w, https:\/\/salesianossp.org.br\/parscjsp\/wp-content\/uploads\/2022\/11\/BENCAO-DAS-VESTES-7-300x169.jpg 300w, https:\/\/salesianossp.org.br\/parscjsp\/wp-content\/uploads\/2022\/11\/BENCAO-DAS-VESTES-7-768x432.jpg 768w, https:\/\/salesianossp.org.br\/parscjsp\/wp-content\/uploads\/2022\/11\/BENCAO-DAS-VESTES-7-1536x863.jpg 1536w, https:\/\/salesianossp.org.br\/parscjsp\/wp-content\/uploads\/2022\/11\/BENCAO-DAS-VESTES-7.jpg 1836w\" sizes=\"(max-width: 1024px) 100vw, 1024px\" \/><\/figure>\n\n\n\n<figure class=\"wp-block-image size-large\"><img loading=\"lazy\" decoding=\"async\" width=\"1024\" height=\"577\" data-id=\"1726\" src=\"https:\/\/salesianossp.org.br\/parscjsp\/wp-content\/uploads\/2022\/11\/BENCAO-DAS-VESTES-6-1024x577.jpg\" alt=\"\" class=\"wp-image-1726\" srcset=\"https:\/\/salesianossp.org.br\/parscjsp\/wp-content\/uploads\/2022\/11\/BENCAO-DAS-VESTES-6-1024x577.jpg 1024w, https:\/\/salesianossp.org.br\/parscjsp\/wp-content\/uploads\/2022\/11\/BENCAO-DAS-VESTES-6-300x169.jpg 300w, https:\/\/salesianossp.org.br\/parscjsp\/wp-content\/uploads\/2022\/11\/BENCAO-DAS-VESTES-6-768x432.jpg 768w, https:\/\/salesianossp.org.br\/parscjsp\/wp-content\/uploads\/2022\/11\/BENCAO-DAS-VESTES-6-1536x865.jpg 1536w, https:\/\/salesianossp.org.br\/parscjsp\/wp-content\/uploads\/2022\/11\/BENCAO-DAS-VESTES-6.jpg 2048w\" sizes=\"(max-width: 1024px) 100vw, 1024px\" \/><\/figure>\n<\/figure>\n","protected":false},"excerpt":{"rendered":"<p>No domingo 06-11 na missa das 08h30, o p\u00e1roco Pe. Bruno aben\u00e7oou as vestes e objetos lit\u00fargicos que ser\u00e3o utilizados no dia 17 de dezembro, na ordena\u00e7\u00e3o do ent\u00e3o di\u00e1cono Luis. Fotos e Texto: Maristela Souza<\/p>\n","protected":false},"author":4,"featured_media":1720,"comment_status":"open","ping_status":"open","sticky":false,"template":"","format":"standard","meta":{"footnotes":""},"categories":[42],"tags":[46,47,48,49,50,51,52,53,45,54,55],"class_list":["post-1718","post","type-post","status-publish","format-standard","has-post-thumbnail","hentry","category-noticias","tag-arquidiocesedesaopaulo","tag-camposeliseos","tag-diaconato","tag-igreja","tag-inspetoriasalesiana","tag-ordenacao","tag-presbitero","tag-sagradocoracaodejesus","tag-salesianos","tag-santuariosagradocoracaodejesus","tag-sscj"],"yoast_head":"<!-- This site is optimized with the Yoast SEO plugin v27.4 - https:\/\/yoast.com\/product\/yoast-seo-wordpress\/ -->\n<title>Ben\u00e7\u00e3o das Vestes Lit\u00fargicas - Par\u00f3quia Sagrado Cora\u00e7\u00e3o de Jesus<\/title>\n<meta name=\"robots\" content=\"index, follow, max-snippet:-1, max-image-preview:large, max-video-preview:-1\" \/>\n<link rel=\"canonical\" href=\"https:\/\/salesianossp.org.br\/parscjsp\/bencao-das-vestes-liturgicas\/\" \/>\n<meta property=\"og:locale\" content=\"pt_BR\" \/>\n<meta property=\"og:type\" content=\"article\" \/>\n<meta property=\"og:title\" content=\"Ben\u00e7\u00e3o das Vestes Lit\u00fargicas - Par\u00f3quia Sagrado Cora\u00e7\u00e3o de Jesus\" \/>\n<meta property=\"og:description\" content=\"No domingo 06-11 na missa das 08h30, o p\u00e1roco Pe. Bruno aben\u00e7oou as vestes e objetos lit\u00fargicos que ser\u00e3o utilizados no dia 17 de dezembro, na ordena\u00e7\u00e3o do ent\u00e3o di\u00e1cono Luis. Fotos e Texto: Maristela Souza\" \/>\n<meta property=\"og:url\" content=\"https:\/\/salesianossp.org.br\/parscjsp\/bencao-das-vestes-liturgicas\/\" \/>\n<meta property=\"og:site_name\" content=\"Par\u00f3quia Sagrado Cora\u00e7\u00e3o de Jesus\" \/>\n<meta property=\"article:publisher\" content=\"https:\/\/pt-br.facebook.com\/pg\/santuariodosagradocoracaodejesus\/photos\/?ref=page_internal\" \/>\n<meta property=\"article:published_time\" content=\"2022-11-22T21:39:01+00:00\" \/>\n<meta property=\"og:image\" content=\"https:\/\/salesianossp.org.br\/parscjsp\/wp-content\/uploads\/2022\/11\/BENCAO-DAS-VESTES-4.jpg\" \/>\n\t<meta property=\"og:image:width\" content=\"2048\" \/>\n\t<meta property=\"og:image:height\" content=\"1151\" \/>\n\t<meta property=\"og:image:type\" content=\"image\/jpeg\" \/>\n<meta name=\"author\" content=\"ig.scj.sp@salesianos.com.br\" \/>\n<meta name=\"twitter:card\" content=\"summary_large_image\" \/>\n<meta name=\"twitter:label1\" content=\"Escrito por\" \/>\n\t<meta name=\"twitter:data1\" content=\"ig.scj.sp@salesianos.com.br\" \/>\n<script type=\"application\/ld+json\" class=\"yoast-schema-graph\">{\"@context\":\"https:\\\/\\\/schema.org\",\"@graph\":[{\"@type\":\"Article\",\"@id\":\"https:\\\/\\\/salesianossp.org.br\\\/parscjsp\\\/bencao-das-vestes-liturgicas\\\/#article\",\"isPartOf\":{\"@id\":\"https:\\\/\\\/salesianossp.org.br\\\/parscjsp\\\/bencao-das-vestes-liturgicas\\\/\"},\"author\":{\"name\":\"ig.scj.sp@salesianos.com.br\",\"@id\":\"https:\\\/\\\/salesianossp.org.br\\\/parscjsp\\\/#\\\/schema\\\/person\\\/3e05d054e52ac3560a3a6b2eb46df0c9\"},\"headline\":\"Ben\u00e7\u00e3o das Vestes Lit\u00fargicas\",\"datePublished\":\"2022-11-22T21:39:01+00:00\",\"mainEntityOfPage\":{\"@id\":\"https:\\\/\\\/salesianossp.org.br\\\/parscjsp\\\/bencao-das-vestes-liturgicas\\\/\"},\"wordCount\":48,\"commentCount\":0,\"publisher\":{\"@id\":\"https:\\\/\\\/salesianossp.org.br\\\/parscjsp\\\/#organization\"},\"image\":{\"@id\":\"https:\\\/\\\/salesianossp.org.br\\\/parscjsp\\\/bencao-das-vestes-liturgicas\\\/#primaryimage\"},\"thumbnailUrl\":\"https:\\\/\\\/salesianossp.org.br\\\/parscjsp\\\/wp-content\\\/uploads\\\/2022\\\/11\\\/BENCAO-DAS-VESTES-4.jpg\",\"keywords\":[\"arquidiocesedesaopaulo\",\"camposeliseos\",\"diaconato\",\"igreja\",\"inspetoriasalesiana\",\"ordenacao\",\"presbitero\",\"sagradocoracaodejesus\",\"salesianos\",\"santuariosagradocoracaodejesus\",\"sscj\"],\"articleSection\":[\"Not\u00edcias\"],\"inLanguage\":\"pt-BR\",\"potentialAction\":[{\"@type\":\"CommentAction\",\"name\":\"Comment\",\"target\":[\"https:\\\/\\\/salesianossp.org.br\\\/parscjsp\\\/bencao-das-vestes-liturgicas\\\/#respond\"]}]},{\"@type\":\"WebPage\",\"@id\":\"https:\\\/\\\/salesianossp.org.br\\\/parscjsp\\\/bencao-das-vestes-liturgicas\\\/\",\"url\":\"https:\\\/\\\/salesianossp.org.br\\\/parscjsp\\\/bencao-das-vestes-liturgicas\\\/\",\"name\":\"Ben\u00e7\u00e3o das Vestes Lit\u00fargicas - Par\u00f3quia Sagrado Cora\u00e7\u00e3o de Jesus\",\"isPartOf\":{\"@id\":\"https:\\\/\\\/salesianossp.org.br\\\/parscjsp\\\/#website\"},\"primaryImageOfPage\":{\"@id\":\"https:\\\/\\\/salesianossp.org.br\\\/parscjsp\\\/bencao-das-vestes-liturgicas\\\/#primaryimage\"},\"image\":{\"@id\":\"https:\\\/\\\/salesianossp.org.br\\\/parscjsp\\\/bencao-das-vestes-liturgicas\\\/#primaryimage\"},\"thumbnailUrl\":\"https:\\\/\\\/salesianossp.org.br\\\/parscjsp\\\/wp-content\\\/uploads\\\/2022\\\/11\\\/BENCAO-DAS-VESTES-4.jpg\",\"datePublished\":\"2022-11-22T21:39:01+00:00\",\"breadcrumb\":{\"@id\":\"https:\\\/\\\/salesianossp.org.br\\\/parscjsp\\\/bencao-das-vestes-liturgicas\\\/#breadcrumb\"},\"inLanguage\":\"pt-BR\",\"potentialAction\":[{\"@type\":\"ReadAction\",\"target\":[\"https:\\\/\\\/salesianossp.org.br\\\/parscjsp\\\/bencao-das-vestes-liturgicas\\\/\"]}]},{\"@type\":\"ImageObject\",\"inLanguage\":\"pt-BR\",\"@id\":\"https:\\\/\\\/salesianossp.org.br\\\/parscjsp\\\/bencao-das-vestes-liturgicas\\\/#primaryimage\",\"url\":\"https:\\\/\\\/salesianossp.org.br\\\/parscjsp\\\/wp-content\\\/uploads\\\/2022\\\/11\\\/BENCAO-DAS-VESTES-4.jpg\",\"contentUrl\":\"https:\\\/\\\/salesianossp.org.br\\\/parscjsp\\\/wp-content\\\/uploads\\\/2022\\\/11\\\/BENCAO-DAS-VESTES-4.jpg\",\"width\":2048,\"height\":1151},{\"@type\":\"BreadcrumbList\",\"@id\":\"https:\\\/\\\/salesianossp.org.br\\\/parscjsp\\\/bencao-das-vestes-liturgicas\\\/#breadcrumb\",\"itemListElement\":[{\"@type\":\"ListItem\",\"position\":1,\"name\":\"In\u00edcio\",\"item\":\"https:\\\/\\\/salesianossp.org.br\\\/parscjsp\\\/\"},{\"@type\":\"ListItem\",\"position\":2,\"name\":\"Ben\u00e7\u00e3o das Vestes Lit\u00fargicas\"}]},{\"@type\":\"WebSite\",\"@id\":\"https:\\\/\\\/salesianossp.org.br\\\/parscjsp\\\/#website\",\"url\":\"https:\\\/\\\/salesianossp.org.br\\\/parscjsp\\\/\",\"name\":\"Par\u00f3quia Sagrado Cora\u00e7\u00e3o de Jesus\",\"description\":\"\",\"publisher\":{\"@id\":\"https:\\\/\\\/salesianossp.org.br\\\/parscjsp\\\/#organization\"},\"potentialAction\":[{\"@type\":\"SearchAction\",\"target\":{\"@type\":\"EntryPoint\",\"urlTemplate\":\"https:\\\/\\\/salesianossp.org.br\\\/parscjsp\\\/?s={search_term_string}\"},\"query-input\":{\"@type\":\"PropertyValueSpecification\",\"valueRequired\":true,\"valueName\":\"search_term_string\"}}],\"inLanguage\":\"pt-BR\"},{\"@type\":\"Organization\",\"@id\":\"https:\\\/\\\/salesianossp.org.br\\\/parscjsp\\\/#organization\",\"name\":\"Par\u00f3quia Sagrado Cora\u00e7\u00e3o de Jesus\",\"url\":\"https:\\\/\\\/salesianossp.org.br\\\/parscjsp\\\/\",\"logo\":{\"@type\":\"ImageObject\",\"inLanguage\":\"pt-BR\",\"@id\":\"https:\\\/\\\/salesianossp.org.br\\\/parscjsp\\\/#\\\/schema\\\/logo\\\/image\\\/\",\"url\":\"https:\\\/\\\/salesianossp.org.br\\\/parscjsp\\\/wp-content\\\/uploads\\\/2026\\\/02\\\/logo-pvipar-teste.svg\",\"contentUrl\":\"https:\\\/\\\/salesianossp.org.br\\\/parscjsp\\\/wp-content\\\/uploads\\\/2026\\\/02\\\/logo-pvipar-teste.svg\",\"width\":206,\"height\":56,\"caption\":\"Par\u00f3quia Sagrado Cora\u00e7\u00e3o de Jesus\"},\"image\":{\"@id\":\"https:\\\/\\\/salesianossp.org.br\\\/parscjsp\\\/#\\\/schema\\\/logo\\\/image\\\/\"},\"sameAs\":[\"https:\\\/\\\/pt-br.facebook.com\\\/pg\\\/santuariodosagradocoracaodejesus\\\/photos\\\/?ref=page_internal\",\"https:\\\/\\\/www.instagram.com\\\/santuariosagradocoracaodejesus\\\/\",\"https:\\\/\\\/www.youtube.com\\\/@santuariosagradocoracaodejesus\"]},{\"@type\":\"Person\",\"@id\":\"https:\\\/\\\/salesianossp.org.br\\\/parscjsp\\\/#\\\/schema\\\/person\\\/3e05d054e52ac3560a3a6b2eb46df0c9\",\"name\":\"ig.scj.sp@salesianos.com.br\",\"image\":{\"@type\":\"ImageObject\",\"inLanguage\":\"pt-BR\",\"@id\":\"https:\\\/\\\/secure.gravatar.com\\\/avatar\\\/f5b465543b1ccda250d91a05646f647dd27bc165a888a6fc5e3e58eb36ab9096?s=96&d=mm&r=g\",\"url\":\"https:\\\/\\\/secure.gravatar.com\\\/avatar\\\/f5b465543b1ccda250d91a05646f647dd27bc165a888a6fc5e3e58eb36ab9096?s=96&d=mm&r=g\",\"contentUrl\":\"https:\\\/\\\/secure.gravatar.com\\\/avatar\\\/f5b465543b1ccda250d91a05646f647dd27bc165a888a6fc5e3e58eb36ab9096?s=96&d=mm&r=g\",\"caption\":\"ig.scj.sp@salesianos.com.br\"},\"url\":\"https:\\\/\\\/salesianossp.org.br\\\/parscjsp\\\/author\\\/ig-scj-spsalesianos-com-br\\\/\"}]}<\/script>\n<!-- \/ Yoast SEO plugin. -->","yoast_head_json":{"title":"Ben\u00e7\u00e3o das Vestes Lit\u00fargicas - Par\u00f3quia Sagrado Cora\u00e7\u00e3o de Jesus","robots":{"index":"index","follow":"follow","max-snippet":"max-snippet:-1","max-image-preview":"max-image-preview:large","max-video-preview":"max-video-preview:-1"},"canonical":"https:\/\/salesianossp.org.br\/parscjsp\/bencao-das-vestes-liturgicas\/","og_locale":"pt_BR","og_type":"article","og_title":"Ben\u00e7\u00e3o das Vestes Lit\u00fargicas - Par\u00f3quia Sagrado Cora\u00e7\u00e3o de Jesus","og_description":"No domingo 06-11 na missa das 08h30, o p\u00e1roco Pe. Bruno aben\u00e7oou as vestes e objetos lit\u00fargicos que ser\u00e3o utilizados no dia 17 de dezembro, na ordena\u00e7\u00e3o do ent\u00e3o di\u00e1cono Luis. Fotos e Texto: Maristela Souza","og_url":"https:\/\/salesianossp.org.br\/parscjsp\/bencao-das-vestes-liturgicas\/","og_site_name":"Par\u00f3quia Sagrado Cora\u00e7\u00e3o de Jesus","article_publisher":"https:\/\/pt-br.facebook.com\/pg\/santuariodosagradocoracaodejesus\/photos\/?ref=page_internal","article_published_time":"2022-11-22T21:39:01+00:00","og_image":[{"width":2048,"height":1151,"url":"https:\/\/salesianossp.org.br\/parscjsp\/wp-content\/uploads\/2022\/11\/BENCAO-DAS-VESTES-4.jpg","type":"image\/jpeg"}],"author":"ig.scj.sp@salesianos.com.br","twitter_card":"summary_large_image","twitter_misc":{"Escrito por":"ig.scj.sp@salesianos.com.br"},"schema":{"@context":"https:\/\/schema.org","@graph":[{"@type":"Article","@id":"https:\/\/salesianossp.org.br\/parscjsp\/bencao-das-vestes-liturgicas\/#article","isPartOf":{"@id":"https:\/\/salesianossp.org.br\/parscjsp\/bencao-das-vestes-liturgicas\/"},"author":{"name":"ig.scj.sp@salesianos.com.br","@id":"https:\/\/salesianossp.org.br\/parscjsp\/#\/schema\/person\/3e05d054e52ac3560a3a6b2eb46df0c9"},"headline":"Ben\u00e7\u00e3o das Vestes Lit\u00fargicas","datePublished":"2022-11-22T21:39:01+00:00","mainEntityOfPage":{"@id":"https:\/\/salesianossp.org.br\/parscjsp\/bencao-das-vestes-liturgicas\/"},"wordCount":48,"commentCount":0,"publisher":{"@id":"https:\/\/salesianossp.org.br\/parscjsp\/#organization"},"image":{"@id":"https:\/\/salesianossp.org.br\/parscjsp\/bencao-das-vestes-liturgicas\/#primaryimage"},"thumbnailUrl":"https:\/\/salesianossp.org.br\/parscjsp\/wp-content\/uploads\/2022\/11\/BENCAO-DAS-VESTES-4.jpg","keywords":["arquidiocesedesaopaulo","camposeliseos","diaconato","igreja","inspetoriasalesiana","ordenacao","presbitero","sagradocoracaodejesus","salesianos","santuariosagradocoracaodejesus","sscj"],"articleSection":["Not\u00edcias"],"inLanguage":"pt-BR","potentialAction":[{"@type":"CommentAction","name":"Comment","target":["https:\/\/salesianossp.org.br\/parscjsp\/bencao-das-vestes-liturgicas\/#respond"]}]},{"@type":"WebPage","@id":"https:\/\/salesianossp.org.br\/parscjsp\/bencao-das-vestes-liturgicas\/","url":"https:\/\/salesianossp.org.br\/parscjsp\/bencao-das-vestes-liturgicas\/","name":"Ben\u00e7\u00e3o das Vestes Lit\u00fargicas - Par\u00f3quia Sagrado Cora\u00e7\u00e3o de Jesus","isPartOf":{"@id":"https:\/\/salesianossp.org.br\/parscjsp\/#website"},"primaryImageOfPage":{"@id":"https:\/\/salesianossp.org.br\/parscjsp\/bencao-das-vestes-liturgicas\/#primaryimage"},"image":{"@id":"https:\/\/salesianossp.org.br\/parscjsp\/bencao-das-vestes-liturgicas\/#primaryimage"},"thumbnailUrl":"https:\/\/salesianossp.org.br\/parscjsp\/wp-content\/uploads\/2022\/11\/BENCAO-DAS-VESTES-4.jpg","datePublished":"2022-11-22T21:39:01+00:00","breadcrumb":{"@id":"https:\/\/salesianossp.org.br\/parscjsp\/bencao-das-vestes-liturgicas\/#breadcrumb"},"inLanguage":"pt-BR","potentialAction":[{"@type":"ReadAction","target":["https:\/\/salesianossp.org.br\/parscjsp\/bencao-das-vestes-liturgicas\/"]}]},{"@type":"ImageObject","inLanguage":"pt-BR","@id":"https:\/\/salesianossp.org.br\/parscjsp\/bencao-das-vestes-liturgicas\/#primaryimage","url":"https:\/\/salesianossp.org.br\/parscjsp\/wp-content\/uploads\/2022\/11\/BENCAO-DAS-VESTES-4.jpg","contentUrl":"https:\/\/salesianossp.org.br\/parscjsp\/wp-content\/uploads\/2022\/11\/BENCAO-DAS-VESTES-4.jpg","width":2048,"height":1151},{"@type":"BreadcrumbList","@id":"https:\/\/salesianossp.org.br\/parscjsp\/bencao-das-vestes-liturgicas\/#breadcrumb","itemListElement":[{"@type":"ListItem","position":1,"name":"In\u00edcio","item":"https:\/\/salesianossp.org.br\/parscjsp\/"},{"@type":"ListItem","position":2,"name":"Ben\u00e7\u00e3o das Vestes Lit\u00fargicas"}]},{"@type":"WebSite","@id":"https:\/\/salesianossp.org.br\/parscjsp\/#website","url":"https:\/\/salesianossp.org.br\/parscjsp\/","name":"Par\u00f3quia Sagrado Cora\u00e7\u00e3o de Jesus","description":"","publisher":{"@id":"https:\/\/salesianossp.org.br\/parscjsp\/#organization"},"potentialAction":[{"@type":"SearchAction","target":{"@type":"EntryPoint","urlTemplate":"https:\/\/salesianossp.org.br\/parscjsp\/?s={search_term_string}"},"query-input":{"@type":"PropertyValueSpecification","valueRequired":true,"valueName":"search_term_string"}}],"inLanguage":"pt-BR"},{"@type":"Organization","@id":"https:\/\/salesianossp.org.br\/parscjsp\/#organization","name":"Par\u00f3quia Sagrado Cora\u00e7\u00e3o de Jesus","url":"https:\/\/salesianossp.org.br\/parscjsp\/","logo":{"@type":"ImageObject","inLanguage":"pt-BR","@id":"https:\/\/salesianossp.org.br\/parscjsp\/#\/schema\/logo\/image\/","url":"https:\/\/salesianossp.org.br\/parscjsp\/wp-content\/uploads\/2026\/02\/logo-pvipar-teste.svg","contentUrl":"https:\/\/salesianossp.org.br\/parscjsp\/wp-content\/uploads\/2026\/02\/logo-pvipar-teste.svg","width":206,"height":56,"caption":"Par\u00f3quia Sagrado Cora\u00e7\u00e3o de Jesus"},"image":{"@id":"https:\/\/salesianossp.org.br\/parscjsp\/#\/schema\/logo\/image\/"},"sameAs":["https:\/\/pt-br.facebook.com\/pg\/santuariodosagradocoracaodejesus\/photos\/?ref=page_internal","https:\/\/www.instagram.com\/santuariosagradocoracaodejesus\/","https:\/\/www.youtube.com\/@santuariosagradocoracaodejesus"]},{"@type":"Person","@id":"https:\/\/salesianossp.org.br\/parscjsp\/#\/schema\/person\/3e05d054e52ac3560a3a6b2eb46df0c9","name":"ig.scj.sp@salesianos.com.br","image":{"@type":"ImageObject","inLanguage":"pt-BR","@id":"https:\/\/secure.gravatar.com\/avatar\/f5b465543b1ccda250d91a05646f647dd27bc165a888a6fc5e3e58eb36ab9096?s=96&d=mm&r=g","url":"https:\/\/secure.gravatar.com\/avatar\/f5b465543b1ccda250d91a05646f647dd27bc165a888a6fc5e3e58eb36ab9096?s=96&d=mm&r=g","contentUrl":"https:\/\/secure.gravatar.com\/avatar\/f5b465543b1ccda250d91a05646f647dd27bc165a888a6fc5e3e58eb36ab9096?s=96&d=mm&r=g","caption":"ig.scj.sp@salesianos.com.br"},"url":"https:\/\/salesianossp.org.br\/parscjsp\/author\/ig-scj-spsalesianos-com-br\/"}]}},"_links":{"self":[{"href":"https:\/\/salesianossp.org.br\/parscjsp\/wp-json\/wp\/v2\/posts\/1718","targetHints":{"allow":["GET"]}}],"collection":[{"href":"https:\/\/salesianossp.org.br\/parscjsp\/wp-json\/wp\/v2\/posts"}],"about":[{"href":"https:\/\/salesianossp.org.br\/parscjsp\/wp-json\/wp\/v2\/types\/post"}],"author":[{"embeddable":true,"href":"https:\/\/salesianossp.org.br\/parscjsp\/wp-json\/wp\/v2\/users\/4"}],"replies":[{"embeddable":true,"href":"https:\/\/salesianossp.org.br\/parscjsp\/wp-json\/wp\/v2\/comments?post=1718"}],"version-history":[{"count":0,"href":"https:\/\/salesianossp.org.br\/parscjsp\/wp-json\/wp\/v2\/posts\/1718\/revisions"}],"wp:featuredmedia":[{"embeddable":true,"href":"https:\/\/salesianossp.org.br\/parscjsp\/wp-json\/wp\/v2\/media\/1720"}],"wp:attachment":[{"href":"https:\/\/salesianossp.org.br\/parscjsp\/wp-json\/wp\/v2\/media?parent=1718"}],"wp:term":[{"taxonomy":"category","embeddable":true,"href":"https:\/\/salesianossp.org.br\/parscjsp\/wp-json\/wp\/v2\/categories?post=1718"},{"taxonomy":"post_tag","embeddable":true,"href":"https:\/\/salesianossp.org.br\/parscjsp\/wp-json\/wp\/v2\/tags?post=1718"}],"curies":[{"name":"wp","href":"https:\/\/api.w.org\/{rel}","templated":true}]}}