{"id":12989,"date":"2021-10-19T09:28:27","date_gmt":"2021-10-19T12:28:27","guid":{"rendered":"https:\/\/salesianossp.org.br\/sagradafamilia\/?p=12989"},"modified":"2021-10-19T09:28:27","modified_gmt":"2021-10-19T12:28:27","slug":"polonia-2022","status":"publish","type":"post","link":"https:\/\/salesianossp.org.br\/sagradafamilia\/polonia-2022\/","title":{"rendered":"POL\u00d4NIA 2022"},"content":{"rendered":"\n<div class=\"wp-block-group is-layout-flow wp-block-group-is-layout-flow\">\n<p>A Par\u00f3quia Sagrada Fam\u00edlia, junto a Causa de Beatifica\u00e7\u00e3o e Canoniza\u00e7\u00e3o do Vener\u00e1vel Padre Rodolfo Komorek, promove a peregrina\u00e7\u00e3o \u201c<strong><em>Pol\u00f4nia 2022 | Nos caminhos da Miseric\u00f3rdia&#8230;<\/em><\/strong>\u201d, que percorrer\u00e1 os passos do Padre Rodolfo Komorek e de S\u00e3o Jo\u00e3o Paulo II.<\/p>\n\n\n\n<p>A peregrina\u00e7\u00e3o, lan\u00e7ada durante a realiza\u00e7\u00e3o do III Semin\u00e1rio sobre a santidade do Vener\u00e1vel, prop\u00f5e uma experiencia de imers\u00e3o cultural e religiosa. O roteiro foi inteiramente pensado para proporcionar aos peregrinos um itiner\u00e1rio de ora\u00e7\u00e3o com a Divina Miseric\u00f3rdia.<\/p>\n\n\n\n<p>Al\u00e9m disso, a peregrina\u00e7\u00e3o tem car\u00e1ter hist\u00f3rico e oficial, j\u00e1 que desde a abertura da Causa do Padre Rodolfo Komorek, n\u00e3o se tem registros oficiais da presen\u00e7a de grupos de peregrinos \u00e0 sua terra natal.<\/p>\n\n\n\n<p>Programe-se, para participar da <strong>reuni\u00e3o <\/strong>de apresenta\u00e7\u00e3o do roteiro e que dar\u00e1 provid\u00eancias.<\/p>\n\n\n\n<h5 class=\"wp-block-heading\"><strong>Dia 29 de outubro de 2021 (sexta-feira), \u00e0s 20h, no sal\u00e3o paroquial da Sagrada Fam\u00edlia.<\/strong><\/h5>\n<\/div>\n\n\n\n<p><\/p>\n\n\n\n<ul class=\"wp-block-list\"><li><strong>Informa\u00e7\u00f5es: +55(12)99655-9025 | contato@douroviagens.com.br<\/strong><\/li><\/ul>\n\n\n\n<figure class=\"wp-block-video\"><video height=\"720\" style=\"aspect-ratio: 1280 \/ 720;\" width=\"1280\" controls src=\"https:\/\/salesianossp.org.br\/sagradafamilia\/wp-content\/uploads\/2021\/10\/peregrinacao2.mp4\"><\/video><\/figure>\n\n\n\n<p><\/p>\n\n\n\n<p class=\"has-text-align-center\"><strong> POL\u00d4NIA 2022 | Nos caminhos da miseric\u00f3rdia&#8230;<br><em>Peregrina\u00e7\u00e3o \u00e0s terras do Vener\u00e1vel Padre Rodolfo Komorek <\/em> <em>e de S\u00e3o Jo\u00e3o Paulo II<\/em><br>9 a 17 de outubro de 2022 <\/strong><\/p>\n\n\n\n<p class=\"has-text-align-center\"><\/p>\n\n\n\n<p class=\"has-text-align-left\"><strong>1\u00ba dia \u2013 Domingo \u2013 09.10 \u2013 S\u00e3o Paulo \/ Crac\u00f3via<\/strong><br>Apresenta\u00e7\u00e3o no Aeroporto Internacional de Guarulhos para embarque com destino \u00e0 Crac\u00f3via, na Pol\u00f4nia.<\/p>\n\n\n\n<p class=\"has-text-align-left\"><br><strong>2\u00ba dia \u2013 2\u00aa feira \u2013 10.10 \u2013 Crac\u00f3via \/ Bielsko-Biala<\/strong><br>Chegada \u00e0 Crac\u00f3via, recep\u00e7\u00e3o pelo nosso guia e traslado at\u00e9 a cidade de nascimento do Vener\u00e1vel Padre Rodolfo Komorek. Chegada, acomoda\u00e7\u00e3o e jantar.<\/p>\n\n\n\n<p class=\"has-text-align-left\"><br><strong>3\u00ba dia \u2013 3\u00aa feira \u2013 11.10 (Nascimento do P. Rodolfo Komorek) \u2013 Bielsko-Biala<\/strong><br>Caf\u00e9 da manh\u00e3 no hotel. Dia dedicado ao mais ilustre dos conterr\u00e2neos de Bieslko-Biala, o Vener\u00e1vel Padre Rodolfo Komorek. Celebra\u00e7\u00e3o eucar\u00edstica na Catedral de S\u00e3o Nicolau, onde Rodolfo Komorek foi batizado e celebrou sua primeira Missa. Tarde livre para passeios pela cidade. Jantar no hotel.<\/p>\n\n\n\n<p class=\"has-text-align-left\"><br><strong>4\u00ba dia \u2013 4\u00aa feira \u2013 12\/10 \u2013 Bielsko-Biala \/ Waldowice \/ Crac\u00f3via<br><\/strong>Caf\u00e9 da manh\u00e3 no hotel. Sa\u00edda com destino a Crac\u00f3via, com visita \u00e0 cidade de Waldowice, terra natal de Karol Wojtyla, S\u00e3o Jo\u00e3o Paulo II. Visita \u00e0 casa de sua fam\u00edlia, transformada em Museu. Celebra\u00e7\u00e3o Eucar\u00edstica na Bas\u00edlica da Apresenta\u00e7\u00e3o da Bem-Aventurada Virgem Maria, onde ele foi batizado e onde se encontra uma exposi\u00e7\u00e3o multim\u00eddia que permite conhecer melhor a vida e obra do Santo. Chegada em Crac\u00f3via. Jantar no hotel.<\/p>\n\n\n\n<p class=\"has-text-align-left\"><br><strong>5\u00ba dia \u2013 5\u00aa feira \u2013 13\/10 &#8211; Crac\u00f3via<\/strong><br>Caf\u00e9 da manh\u00e3 no hotel. Visita de meio dia pela antiga capital polonesa, cidade dos reis que fascina com os seus tesouros arquitet\u00f4nicos e art\u00edsticos. Visita \u00e0 cidade, iniciando pela parte antiga, rodeada pelo Parque Planty: Pra\u00e7a do Mercado (a maior pra\u00e7a medieval da Europa), com a Igreja de Santa Maria, a Torre da C\u00e2mara Municipal e o famoso Mercado de Tecidos. Continua\u00e7\u00e3o \u00e0 colina de Wawel com o Pal\u00e1cio Real e a Catedral Wawel. Passeio pelo bairro  Kazimierz, pequeno fragmento do que foi a cidade judaica. Visita tamb\u00e9m a resid\u00eancia e museu S\u00e3o Jo\u00e3o Paulo II. Visita e celebra\u00e7\u00e3o eucar\u00edstica ao Santu\u00e1rio Jo\u00e3o Paulo II, onde se encontram suas rel\u00edquias, como a batina marcada com seu sangue do atentado sofrido em 1981. Jantar no hotel.<\/p>\n\n\n\n<p class=\"has-text-align-left\"><strong>6\u00ba dia \u2013 6\u00aa feira \u2013 14\/10 \u2013 Crac\u00f3via \/ Catedral de Sal \/ Santu\u00e1rio da Divina Miseric\u00f3rdia \/ Crac\u00f3via<\/strong><br>Caf\u00e9 da manh\u00e3 no hotel. Visita a um dos lugares mais espetaculares e, hoje, patrim\u00f4nio da Unesco: na pequena cidade de Wieliczka, no sul da Pol\u00f4nia, a 15Km da Crac\u00f3via se esconde no subsolo uma mina de sal que \u00e9 um enorme tesouro: paredes e esculturas inteiras feitas de sal; no centro da mina est\u00e1 a Catedral de Sal, onde o sal serviu para fazer tudo no local: cruz, altar e candelabros. Visita e celebra\u00e7\u00e3o eucar\u00edstica no Santu\u00e1rio da Divina Miseric\u00f3rdia, onde no per\u00edodo entre as grandes guerras, viveu e morreu Santa Maria Faustina Kowalska (1905-1938), pela qual Cristo entregou \u00e0 Igreja e ao mundo a mensagem da Miseric\u00f3rdia. Tempo para compra de lembran\u00e7as e retorno ao hotel. Restante da tarde livre para passeios pela Crac\u00f3via. Jantar no hotel.<\/p>\n\n\n\n<p class=\"has-text-align-left\"><strong>7\u00ba dia \u2013 S\u00e1bado \u2013 15.10 \u2013 Crac\u00f3via \/ Campos de Concentra\u00e7\u00e3o de Auschwitz e Bikernau \/ Cz\u0119stochowa<br><\/strong>Caf\u00e9 da manh\u00e3 no hotel. Visita aos campos de concentra\u00e7\u00e3o de Auschwitz e Bikernau onde foram exterminados milhares de judeus na Segunda Guerra Mundial. Visita e celebra\u00e7\u00e3o eucar\u00edstica no Santu\u00e1rio da Virgem de Cz\u0119stochowa, padroeira da Pol\u00f4nia. Jantar no hotel.<br><\/p>\n\n\n\n<p class=\"has-text-align-left\"><strong>8\u00ba dia \u2013 Domingo \u2013 16.10 \u2013 Cz\u0119stochowa \/ Crac\u00f3via<br><\/strong>Caf\u00e9 da manh\u00e3 no hotel. Apresenta\u00e7\u00e3o no Aeroporto Internacional de Crac\u00f3via para embarque e retorno ao Brasil.<\/p>\n\n\n\n<p class=\"has-text-align-left\"><strong>9\u00ba dia \u2013 2\u00aa feira \u2013 17.10 \u2013 S\u00e3o Paulo<\/strong><br>Chegada a S\u00e3o Paulo.<\/p>\n\n\n\n<p><\/p>\n","protected":false},"excerpt":{"rendered":"<p>A Par\u00f3quia Sagrada Fam\u00edlia, junto a Causa de Beatifica\u00e7\u00e3o e Canoniza\u00e7\u00e3o do Vener\u00e1vel Padre Rodolfo Komorek, promove a peregrina\u00e7\u00e3o \u201cPol\u00f4nia 2022 | Nos caminhos da Miseric\u00f3rdia&#8230;\u201d, que percorrer\u00e1 os passos do Padre Rodolfo Komorek e de S\u00e3o Jo\u00e3o Paulo II. A peregrina\u00e7\u00e3o, lan\u00e7ada durante a realiza\u00e7\u00e3o do III Semin\u00e1rio sobre a santidade do Vener\u00e1vel, prop\u00f5e [&hellip;]<\/p>\n","protected":false},"author":5,"featured_media":12990,"comment_status":"open","ping_status":"open","sticky":false,"template":"","format":"standard","meta":{"footnotes":""},"categories":[18],"tags":[26],"class_list":["post-12989","post","type-post","status-publish","format-standard","has-post-thumbnail","hentry","category-noticias","tag-padrerodolfokomorek"],"yoast_head":"<!-- This site is optimized with the Yoast SEO plugin v27.4 - https:\/\/yoast.com\/product\/yoast-seo-wordpress\/ -->\n<title>POL\u00d4NIA 2022 - Par\u00f3quia Sagrada Fam\u00edlia<\/title>\n<meta name=\"robots\" content=\"index, follow, max-snippet:-1, max-image-preview:large, max-video-preview:-1\" \/>\n<link rel=\"canonical\" href=\"https:\/\/salesianossp.org.br\/sagradafamilia\/polonia-2022\/\" \/>\n<meta property=\"og:locale\" content=\"pt_BR\" \/>\n<meta property=\"og:type\" content=\"article\" \/>\n<meta property=\"og:title\" content=\"POL\u00d4NIA 2022 - Par\u00f3quia Sagrada Fam\u00edlia\" \/>\n<meta property=\"og:description\" content=\"A Par\u00f3quia Sagrada Fam\u00edlia, junto a Causa de Beatifica\u00e7\u00e3o e Canoniza\u00e7\u00e3o do Vener\u00e1vel Padre Rodolfo Komorek, promove a peregrina\u00e7\u00e3o \u201cPol\u00f4nia 2022 | Nos caminhos da Miseric\u00f3rdia&#8230;\u201d, que percorrer\u00e1 os passos do Padre Rodolfo Komorek e de S\u00e3o Jo\u00e3o Paulo II. A peregrina\u00e7\u00e3o, lan\u00e7ada durante a realiza\u00e7\u00e3o do III Semin\u00e1rio sobre a santidade do Vener\u00e1vel, prop\u00f5e [&hellip;]\" \/>\n<meta property=\"og:url\" content=\"https:\/\/salesianossp.org.br\/sagradafamilia\/polonia-2022\/\" \/>\n<meta property=\"og:site_name\" content=\"Par\u00f3quia Sagrada Fam\u00edlia\" \/>\n<meta property=\"article:publisher\" content=\"https:\/\/www.facebook.com\/sagrada.sjc\" \/>\n<meta property=\"article:published_time\" content=\"2021-10-19T12:28:27+00:00\" \/>\n<meta property=\"og:image\" content=\"https:\/\/salesianossp.org.br\/sagradafamilia\/wp-content\/uploads\/2021\/10\/WhatsApp-Image-2021-10-18-at-20.10.42.jpeg\" \/>\n\t<meta property=\"og:image:width\" content=\"1600\" \/>\n\t<meta property=\"og:image:height\" content=\"900\" \/>\n\t<meta property=\"og:image:type\" content=\"image\/jpeg\" \/>\n<meta name=\"author\" content=\"rppppaes\" \/>\n<meta name=\"twitter:card\" content=\"summary_large_image\" \/>\n<meta name=\"twitter:label1\" content=\"Escrito por\" \/>\n\t<meta name=\"twitter:data1\" content=\"rppppaes\" \/>\n\t<meta name=\"twitter:label2\" content=\"Est. tempo de leitura\" \/>\n\t<meta name=\"twitter:data2\" content=\"4 minutos\" \/>\n<script type=\"application\/ld+json\" class=\"yoast-schema-graph\">{\"@context\":\"https:\\\/\\\/schema.org\",\"@graph\":[{\"@type\":\"Article\",\"@id\":\"https:\\\/\\\/salesianossp.org.br\\\/sagradafamilia\\\/polonia-2022\\\/#article\",\"isPartOf\":{\"@id\":\"https:\\\/\\\/salesianossp.org.br\\\/sagradafamilia\\\/polonia-2022\\\/\"},\"author\":{\"name\":\"rppppaes\",\"@id\":\"https:\\\/\\\/salesianossp.org.br\\\/sagradafamilia\\\/#\\\/schema\\\/person\\\/fbcf35de98e747b24940a6ffe68c2135\"},\"headline\":\"POL\u00d4NIA 2022\",\"datePublished\":\"2021-10-19T12:28:27+00:00\",\"mainEntityOfPage\":{\"@id\":\"https:\\\/\\\/salesianossp.org.br\\\/sagradafamilia\\\/polonia-2022\\\/\"},\"wordCount\":798,\"commentCount\":1,\"publisher\":{\"@id\":\"https:\\\/\\\/salesianossp.org.br\\\/sagradafamilia\\\/#organization\"},\"image\":{\"@id\":\"https:\\\/\\\/salesianossp.org.br\\\/sagradafamilia\\\/polonia-2022\\\/#primaryimage\"},\"thumbnailUrl\":\"https:\\\/\\\/salesianossp.org.br\\\/sagradafamilia\\\/wp-content\\\/uploads\\\/2021\\\/10\\\/WhatsApp-Image-2021-10-18-at-20.10.42.jpeg\",\"keywords\":[\"#padrerodolfokomorek\"],\"articleSection\":[\"Not\u00edcias\"],\"inLanguage\":\"pt-BR\",\"potentialAction\":[{\"@type\":\"CommentAction\",\"name\":\"Comment\",\"target\":[\"https:\\\/\\\/salesianossp.org.br\\\/sagradafamilia\\\/polonia-2022\\\/#respond\"]}]},{\"@type\":\"WebPage\",\"@id\":\"https:\\\/\\\/salesianossp.org.br\\\/sagradafamilia\\\/polonia-2022\\\/\",\"url\":\"https:\\\/\\\/salesianossp.org.br\\\/sagradafamilia\\\/polonia-2022\\\/\",\"name\":\"POL\u00d4NIA 2022 - Par\u00f3quia Sagrada Fam\u00edlia\",\"isPartOf\":{\"@id\":\"https:\\\/\\\/salesianossp.org.br\\\/sagradafamilia\\\/#website\"},\"primaryImageOfPage\":{\"@id\":\"https:\\\/\\\/salesianossp.org.br\\\/sagradafamilia\\\/polonia-2022\\\/#primaryimage\"},\"image\":{\"@id\":\"https:\\\/\\\/salesianossp.org.br\\\/sagradafamilia\\\/polonia-2022\\\/#primaryimage\"},\"thumbnailUrl\":\"https:\\\/\\\/salesianossp.org.br\\\/sagradafamilia\\\/wp-content\\\/uploads\\\/2021\\\/10\\\/WhatsApp-Image-2021-10-18-at-20.10.42.jpeg\",\"datePublished\":\"2021-10-19T12:28:27+00:00\",\"breadcrumb\":{\"@id\":\"https:\\\/\\\/salesianossp.org.br\\\/sagradafamilia\\\/polonia-2022\\\/#breadcrumb\"},\"inLanguage\":\"pt-BR\",\"potentialAction\":[{\"@type\":\"ReadAction\",\"target\":[\"https:\\\/\\\/salesianossp.org.br\\\/sagradafamilia\\\/polonia-2022\\\/\"]}]},{\"@type\":\"ImageObject\",\"inLanguage\":\"pt-BR\",\"@id\":\"https:\\\/\\\/salesianossp.org.br\\\/sagradafamilia\\\/polonia-2022\\\/#primaryimage\",\"url\":\"https:\\\/\\\/salesianossp.org.br\\\/sagradafamilia\\\/wp-content\\\/uploads\\\/2021\\\/10\\\/WhatsApp-Image-2021-10-18-at-20.10.42.jpeg\",\"contentUrl\":\"https:\\\/\\\/salesianossp.org.br\\\/sagradafamilia\\\/wp-content\\\/uploads\\\/2021\\\/10\\\/WhatsApp-Image-2021-10-18-at-20.10.42.jpeg\",\"width\":1600,\"height\":900,\"caption\":\"POL\u00d4NIA 2022\"},{\"@type\":\"BreadcrumbList\",\"@id\":\"https:\\\/\\\/salesianossp.org.br\\\/sagradafamilia\\\/polonia-2022\\\/#breadcrumb\",\"itemListElement\":[{\"@type\":\"ListItem\",\"position\":1,\"name\":\"In\u00edcio\",\"item\":\"https:\\\/\\\/salesianossp.org.br\\\/sagradafamilia\\\/\"},{\"@type\":\"ListItem\",\"position\":2,\"name\":\"POL\u00d4NIA 2022\"}]},{\"@type\":\"WebSite\",\"@id\":\"https:\\\/\\\/salesianossp.org.br\\\/sagradafamilia\\\/#website\",\"url\":\"https:\\\/\\\/salesianossp.org.br\\\/sagradafamilia\\\/\",\"name\":\"Par\u00f3quia Sagrada Fam\u00edlia\",\"description\":\"\",\"publisher\":{\"@id\":\"https:\\\/\\\/salesianossp.org.br\\\/sagradafamilia\\\/#organization\"},\"potentialAction\":[{\"@type\":\"SearchAction\",\"target\":{\"@type\":\"EntryPoint\",\"urlTemplate\":\"https:\\\/\\\/salesianossp.org.br\\\/sagradafamilia\\\/?s={search_term_string}\"},\"query-input\":{\"@type\":\"PropertyValueSpecification\",\"valueRequired\":true,\"valueName\":\"search_term_string\"}}],\"inLanguage\":\"pt-BR\"},{\"@type\":\"Organization\",\"@id\":\"https:\\\/\\\/salesianossp.org.br\\\/sagradafamilia\\\/#organization\",\"name\":\"Par\u00f3quia Sagrada Fam\u00edlia\",\"url\":\"https:\\\/\\\/salesianossp.org.br\\\/sagradafamilia\\\/\",\"logo\":{\"@type\":\"ImageObject\",\"inLanguage\":\"pt-BR\",\"@id\":\"https:\\\/\\\/salesianossp.org.br\\\/sagradafamilia\\\/#\\\/schema\\\/logo\\\/image\\\/\",\"url\":\"https:\\\/\\\/salesianossp.org.br\\\/sagradafamilia\\\/wp-content\\\/uploads\\\/2026\\\/02\\\/logo-paroquia-sagrada-familia.svg\",\"contentUrl\":\"https:\\\/\\\/salesianossp.org.br\\\/sagradafamilia\\\/wp-content\\\/uploads\\\/2026\\\/02\\\/logo-paroquia-sagrada-familia.svg\",\"width\":242,\"height\":56,\"caption\":\"Par\u00f3quia Sagrada Fam\u00edlia\"},\"image\":{\"@id\":\"https:\\\/\\\/salesianossp.org.br\\\/sagradafamilia\\\/#\\\/schema\\\/logo\\\/image\\\/\"},\"sameAs\":[\"https:\\\/\\\/www.facebook.com\\\/sagrada.sjc\",\"https:\\\/\\\/www.instagram.com\\\/sagradasjc\\\/\",\"https:\\\/\\\/www.youtube.com\\\/channel\\\/UCpQMbZ1sAjKlYFrtlU4bVvQ\"]},{\"@type\":\"Person\",\"@id\":\"https:\\\/\\\/salesianossp.org.br\\\/sagradafamilia\\\/#\\\/schema\\\/person\\\/fbcf35de98e747b24940a6ffe68c2135\",\"name\":\"rppppaes\",\"image\":{\"@type\":\"ImageObject\",\"inLanguage\":\"pt-BR\",\"@id\":\"https:\\\/\\\/secure.gravatar.com\\\/avatar\\\/?s=96&d=mm&r=g\",\"url\":\"https:\\\/\\\/secure.gravatar.com\\\/avatar\\\/?s=96&d=mm&r=g\",\"contentUrl\":\"https:\\\/\\\/secure.gravatar.com\\\/avatar\\\/?s=96&d=mm&r=g\",\"caption\":\"rppppaes\"},\"url\":\"https:\\\/\\\/salesianossp.org.br\\\/sagradafamilia\\\/author\\\/rppppaes\\\/\"}]}<\/script>\n<!-- \/ Yoast SEO plugin. -->","yoast_head_json":{"title":"POL\u00d4NIA 2022 - Par\u00f3quia Sagrada Fam\u00edlia","robots":{"index":"index","follow":"follow","max-snippet":"max-snippet:-1","max-image-preview":"max-image-preview:large","max-video-preview":"max-video-preview:-1"},"canonical":"https:\/\/salesianossp.org.br\/sagradafamilia\/polonia-2022\/","og_locale":"pt_BR","og_type":"article","og_title":"POL\u00d4NIA 2022 - Par\u00f3quia Sagrada Fam\u00edlia","og_description":"A Par\u00f3quia Sagrada Fam\u00edlia, junto a Causa de Beatifica\u00e7\u00e3o e Canoniza\u00e7\u00e3o do Vener\u00e1vel Padre Rodolfo Komorek, promove a peregrina\u00e7\u00e3o \u201cPol\u00f4nia 2022 | Nos caminhos da Miseric\u00f3rdia&#8230;\u201d, que percorrer\u00e1 os passos do Padre Rodolfo Komorek e de S\u00e3o Jo\u00e3o Paulo II. A peregrina\u00e7\u00e3o, lan\u00e7ada durante a realiza\u00e7\u00e3o do III Semin\u00e1rio sobre a santidade do Vener\u00e1vel, prop\u00f5e [&hellip;]","og_url":"https:\/\/salesianossp.org.br\/sagradafamilia\/polonia-2022\/","og_site_name":"Par\u00f3quia Sagrada Fam\u00edlia","article_publisher":"https:\/\/www.facebook.com\/sagrada.sjc","article_published_time":"2021-10-19T12:28:27+00:00","og_image":[{"width":1600,"height":900,"url":"https:\/\/salesianossp.org.br\/sagradafamilia\/wp-content\/uploads\/2021\/10\/WhatsApp-Image-2021-10-18-at-20.10.42.jpeg","type":"image\/jpeg"}],"author":"rppppaes","twitter_card":"summary_large_image","twitter_misc":{"Escrito por":"rppppaes","Est. tempo de leitura":"4 minutos"},"schema":{"@context":"https:\/\/schema.org","@graph":[{"@type":"Article","@id":"https:\/\/salesianossp.org.br\/sagradafamilia\/polonia-2022\/#article","isPartOf":{"@id":"https:\/\/salesianossp.org.br\/sagradafamilia\/polonia-2022\/"},"author":{"name":"rppppaes","@id":"https:\/\/salesianossp.org.br\/sagradafamilia\/#\/schema\/person\/fbcf35de98e747b24940a6ffe68c2135"},"headline":"POL\u00d4NIA 2022","datePublished":"2021-10-19T12:28:27+00:00","mainEntityOfPage":{"@id":"https:\/\/salesianossp.org.br\/sagradafamilia\/polonia-2022\/"},"wordCount":798,"commentCount":1,"publisher":{"@id":"https:\/\/salesianossp.org.br\/sagradafamilia\/#organization"},"image":{"@id":"https:\/\/salesianossp.org.br\/sagradafamilia\/polonia-2022\/#primaryimage"},"thumbnailUrl":"https:\/\/salesianossp.org.br\/sagradafamilia\/wp-content\/uploads\/2021\/10\/WhatsApp-Image-2021-10-18-at-20.10.42.jpeg","keywords":["#padrerodolfokomorek"],"articleSection":["Not\u00edcias"],"inLanguage":"pt-BR","potentialAction":[{"@type":"CommentAction","name":"Comment","target":["https:\/\/salesianossp.org.br\/sagradafamilia\/polonia-2022\/#respond"]}]},{"@type":"WebPage","@id":"https:\/\/salesianossp.org.br\/sagradafamilia\/polonia-2022\/","url":"https:\/\/salesianossp.org.br\/sagradafamilia\/polonia-2022\/","name":"POL\u00d4NIA 2022 - Par\u00f3quia Sagrada Fam\u00edlia","isPartOf":{"@id":"https:\/\/salesianossp.org.br\/sagradafamilia\/#website"},"primaryImageOfPage":{"@id":"https:\/\/salesianossp.org.br\/sagradafamilia\/polonia-2022\/#primaryimage"},"image":{"@id":"https:\/\/salesianossp.org.br\/sagradafamilia\/polonia-2022\/#primaryimage"},"thumbnailUrl":"https:\/\/salesianossp.org.br\/sagradafamilia\/wp-content\/uploads\/2021\/10\/WhatsApp-Image-2021-10-18-at-20.10.42.jpeg","datePublished":"2021-10-19T12:28:27+00:00","breadcrumb":{"@id":"https:\/\/salesianossp.org.br\/sagradafamilia\/polonia-2022\/#breadcrumb"},"inLanguage":"pt-BR","potentialAction":[{"@type":"ReadAction","target":["https:\/\/salesianossp.org.br\/sagradafamilia\/polonia-2022\/"]}]},{"@type":"ImageObject","inLanguage":"pt-BR","@id":"https:\/\/salesianossp.org.br\/sagradafamilia\/polonia-2022\/#primaryimage","url":"https:\/\/salesianossp.org.br\/sagradafamilia\/wp-content\/uploads\/2021\/10\/WhatsApp-Image-2021-10-18-at-20.10.42.jpeg","contentUrl":"https:\/\/salesianossp.org.br\/sagradafamilia\/wp-content\/uploads\/2021\/10\/WhatsApp-Image-2021-10-18-at-20.10.42.jpeg","width":1600,"height":900,"caption":"POL\u00d4NIA 2022"},{"@type":"BreadcrumbList","@id":"https:\/\/salesianossp.org.br\/sagradafamilia\/polonia-2022\/#breadcrumb","itemListElement":[{"@type":"ListItem","position":1,"name":"In\u00edcio","item":"https:\/\/salesianossp.org.br\/sagradafamilia\/"},{"@type":"ListItem","position":2,"name":"POL\u00d4NIA 2022"}]},{"@type":"WebSite","@id":"https:\/\/salesianossp.org.br\/sagradafamilia\/#website","url":"https:\/\/salesianossp.org.br\/sagradafamilia\/","name":"Par\u00f3quia Sagrada Fam\u00edlia","description":"","publisher":{"@id":"https:\/\/salesianossp.org.br\/sagradafamilia\/#organization"},"potentialAction":[{"@type":"SearchAction","target":{"@type":"EntryPoint","urlTemplate":"https:\/\/salesianossp.org.br\/sagradafamilia\/?s={search_term_string}"},"query-input":{"@type":"PropertyValueSpecification","valueRequired":true,"valueName":"search_term_string"}}],"inLanguage":"pt-BR"},{"@type":"Organization","@id":"https:\/\/salesianossp.org.br\/sagradafamilia\/#organization","name":"Par\u00f3quia Sagrada Fam\u00edlia","url":"https:\/\/salesianossp.org.br\/sagradafamilia\/","logo":{"@type":"ImageObject","inLanguage":"pt-BR","@id":"https:\/\/salesianossp.org.br\/sagradafamilia\/#\/schema\/logo\/image\/","url":"https:\/\/salesianossp.org.br\/sagradafamilia\/wp-content\/uploads\/2026\/02\/logo-paroquia-sagrada-familia.svg","contentUrl":"https:\/\/salesianossp.org.br\/sagradafamilia\/wp-content\/uploads\/2026\/02\/logo-paroquia-sagrada-familia.svg","width":242,"height":56,"caption":"Par\u00f3quia Sagrada Fam\u00edlia"},"image":{"@id":"https:\/\/salesianossp.org.br\/sagradafamilia\/#\/schema\/logo\/image\/"},"sameAs":["https:\/\/www.facebook.com\/sagrada.sjc","https:\/\/www.instagram.com\/sagradasjc\/","https:\/\/www.youtube.com\/channel\/UCpQMbZ1sAjKlYFrtlU4bVvQ"]},{"@type":"Person","@id":"https:\/\/salesianossp.org.br\/sagradafamilia\/#\/schema\/person\/fbcf35de98e747b24940a6ffe68c2135","name":"rppppaes","image":{"@type":"ImageObject","inLanguage":"pt-BR","@id":"https:\/\/secure.gravatar.com\/avatar\/?s=96&d=mm&r=g","url":"https:\/\/secure.gravatar.com\/avatar\/?s=96&d=mm&r=g","contentUrl":"https:\/\/secure.gravatar.com\/avatar\/?s=96&d=mm&r=g","caption":"rppppaes"},"url":"https:\/\/salesianossp.org.br\/sagradafamilia\/author\/rppppaes\/"}]}},"_links":{"self":[{"href":"https:\/\/salesianossp.org.br\/sagradafamilia\/wp-json\/wp\/v2\/posts\/12989","targetHints":{"allow":["GET"]}}],"collection":[{"href":"https:\/\/salesianossp.org.br\/sagradafamilia\/wp-json\/wp\/v2\/posts"}],"about":[{"href":"https:\/\/salesianossp.org.br\/sagradafamilia\/wp-json\/wp\/v2\/types\/post"}],"author":[{"embeddable":true,"href":"https:\/\/salesianossp.org.br\/sagradafamilia\/wp-json\/wp\/v2\/users\/5"}],"replies":[{"embeddable":true,"href":"https:\/\/salesianossp.org.br\/sagradafamilia\/wp-json\/wp\/v2\/comments?post=12989"}],"version-history":[{"count":0,"href":"https:\/\/salesianossp.org.br\/sagradafamilia\/wp-json\/wp\/v2\/posts\/12989\/revisions"}],"wp:featuredmedia":[{"embeddable":true,"href":"https:\/\/salesianossp.org.br\/sagradafamilia\/wp-json\/wp\/v2\/media\/12990"}],"wp:attachment":[{"href":"https:\/\/salesianossp.org.br\/sagradafamilia\/wp-json\/wp\/v2\/media?parent=12989"}],"wp:term":[{"taxonomy":"category","embeddable":true,"href":"https:\/\/salesianossp.org.br\/sagradafamilia\/wp-json\/wp\/v2\/categories?post=12989"},{"taxonomy":"post_tag","embeddable":true,"href":"https:\/\/salesianossp.org.br\/sagradafamilia\/wp-json\/wp\/v2\/tags?post=12989"}],"curies":[{"name":"wp","href":"https:\/\/api.w.org\/{rel}","templated":true}]}}