{"id":13759,"date":"2022-08-16T07:30:00","date_gmt":"2022-08-16T10:30:00","guid":{"rendered":"https:\/\/salesianossp.org.br\/sagradafamilia\/?p=13759"},"modified":"2022-08-16T07:30:00","modified_gmt":"2022-08-16T10:30:00","slug":"novena-de-sao-joao-bosco","status":"publish","type":"post","link":"https:\/\/salesianossp.org.br\/sagradafamilia\/novena-de-sao-joao-bosco\/","title":{"rendered":"Novena de S\u00e3o Jo\u00e3o Bosco"},"content":{"rendered":"\n<p><\/p>\n\n\n\n<p>Anote na Agenda e venha participar conosco da Novena de Dom Bosco de 22 a 31 de agosto.<\/p>\n\n\n\n<p>\ud83d\udce2Dia 27<\/p>\n\n\n\n<p>Pedala Bosco\ud83d\udeb4\u200d\u2642\ufe0f\ud83d\udeb4\u200d\u2640\ufe0f\ud83d\udeb4 com percurso de 5 quil\u00f4metros<\/p>\n\n\n\n<p>Sa\u00edda: Par\u00f3quia S\u00e3o Jo\u00e3o Bosco (Jardim das Ind\u00fastrias)<\/p>\n\n\n\n<p>\ud83d\udccctroca de alimento n\u00e3o perec\u00edvel por camiseta para as 150 primeiras pessoas que chegarem<\/p>\n\n\n\n<p>Chegada: Par\u00f3quia Sagrada Fam\u00edlia<\/p>\n\n\n\n<p><\/p>\n\n\n\n<p>\ud83c\udf16 Luau da Juventude<\/p>\n\n\n\n<p><\/p>\n\n\n\n<p>A programa\u00e7\u00e3o completa est\u00e1  <a href=\"https:\/\/linktr.ee\/sagradasjc\">AQUI<\/a> !<\/p>\n\n\n\n<figure class=\"wp-block-image size-large\"><img fetchpriority=\"high\" decoding=\"async\" width=\"1024\" height=\"1024\" src=\"https:\/\/salesianossp.org.br\/sagradafamilia\/wp-content\/uploads\/2022\/08\/WhatsApp-Image-2022-08-26-at-09.38.53-3-1024x1024.jpeg\" alt=\"\" class=\"wp-image-13764\" srcset=\"https:\/\/salesianossp.org.br\/sagradafamilia\/wp-content\/uploads\/2022\/08\/WhatsApp-Image-2022-08-26-at-09.38.53-3-1024x1024.jpeg 1024w, https:\/\/salesianossp.org.br\/sagradafamilia\/wp-content\/uploads\/2022\/08\/WhatsApp-Image-2022-08-26-at-09.38.53-3-300x300.jpeg 300w, https:\/\/salesianossp.org.br\/sagradafamilia\/wp-content\/uploads\/2022\/08\/WhatsApp-Image-2022-08-26-at-09.38.53-3-150x150.jpeg 150w, https:\/\/salesianossp.org.br\/sagradafamilia\/wp-content\/uploads\/2022\/08\/WhatsApp-Image-2022-08-26-at-09.38.53-3-768x768.jpeg 768w, https:\/\/salesianossp.org.br\/sagradafamilia\/wp-content\/uploads\/2022\/08\/WhatsApp-Image-2022-08-26-at-09.38.53-3.jpeg 1080w\" sizes=\"(max-width: 1024px) 100vw, 1024px\" \/><\/figure>\n\n\n\n<figure class=\"wp-block-image size-large\"><img decoding=\"async\" width=\"1024\" height=\"1024\" src=\"https:\/\/salesianossp.org.br\/sagradafamilia\/wp-content\/uploads\/2022\/08\/WhatsApp-Image-2022-08-26-at-09.38.54-1-1024x1024.jpeg\" alt=\"\" class=\"wp-image-13768\" srcset=\"https:\/\/salesianossp.org.br\/sagradafamilia\/wp-content\/uploads\/2022\/08\/WhatsApp-Image-2022-08-26-at-09.38.54-1-1024x1024.jpeg 1024w, https:\/\/salesianossp.org.br\/sagradafamilia\/wp-content\/uploads\/2022\/08\/WhatsApp-Image-2022-08-26-at-09.38.54-1-300x300.jpeg 300w, https:\/\/salesianossp.org.br\/sagradafamilia\/wp-content\/uploads\/2022\/08\/WhatsApp-Image-2022-08-26-at-09.38.54-1-150x150.jpeg 150w, https:\/\/salesianossp.org.br\/sagradafamilia\/wp-content\/uploads\/2022\/08\/WhatsApp-Image-2022-08-26-at-09.38.54-1-768x768.jpeg 768w, https:\/\/salesianossp.org.br\/sagradafamilia\/wp-content\/uploads\/2022\/08\/WhatsApp-Image-2022-08-26-at-09.38.54-1.jpeg 1080w\" sizes=\"(max-width: 1024px) 100vw, 1024px\" \/><\/figure>\n\n\n\n<figure class=\"wp-block-gallery has-nested-images columns-default is-cropped wp-block-gallery-1 is-layout-flex wp-block-gallery-is-layout-flex\">\n<figure class=\"wp-block-image size-large\"><img decoding=\"async\" width=\"1024\" height=\"1024\" data-id=\"13767\" src=\"https:\/\/salesianossp.org.br\/sagradafamilia\/wp-content\/uploads\/2022\/08\/7f54398d-2960-4b17-88c0-0e53c841477a-1024x1024.jpg\" alt=\"\" class=\"wp-image-13767\" srcset=\"https:\/\/salesianossp.org.br\/sagradafamilia\/wp-content\/uploads\/2022\/08\/7f54398d-2960-4b17-88c0-0e53c841477a-1024x1024.jpg 1024w, https:\/\/salesianossp.org.br\/sagradafamilia\/wp-content\/uploads\/2022\/08\/7f54398d-2960-4b17-88c0-0e53c841477a-300x300.jpg 300w, https:\/\/salesianossp.org.br\/sagradafamilia\/wp-content\/uploads\/2022\/08\/7f54398d-2960-4b17-88c0-0e53c841477a-150x150.jpg 150w, https:\/\/salesianossp.org.br\/sagradafamilia\/wp-content\/uploads\/2022\/08\/7f54398d-2960-4b17-88c0-0e53c841477a-768x768.jpg 768w, https:\/\/salesianossp.org.br\/sagradafamilia\/wp-content\/uploads\/2022\/08\/7f54398d-2960-4b17-88c0-0e53c841477a.jpg 1080w\" sizes=\"(max-width: 1024px) 100vw, 1024px\" \/><\/figure>\n\n\n\n<figure class=\"wp-block-image size-large\"><img loading=\"lazy\" decoding=\"async\" width=\"1024\" height=\"1024\" data-id=\"13769\" src=\"https:\/\/salesianossp.org.br\/sagradafamilia\/wp-content\/uploads\/2022\/08\/WhatsApp-Image-2022-08-26-at-09.34.31-1024x1024.jpeg\" alt=\"\" class=\"wp-image-13769\" srcset=\"https:\/\/salesianossp.org.br\/sagradafamilia\/wp-content\/uploads\/2022\/08\/WhatsApp-Image-2022-08-26-at-09.34.31-1024x1024.jpeg 1024w, https:\/\/salesianossp.org.br\/sagradafamilia\/wp-content\/uploads\/2022\/08\/WhatsApp-Image-2022-08-26-at-09.34.31-300x300.jpeg 300w, https:\/\/salesianossp.org.br\/sagradafamilia\/wp-content\/uploads\/2022\/08\/WhatsApp-Image-2022-08-26-at-09.34.31-150x150.jpeg 150w, https:\/\/salesianossp.org.br\/sagradafamilia\/wp-content\/uploads\/2022\/08\/WhatsApp-Image-2022-08-26-at-09.34.31-768x768.jpeg 768w, https:\/\/salesianossp.org.br\/sagradafamilia\/wp-content\/uploads\/2022\/08\/WhatsApp-Image-2022-08-26-at-09.34.31.jpeg 1080w\" sizes=\"(max-width: 1024px) 100vw, 1024px\" \/><\/figure>\n\n\n\n<figure class=\"wp-block-image size-large\"><img loading=\"lazy\" decoding=\"async\" width=\"960\" height=\"960\" data-id=\"13763\" src=\"https:\/\/salesianossp.org.br\/sagradafamilia\/wp-content\/uploads\/2022\/08\/WhatsApp-Image-2022-08-26-at-09.38.51.jpeg\" alt=\"\" class=\"wp-image-13763\" srcset=\"https:\/\/salesianossp.org.br\/sagradafamilia\/wp-content\/uploads\/2022\/08\/WhatsApp-Image-2022-08-26-at-09.38.51.jpeg 960w, https:\/\/salesianossp.org.br\/sagradafamilia\/wp-content\/uploads\/2022\/08\/WhatsApp-Image-2022-08-26-at-09.38.51-300x300.jpeg 300w, https:\/\/salesianossp.org.br\/sagradafamilia\/wp-content\/uploads\/2022\/08\/WhatsApp-Image-2022-08-26-at-09.38.51-150x150.jpeg 150w, https:\/\/salesianossp.org.br\/sagradafamilia\/wp-content\/uploads\/2022\/08\/WhatsApp-Image-2022-08-26-at-09.38.51-768x768.jpeg 768w\" sizes=\"(max-width: 960px) 100vw, 960px\" \/><\/figure>\n<\/figure>\n","protected":false},"excerpt":{"rendered":"<p>Anote na Agenda e venha participar conosco da Novena de Dom Bosco de 22 a 31 de agosto. \ud83d\udce2Dia 27 Pedala Bosco\ud83d\udeb4\u200d\u2642\ufe0f\ud83d\udeb4\u200d\u2640\ufe0f\ud83d\udeb4 com percurso de 5 quil\u00f4metros Sa\u00edda: Par\u00f3quia S\u00e3o Jo\u00e3o Bosco (Jardim das Ind\u00fastrias) \ud83d\udccctroca de alimento n\u00e3o perec\u00edvel por camiseta para as 150 primeiras pessoas que chegarem Chegada: Par\u00f3quia Sagrada Fam\u00edlia \ud83c\udf16 Luau [&hellip;]<\/p>\n","protected":false},"author":5,"featured_media":13766,"comment_status":"open","ping_status":"open","sticky":false,"template":"","format":"standard","meta":{"footnotes":""},"categories":[18],"tags":[],"class_list":["post-13759","post","type-post","status-publish","format-standard","has-post-thumbnail","hentry","category-noticias"],"yoast_head":"<!-- This site is optimized with the Yoast SEO plugin v27.4 - https:\/\/yoast.com\/product\/yoast-seo-wordpress\/ -->\n<title>Novena de S\u00e3o Jo\u00e3o Bosco - Par\u00f3quia Sagrada Fam\u00edlia<\/title>\n<meta name=\"robots\" content=\"index, follow, max-snippet:-1, max-image-preview:large, max-video-preview:-1\" \/>\n<link rel=\"canonical\" href=\"https:\/\/salesianossp.org.br\/sagradafamilia\/novena-de-sao-joao-bosco\/\" \/>\n<meta property=\"og:locale\" content=\"pt_BR\" \/>\n<meta property=\"og:type\" content=\"article\" \/>\n<meta property=\"og:title\" content=\"Novena de S\u00e3o Jo\u00e3o Bosco - Par\u00f3quia Sagrada Fam\u00edlia\" \/>\n<meta property=\"og:description\" content=\"Anote na Agenda e venha participar conosco da Novena de Dom Bosco de 22 a 31 de agosto. \ud83d\udce2Dia 27 Pedala Bosco\ud83d\udeb4\u200d\u2642\ufe0f\ud83d\udeb4\u200d\u2640\ufe0f\ud83d\udeb4 com percurso de 5 quil\u00f4metros Sa\u00edda: Par\u00f3quia S\u00e3o Jo\u00e3o Bosco (Jardim das Ind\u00fastrias) \ud83d\udccctroca de alimento n\u00e3o perec\u00edvel por camiseta para as 150 primeiras pessoas que chegarem Chegada: Par\u00f3quia Sagrada Fam\u00edlia \ud83c\udf16 Luau [&hellip;]\" \/>\n<meta property=\"og:url\" content=\"https:\/\/salesianossp.org.br\/sagradafamilia\/novena-de-sao-joao-bosco\/\" \/>\n<meta property=\"og:site_name\" content=\"Par\u00f3quia Sagrada Fam\u00edlia\" \/>\n<meta property=\"article:publisher\" content=\"https:\/\/www.facebook.com\/sagrada.sjc\" \/>\n<meta property=\"article:published_time\" content=\"2022-08-16T10:30:00+00:00\" \/>\n<meta property=\"og:image\" content=\"https:\/\/salesianossp.org.br\/sagradafamilia\/wp-content\/uploads\/2022\/08\/WhatsApp-Image-2022-08-26-at-09.38.53-4.jpeg\" \/>\n\t<meta property=\"og:image:width\" content=\"1080\" \/>\n\t<meta property=\"og:image:height\" content=\"1080\" \/>\n\t<meta property=\"og:image:type\" content=\"image\/jpeg\" \/>\n<meta name=\"author\" content=\"rppppaes\" \/>\n<meta name=\"twitter:card\" content=\"summary_large_image\" \/>\n<meta name=\"twitter:label1\" content=\"Escrito por\" \/>\n\t<meta name=\"twitter:data1\" content=\"rppppaes\" \/>\n<script type=\"application\/ld+json\" class=\"yoast-schema-graph\">{\"@context\":\"https:\\\/\\\/schema.org\",\"@graph\":[{\"@type\":\"Article\",\"@id\":\"https:\\\/\\\/salesianossp.org.br\\\/sagradafamilia\\\/novena-de-sao-joao-bosco\\\/#article\",\"isPartOf\":{\"@id\":\"https:\\\/\\\/salesianossp.org.br\\\/sagradafamilia\\\/novena-de-sao-joao-bosco\\\/\"},\"author\":{\"name\":\"rppppaes\",\"@id\":\"https:\\\/\\\/salesianossp.org.br\\\/sagradafamilia\\\/#\\\/schema\\\/person\\\/fbcf35de98e747b24940a6ffe68c2135\"},\"headline\":\"Novena de S\u00e3o Jo\u00e3o Bosco\",\"datePublished\":\"2022-08-16T10:30:00+00:00\",\"mainEntityOfPage\":{\"@id\":\"https:\\\/\\\/salesianossp.org.br\\\/sagradafamilia\\\/novena-de-sao-joao-bosco\\\/\"},\"wordCount\":74,\"commentCount\":0,\"publisher\":{\"@id\":\"https:\\\/\\\/salesianossp.org.br\\\/sagradafamilia\\\/#organization\"},\"image\":{\"@id\":\"https:\\\/\\\/salesianossp.org.br\\\/sagradafamilia\\\/novena-de-sao-joao-bosco\\\/#primaryimage\"},\"thumbnailUrl\":\"https:\\\/\\\/salesianossp.org.br\\\/sagradafamilia\\\/wp-content\\\/uploads\\\/2022\\\/08\\\/WhatsApp-Image-2022-08-26-at-09.38.53-4.jpeg\",\"articleSection\":[\"Not\u00edcias\"],\"inLanguage\":\"pt-BR\",\"potentialAction\":[{\"@type\":\"CommentAction\",\"name\":\"Comment\",\"target\":[\"https:\\\/\\\/salesianossp.org.br\\\/sagradafamilia\\\/novena-de-sao-joao-bosco\\\/#respond\"]}]},{\"@type\":\"WebPage\",\"@id\":\"https:\\\/\\\/salesianossp.org.br\\\/sagradafamilia\\\/novena-de-sao-joao-bosco\\\/\",\"url\":\"https:\\\/\\\/salesianossp.org.br\\\/sagradafamilia\\\/novena-de-sao-joao-bosco\\\/\",\"name\":\"Novena de S\u00e3o Jo\u00e3o Bosco - Par\u00f3quia Sagrada Fam\u00edlia\",\"isPartOf\":{\"@id\":\"https:\\\/\\\/salesianossp.org.br\\\/sagradafamilia\\\/#website\"},\"primaryImageOfPage\":{\"@id\":\"https:\\\/\\\/salesianossp.org.br\\\/sagradafamilia\\\/novena-de-sao-joao-bosco\\\/#primaryimage\"},\"image\":{\"@id\":\"https:\\\/\\\/salesianossp.org.br\\\/sagradafamilia\\\/novena-de-sao-joao-bosco\\\/#primaryimage\"},\"thumbnailUrl\":\"https:\\\/\\\/salesianossp.org.br\\\/sagradafamilia\\\/wp-content\\\/uploads\\\/2022\\\/08\\\/WhatsApp-Image-2022-08-26-at-09.38.53-4.jpeg\",\"datePublished\":\"2022-08-16T10:30:00+00:00\",\"breadcrumb\":{\"@id\":\"https:\\\/\\\/salesianossp.org.br\\\/sagradafamilia\\\/novena-de-sao-joao-bosco\\\/#breadcrumb\"},\"inLanguage\":\"pt-BR\",\"potentialAction\":[{\"@type\":\"ReadAction\",\"target\":[\"https:\\\/\\\/salesianossp.org.br\\\/sagradafamilia\\\/novena-de-sao-joao-bosco\\\/\"]}]},{\"@type\":\"ImageObject\",\"inLanguage\":\"pt-BR\",\"@id\":\"https:\\\/\\\/salesianossp.org.br\\\/sagradafamilia\\\/novena-de-sao-joao-bosco\\\/#primaryimage\",\"url\":\"https:\\\/\\\/salesianossp.org.br\\\/sagradafamilia\\\/wp-content\\\/uploads\\\/2022\\\/08\\\/WhatsApp-Image-2022-08-26-at-09.38.53-4.jpeg\",\"contentUrl\":\"https:\\\/\\\/salesianossp.org.br\\\/sagradafamilia\\\/wp-content\\\/uploads\\\/2022\\\/08\\\/WhatsApp-Image-2022-08-26-at-09.38.53-4.jpeg\",\"width\":1080,\"height\":1080},{\"@type\":\"BreadcrumbList\",\"@id\":\"https:\\\/\\\/salesianossp.org.br\\\/sagradafamilia\\\/novena-de-sao-joao-bosco\\\/#breadcrumb\",\"itemListElement\":[{\"@type\":\"ListItem\",\"position\":1,\"name\":\"In\u00edcio\",\"item\":\"https:\\\/\\\/salesianossp.org.br\\\/sagradafamilia\\\/\"},{\"@type\":\"ListItem\",\"position\":2,\"name\":\"Novena de S\u00e3o Jo\u00e3o Bosco\"}]},{\"@type\":\"WebSite\",\"@id\":\"https:\\\/\\\/salesianossp.org.br\\\/sagradafamilia\\\/#website\",\"url\":\"https:\\\/\\\/salesianossp.org.br\\\/sagradafamilia\\\/\",\"name\":\"Par\u00f3quia Sagrada Fam\u00edlia\",\"description\":\"\",\"publisher\":{\"@id\":\"https:\\\/\\\/salesianossp.org.br\\\/sagradafamilia\\\/#organization\"},\"potentialAction\":[{\"@type\":\"SearchAction\",\"target\":{\"@type\":\"EntryPoint\",\"urlTemplate\":\"https:\\\/\\\/salesianossp.org.br\\\/sagradafamilia\\\/?s={search_term_string}\"},\"query-input\":{\"@type\":\"PropertyValueSpecification\",\"valueRequired\":true,\"valueName\":\"search_term_string\"}}],\"inLanguage\":\"pt-BR\"},{\"@type\":\"Organization\",\"@id\":\"https:\\\/\\\/salesianossp.org.br\\\/sagradafamilia\\\/#organization\",\"name\":\"Par\u00f3quia Sagrada Fam\u00edlia\",\"url\":\"https:\\\/\\\/salesianossp.org.br\\\/sagradafamilia\\\/\",\"logo\":{\"@type\":\"ImageObject\",\"inLanguage\":\"pt-BR\",\"@id\":\"https:\\\/\\\/salesianossp.org.br\\\/sagradafamilia\\\/#\\\/schema\\\/logo\\\/image\\\/\",\"url\":\"https:\\\/\\\/salesianossp.org.br\\\/sagradafamilia\\\/wp-content\\\/uploads\\\/2026\\\/02\\\/logo-paroquia-sagrada-familia.svg\",\"contentUrl\":\"https:\\\/\\\/salesianossp.org.br\\\/sagradafamilia\\\/wp-content\\\/uploads\\\/2026\\\/02\\\/logo-paroquia-sagrada-familia.svg\",\"width\":242,\"height\":56,\"caption\":\"Par\u00f3quia Sagrada Fam\u00edlia\"},\"image\":{\"@id\":\"https:\\\/\\\/salesianossp.org.br\\\/sagradafamilia\\\/#\\\/schema\\\/logo\\\/image\\\/\"},\"sameAs\":[\"https:\\\/\\\/www.facebook.com\\\/sagrada.sjc\",\"https:\\\/\\\/www.instagram.com\\\/sagradasjc\\\/\",\"https:\\\/\\\/www.youtube.com\\\/channel\\\/UCpQMbZ1sAjKlYFrtlU4bVvQ\"]},{\"@type\":\"Person\",\"@id\":\"https:\\\/\\\/salesianossp.org.br\\\/sagradafamilia\\\/#\\\/schema\\\/person\\\/fbcf35de98e747b24940a6ffe68c2135\",\"name\":\"rppppaes\",\"image\":{\"@type\":\"ImageObject\",\"inLanguage\":\"pt-BR\",\"@id\":\"https:\\\/\\\/secure.gravatar.com\\\/avatar\\\/?s=96&d=mm&r=g\",\"url\":\"https:\\\/\\\/secure.gravatar.com\\\/avatar\\\/?s=96&d=mm&r=g\",\"contentUrl\":\"https:\\\/\\\/secure.gravatar.com\\\/avatar\\\/?s=96&d=mm&r=g\",\"caption\":\"rppppaes\"},\"url\":\"https:\\\/\\\/salesianossp.org.br\\\/sagradafamilia\\\/author\\\/rppppaes\\\/\"}]}<\/script>\n<!-- \/ Yoast SEO plugin. -->","yoast_head_json":{"title":"Novena de S\u00e3o Jo\u00e3o Bosco - Par\u00f3quia Sagrada Fam\u00edlia","robots":{"index":"index","follow":"follow","max-snippet":"max-snippet:-1","max-image-preview":"max-image-preview:large","max-video-preview":"max-video-preview:-1"},"canonical":"https:\/\/salesianossp.org.br\/sagradafamilia\/novena-de-sao-joao-bosco\/","og_locale":"pt_BR","og_type":"article","og_title":"Novena de S\u00e3o Jo\u00e3o Bosco - Par\u00f3quia Sagrada Fam\u00edlia","og_description":"Anote na Agenda e venha participar conosco da Novena de Dom Bosco de 22 a 31 de agosto. \ud83d\udce2Dia 27 Pedala Bosco\ud83d\udeb4\u200d\u2642\ufe0f\ud83d\udeb4\u200d\u2640\ufe0f\ud83d\udeb4 com percurso de 5 quil\u00f4metros Sa\u00edda: Par\u00f3quia S\u00e3o Jo\u00e3o Bosco (Jardim das Ind\u00fastrias) \ud83d\udccctroca de alimento n\u00e3o perec\u00edvel por camiseta para as 150 primeiras pessoas que chegarem Chegada: Par\u00f3quia Sagrada Fam\u00edlia \ud83c\udf16 Luau [&hellip;]","og_url":"https:\/\/salesianossp.org.br\/sagradafamilia\/novena-de-sao-joao-bosco\/","og_site_name":"Par\u00f3quia Sagrada Fam\u00edlia","article_publisher":"https:\/\/www.facebook.com\/sagrada.sjc","article_published_time":"2022-08-16T10:30:00+00:00","og_image":[{"width":1080,"height":1080,"url":"https:\/\/salesianossp.org.br\/sagradafamilia\/wp-content\/uploads\/2022\/08\/WhatsApp-Image-2022-08-26-at-09.38.53-4.jpeg","type":"image\/jpeg"}],"author":"rppppaes","twitter_card":"summary_large_image","twitter_misc":{"Escrito por":"rppppaes"},"schema":{"@context":"https:\/\/schema.org","@graph":[{"@type":"Article","@id":"https:\/\/salesianossp.org.br\/sagradafamilia\/novena-de-sao-joao-bosco\/#article","isPartOf":{"@id":"https:\/\/salesianossp.org.br\/sagradafamilia\/novena-de-sao-joao-bosco\/"},"author":{"name":"rppppaes","@id":"https:\/\/salesianossp.org.br\/sagradafamilia\/#\/schema\/person\/fbcf35de98e747b24940a6ffe68c2135"},"headline":"Novena de S\u00e3o Jo\u00e3o Bosco","datePublished":"2022-08-16T10:30:00+00:00","mainEntityOfPage":{"@id":"https:\/\/salesianossp.org.br\/sagradafamilia\/novena-de-sao-joao-bosco\/"},"wordCount":74,"commentCount":0,"publisher":{"@id":"https:\/\/salesianossp.org.br\/sagradafamilia\/#organization"},"image":{"@id":"https:\/\/salesianossp.org.br\/sagradafamilia\/novena-de-sao-joao-bosco\/#primaryimage"},"thumbnailUrl":"https:\/\/salesianossp.org.br\/sagradafamilia\/wp-content\/uploads\/2022\/08\/WhatsApp-Image-2022-08-26-at-09.38.53-4.jpeg","articleSection":["Not\u00edcias"],"inLanguage":"pt-BR","potentialAction":[{"@type":"CommentAction","name":"Comment","target":["https:\/\/salesianossp.org.br\/sagradafamilia\/novena-de-sao-joao-bosco\/#respond"]}]},{"@type":"WebPage","@id":"https:\/\/salesianossp.org.br\/sagradafamilia\/novena-de-sao-joao-bosco\/","url":"https:\/\/salesianossp.org.br\/sagradafamilia\/novena-de-sao-joao-bosco\/","name":"Novena de S\u00e3o Jo\u00e3o Bosco - Par\u00f3quia Sagrada Fam\u00edlia","isPartOf":{"@id":"https:\/\/salesianossp.org.br\/sagradafamilia\/#website"},"primaryImageOfPage":{"@id":"https:\/\/salesianossp.org.br\/sagradafamilia\/novena-de-sao-joao-bosco\/#primaryimage"},"image":{"@id":"https:\/\/salesianossp.org.br\/sagradafamilia\/novena-de-sao-joao-bosco\/#primaryimage"},"thumbnailUrl":"https:\/\/salesianossp.org.br\/sagradafamilia\/wp-content\/uploads\/2022\/08\/WhatsApp-Image-2022-08-26-at-09.38.53-4.jpeg","datePublished":"2022-08-16T10:30:00+00:00","breadcrumb":{"@id":"https:\/\/salesianossp.org.br\/sagradafamilia\/novena-de-sao-joao-bosco\/#breadcrumb"},"inLanguage":"pt-BR","potentialAction":[{"@type":"ReadAction","target":["https:\/\/salesianossp.org.br\/sagradafamilia\/novena-de-sao-joao-bosco\/"]}]},{"@type":"ImageObject","inLanguage":"pt-BR","@id":"https:\/\/salesianossp.org.br\/sagradafamilia\/novena-de-sao-joao-bosco\/#primaryimage","url":"https:\/\/salesianossp.org.br\/sagradafamilia\/wp-content\/uploads\/2022\/08\/WhatsApp-Image-2022-08-26-at-09.38.53-4.jpeg","contentUrl":"https:\/\/salesianossp.org.br\/sagradafamilia\/wp-content\/uploads\/2022\/08\/WhatsApp-Image-2022-08-26-at-09.38.53-4.jpeg","width":1080,"height":1080},{"@type":"BreadcrumbList","@id":"https:\/\/salesianossp.org.br\/sagradafamilia\/novena-de-sao-joao-bosco\/#breadcrumb","itemListElement":[{"@type":"ListItem","position":1,"name":"In\u00edcio","item":"https:\/\/salesianossp.org.br\/sagradafamilia\/"},{"@type":"ListItem","position":2,"name":"Novena de S\u00e3o Jo\u00e3o Bosco"}]},{"@type":"WebSite","@id":"https:\/\/salesianossp.org.br\/sagradafamilia\/#website","url":"https:\/\/salesianossp.org.br\/sagradafamilia\/","name":"Par\u00f3quia Sagrada Fam\u00edlia","description":"","publisher":{"@id":"https:\/\/salesianossp.org.br\/sagradafamilia\/#organization"},"potentialAction":[{"@type":"SearchAction","target":{"@type":"EntryPoint","urlTemplate":"https:\/\/salesianossp.org.br\/sagradafamilia\/?s={search_term_string}"},"query-input":{"@type":"PropertyValueSpecification","valueRequired":true,"valueName":"search_term_string"}}],"inLanguage":"pt-BR"},{"@type":"Organization","@id":"https:\/\/salesianossp.org.br\/sagradafamilia\/#organization","name":"Par\u00f3quia Sagrada Fam\u00edlia","url":"https:\/\/salesianossp.org.br\/sagradafamilia\/","logo":{"@type":"ImageObject","inLanguage":"pt-BR","@id":"https:\/\/salesianossp.org.br\/sagradafamilia\/#\/schema\/logo\/image\/","url":"https:\/\/salesianossp.org.br\/sagradafamilia\/wp-content\/uploads\/2026\/02\/logo-paroquia-sagrada-familia.svg","contentUrl":"https:\/\/salesianossp.org.br\/sagradafamilia\/wp-content\/uploads\/2026\/02\/logo-paroquia-sagrada-familia.svg","width":242,"height":56,"caption":"Par\u00f3quia Sagrada Fam\u00edlia"},"image":{"@id":"https:\/\/salesianossp.org.br\/sagradafamilia\/#\/schema\/logo\/image\/"},"sameAs":["https:\/\/www.facebook.com\/sagrada.sjc","https:\/\/www.instagram.com\/sagradasjc\/","https:\/\/www.youtube.com\/channel\/UCpQMbZ1sAjKlYFrtlU4bVvQ"]},{"@type":"Person","@id":"https:\/\/salesianossp.org.br\/sagradafamilia\/#\/schema\/person\/fbcf35de98e747b24940a6ffe68c2135","name":"rppppaes","image":{"@type":"ImageObject","inLanguage":"pt-BR","@id":"https:\/\/secure.gravatar.com\/avatar\/?s=96&d=mm&r=g","url":"https:\/\/secure.gravatar.com\/avatar\/?s=96&d=mm&r=g","contentUrl":"https:\/\/secure.gravatar.com\/avatar\/?s=96&d=mm&r=g","caption":"rppppaes"},"url":"https:\/\/salesianossp.org.br\/sagradafamilia\/author\/rppppaes\/"}]}},"_links":{"self":[{"href":"https:\/\/salesianossp.org.br\/sagradafamilia\/wp-json\/wp\/v2\/posts\/13759","targetHints":{"allow":["GET"]}}],"collection":[{"href":"https:\/\/salesianossp.org.br\/sagradafamilia\/wp-json\/wp\/v2\/posts"}],"about":[{"href":"https:\/\/salesianossp.org.br\/sagradafamilia\/wp-json\/wp\/v2\/types\/post"}],"author":[{"embeddable":true,"href":"https:\/\/salesianossp.org.br\/sagradafamilia\/wp-json\/wp\/v2\/users\/5"}],"replies":[{"embeddable":true,"href":"https:\/\/salesianossp.org.br\/sagradafamilia\/wp-json\/wp\/v2\/comments?post=13759"}],"version-history":[{"count":0,"href":"https:\/\/salesianossp.org.br\/sagradafamilia\/wp-json\/wp\/v2\/posts\/13759\/revisions"}],"wp:featuredmedia":[{"embeddable":true,"href":"https:\/\/salesianossp.org.br\/sagradafamilia\/wp-json\/wp\/v2\/media\/13766"}],"wp:attachment":[{"href":"https:\/\/salesianossp.org.br\/sagradafamilia\/wp-json\/wp\/v2\/media?parent=13759"}],"wp:term":[{"taxonomy":"category","embeddable":true,"href":"https:\/\/salesianossp.org.br\/sagradafamilia\/wp-json\/wp\/v2\/categories?post=13759"},{"taxonomy":"post_tag","embeddable":true,"href":"https:\/\/salesianossp.org.br\/sagradafamilia\/wp-json\/wp\/v2\/tags?post=13759"}],"curies":[{"name":"wp","href":"https:\/\/api.w.org\/{rel}","templated":true}]}}